{"id":1405,"date":"2023-04-18T05:24:45","date_gmt":"2023-04-18T05:24:45","guid":{"rendered":"https:\/\/lavocedelpaese.info\/index.php\/2023\/04\/18\/per-particolare-femminile-ce-lamore-perduto\/"},"modified":"2023-04-18T05:24:45","modified_gmt":"2023-04-18T05:24:45","slug":"per-particolare-femminile-ce-lamore-perduto","status":"publish","type":"post","link":"https:\/\/lavocedelpaese.info\/index.php\/2023\/04\/18\/per-particolare-femminile-ce-lamore-perduto\/","title":{"rendered":"Per \u201cParticolare femminile\u201d c\u2019\u00e8 \u201cL\u2019amore perduto\u201d"},"content":{"rendered":"<p>\u00a0<\/p>\n<p>\u200b\u00a0<\/p>\n<p>\u200bCassano \u2013 La Voce del Paese\u00a0<\/p>\n<p>Ultimo appuntamento con la rassegna culturale cassanese \u201cParticolare femminile\u201d. Ospite Fabrizio Labarile con il romanzo storico \u201cL\u2019amore perduto\u201d mercoled\u00ec19 aprile alle 19 in pinacoteca civica.<\/p>\n<p>La guerra contro la Grecia \u00e8 lo scenario in cui si svolge la storia d\u2019Amore tra Enrichetta e Salvatore, che culmina ,dopo 10 mesi di luna di miele, con un tragico risveglio. La morte rapisce prima il bambino tanto desiderato e poi Enrichetta. La disperazione di Salvatore durer\u00e0 per tutta la vita e le sue visite al cimitero ,dove interloquisce con la defunta moglie, non mitigano il suo dolore. Le promette che verr\u00e0 ogni anno in occasione dell\u2019anniversario della dipartita . Il matrimonio con Santina, innamoratissimo di lui, non gli impedisce di continuare ad amare la defunta. E, quando Santina si rende conto del sublime Amore tra Salvatore ed Enrichetta ,allontana da s\u00e9 la pur minima gelosia e considera Enrichetta come una sorella.<\/p>\n<p>L\u2019autore non tralascia il contesto storico, sempre rivelato dal quaderno di memorie dello zio, a cavallo tra la Seconda Guerra Mondiale in Puglia e Sicilia e il periodo post-liberazione, rivelando realt\u00e0 sorprendenti e poco edificanti per l\u2019Italia e per i suoi cittadini. La maestria dell\u2019autore \u00e8 l\u2019aver sospeso il giudizio lasciando a ogni lettore la possibilit\u00e0 di formare un proprio pensiero.<br \/>Un romanzo intriso di amore, passione e dedizione assoluta ma anche di rispetto e valori profondi.<br \/>Dialoga con l\u2019autore Rita Pontrandolfo.<br \/>\u201cParticolare femminile\u201d \u00e8 la rassegna culturale dedicata alla figura femminile ideata da Francesca Marsico la consulente del sindaco per \u201cle politiche di rigenerazione sociale e riqualificazione inclusiva e culturale\u201d ed in collaborazione con l\u2019assessore alla cultura e all\u2019istruzione del Comune di Cassano, Vito Lionetti.<\/p>\n<p>Appuntamenti settimanali nella giornata dedicata alla cultura, il mercoled\u00ec, finalizzati a fare conoscere alla comunit\u00e0 l\u2019importanza di raccontare, anche ai giorni nostri, il mondo al femminile declinato in ottiche specifiche riguardanti i temi pi\u00f9 disparati.<br \/>Riflessione di libert\u00e0, leggerezza per raccontare temi seri e complessi, spesso difficili e scomodi, insieme a grandi professionisti che comunicheranno nuovi punti di vista, quotidianit\u00e0 sconosciute e criticit\u00e0 condizionate anche dalla societ\u00e0 attuale.<\/p>\n<p><a class=\"a2a_button_facebook\" href=\"https:\/\/www.addtoany.com\/add_to\/facebook?linkurl=https%3A%2F%2Fcassano.lavocedelpaese.info%2Findex.php%2F2023%2F04%2F18%2Fper-particolare-femminile-ce-lamore-perduto%2F&amp;linkname=Per%20%E2%80%9CParticolare%20femminile%E2%80%9D%20c%E2%80%99%C3%A8%20%E2%80%9CL%E2%80%99amore%20perduto%E2%80%9D\" title=\"Facebook\" target=\"_blank\" rel=\"noopener\"><\/a><a class=\"a2a_button_twitter\" href=\"https:\/\/www.addtoany.com\/add_to\/twitter?linkurl=https%3A%2F%2Fcassano.lavocedelpaese.info%2Findex.php%2F2023%2F04%2F18%2Fper-particolare-femminile-ce-lamore-perduto%2F&amp;linkname=Per%20%E2%80%9CParticolare%20femminile%E2%80%9D%20c%E2%80%99%C3%A8%20%E2%80%9CL%E2%80%99amore%20perduto%E2%80%9D\" title=\"Twitter\" target=\"_blank\" rel=\"noopener\"><\/a><a class=\"a2a_button_whatsapp\" href=\"https:\/\/www.addtoany.com\/add_to\/whatsapp?linkurl=https%3A%2F%2Fcassano.lavocedelpaese.info%2Findex.php%2F2023%2F04%2F18%2Fper-particolare-femminile-ce-lamore-perduto%2F&amp;linkname=Per%20%E2%80%9CParticolare%20femminile%E2%80%9D%20c%E2%80%99%C3%A8%20%E2%80%9CL%E2%80%99amore%20perduto%E2%80%9D\" title=\"WhatsApp\" target=\"_blank\" rel=\"noopener\"><\/a><a class=\"a2a_button_telegram\" href=\"https:\/\/www.addtoany.com\/add_to\/telegram?linkurl=https%3A%2F%2Fcassano.lavocedelpaese.info%2Findex.php%2F2023%2F04%2F18%2Fper-particolare-femminile-ce-lamore-perduto%2F&amp;linkname=Per%20%E2%80%9CParticolare%20femminile%E2%80%9D%20c%E2%80%99%C3%A8%20%E2%80%9CL%E2%80%99amore%20perduto%E2%80%9D\" title=\"Telegram\" target=\"_blank\" rel=\"noopener\"><\/a><a class=\"a2a_button_email\" href=\"https:\/\/www.addtoany.com\/add_to\/email?linkurl=https%3A%2F%2Fcassano.lavocedelpaese.info%2Findex.php%2F2023%2F04%2F18%2Fper-particolare-femminile-ce-lamore-perduto%2F&amp;linkname=Per%20%E2%80%9CParticolare%20femminile%E2%80%9D%20c%E2%80%99%C3%A8%20%E2%80%9CL%E2%80%99amore%20perduto%E2%80%9D\" title=\"Email\" target=\"_blank\" rel=\"noopener\"><\/a><\/p>\n<p>\u00a0<\/p>","protected":false},"excerpt":{"rendered":"<p>\u00a0 \u200b\u00a0 \u200bCassano \u2013 La Voce del Paese\u00a0 Ultimo appuntamento con la rassegna culturale cassanese \u201cParticolare femminile\u201d. Ospite Fabrizio Labarile<\/p>\n","protected":false},"author":0,"featured_media":0,"comment_status":"open","ping_status":"closed","sticky":false,"template":"","format":"standard","meta":{"colormag_page_container_layout":"default_layout","colormag_page_sidebar_layout":"default_layout","footnotes":""},"categories":[33],"tags":[],"class_list":["post-1405","post","type-post","status-publish","format-standard","hentry","category-network"],"yoast_head":"<!-- This site is optimized with the Yoast SEO plugin v27.5 - https:\/\/yoast.com\/product\/yoast-seo-wordpress\/ -->\n<title>Per \u201cParticolare femminile\u201d c\u2019\u00e8 \u201cL\u2019amore perduto\u201d - La Voce del Paese<\/title>\n<meta name=\"robots\" content=\"index, follow, max-snippet:-1, max-image-preview:large, max-video-preview:-1\" \/>\n<link rel=\"canonical\" href=\"https:\/\/lavocedelpaese.info\/index.php\/2023\/04\/18\/per-particolare-femminile-ce-lamore-perduto\/\" \/>\n<meta property=\"og:locale\" content=\"it_IT\" \/>\n<meta property=\"og:type\" content=\"article\" \/>\n<meta property=\"og:title\" content=\"Per \u201cParticolare femminile\u201d c\u2019\u00e8 \u201cL\u2019amore perduto\u201d - La Voce del Paese\" \/>\n<meta property=\"og:description\" content=\"\u00a0 \u200b\u00a0 \u200bCassano \u2013 La Voce del Paese\u00a0 Ultimo appuntamento con la rassegna culturale cassanese \u201cParticolare femminile\u201d. Ospite Fabrizio Labarile\" \/>\n<meta property=\"og:url\" content=\"https:\/\/lavocedelpaese.info\/index.php\/2023\/04\/18\/per-particolare-femminile-ce-lamore-perduto\/\" \/>\n<meta property=\"og:site_name\" content=\"La Voce del Paese\" \/>\n<meta property=\"article:publisher\" content=\"https:\/\/www.facebook.com\/lavocedelpaese.info\" \/>\n<meta property=\"article:published_time\" content=\"2023-04-18T05:24:45+00:00\" \/>\n<meta name=\"twitter:card\" content=\"summary_large_image\" \/>\n<meta name=\"twitter:label1\" content=\"Tempo di lettura stimato\" \/>\n\t<meta name=\"twitter:data1\" content=\"2 minuti\" \/>\n<script type=\"application\/ld+json\" class=\"yoast-schema-graph\">{\"@context\":\"https:\\\/\\\/schema.org\",\"@graph\":[{\"@type\":\"Article\",\"@id\":\"https:\\\/\\\/lavocedelpaese.info\\\/index.php\\\/2023\\\/04\\\/18\\\/per-particolare-femminile-ce-lamore-perduto\\\/#article\",\"isPartOf\":{\"@id\":\"https:\\\/\\\/lavocedelpaese.info\\\/index.php\\\/2023\\\/04\\\/18\\\/per-particolare-femminile-ce-lamore-perduto\\\/\"},\"author\":{\"name\":\"\",\"@id\":\"\"},\"headline\":\"Per \u201cParticolare femminile\u201d c\u2019\u00e8 \u201cL\u2019amore perduto\u201d\",\"datePublished\":\"2023-04-18T05:24:45+00:00\",\"mainEntityOfPage\":{\"@id\":\"https:\\\/\\\/lavocedelpaese.info\\\/index.php\\\/2023\\\/04\\\/18\\\/per-particolare-femminile-ce-lamore-perduto\\\/\"},\"wordCount\":359,\"commentCount\":0,\"publisher\":{\"@id\":\"https:\\\/\\\/lavocedelpaese.info\\\/#organization\"},\"articleSection\":[\"network\"],\"inLanguage\":\"it-IT\",\"potentialAction\":[{\"@type\":\"CommentAction\",\"name\":\"Comment\",\"target\":[\"https:\\\/\\\/lavocedelpaese.info\\\/index.php\\\/2023\\\/04\\\/18\\\/per-particolare-femminile-ce-lamore-perduto\\\/#respond\"]}]},{\"@type\":\"WebPage\",\"@id\":\"https:\\\/\\\/lavocedelpaese.info\\\/index.php\\\/2023\\\/04\\\/18\\\/per-particolare-femminile-ce-lamore-perduto\\\/\",\"url\":\"https:\\\/\\\/lavocedelpaese.info\\\/index.php\\\/2023\\\/04\\\/18\\\/per-particolare-femminile-ce-lamore-perduto\\\/\",\"name\":\"Per \u201cParticolare femminile\u201d c\u2019\u00e8 \u201cL\u2019amore perduto\u201d - La Voce del Paese\",\"isPartOf\":{\"@id\":\"https:\\\/\\\/lavocedelpaese.info\\\/#website\"},\"datePublished\":\"2023-04-18T05:24:45+00:00\",\"breadcrumb\":{\"@id\":\"https:\\\/\\\/lavocedelpaese.info\\\/index.php\\\/2023\\\/04\\\/18\\\/per-particolare-femminile-ce-lamore-perduto\\\/#breadcrumb\"},\"inLanguage\":\"it-IT\",\"potentialAction\":[{\"@type\":\"ReadAction\",\"target\":[\"https:\\\/\\\/lavocedelpaese.info\\\/index.php\\\/2023\\\/04\\\/18\\\/per-particolare-femminile-ce-lamore-perduto\\\/\"]}]},{\"@type\":\"BreadcrumbList\",\"@id\":\"https:\\\/\\\/lavocedelpaese.info\\\/index.php\\\/2023\\\/04\\\/18\\\/per-particolare-femminile-ce-lamore-perduto\\\/#breadcrumb\",\"itemListElement\":[{\"@type\":\"ListItem\",\"position\":1,\"name\":\"Home\",\"item\":\"https:\\\/\\\/lavocedelpaese.info\\\/\"},{\"@type\":\"ListItem\",\"position\":2,\"name\":\"Per \u201cParticolare femminile\u201d c\u2019\u00e8 \u201cL\u2019amore perduto\u201d\"}]},{\"@type\":\"WebSite\",\"@id\":\"https:\\\/\\\/lavocedelpaese.info\\\/#website\",\"url\":\"https:\\\/\\\/lavocedelpaese.info\\\/\",\"name\":\"La Voce del Paese\",\"description\":\"Un network di idee\",\"publisher\":{\"@id\":\"https:\\\/\\\/lavocedelpaese.info\\\/#organization\"},\"potentialAction\":[{\"@type\":\"SearchAction\",\"target\":{\"@type\":\"EntryPoint\",\"urlTemplate\":\"https:\\\/\\\/lavocedelpaese.info\\\/?s={search_term_string}\"},\"query-input\":{\"@type\":\"PropertyValueSpecification\",\"valueRequired\":true,\"valueName\":\"search_term_string\"}}],\"inLanguage\":\"it-IT\"},{\"@type\":\"Organization\",\"@id\":\"https:\\\/\\\/lavocedelpaese.info\\\/#organization\",\"name\":\"La Voce del Paese\",\"url\":\"https:\\\/\\\/lavocedelpaese.info\\\/\",\"logo\":{\"@type\":\"ImageObject\",\"inLanguage\":\"it-IT\",\"@id\":\"https:\\\/\\\/lavocedelpaese.info\\\/#\\\/schema\\\/logo\\\/image\\\/\",\"url\":\"https:\\\/\\\/lavocedelpaese.info\\\/wp-content\\\/uploads\\\/2023\\\/01\\\/cropped-logo-150-127.png\",\"contentUrl\":\"https:\\\/\\\/lavocedelpaese.info\\\/wp-content\\\/uploads\\\/2023\\\/01\\\/cropped-logo-150-127.png\",\"width\":137,\"height\":119,\"caption\":\"La Voce del Paese\"},\"image\":{\"@id\":\"https:\\\/\\\/lavocedelpaese.info\\\/#\\\/schema\\\/logo\\\/image\\\/\"},\"sameAs\":[\"https:\\\/\\\/www.facebook.com\\\/lavocedelpaese.info\"]}]}<\/script>\n<!-- \/ Yoast SEO plugin. -->","yoast_head_json":{"title":"Per \u201cParticolare femminile\u201d c\u2019\u00e8 \u201cL\u2019amore perduto\u201d - La Voce del Paese","robots":{"index":"index","follow":"follow","max-snippet":"max-snippet:-1","max-image-preview":"max-image-preview:large","max-video-preview":"max-video-preview:-1"},"canonical":"https:\/\/lavocedelpaese.info\/index.php\/2023\/04\/18\/per-particolare-femminile-ce-lamore-perduto\/","og_locale":"it_IT","og_type":"article","og_title":"Per \u201cParticolare femminile\u201d c\u2019\u00e8 \u201cL\u2019amore perduto\u201d - La Voce del Paese","og_description":"\u00a0 \u200b\u00a0 \u200bCassano \u2013 La Voce del Paese\u00a0 Ultimo appuntamento con la rassegna culturale cassanese \u201cParticolare femminile\u201d. Ospite Fabrizio Labarile","og_url":"https:\/\/lavocedelpaese.info\/index.php\/2023\/04\/18\/per-particolare-femminile-ce-lamore-perduto\/","og_site_name":"La Voce del Paese","article_publisher":"https:\/\/www.facebook.com\/lavocedelpaese.info","article_published_time":"2023-04-18T05:24:45+00:00","twitter_card":"summary_large_image","twitter_misc":{"Tempo di lettura stimato":"2 minuti"},"schema":{"@context":"https:\/\/schema.org","@graph":[{"@type":"Article","@id":"https:\/\/lavocedelpaese.info\/index.php\/2023\/04\/18\/per-particolare-femminile-ce-lamore-perduto\/#article","isPartOf":{"@id":"https:\/\/lavocedelpaese.info\/index.php\/2023\/04\/18\/per-particolare-femminile-ce-lamore-perduto\/"},"author":{"name":"","@id":""},"headline":"Per \u201cParticolare femminile\u201d c\u2019\u00e8 \u201cL\u2019amore perduto\u201d","datePublished":"2023-04-18T05:24:45+00:00","mainEntityOfPage":{"@id":"https:\/\/lavocedelpaese.info\/index.php\/2023\/04\/18\/per-particolare-femminile-ce-lamore-perduto\/"},"wordCount":359,"commentCount":0,"publisher":{"@id":"https:\/\/lavocedelpaese.info\/#organization"},"articleSection":["network"],"inLanguage":"it-IT","potentialAction":[{"@type":"CommentAction","name":"Comment","target":["https:\/\/lavocedelpaese.info\/index.php\/2023\/04\/18\/per-particolare-femminile-ce-lamore-perduto\/#respond"]}]},{"@type":"WebPage","@id":"https:\/\/lavocedelpaese.info\/index.php\/2023\/04\/18\/per-particolare-femminile-ce-lamore-perduto\/","url":"https:\/\/lavocedelpaese.info\/index.php\/2023\/04\/18\/per-particolare-femminile-ce-lamore-perduto\/","name":"Per \u201cParticolare femminile\u201d c\u2019\u00e8 \u201cL\u2019amore perduto\u201d - La Voce del Paese","isPartOf":{"@id":"https:\/\/lavocedelpaese.info\/#website"},"datePublished":"2023-04-18T05:24:45+00:00","breadcrumb":{"@id":"https:\/\/lavocedelpaese.info\/index.php\/2023\/04\/18\/per-particolare-femminile-ce-lamore-perduto\/#breadcrumb"},"inLanguage":"it-IT","potentialAction":[{"@type":"ReadAction","target":["https:\/\/lavocedelpaese.info\/index.php\/2023\/04\/18\/per-particolare-femminile-ce-lamore-perduto\/"]}]},{"@type":"BreadcrumbList","@id":"https:\/\/lavocedelpaese.info\/index.php\/2023\/04\/18\/per-particolare-femminile-ce-lamore-perduto\/#breadcrumb","itemListElement":[{"@type":"ListItem","position":1,"name":"Home","item":"https:\/\/lavocedelpaese.info\/"},{"@type":"ListItem","position":2,"name":"Per \u201cParticolare femminile\u201d c\u2019\u00e8 \u201cL\u2019amore perduto\u201d"}]},{"@type":"WebSite","@id":"https:\/\/lavocedelpaese.info\/#website","url":"https:\/\/lavocedelpaese.info\/","name":"La Voce del Paese","description":"Un network di idee","publisher":{"@id":"https:\/\/lavocedelpaese.info\/#organization"},"potentialAction":[{"@type":"SearchAction","target":{"@type":"EntryPoint","urlTemplate":"https:\/\/lavocedelpaese.info\/?s={search_term_string}"},"query-input":{"@type":"PropertyValueSpecification","valueRequired":true,"valueName":"search_term_string"}}],"inLanguage":"it-IT"},{"@type":"Organization","@id":"https:\/\/lavocedelpaese.info\/#organization","name":"La Voce del Paese","url":"https:\/\/lavocedelpaese.info\/","logo":{"@type":"ImageObject","inLanguage":"it-IT","@id":"https:\/\/lavocedelpaese.info\/#\/schema\/logo\/image\/","url":"https:\/\/lavocedelpaese.info\/wp-content\/uploads\/2023\/01\/cropped-logo-150-127.png","contentUrl":"https:\/\/lavocedelpaese.info\/wp-content\/uploads\/2023\/01\/cropped-logo-150-127.png","width":137,"height":119,"caption":"La Voce del Paese"},"image":{"@id":"https:\/\/lavocedelpaese.info\/#\/schema\/logo\/image\/"},"sameAs":["https:\/\/www.facebook.com\/lavocedelpaese.info"]}]}},"_links":{"self":[{"href":"https:\/\/lavocedelpaese.info\/index.php\/wp-json\/wp\/v2\/posts\/1405","targetHints":{"allow":["GET"]}}],"collection":[{"href":"https:\/\/lavocedelpaese.info\/index.php\/wp-json\/wp\/v2\/posts"}],"about":[{"href":"https:\/\/lavocedelpaese.info\/index.php\/wp-json\/wp\/v2\/types\/post"}],"replies":[{"embeddable":true,"href":"https:\/\/lavocedelpaese.info\/index.php\/wp-json\/wp\/v2\/comments?post=1405"}],"version-history":[{"count":0,"href":"https:\/\/lavocedelpaese.info\/index.php\/wp-json\/wp\/v2\/posts\/1405\/revisions"}],"wp:attachment":[{"href":"https:\/\/lavocedelpaese.info\/index.php\/wp-json\/wp\/v2\/media?parent=1405"}],"wp:term":[{"taxonomy":"category","embeddable":true,"href":"https:\/\/lavocedelpaese.info\/index.php\/wp-json\/wp\/v2\/categories?post=1405"},{"taxonomy":"post_tag","embeddable":true,"href":"https:\/\/lavocedelpaese.info\/index.php\/wp-json\/wp\/v2\/tags?post=1405"}],"curies":[{"name":"wp","href":"https:\/\/api.w.org\/{rel}","templated":true}]}}