{"id":1398,"date":"2023-04-16T08:20:58","date_gmt":"2023-04-16T08:20:58","guid":{"rendered":"https:\/\/lavocedelpaese.info\/index.php\/2023\/04\/16\/il-miulli-per-la-xxvi-giornata-nazionale-per-la-donazione-e-il-trapianto-di-organi-e-tessuti\/"},"modified":"2023-04-16T08:20:58","modified_gmt":"2023-04-16T08:20:58","slug":"il-miulli-per-la-xxvi-giornata-nazionale-per-la-donazione-e-il-trapianto-di-organi-e-tessuti","status":"publish","type":"post","link":"https:\/\/lavocedelpaese.info\/index.php\/2023\/04\/16\/il-miulli-per-la-xxvi-giornata-nazionale-per-la-donazione-e-il-trapianto-di-organi-e-tessuti\/","title":{"rendered":"Il Miulli per la XXVI Giornata nazionale per la donazione e il trapianto di organi e tessuti"},"content":{"rendered":"<p>\u00a0<\/p>\n<p>\u200b\u00a0<\/p>\n<p>\u200bAcquaviva \u2013 La Voce del Paese\u00a0<\/p>\n<p>L\u2019ospedale Miulli costituisce da sempre un nodo della\u00a0<strong>rete pugliese dei trapianti<\/strong>, occupandosi del\u00a0<em>procurement<\/em>\u00a0e dell\u2019assistenza del potenziale donatore oltre che delle fasi di prelievo di organi e tessuti. Il nostro Ente si conferma costantemente al fianco del\u00a0<strong>Centro Nazionale Trapianti del Ministero della Salute<\/strong>\u00a0anche nell\u2019opera di sensibilizzazione e informazione della popolazione su questa importante scelta di solidariet\u00e0. Anche quest\u2019anno, in occasione della\u00a0<strong>XXVI Giornata nazionale per la donazione e il trapianto di organi e tessuti del<\/strong>\u00a0<strong>16 aprile<\/strong>, il Miulli intende contribuire a questa scelta di responsabilit\u00e0 sociale, invitando i cittadini a\u00a0<strong>dire s\u00ec alla donazione al rinnovo della carta d\u2019identit\u00e0<\/strong>.<\/p>\n<p><strong>Diventare donatori \u00e8 facilissimo<\/strong>:\u00a0ogni cittadino ha la possibilit\u00e0 di\u00a0<strong>registrare il\u00a0proprio consenso all\u2019anagrafe del proprio Comune<\/strong>,\u00a0<strong>al momento del rilascio o del rinnovo della carta d\u2019identit\u00e0<\/strong>. Ma si pu\u00f2 fare anche\u00a0<strong>online<\/strong>, in pochi minuti: basta andare sul sito\u00a0<a href=\"http:\/\/www.sceglididonare.it\/\" target=\"_blank\" rel=\"noopener\">www.sceglididonare.it\u00a0<\/a>\u00a0e registrarsi con la\u00a0SPID\u00a0attraverso l\u2019<strong>AIDO<\/strong>\u00a0(Associazione Italiana Donatori di Organi che da 50 anni opera\u00a0con gli strumenti della sensibilizzazione sociale e culturale), oppure, se non si possiede un\u2019identit\u00e0 digitale, si pu\u00f2 compilare e\u00a0<strong>stampare\u00a0il tesserino del donatore\u00a0e conservarlo tra i propri documenti<\/strong>, magari comunicandolo ai propri familiari.<\/p>\n<p><strong>La donazione di organi, tessuti e cellule \u00e8 un atto volontario, consapevole, informato, cosciente, solidale, anonimo e gratuito<\/strong>. La donazione \u00e8 il presupposto indispensabile al trapianto.\u00a0<strong>Il trapianto costituisce l\u2019unica terapia in grado di consentire a molti malati di continuare a vivere<\/strong>. Con il trapianto \u00e8 possibile ridare a tante persone una vita normale, viaggiare, fare sport, avere bambini. Senza donazione non c\u2019\u00e8 trapianto.\u00a0<strong>La dichiarazione di volont\u00e0 di donare \u00e8 un gesto di generosit\u00e0 che consente di aiutare chi soffre a riprendere una vita normale.<\/strong><\/p>\n\n<p><a class=\"a2a_button_facebook\" href=\"https:\/\/www.addtoany.com\/add_to\/facebook?linkurl=https%3A%2F%2Facquaviva.lavocedelpaese.info%2Findex.php%2F2023%2F04%2F16%2Fil-miulli-per-la-xxvi-giornata-nazionale-per-la-donazione-e-il-trapianto-di-organi-e-tessuti%2F&amp;linkname=Il%20Miulli%20per%20la%20XXVI%20Giornata%20nazionale%20per%20la%20donazione%20e%20il%20trapianto%20di%20organi%20e%20tessuti\" title=\"Facebook\" target=\"_blank\" rel=\"noopener\"><\/a><a class=\"a2a_button_twitter\" href=\"https:\/\/www.addtoany.com\/add_to\/twitter?linkurl=https%3A%2F%2Facquaviva.lavocedelpaese.info%2Findex.php%2F2023%2F04%2F16%2Fil-miulli-per-la-xxvi-giornata-nazionale-per-la-donazione-e-il-trapianto-di-organi-e-tessuti%2F&amp;linkname=Il%20Miulli%20per%20la%20XXVI%20Giornata%20nazionale%20per%20la%20donazione%20e%20il%20trapianto%20di%20organi%20e%20tessuti\" title=\"Twitter\" target=\"_blank\" rel=\"noopener\"><\/a><a class=\"a2a_button_whatsapp\" href=\"https:\/\/www.addtoany.com\/add_to\/whatsapp?linkurl=https%3A%2F%2Facquaviva.lavocedelpaese.info%2Findex.php%2F2023%2F04%2F16%2Fil-miulli-per-la-xxvi-giornata-nazionale-per-la-donazione-e-il-trapianto-di-organi-e-tessuti%2F&amp;linkname=Il%20Miulli%20per%20la%20XXVI%20Giornata%20nazionale%20per%20la%20donazione%20e%20il%20trapianto%20di%20organi%20e%20tessuti\" title=\"WhatsApp\" target=\"_blank\" rel=\"noopener\"><\/a><a class=\"a2a_button_telegram\" href=\"https:\/\/www.addtoany.com\/add_to\/telegram?linkurl=https%3A%2F%2Facquaviva.lavocedelpaese.info%2Findex.php%2F2023%2F04%2F16%2Fil-miulli-per-la-xxvi-giornata-nazionale-per-la-donazione-e-il-trapianto-di-organi-e-tessuti%2F&amp;linkname=Il%20Miulli%20per%20la%20XXVI%20Giornata%20nazionale%20per%20la%20donazione%20e%20il%20trapianto%20di%20organi%20e%20tessuti\" title=\"Telegram\" target=\"_blank\" rel=\"noopener\"><\/a><a class=\"a2a_button_email\" href=\"https:\/\/www.addtoany.com\/add_to\/email?linkurl=https%3A%2F%2Facquaviva.lavocedelpaese.info%2Findex.php%2F2023%2F04%2F16%2Fil-miulli-per-la-xxvi-giornata-nazionale-per-la-donazione-e-il-trapianto-di-organi-e-tessuti%2F&amp;linkname=Il%20Miulli%20per%20la%20XXVI%20Giornata%20nazionale%20per%20la%20donazione%20e%20il%20trapianto%20di%20organi%20e%20tessuti\" title=\"Email\" target=\"_blank\" rel=\"noopener\"><\/a><\/p>\n<p>\u00a0<\/p>","protected":false},"excerpt":{"rendered":"<p>\u00a0 \u200b\u00a0 \u200bAcquaviva \u2013 La Voce del Paese\u00a0 L\u2019ospedale Miulli costituisce da sempre un nodo della\u00a0rete pugliese dei trapianti, occupandosi<\/p>\n","protected":false},"author":0,"featured_media":0,"comment_status":"open","ping_status":"closed","sticky":false,"template":"","format":"standard","meta":{"colormag_page_container_layout":"default_layout","colormag_page_sidebar_layout":"default_layout","footnotes":""},"categories":[33],"tags":[],"class_list":["post-1398","post","type-post","status-publish","format-standard","hentry","category-network"],"yoast_head":"<!-- This site is optimized with the Yoast SEO plugin v27.5 - https:\/\/yoast.com\/product\/yoast-seo-wordpress\/ -->\n<title>Il Miulli per la XXVI Giornata nazionale per la donazione e il trapianto di organi e tessuti - La Voce del Paese<\/title>\n<meta name=\"robots\" content=\"index, follow, max-snippet:-1, max-image-preview:large, max-video-preview:-1\" \/>\n<link rel=\"canonical\" href=\"https:\/\/lavocedelpaese.info\/index.php\/2023\/04\/16\/il-miulli-per-la-xxvi-giornata-nazionale-per-la-donazione-e-il-trapianto-di-organi-e-tessuti\/\" \/>\n<meta property=\"og:locale\" content=\"it_IT\" \/>\n<meta property=\"og:type\" content=\"article\" \/>\n<meta property=\"og:title\" content=\"Il Miulli per la XXVI Giornata nazionale per la donazione e il trapianto di organi e tessuti - La Voce del Paese\" \/>\n<meta property=\"og:description\" content=\"\u00a0 \u200b\u00a0 \u200bAcquaviva \u2013 La Voce del Paese\u00a0 L\u2019ospedale Miulli costituisce da sempre un nodo della\u00a0rete pugliese dei trapianti, occupandosi\" \/>\n<meta property=\"og:url\" content=\"https:\/\/lavocedelpaese.info\/index.php\/2023\/04\/16\/il-miulli-per-la-xxvi-giornata-nazionale-per-la-donazione-e-il-trapianto-di-organi-e-tessuti\/\" \/>\n<meta property=\"og:site_name\" content=\"La Voce del Paese\" \/>\n<meta property=\"article:publisher\" content=\"https:\/\/www.facebook.com\/lavocedelpaese.info\" \/>\n<meta property=\"article:published_time\" content=\"2023-04-16T08:20:58+00:00\" \/>\n<meta name=\"twitter:card\" content=\"summary_large_image\" \/>\n<meta name=\"twitter:label1\" content=\"Tempo di lettura stimato\" \/>\n\t<meta name=\"twitter:data1\" content=\"1 minuto\" \/>\n<script type=\"application\/ld+json\" class=\"yoast-schema-graph\">{\"@context\":\"https:\\\/\\\/schema.org\",\"@graph\":[{\"@type\":\"Article\",\"@id\":\"https:\\\/\\\/lavocedelpaese.info\\\/index.php\\\/2023\\\/04\\\/16\\\/il-miulli-per-la-xxvi-giornata-nazionale-per-la-donazione-e-il-trapianto-di-organi-e-tessuti\\\/#article\",\"isPartOf\":{\"@id\":\"https:\\\/\\\/lavocedelpaese.info\\\/index.php\\\/2023\\\/04\\\/16\\\/il-miulli-per-la-xxvi-giornata-nazionale-per-la-donazione-e-il-trapianto-di-organi-e-tessuti\\\/\"},\"author\":{\"name\":\"\",\"@id\":\"\"},\"headline\":\"Il Miulli per la XXVI Giornata nazionale per la donazione e il trapianto di organi e tessuti\",\"datePublished\":\"2023-04-16T08:20:58+00:00\",\"mainEntityOfPage\":{\"@id\":\"https:\\\/\\\/lavocedelpaese.info\\\/index.php\\\/2023\\\/04\\\/16\\\/il-miulli-per-la-xxvi-giornata-nazionale-per-la-donazione-e-il-trapianto-di-organi-e-tessuti\\\/\"},\"wordCount\":311,\"commentCount\":0,\"publisher\":{\"@id\":\"https:\\\/\\\/lavocedelpaese.info\\\/#organization\"},\"articleSection\":[\"network\"],\"inLanguage\":\"it-IT\",\"potentialAction\":[{\"@type\":\"CommentAction\",\"name\":\"Comment\",\"target\":[\"https:\\\/\\\/lavocedelpaese.info\\\/index.php\\\/2023\\\/04\\\/16\\\/il-miulli-per-la-xxvi-giornata-nazionale-per-la-donazione-e-il-trapianto-di-organi-e-tessuti\\\/#respond\"]}]},{\"@type\":\"WebPage\",\"@id\":\"https:\\\/\\\/lavocedelpaese.info\\\/index.php\\\/2023\\\/04\\\/16\\\/il-miulli-per-la-xxvi-giornata-nazionale-per-la-donazione-e-il-trapianto-di-organi-e-tessuti\\\/\",\"url\":\"https:\\\/\\\/lavocedelpaese.info\\\/index.php\\\/2023\\\/04\\\/16\\\/il-miulli-per-la-xxvi-giornata-nazionale-per-la-donazione-e-il-trapianto-di-organi-e-tessuti\\\/\",\"name\":\"Il Miulli per la XXVI Giornata nazionale per la donazione e il trapianto di organi e tessuti - La Voce del Paese\",\"isPartOf\":{\"@id\":\"https:\\\/\\\/lavocedelpaese.info\\\/#website\"},\"datePublished\":\"2023-04-16T08:20:58+00:00\",\"breadcrumb\":{\"@id\":\"https:\\\/\\\/lavocedelpaese.info\\\/index.php\\\/2023\\\/04\\\/16\\\/il-miulli-per-la-xxvi-giornata-nazionale-per-la-donazione-e-il-trapianto-di-organi-e-tessuti\\\/#breadcrumb\"},\"inLanguage\":\"it-IT\",\"potentialAction\":[{\"@type\":\"ReadAction\",\"target\":[\"https:\\\/\\\/lavocedelpaese.info\\\/index.php\\\/2023\\\/04\\\/16\\\/il-miulli-per-la-xxvi-giornata-nazionale-per-la-donazione-e-il-trapianto-di-organi-e-tessuti\\\/\"]}]},{\"@type\":\"BreadcrumbList\",\"@id\":\"https:\\\/\\\/lavocedelpaese.info\\\/index.php\\\/2023\\\/04\\\/16\\\/il-miulli-per-la-xxvi-giornata-nazionale-per-la-donazione-e-il-trapianto-di-organi-e-tessuti\\\/#breadcrumb\",\"itemListElement\":[{\"@type\":\"ListItem\",\"position\":1,\"name\":\"Home\",\"item\":\"https:\\\/\\\/lavocedelpaese.info\\\/\"},{\"@type\":\"ListItem\",\"position\":2,\"name\":\"Il Miulli per la XXVI Giornata nazionale per la donazione e il trapianto di organi e tessuti\"}]},{\"@type\":\"WebSite\",\"@id\":\"https:\\\/\\\/lavocedelpaese.info\\\/#website\",\"url\":\"https:\\\/\\\/lavocedelpaese.info\\\/\",\"name\":\"La Voce del Paese\",\"description\":\"Un network di idee\",\"publisher\":{\"@id\":\"https:\\\/\\\/lavocedelpaese.info\\\/#organization\"},\"potentialAction\":[{\"@type\":\"SearchAction\",\"target\":{\"@type\":\"EntryPoint\",\"urlTemplate\":\"https:\\\/\\\/lavocedelpaese.info\\\/?s={search_term_string}\"},\"query-input\":{\"@type\":\"PropertyValueSpecification\",\"valueRequired\":true,\"valueName\":\"search_term_string\"}}],\"inLanguage\":\"it-IT\"},{\"@type\":\"Organization\",\"@id\":\"https:\\\/\\\/lavocedelpaese.info\\\/#organization\",\"name\":\"La Voce del Paese\",\"url\":\"https:\\\/\\\/lavocedelpaese.info\\\/\",\"logo\":{\"@type\":\"ImageObject\",\"inLanguage\":\"it-IT\",\"@id\":\"https:\\\/\\\/lavocedelpaese.info\\\/#\\\/schema\\\/logo\\\/image\\\/\",\"url\":\"https:\\\/\\\/lavocedelpaese.info\\\/wp-content\\\/uploads\\\/2023\\\/01\\\/cropped-logo-150-127.png\",\"contentUrl\":\"https:\\\/\\\/lavocedelpaese.info\\\/wp-content\\\/uploads\\\/2023\\\/01\\\/cropped-logo-150-127.png\",\"width\":137,\"height\":119,\"caption\":\"La Voce del Paese\"},\"image\":{\"@id\":\"https:\\\/\\\/lavocedelpaese.info\\\/#\\\/schema\\\/logo\\\/image\\\/\"},\"sameAs\":[\"https:\\\/\\\/www.facebook.com\\\/lavocedelpaese.info\"]}]}<\/script>\n<!-- \/ Yoast SEO plugin. -->","yoast_head_json":{"title":"Il Miulli per la XXVI Giornata nazionale per la donazione e il trapianto di organi e tessuti - La Voce del Paese","robots":{"index":"index","follow":"follow","max-snippet":"max-snippet:-1","max-image-preview":"max-image-preview:large","max-video-preview":"max-video-preview:-1"},"canonical":"https:\/\/lavocedelpaese.info\/index.php\/2023\/04\/16\/il-miulli-per-la-xxvi-giornata-nazionale-per-la-donazione-e-il-trapianto-di-organi-e-tessuti\/","og_locale":"it_IT","og_type":"article","og_title":"Il Miulli per la XXVI Giornata nazionale per la donazione e il trapianto di organi e tessuti - La Voce del Paese","og_description":"\u00a0 \u200b\u00a0 \u200bAcquaviva \u2013 La Voce del Paese\u00a0 L\u2019ospedale Miulli costituisce da sempre un nodo della\u00a0rete pugliese dei trapianti, occupandosi","og_url":"https:\/\/lavocedelpaese.info\/index.php\/2023\/04\/16\/il-miulli-per-la-xxvi-giornata-nazionale-per-la-donazione-e-il-trapianto-di-organi-e-tessuti\/","og_site_name":"La Voce del Paese","article_publisher":"https:\/\/www.facebook.com\/lavocedelpaese.info","article_published_time":"2023-04-16T08:20:58+00:00","twitter_card":"summary_large_image","twitter_misc":{"Tempo di lettura stimato":"1 minuto"},"schema":{"@context":"https:\/\/schema.org","@graph":[{"@type":"Article","@id":"https:\/\/lavocedelpaese.info\/index.php\/2023\/04\/16\/il-miulli-per-la-xxvi-giornata-nazionale-per-la-donazione-e-il-trapianto-di-organi-e-tessuti\/#article","isPartOf":{"@id":"https:\/\/lavocedelpaese.info\/index.php\/2023\/04\/16\/il-miulli-per-la-xxvi-giornata-nazionale-per-la-donazione-e-il-trapianto-di-organi-e-tessuti\/"},"author":{"name":"","@id":""},"headline":"Il Miulli per la XXVI Giornata nazionale per la donazione e il trapianto di organi e tessuti","datePublished":"2023-04-16T08:20:58+00:00","mainEntityOfPage":{"@id":"https:\/\/lavocedelpaese.info\/index.php\/2023\/04\/16\/il-miulli-per-la-xxvi-giornata-nazionale-per-la-donazione-e-il-trapianto-di-organi-e-tessuti\/"},"wordCount":311,"commentCount":0,"publisher":{"@id":"https:\/\/lavocedelpaese.info\/#organization"},"articleSection":["network"],"inLanguage":"it-IT","potentialAction":[{"@type":"CommentAction","name":"Comment","target":["https:\/\/lavocedelpaese.info\/index.php\/2023\/04\/16\/il-miulli-per-la-xxvi-giornata-nazionale-per-la-donazione-e-il-trapianto-di-organi-e-tessuti\/#respond"]}]},{"@type":"WebPage","@id":"https:\/\/lavocedelpaese.info\/index.php\/2023\/04\/16\/il-miulli-per-la-xxvi-giornata-nazionale-per-la-donazione-e-il-trapianto-di-organi-e-tessuti\/","url":"https:\/\/lavocedelpaese.info\/index.php\/2023\/04\/16\/il-miulli-per-la-xxvi-giornata-nazionale-per-la-donazione-e-il-trapianto-di-organi-e-tessuti\/","name":"Il Miulli per la XXVI Giornata nazionale per la donazione e il trapianto di organi e tessuti - La Voce del Paese","isPartOf":{"@id":"https:\/\/lavocedelpaese.info\/#website"},"datePublished":"2023-04-16T08:20:58+00:00","breadcrumb":{"@id":"https:\/\/lavocedelpaese.info\/index.php\/2023\/04\/16\/il-miulli-per-la-xxvi-giornata-nazionale-per-la-donazione-e-il-trapianto-di-organi-e-tessuti\/#breadcrumb"},"inLanguage":"it-IT","potentialAction":[{"@type":"ReadAction","target":["https:\/\/lavocedelpaese.info\/index.php\/2023\/04\/16\/il-miulli-per-la-xxvi-giornata-nazionale-per-la-donazione-e-il-trapianto-di-organi-e-tessuti\/"]}]},{"@type":"BreadcrumbList","@id":"https:\/\/lavocedelpaese.info\/index.php\/2023\/04\/16\/il-miulli-per-la-xxvi-giornata-nazionale-per-la-donazione-e-il-trapianto-di-organi-e-tessuti\/#breadcrumb","itemListElement":[{"@type":"ListItem","position":1,"name":"Home","item":"https:\/\/lavocedelpaese.info\/"},{"@type":"ListItem","position":2,"name":"Il Miulli per la XXVI Giornata nazionale per la donazione e il trapianto di organi e tessuti"}]},{"@type":"WebSite","@id":"https:\/\/lavocedelpaese.info\/#website","url":"https:\/\/lavocedelpaese.info\/","name":"La Voce del Paese","description":"Un network di idee","publisher":{"@id":"https:\/\/lavocedelpaese.info\/#organization"},"potentialAction":[{"@type":"SearchAction","target":{"@type":"EntryPoint","urlTemplate":"https:\/\/lavocedelpaese.info\/?s={search_term_string}"},"query-input":{"@type":"PropertyValueSpecification","valueRequired":true,"valueName":"search_term_string"}}],"inLanguage":"it-IT"},{"@type":"Organization","@id":"https:\/\/lavocedelpaese.info\/#organization","name":"La Voce del Paese","url":"https:\/\/lavocedelpaese.info\/","logo":{"@type":"ImageObject","inLanguage":"it-IT","@id":"https:\/\/lavocedelpaese.info\/#\/schema\/logo\/image\/","url":"https:\/\/lavocedelpaese.info\/wp-content\/uploads\/2023\/01\/cropped-logo-150-127.png","contentUrl":"https:\/\/lavocedelpaese.info\/wp-content\/uploads\/2023\/01\/cropped-logo-150-127.png","width":137,"height":119,"caption":"La Voce del Paese"},"image":{"@id":"https:\/\/lavocedelpaese.info\/#\/schema\/logo\/image\/"},"sameAs":["https:\/\/www.facebook.com\/lavocedelpaese.info"]}]}},"_links":{"self":[{"href":"https:\/\/lavocedelpaese.info\/index.php\/wp-json\/wp\/v2\/posts\/1398","targetHints":{"allow":["GET"]}}],"collection":[{"href":"https:\/\/lavocedelpaese.info\/index.php\/wp-json\/wp\/v2\/posts"}],"about":[{"href":"https:\/\/lavocedelpaese.info\/index.php\/wp-json\/wp\/v2\/types\/post"}],"replies":[{"embeddable":true,"href":"https:\/\/lavocedelpaese.info\/index.php\/wp-json\/wp\/v2\/comments?post=1398"}],"version-history":[{"count":0,"href":"https:\/\/lavocedelpaese.info\/index.php\/wp-json\/wp\/v2\/posts\/1398\/revisions"}],"wp:attachment":[{"href":"https:\/\/lavocedelpaese.info\/index.php\/wp-json\/wp\/v2\/media?parent=1398"}],"wp:term":[{"taxonomy":"category","embeddable":true,"href":"https:\/\/lavocedelpaese.info\/index.php\/wp-json\/wp\/v2\/categories?post=1398"},{"taxonomy":"post_tag","embeddable":true,"href":"https:\/\/lavocedelpaese.info\/index.php\/wp-json\/wp\/v2\/tags?post=1398"}],"curies":[{"name":"wp","href":"https:\/\/api.w.org\/{rel}","templated":true}]}}