{"id":1391,"date":"2023-04-15T08:13:52","date_gmt":"2023-04-15T08:13:52","guid":{"rendered":"https:\/\/lavocedelpaese.info\/index.php\/2023\/04\/15\/monologo-al-teatro-luciani-di-acquaviva-delle-fonti-roberto-mercadini-felicita-for-dummies\/"},"modified":"2023-04-15T08:13:52","modified_gmt":"2023-04-15T08:13:52","slug":"monologo-al-teatro-luciani-di-acquaviva-delle-fonti-roberto-mercadini-felicita-for-dummies","status":"publish","type":"post","link":"https:\/\/lavocedelpaese.info\/index.php\/2023\/04\/15\/monologo-al-teatro-luciani-di-acquaviva-delle-fonti-roberto-mercadini-felicita-for-dummies\/","title":{"rendered":"Monologo al teatro Luciani di Acquaviva delle Fonti Roberto Mercadini \u2013 Felicit\u00e0 for Dummies"},"content":{"rendered":"<p>\u00a0<\/p>\n<p>\u200b\u00a0<\/p>\n<p>\u200bAcquaviva \u2013 La Voce del Paese\u00a0<\/p>\n<p>Domenica <strong>7 maggio 2023<\/strong> alle ore <strong>20:00<\/strong> presso il <strong>teatro Luciani<\/strong> di <strong>Acquaviva delle Fonti<\/strong> l\u2019autore <strong>Roberto Mercadini<\/strong>, metter\u00e0 in scena il monologo \u201c<strong>Felicit\u00e0 for dummies<\/strong>\u201c. I biglietti sono in vendita al <strong>botteghino<\/strong> del teatro il <strong>marted\u00ec<\/strong> dalle <strong>10:00<\/strong> alle <strong>12:00<\/strong> ed il <strong>gioved\u00ec<\/strong> dalle <strong>17:00<\/strong> alle <strong>19:00<\/strong>. <strong>Online<\/strong> al seguente link: https:\/\/www.eventbrite.it\/e\/biglietti-felicita-for-dummies-604682781477<\/p>\n<p>Per chi non lo conoscesse Roberto Mercadini \u00e8 nato a Cesena nel 1978. Ha in repertorio oltre venti monologhi, che spaziano dalla Bibbia ebraica all\u2019origine della filosofia, dall\u2019evoluzionismo alla felicit\u00e0.<\/p>\n<p>Citando l\u2019autore: \u201cRacconto storie (che contengono storie (che contengono altre storie)).<\/p>\n<p>A volte sopra un palcoscenico. A volte in video. A volte dentro un libro\u201d<\/p>\n<p>Il monologo \u201c<strong>Felicit\u00e0 for dummies<\/strong>\u201d in programma il <strong>7 maggio 2023,<\/strong> usa la metafora dell\u2019albero e ha la forma di un albero.<\/p>\n<p>Il tronco \u00e8 una definizione originale ma assai salda di felicit\u00e0, un significato della parola radicato nell\u2019etimo: felice viene da felix, termine che in latino indicava, per esempio, un albero molto fruttuoso.<\/p>\n<p>Da tale ceppo massiccio si diramano quattro discorsi: sul dare frutto, sulla forma perfetta, sull\u2019innalzare rami e l\u2019affondare radici, sul contattare altri alberi.<\/p>\n<p>Ogni discorso si biforca a sua volta in due storie.<\/p>\n<p>Cos\u00ec incontreremo un matematico, un artista, un atleta, un oratore, un giardiniere, un astronomo, un genio, un poeta.<\/p>\n<p>Una narrazione commossa e comica. E, allo stesso tempo, un\u2019impetuosa orazione sul senso del vivere.<\/p>\n<p>Il nome dell\u2019autore vi \u00e8 familiare? Questo perch\u00e9 il 7 agosto 2019, Roberto Mercadini, si \u00e8 esibito presso l\u2019Atrio Comunale di Acquaviva delle Fonti, recitando il monologo \u201cNoi siamo il suolo, noi siamo la terra\u201d riscuotendo un grande interesse di pubblico.<\/p>\n<p>Durante il corso dei quattro anni che ci separano da questo evento, l\u2019esperienza e la fama dell\u2019autore sono aumentate notevolmente, per questo motivo la rappresentazione programmata per il <strong>7 maggio 2023<\/strong> siamo sicuri incontrer\u00e0 un\u2019ampia partecipazione ed interesse della comunit\u00e0 acquavivese e dell\u2019intera provincia di Bari.<\/p>\n<p class=\"has-text-align-right\"><strong>Fabio Milano<\/strong><\/p>\n<p><a class=\"a2a_button_facebook\" href=\"https:\/\/www.addtoany.com\/add_to\/facebook?linkurl=https%3A%2F%2Facquaviva.lavocedelpaese.info%2Findex.php%2F2023%2F04%2F14%2Fmonologo-al-teatro-luciani-di-acquaviva-delle-fonti-roberto-mercadini-felicita-for-dummies%2F&amp;linkname=Monologo%20al%20teatro%20Luciani%20di%20Acquaviva%20delle%20Fonti%20Roberto%20Mercadini%20%E2%80%93%20Felicit%C3%A0%20for%20Dummies\" title=\"Facebook\" target=\"_blank\" rel=\"noopener\"><\/a><a class=\"a2a_button_twitter\" href=\"https:\/\/www.addtoany.com\/add_to\/twitter?linkurl=https%3A%2F%2Facquaviva.lavocedelpaese.info%2Findex.php%2F2023%2F04%2F14%2Fmonologo-al-teatro-luciani-di-acquaviva-delle-fonti-roberto-mercadini-felicita-for-dummies%2F&amp;linkname=Monologo%20al%20teatro%20Luciani%20di%20Acquaviva%20delle%20Fonti%20Roberto%20Mercadini%20%E2%80%93%20Felicit%C3%A0%20for%20Dummies\" title=\"Twitter\" target=\"_blank\" rel=\"noopener\"><\/a><a class=\"a2a_button_whatsapp\" href=\"https:\/\/www.addtoany.com\/add_to\/whatsapp?linkurl=https%3A%2F%2Facquaviva.lavocedelpaese.info%2Findex.php%2F2023%2F04%2F14%2Fmonologo-al-teatro-luciani-di-acquaviva-delle-fonti-roberto-mercadini-felicita-for-dummies%2F&amp;linkname=Monologo%20al%20teatro%20Luciani%20di%20Acquaviva%20delle%20Fonti%20Roberto%20Mercadini%20%E2%80%93%20Felicit%C3%A0%20for%20Dummies\" title=\"WhatsApp\" target=\"_blank\" rel=\"noopener\"><\/a><a class=\"a2a_button_telegram\" href=\"https:\/\/www.addtoany.com\/add_to\/telegram?linkurl=https%3A%2F%2Facquaviva.lavocedelpaese.info%2Findex.php%2F2023%2F04%2F14%2Fmonologo-al-teatro-luciani-di-acquaviva-delle-fonti-roberto-mercadini-felicita-for-dummies%2F&amp;linkname=Monologo%20al%20teatro%20Luciani%20di%20Acquaviva%20delle%20Fonti%20Roberto%20Mercadini%20%E2%80%93%20Felicit%C3%A0%20for%20Dummies\" title=\"Telegram\" target=\"_blank\" rel=\"noopener\"><\/a><a class=\"a2a_button_email\" href=\"https:\/\/www.addtoany.com\/add_to\/email?linkurl=https%3A%2F%2Facquaviva.lavocedelpaese.info%2Findex.php%2F2023%2F04%2F14%2Fmonologo-al-teatro-luciani-di-acquaviva-delle-fonti-roberto-mercadini-felicita-for-dummies%2F&amp;linkname=Monologo%20al%20teatro%20Luciani%20di%20Acquaviva%20delle%20Fonti%20Roberto%20Mercadini%20%E2%80%93%20Felicit%C3%A0%20for%20Dummies\" title=\"Email\" target=\"_blank\" rel=\"noopener\"><\/a><\/p>\n<p>\u00a0<\/p>","protected":false},"excerpt":{"rendered":"<p>\u00a0 \u200b\u00a0 \u200bAcquaviva \u2013 La Voce del Paese\u00a0 Domenica 7 maggio 2023 alle ore 20:00 presso il teatro Luciani di<\/p>\n","protected":false},"author":0,"featured_media":0,"comment_status":"open","ping_status":"closed","sticky":false,"template":"","format":"standard","meta":{"colormag_page_container_layout":"default_layout","colormag_page_sidebar_layout":"default_layout","footnotes":""},"categories":[33],"tags":[],"class_list":["post-1391","post","type-post","status-publish","format-standard","hentry","category-network"],"yoast_head":"<!-- This site is optimized with the Yoast SEO plugin v27.5 - https:\/\/yoast.com\/product\/yoast-seo-wordpress\/ -->\n<title>Monologo al teatro Luciani di Acquaviva delle Fonti Roberto Mercadini \u2013 Felicit\u00e0 for Dummies - La Voce del Paese<\/title>\n<meta name=\"robots\" content=\"index, follow, max-snippet:-1, max-image-preview:large, max-video-preview:-1\" \/>\n<link rel=\"canonical\" href=\"https:\/\/lavocedelpaese.info\/index.php\/2023\/04\/15\/monologo-al-teatro-luciani-di-acquaviva-delle-fonti-roberto-mercadini-felicita-for-dummies\/\" \/>\n<meta property=\"og:locale\" content=\"it_IT\" \/>\n<meta property=\"og:type\" content=\"article\" \/>\n<meta property=\"og:title\" content=\"Monologo al teatro Luciani di Acquaviva delle Fonti Roberto Mercadini \u2013 Felicit\u00e0 for Dummies - La Voce del Paese\" \/>\n<meta property=\"og:description\" content=\"\u00a0 \u200b\u00a0 \u200bAcquaviva \u2013 La Voce del Paese\u00a0 Domenica 7 maggio 2023 alle ore 20:00 presso il teatro Luciani di\" \/>\n<meta property=\"og:url\" content=\"https:\/\/lavocedelpaese.info\/index.php\/2023\/04\/15\/monologo-al-teatro-luciani-di-acquaviva-delle-fonti-roberto-mercadini-felicita-for-dummies\/\" \/>\n<meta property=\"og:site_name\" content=\"La Voce del Paese\" \/>\n<meta property=\"article:publisher\" content=\"https:\/\/www.facebook.com\/lavocedelpaese.info\" \/>\n<meta property=\"article:published_time\" content=\"2023-04-15T08:13:52+00:00\" \/>\n<meta name=\"twitter:card\" content=\"summary_large_image\" \/>\n<meta name=\"twitter:label1\" content=\"Tempo di lettura stimato\" \/>\n\t<meta name=\"twitter:data1\" content=\"2 minuti\" \/>\n<script type=\"application\/ld+json\" class=\"yoast-schema-graph\">{\"@context\":\"https:\\\/\\\/schema.org\",\"@graph\":[{\"@type\":\"Article\",\"@id\":\"https:\\\/\\\/lavocedelpaese.info\\\/index.php\\\/2023\\\/04\\\/15\\\/monologo-al-teatro-luciani-di-acquaviva-delle-fonti-roberto-mercadini-felicita-for-dummies\\\/#article\",\"isPartOf\":{\"@id\":\"https:\\\/\\\/lavocedelpaese.info\\\/index.php\\\/2023\\\/04\\\/15\\\/monologo-al-teatro-luciani-di-acquaviva-delle-fonti-roberto-mercadini-felicita-for-dummies\\\/\"},\"author\":{\"name\":\"\",\"@id\":\"\"},\"headline\":\"Monologo al teatro Luciani di Acquaviva delle Fonti Roberto Mercadini \u2013 Felicit\u00e0 for Dummies\",\"datePublished\":\"2023-04-15T08:13:52+00:00\",\"mainEntityOfPage\":{\"@id\":\"https:\\\/\\\/lavocedelpaese.info\\\/index.php\\\/2023\\\/04\\\/15\\\/monologo-al-teatro-luciani-di-acquaviva-delle-fonti-roberto-mercadini-felicita-for-dummies\\\/\"},\"wordCount\":337,\"commentCount\":0,\"publisher\":{\"@id\":\"https:\\\/\\\/lavocedelpaese.info\\\/#organization\"},\"articleSection\":[\"network\"],\"inLanguage\":\"it-IT\",\"potentialAction\":[{\"@type\":\"CommentAction\",\"name\":\"Comment\",\"target\":[\"https:\\\/\\\/lavocedelpaese.info\\\/index.php\\\/2023\\\/04\\\/15\\\/monologo-al-teatro-luciani-di-acquaviva-delle-fonti-roberto-mercadini-felicita-for-dummies\\\/#respond\"]}]},{\"@type\":\"WebPage\",\"@id\":\"https:\\\/\\\/lavocedelpaese.info\\\/index.php\\\/2023\\\/04\\\/15\\\/monologo-al-teatro-luciani-di-acquaviva-delle-fonti-roberto-mercadini-felicita-for-dummies\\\/\",\"url\":\"https:\\\/\\\/lavocedelpaese.info\\\/index.php\\\/2023\\\/04\\\/15\\\/monologo-al-teatro-luciani-di-acquaviva-delle-fonti-roberto-mercadini-felicita-for-dummies\\\/\",\"name\":\"Monologo al teatro Luciani di Acquaviva delle Fonti Roberto Mercadini \u2013 Felicit\u00e0 for Dummies - La Voce del Paese\",\"isPartOf\":{\"@id\":\"https:\\\/\\\/lavocedelpaese.info\\\/#website\"},\"datePublished\":\"2023-04-15T08:13:52+00:00\",\"breadcrumb\":{\"@id\":\"https:\\\/\\\/lavocedelpaese.info\\\/index.php\\\/2023\\\/04\\\/15\\\/monologo-al-teatro-luciani-di-acquaviva-delle-fonti-roberto-mercadini-felicita-for-dummies\\\/#breadcrumb\"},\"inLanguage\":\"it-IT\",\"potentialAction\":[{\"@type\":\"ReadAction\",\"target\":[\"https:\\\/\\\/lavocedelpaese.info\\\/index.php\\\/2023\\\/04\\\/15\\\/monologo-al-teatro-luciani-di-acquaviva-delle-fonti-roberto-mercadini-felicita-for-dummies\\\/\"]}]},{\"@type\":\"BreadcrumbList\",\"@id\":\"https:\\\/\\\/lavocedelpaese.info\\\/index.php\\\/2023\\\/04\\\/15\\\/monologo-al-teatro-luciani-di-acquaviva-delle-fonti-roberto-mercadini-felicita-for-dummies\\\/#breadcrumb\",\"itemListElement\":[{\"@type\":\"ListItem\",\"position\":1,\"name\":\"Home\",\"item\":\"https:\\\/\\\/lavocedelpaese.info\\\/\"},{\"@type\":\"ListItem\",\"position\":2,\"name\":\"Monologo al teatro Luciani di Acquaviva delle Fonti Roberto Mercadini \u2013 Felicit\u00e0 for Dummies\"}]},{\"@type\":\"WebSite\",\"@id\":\"https:\\\/\\\/lavocedelpaese.info\\\/#website\",\"url\":\"https:\\\/\\\/lavocedelpaese.info\\\/\",\"name\":\"La Voce del Paese\",\"description\":\"Un network di idee\",\"publisher\":{\"@id\":\"https:\\\/\\\/lavocedelpaese.info\\\/#organization\"},\"potentialAction\":[{\"@type\":\"SearchAction\",\"target\":{\"@type\":\"EntryPoint\",\"urlTemplate\":\"https:\\\/\\\/lavocedelpaese.info\\\/?s={search_term_string}\"},\"query-input\":{\"@type\":\"PropertyValueSpecification\",\"valueRequired\":true,\"valueName\":\"search_term_string\"}}],\"inLanguage\":\"it-IT\"},{\"@type\":\"Organization\",\"@id\":\"https:\\\/\\\/lavocedelpaese.info\\\/#organization\",\"name\":\"La Voce del Paese\",\"url\":\"https:\\\/\\\/lavocedelpaese.info\\\/\",\"logo\":{\"@type\":\"ImageObject\",\"inLanguage\":\"it-IT\",\"@id\":\"https:\\\/\\\/lavocedelpaese.info\\\/#\\\/schema\\\/logo\\\/image\\\/\",\"url\":\"https:\\\/\\\/lavocedelpaese.info\\\/wp-content\\\/uploads\\\/2023\\\/01\\\/cropped-logo-150-127.png\",\"contentUrl\":\"https:\\\/\\\/lavocedelpaese.info\\\/wp-content\\\/uploads\\\/2023\\\/01\\\/cropped-logo-150-127.png\",\"width\":137,\"height\":119,\"caption\":\"La Voce del Paese\"},\"image\":{\"@id\":\"https:\\\/\\\/lavocedelpaese.info\\\/#\\\/schema\\\/logo\\\/image\\\/\"},\"sameAs\":[\"https:\\\/\\\/www.facebook.com\\\/lavocedelpaese.info\"]}]}<\/script>\n<!-- \/ Yoast SEO plugin. -->","yoast_head_json":{"title":"Monologo al teatro Luciani di Acquaviva delle Fonti Roberto Mercadini \u2013 Felicit\u00e0 for Dummies - La Voce del Paese","robots":{"index":"index","follow":"follow","max-snippet":"max-snippet:-1","max-image-preview":"max-image-preview:large","max-video-preview":"max-video-preview:-1"},"canonical":"https:\/\/lavocedelpaese.info\/index.php\/2023\/04\/15\/monologo-al-teatro-luciani-di-acquaviva-delle-fonti-roberto-mercadini-felicita-for-dummies\/","og_locale":"it_IT","og_type":"article","og_title":"Monologo al teatro Luciani di Acquaviva delle Fonti Roberto Mercadini \u2013 Felicit\u00e0 for Dummies - La Voce del Paese","og_description":"\u00a0 \u200b\u00a0 \u200bAcquaviva \u2013 La Voce del Paese\u00a0 Domenica 7 maggio 2023 alle ore 20:00 presso il teatro Luciani di","og_url":"https:\/\/lavocedelpaese.info\/index.php\/2023\/04\/15\/monologo-al-teatro-luciani-di-acquaviva-delle-fonti-roberto-mercadini-felicita-for-dummies\/","og_site_name":"La Voce del Paese","article_publisher":"https:\/\/www.facebook.com\/lavocedelpaese.info","article_published_time":"2023-04-15T08:13:52+00:00","twitter_card":"summary_large_image","twitter_misc":{"Tempo di lettura stimato":"2 minuti"},"schema":{"@context":"https:\/\/schema.org","@graph":[{"@type":"Article","@id":"https:\/\/lavocedelpaese.info\/index.php\/2023\/04\/15\/monologo-al-teatro-luciani-di-acquaviva-delle-fonti-roberto-mercadini-felicita-for-dummies\/#article","isPartOf":{"@id":"https:\/\/lavocedelpaese.info\/index.php\/2023\/04\/15\/monologo-al-teatro-luciani-di-acquaviva-delle-fonti-roberto-mercadini-felicita-for-dummies\/"},"author":{"name":"","@id":""},"headline":"Monologo al teatro Luciani di Acquaviva delle Fonti Roberto Mercadini \u2013 Felicit\u00e0 for Dummies","datePublished":"2023-04-15T08:13:52+00:00","mainEntityOfPage":{"@id":"https:\/\/lavocedelpaese.info\/index.php\/2023\/04\/15\/monologo-al-teatro-luciani-di-acquaviva-delle-fonti-roberto-mercadini-felicita-for-dummies\/"},"wordCount":337,"commentCount":0,"publisher":{"@id":"https:\/\/lavocedelpaese.info\/#organization"},"articleSection":["network"],"inLanguage":"it-IT","potentialAction":[{"@type":"CommentAction","name":"Comment","target":["https:\/\/lavocedelpaese.info\/index.php\/2023\/04\/15\/monologo-al-teatro-luciani-di-acquaviva-delle-fonti-roberto-mercadini-felicita-for-dummies\/#respond"]}]},{"@type":"WebPage","@id":"https:\/\/lavocedelpaese.info\/index.php\/2023\/04\/15\/monologo-al-teatro-luciani-di-acquaviva-delle-fonti-roberto-mercadini-felicita-for-dummies\/","url":"https:\/\/lavocedelpaese.info\/index.php\/2023\/04\/15\/monologo-al-teatro-luciani-di-acquaviva-delle-fonti-roberto-mercadini-felicita-for-dummies\/","name":"Monologo al teatro Luciani di Acquaviva delle Fonti Roberto Mercadini \u2013 Felicit\u00e0 for Dummies - La Voce del Paese","isPartOf":{"@id":"https:\/\/lavocedelpaese.info\/#website"},"datePublished":"2023-04-15T08:13:52+00:00","breadcrumb":{"@id":"https:\/\/lavocedelpaese.info\/index.php\/2023\/04\/15\/monologo-al-teatro-luciani-di-acquaviva-delle-fonti-roberto-mercadini-felicita-for-dummies\/#breadcrumb"},"inLanguage":"it-IT","potentialAction":[{"@type":"ReadAction","target":["https:\/\/lavocedelpaese.info\/index.php\/2023\/04\/15\/monologo-al-teatro-luciani-di-acquaviva-delle-fonti-roberto-mercadini-felicita-for-dummies\/"]}]},{"@type":"BreadcrumbList","@id":"https:\/\/lavocedelpaese.info\/index.php\/2023\/04\/15\/monologo-al-teatro-luciani-di-acquaviva-delle-fonti-roberto-mercadini-felicita-for-dummies\/#breadcrumb","itemListElement":[{"@type":"ListItem","position":1,"name":"Home","item":"https:\/\/lavocedelpaese.info\/"},{"@type":"ListItem","position":2,"name":"Monologo al teatro Luciani di Acquaviva delle Fonti Roberto Mercadini \u2013 Felicit\u00e0 for Dummies"}]},{"@type":"WebSite","@id":"https:\/\/lavocedelpaese.info\/#website","url":"https:\/\/lavocedelpaese.info\/","name":"La Voce del Paese","description":"Un network di idee","publisher":{"@id":"https:\/\/lavocedelpaese.info\/#organization"},"potentialAction":[{"@type":"SearchAction","target":{"@type":"EntryPoint","urlTemplate":"https:\/\/lavocedelpaese.info\/?s={search_term_string}"},"query-input":{"@type":"PropertyValueSpecification","valueRequired":true,"valueName":"search_term_string"}}],"inLanguage":"it-IT"},{"@type":"Organization","@id":"https:\/\/lavocedelpaese.info\/#organization","name":"La Voce del Paese","url":"https:\/\/lavocedelpaese.info\/","logo":{"@type":"ImageObject","inLanguage":"it-IT","@id":"https:\/\/lavocedelpaese.info\/#\/schema\/logo\/image\/","url":"https:\/\/lavocedelpaese.info\/wp-content\/uploads\/2023\/01\/cropped-logo-150-127.png","contentUrl":"https:\/\/lavocedelpaese.info\/wp-content\/uploads\/2023\/01\/cropped-logo-150-127.png","width":137,"height":119,"caption":"La Voce del Paese"},"image":{"@id":"https:\/\/lavocedelpaese.info\/#\/schema\/logo\/image\/"},"sameAs":["https:\/\/www.facebook.com\/lavocedelpaese.info"]}]}},"_links":{"self":[{"href":"https:\/\/lavocedelpaese.info\/index.php\/wp-json\/wp\/v2\/posts\/1391","targetHints":{"allow":["GET"]}}],"collection":[{"href":"https:\/\/lavocedelpaese.info\/index.php\/wp-json\/wp\/v2\/posts"}],"about":[{"href":"https:\/\/lavocedelpaese.info\/index.php\/wp-json\/wp\/v2\/types\/post"}],"replies":[{"embeddable":true,"href":"https:\/\/lavocedelpaese.info\/index.php\/wp-json\/wp\/v2\/comments?post=1391"}],"version-history":[{"count":0,"href":"https:\/\/lavocedelpaese.info\/index.php\/wp-json\/wp\/v2\/posts\/1391\/revisions"}],"wp:attachment":[{"href":"https:\/\/lavocedelpaese.info\/index.php\/wp-json\/wp\/v2\/media?parent=1391"}],"wp:term":[{"taxonomy":"category","embeddable":true,"href":"https:\/\/lavocedelpaese.info\/index.php\/wp-json\/wp\/v2\/categories?post=1391"},{"taxonomy":"post_tag","embeddable":true,"href":"https:\/\/lavocedelpaese.info\/index.php\/wp-json\/wp\/v2\/tags?post=1391"}],"curies":[{"name":"wp","href":"https:\/\/api.w.org\/{rel}","templated":true}]}}