{"id":1364,"date":"2023-04-07T05:52:34","date_gmt":"2023-04-07T05:52:34","guid":{"rendered":"https:\/\/lavocedelpaese.info\/index.php\/2023\/04\/07\/pertini-anelli-pinto-a-scuola-di-creativita\/"},"modified":"2023-04-07T05:52:34","modified_gmt":"2023-04-07T05:52:34","slug":"pertini-anelli-pinto-a-scuola-di-creativita","status":"publish","type":"post","link":"https:\/\/lavocedelpaese.info\/index.php\/2023\/04\/07\/pertini-anelli-pinto-a-scuola-di-creativita\/","title":{"rendered":"\u201cPertini-Anelli-Pinto\u201d, a scuola di creativit\u00e0"},"content":{"rendered":"<p>\u00a0<\/p>\n<p>\u200b\u00a0<\/p>\n<p>\u200bTuri \u2013 La Voce del Paese\u00a0<\/p>\n<p>La scuola ha il compito di formare in maniera armonica e creativa la personalit\u00e0 dell\u2019uomo e del cittadino. Alla normale attivit\u00e0 didattica svolta in orario antimeridiano si affiancano progetti pomeridiani che concorrono alla formazione degli studenti. Tra questi progetti figura quello intitolato \u201cBe creative\u201d, organizzato dai docenti Irene Leo, Sara La Gioia e Fabio Zita.<\/p>\n<p>L\u2019obiettivo perseguito \u00e8 quello di realizzare borse-shoppers in tela dipinte a mano al fine di educare i ragazzi alla sostenibilit\u00e0 e alla creativit\u00e0. Il laboratorio trasmette emozioni positive dettate dalla creazione di un prodotto originale in un ambiente ludico-educativo in cui si lavora, ci si diverte e si instaurano rapporti collaborativi. L\u2019arte, declinabile in tantissime forme, diventa, attraverso l\u2019espressione pittorica, strumento di comunicazione universale, immediato, istintivo e contribuisce al miglioramento dell\u2019umore e dell\u2019autostima.<\/p>\n<p>Attraverso questo laboratorio i ragazzi imparano a non aver paura di sbagliare, a scoprire che \u201csono le imperfezioni a rendere l\u2019arte sublime\u201d. Prendono attivamente parte a questo progetto dalla forte valenza inclusiva alunni diversabili che riscoprono il piacere insito nello svolgere attivit\u00e0 manuali e che hanno pi\u00f9 occasioni di socializzazione e crescita.<\/p>\n<p>Per dirla con le parole di Picasso questo laboratorio \u00e8 un\u2019ora di arte che spazza l\u2019anima dalla polvere della quotidianit\u00e0.<\/p>\n<p>Le borse realizzate saranno vendute in occasione della Festa dell\u2019Arte o della Sagra della Ciliegia Ferrovia.<\/p>\n<p><a class=\"a2a_button_facebook\" href=\"https:\/\/www.addtoany.com\/add_to\/facebook?linkurl=https%3A%2F%2Fturi.lavocedelpaese.info%2Fpertini-anelli-pinto-a-scuola-di-creativita%2F&amp;linkname=%E2%80%9CPertini-Anelli-Pinto%E2%80%9D%2C%20a%20scuola%20di%20creativit%C3%A0\" title=\"Facebook\" target=\"_blank\" rel=\"noopener\"><\/a><a class=\"a2a_button_twitter\" href=\"https:\/\/www.addtoany.com\/add_to\/twitter?linkurl=https%3A%2F%2Fturi.lavocedelpaese.info%2Fpertini-anelli-pinto-a-scuola-di-creativita%2F&amp;linkname=%E2%80%9CPertini-Anelli-Pinto%E2%80%9D%2C%20a%20scuola%20di%20creativit%C3%A0\" title=\"Twitter\" target=\"_blank\" rel=\"noopener\"><\/a><a class=\"a2a_button_whatsapp\" href=\"https:\/\/www.addtoany.com\/add_to\/whatsapp?linkurl=https%3A%2F%2Fturi.lavocedelpaese.info%2Fpertini-anelli-pinto-a-scuola-di-creativita%2F&amp;linkname=%E2%80%9CPertini-Anelli-Pinto%E2%80%9D%2C%20a%20scuola%20di%20creativit%C3%A0\" title=\"WhatsApp\" target=\"_blank\" rel=\"noopener\"><\/a><a class=\"a2a_button_telegram\" href=\"https:\/\/www.addtoany.com\/add_to\/telegram?linkurl=https%3A%2F%2Fturi.lavocedelpaese.info%2Fpertini-anelli-pinto-a-scuola-di-creativita%2F&amp;linkname=%E2%80%9CPertini-Anelli-Pinto%E2%80%9D%2C%20a%20scuola%20di%20creativit%C3%A0\" title=\"Telegram\" target=\"_blank\" rel=\"noopener\"><\/a><a class=\"a2a_button_email\" href=\"https:\/\/www.addtoany.com\/add_to\/email?linkurl=https%3A%2F%2Fturi.lavocedelpaese.info%2Fpertini-anelli-pinto-a-scuola-di-creativita%2F&amp;linkname=%E2%80%9CPertini-Anelli-Pinto%E2%80%9D%2C%20a%20scuola%20di%20creativit%C3%A0\" title=\"Email\" target=\"_blank\" rel=\"noopener\"><\/a><\/p>\n<p>\u00a0<\/p>","protected":false},"excerpt":{"rendered":"<p>\u00a0 \u200b\u00a0 \u200bTuri \u2013 La Voce del Paese\u00a0 La scuola ha il compito di formare in maniera armonica e creativa<\/p>\n","protected":false},"author":0,"featured_media":0,"comment_status":"open","ping_status":"closed","sticky":false,"template":"","format":"standard","meta":{"colormag_page_container_layout":"default_layout","colormag_page_sidebar_layout":"default_layout","footnotes":""},"categories":[33],"tags":[],"class_list":["post-1364","post","type-post","status-publish","format-standard","hentry","category-network"],"yoast_head":"<!-- This site is optimized with the Yoast SEO plugin v27.5 - https:\/\/yoast.com\/product\/yoast-seo-wordpress\/ -->\n<title>\u201cPertini-Anelli-Pinto\u201d, a scuola di creativit\u00e0 - La Voce del Paese<\/title>\n<meta name=\"robots\" content=\"index, follow, max-snippet:-1, max-image-preview:large, max-video-preview:-1\" \/>\n<link rel=\"canonical\" href=\"https:\/\/lavocedelpaese.info\/index.php\/2023\/04\/07\/pertini-anelli-pinto-a-scuola-di-creativita\/\" \/>\n<meta property=\"og:locale\" content=\"it_IT\" \/>\n<meta property=\"og:type\" content=\"article\" \/>\n<meta property=\"og:title\" content=\"\u201cPertini-Anelli-Pinto\u201d, a scuola di creativit\u00e0 - La Voce del Paese\" \/>\n<meta property=\"og:description\" content=\"\u00a0 \u200b\u00a0 \u200bTuri \u2013 La Voce del Paese\u00a0 La scuola ha il compito di formare in maniera armonica e creativa\" \/>\n<meta property=\"og:url\" content=\"https:\/\/lavocedelpaese.info\/index.php\/2023\/04\/07\/pertini-anelli-pinto-a-scuola-di-creativita\/\" \/>\n<meta property=\"og:site_name\" content=\"La Voce del Paese\" \/>\n<meta property=\"article:publisher\" content=\"https:\/\/www.facebook.com\/lavocedelpaese.info\" \/>\n<meta property=\"article:published_time\" content=\"2023-04-07T05:52:34+00:00\" \/>\n<meta name=\"twitter:card\" content=\"summary_large_image\" \/>\n<meta name=\"twitter:label1\" content=\"Tempo di lettura stimato\" \/>\n\t<meta name=\"twitter:data1\" content=\"1 minuto\" \/>\n<script type=\"application\/ld+json\" class=\"yoast-schema-graph\">{\"@context\":\"https:\\\/\\\/schema.org\",\"@graph\":[{\"@type\":\"Article\",\"@id\":\"https:\\\/\\\/lavocedelpaese.info\\\/index.php\\\/2023\\\/04\\\/07\\\/pertini-anelli-pinto-a-scuola-di-creativita\\\/#article\",\"isPartOf\":{\"@id\":\"https:\\\/\\\/lavocedelpaese.info\\\/index.php\\\/2023\\\/04\\\/07\\\/pertini-anelli-pinto-a-scuola-di-creativita\\\/\"},\"author\":{\"name\":\"\",\"@id\":\"\"},\"headline\":\"\u201cPertini-Anelli-Pinto\u201d, a scuola di creativit\u00e0\",\"datePublished\":\"2023-04-07T05:52:34+00:00\",\"mainEntityOfPage\":{\"@id\":\"https:\\\/\\\/lavocedelpaese.info\\\/index.php\\\/2023\\\/04\\\/07\\\/pertini-anelli-pinto-a-scuola-di-creativita\\\/\"},\"wordCount\":234,\"commentCount\":0,\"publisher\":{\"@id\":\"https:\\\/\\\/lavocedelpaese.info\\\/#organization\"},\"articleSection\":[\"network\"],\"inLanguage\":\"it-IT\",\"potentialAction\":[{\"@type\":\"CommentAction\",\"name\":\"Comment\",\"target\":[\"https:\\\/\\\/lavocedelpaese.info\\\/index.php\\\/2023\\\/04\\\/07\\\/pertini-anelli-pinto-a-scuola-di-creativita\\\/#respond\"]}]},{\"@type\":\"WebPage\",\"@id\":\"https:\\\/\\\/lavocedelpaese.info\\\/index.php\\\/2023\\\/04\\\/07\\\/pertini-anelli-pinto-a-scuola-di-creativita\\\/\",\"url\":\"https:\\\/\\\/lavocedelpaese.info\\\/index.php\\\/2023\\\/04\\\/07\\\/pertini-anelli-pinto-a-scuola-di-creativita\\\/\",\"name\":\"\u201cPertini-Anelli-Pinto\u201d, a scuola di creativit\u00e0 - La Voce del Paese\",\"isPartOf\":{\"@id\":\"https:\\\/\\\/lavocedelpaese.info\\\/#website\"},\"datePublished\":\"2023-04-07T05:52:34+00:00\",\"breadcrumb\":{\"@id\":\"https:\\\/\\\/lavocedelpaese.info\\\/index.php\\\/2023\\\/04\\\/07\\\/pertini-anelli-pinto-a-scuola-di-creativita\\\/#breadcrumb\"},\"inLanguage\":\"it-IT\",\"potentialAction\":[{\"@type\":\"ReadAction\",\"target\":[\"https:\\\/\\\/lavocedelpaese.info\\\/index.php\\\/2023\\\/04\\\/07\\\/pertini-anelli-pinto-a-scuola-di-creativita\\\/\"]}]},{\"@type\":\"BreadcrumbList\",\"@id\":\"https:\\\/\\\/lavocedelpaese.info\\\/index.php\\\/2023\\\/04\\\/07\\\/pertini-anelli-pinto-a-scuola-di-creativita\\\/#breadcrumb\",\"itemListElement\":[{\"@type\":\"ListItem\",\"position\":1,\"name\":\"Home\",\"item\":\"https:\\\/\\\/lavocedelpaese.info\\\/\"},{\"@type\":\"ListItem\",\"position\":2,\"name\":\"\u201cPertini-Anelli-Pinto\u201d, a scuola di creativit\u00e0\"}]},{\"@type\":\"WebSite\",\"@id\":\"https:\\\/\\\/lavocedelpaese.info\\\/#website\",\"url\":\"https:\\\/\\\/lavocedelpaese.info\\\/\",\"name\":\"La Voce del Paese\",\"description\":\"Un network di idee\",\"publisher\":{\"@id\":\"https:\\\/\\\/lavocedelpaese.info\\\/#organization\"},\"potentialAction\":[{\"@type\":\"SearchAction\",\"target\":{\"@type\":\"EntryPoint\",\"urlTemplate\":\"https:\\\/\\\/lavocedelpaese.info\\\/?s={search_term_string}\"},\"query-input\":{\"@type\":\"PropertyValueSpecification\",\"valueRequired\":true,\"valueName\":\"search_term_string\"}}],\"inLanguage\":\"it-IT\"},{\"@type\":\"Organization\",\"@id\":\"https:\\\/\\\/lavocedelpaese.info\\\/#organization\",\"name\":\"La Voce del Paese\",\"url\":\"https:\\\/\\\/lavocedelpaese.info\\\/\",\"logo\":{\"@type\":\"ImageObject\",\"inLanguage\":\"it-IT\",\"@id\":\"https:\\\/\\\/lavocedelpaese.info\\\/#\\\/schema\\\/logo\\\/image\\\/\",\"url\":\"https:\\\/\\\/lavocedelpaese.info\\\/wp-content\\\/uploads\\\/2023\\\/01\\\/cropped-logo-150-127.png\",\"contentUrl\":\"https:\\\/\\\/lavocedelpaese.info\\\/wp-content\\\/uploads\\\/2023\\\/01\\\/cropped-logo-150-127.png\",\"width\":137,\"height\":119,\"caption\":\"La Voce del Paese\"},\"image\":{\"@id\":\"https:\\\/\\\/lavocedelpaese.info\\\/#\\\/schema\\\/logo\\\/image\\\/\"},\"sameAs\":[\"https:\\\/\\\/www.facebook.com\\\/lavocedelpaese.info\"]}]}<\/script>\n<!-- \/ Yoast SEO plugin. -->","yoast_head_json":{"title":"\u201cPertini-Anelli-Pinto\u201d, a scuola di creativit\u00e0 - La Voce del Paese","robots":{"index":"index","follow":"follow","max-snippet":"max-snippet:-1","max-image-preview":"max-image-preview:large","max-video-preview":"max-video-preview:-1"},"canonical":"https:\/\/lavocedelpaese.info\/index.php\/2023\/04\/07\/pertini-anelli-pinto-a-scuola-di-creativita\/","og_locale":"it_IT","og_type":"article","og_title":"\u201cPertini-Anelli-Pinto\u201d, a scuola di creativit\u00e0 - La Voce del Paese","og_description":"\u00a0 \u200b\u00a0 \u200bTuri \u2013 La Voce del Paese\u00a0 La scuola ha il compito di formare in maniera armonica e creativa","og_url":"https:\/\/lavocedelpaese.info\/index.php\/2023\/04\/07\/pertini-anelli-pinto-a-scuola-di-creativita\/","og_site_name":"La Voce del Paese","article_publisher":"https:\/\/www.facebook.com\/lavocedelpaese.info","article_published_time":"2023-04-07T05:52:34+00:00","twitter_card":"summary_large_image","twitter_misc":{"Tempo di lettura stimato":"1 minuto"},"schema":{"@context":"https:\/\/schema.org","@graph":[{"@type":"Article","@id":"https:\/\/lavocedelpaese.info\/index.php\/2023\/04\/07\/pertini-anelli-pinto-a-scuola-di-creativita\/#article","isPartOf":{"@id":"https:\/\/lavocedelpaese.info\/index.php\/2023\/04\/07\/pertini-anelli-pinto-a-scuola-di-creativita\/"},"author":{"name":"","@id":""},"headline":"\u201cPertini-Anelli-Pinto\u201d, a scuola di creativit\u00e0","datePublished":"2023-04-07T05:52:34+00:00","mainEntityOfPage":{"@id":"https:\/\/lavocedelpaese.info\/index.php\/2023\/04\/07\/pertini-anelli-pinto-a-scuola-di-creativita\/"},"wordCount":234,"commentCount":0,"publisher":{"@id":"https:\/\/lavocedelpaese.info\/#organization"},"articleSection":["network"],"inLanguage":"it-IT","potentialAction":[{"@type":"CommentAction","name":"Comment","target":["https:\/\/lavocedelpaese.info\/index.php\/2023\/04\/07\/pertini-anelli-pinto-a-scuola-di-creativita\/#respond"]}]},{"@type":"WebPage","@id":"https:\/\/lavocedelpaese.info\/index.php\/2023\/04\/07\/pertini-anelli-pinto-a-scuola-di-creativita\/","url":"https:\/\/lavocedelpaese.info\/index.php\/2023\/04\/07\/pertini-anelli-pinto-a-scuola-di-creativita\/","name":"\u201cPertini-Anelli-Pinto\u201d, a scuola di creativit\u00e0 - La Voce del Paese","isPartOf":{"@id":"https:\/\/lavocedelpaese.info\/#website"},"datePublished":"2023-04-07T05:52:34+00:00","breadcrumb":{"@id":"https:\/\/lavocedelpaese.info\/index.php\/2023\/04\/07\/pertini-anelli-pinto-a-scuola-di-creativita\/#breadcrumb"},"inLanguage":"it-IT","potentialAction":[{"@type":"ReadAction","target":["https:\/\/lavocedelpaese.info\/index.php\/2023\/04\/07\/pertini-anelli-pinto-a-scuola-di-creativita\/"]}]},{"@type":"BreadcrumbList","@id":"https:\/\/lavocedelpaese.info\/index.php\/2023\/04\/07\/pertini-anelli-pinto-a-scuola-di-creativita\/#breadcrumb","itemListElement":[{"@type":"ListItem","position":1,"name":"Home","item":"https:\/\/lavocedelpaese.info\/"},{"@type":"ListItem","position":2,"name":"\u201cPertini-Anelli-Pinto\u201d, a scuola di creativit\u00e0"}]},{"@type":"WebSite","@id":"https:\/\/lavocedelpaese.info\/#website","url":"https:\/\/lavocedelpaese.info\/","name":"La Voce del Paese","description":"Un network di idee","publisher":{"@id":"https:\/\/lavocedelpaese.info\/#organization"},"potentialAction":[{"@type":"SearchAction","target":{"@type":"EntryPoint","urlTemplate":"https:\/\/lavocedelpaese.info\/?s={search_term_string}"},"query-input":{"@type":"PropertyValueSpecification","valueRequired":true,"valueName":"search_term_string"}}],"inLanguage":"it-IT"},{"@type":"Organization","@id":"https:\/\/lavocedelpaese.info\/#organization","name":"La Voce del Paese","url":"https:\/\/lavocedelpaese.info\/","logo":{"@type":"ImageObject","inLanguage":"it-IT","@id":"https:\/\/lavocedelpaese.info\/#\/schema\/logo\/image\/","url":"https:\/\/lavocedelpaese.info\/wp-content\/uploads\/2023\/01\/cropped-logo-150-127.png","contentUrl":"https:\/\/lavocedelpaese.info\/wp-content\/uploads\/2023\/01\/cropped-logo-150-127.png","width":137,"height":119,"caption":"La Voce del Paese"},"image":{"@id":"https:\/\/lavocedelpaese.info\/#\/schema\/logo\/image\/"},"sameAs":["https:\/\/www.facebook.com\/lavocedelpaese.info"]}]}},"_links":{"self":[{"href":"https:\/\/lavocedelpaese.info\/index.php\/wp-json\/wp\/v2\/posts\/1364","targetHints":{"allow":["GET"]}}],"collection":[{"href":"https:\/\/lavocedelpaese.info\/index.php\/wp-json\/wp\/v2\/posts"}],"about":[{"href":"https:\/\/lavocedelpaese.info\/index.php\/wp-json\/wp\/v2\/types\/post"}],"replies":[{"embeddable":true,"href":"https:\/\/lavocedelpaese.info\/index.php\/wp-json\/wp\/v2\/comments?post=1364"}],"version-history":[{"count":0,"href":"https:\/\/lavocedelpaese.info\/index.php\/wp-json\/wp\/v2\/posts\/1364\/revisions"}],"wp:attachment":[{"href":"https:\/\/lavocedelpaese.info\/index.php\/wp-json\/wp\/v2\/media?parent=1364"}],"wp:term":[{"taxonomy":"category","embeddable":true,"href":"https:\/\/lavocedelpaese.info\/index.php\/wp-json\/wp\/v2\/categories?post=1364"},{"taxonomy":"post_tag","embeddable":true,"href":"https:\/\/lavocedelpaese.info\/index.php\/wp-json\/wp\/v2\/tags?post=1364"}],"curies":[{"name":"wp","href":"https:\/\/api.w.org\/{rel}","templated":true}]}}