{"id":1355,"date":"2023-04-05T17:21:20","date_gmt":"2023-04-05T17:21:20","guid":{"rendered":"https:\/\/lavocedelpaese.info\/index.php\/2023\/04\/05\/uneccellenza-acquavivese-alessandra-operamolla\/"},"modified":"2023-04-05T17:21:20","modified_gmt":"2023-04-05T17:21:20","slug":"uneccellenza-acquavivese-alessandra-operamolla","status":"publish","type":"post","link":"https:\/\/lavocedelpaese.info\/index.php\/2023\/04\/05\/uneccellenza-acquavivese-alessandra-operamolla\/","title":{"rendered":"Un\u2019eccellenza acquavivese: Alessandra Operamolla"},"content":{"rendered":"<p>\u00a0<\/p>\n<p>\u200b\u00a0<\/p>\n<p>\u200bAcquaviva \u2013 La Voce del Paese\u00a0<\/p>\n<p>Il giorno 4 aprile 2023, presso il Salone delle Feste di Acquaviva delle Fonti, si \u00e8 tenuta la presentazione della scoperta di tecniche di laboratorio e vari studi chimici, una creazione che mette insieme il mondo scientifico, ecologico e culturale. Sono intervenuti <strong>Davide Carlucci<\/strong>, Sindaco di Acquaviva, <strong>Francesca Pietroforte<\/strong>, Presidente del Consiglio Comunale di Acquaviva, <strong>Alessandra Operamolla<\/strong>, Professoressa Associata di Chimica Organica presso l\u2019Universit\u00e0 di Pisa, <strong>Vito Albino<\/strong>, Presidente ARTI Puglia (Agenzia Regionale per la Tecnologia e l\u2019Innovazione),<\/p>\n<p>\u201cAbbiamo pensato di invitare Alessandra, \u2013 <strong>Davide Carlucci <\/strong>-, perch\u00e9 riteniamo di poter cercare in maniera corretta un dialogo con figure denominate \u201cCervelli in Fuga\u201d, lei da studiosa e scienziata opera fuori dal nostro territorio ma in stretta connessione, in effetti, tra i partner vi \u00e8 l\u2019Universit\u00e0 di Bari, un aspetto interessante, per il quale \u00e8 presente anche il Prof. Vito Albino del Politecnico di Bari. Coloro che lavorano nel campo della scienza al di fuori del nostro territorio tornino a dialogare e far conoscere la propria materia con lo scopo di poter stimolare molteplici aziende ad interessarsi per le innovazioni scientifiche come quelle di Alessandra. Il nostro obiettivo \u00e8 far s\u00ec che non sia presente una fuga senza ritorno, perci\u00f2 definisco la nostra origine con la denominazione \u201cGenerazione Anfibia\u201d, indicato a coloro che riescono a stare in due territori ma nello stesso tempo poter dialogare con il proprio territorio\u201d.<\/p>\n<p>\u201cOggi \u00e8 una giornata importante, vedere la sala gremita \u00e8 abbastanza piacevole, \u2013 <strong>Francesca Pietroforte <\/strong>-, ho conosciuto Alessandra mediante i disegni di sua sorella Arianna che rappresentava un\u2019illustrazione di Alessandra con una molecola collegata con la sua mansione che svolge e che ci rende orgogliosi di essere suoi concittadini, un vero e proprio talento della nostra citt\u00e0 anche in un settore in ambito scientifico ancora poco percorso dalle donne, i dati ci sottolineano che la met\u00e0 delle donne si laureano in materie scientifiche, un divario che va colmato nelle materie cosiddette STEM, materie scientifiche, tecnologiche, matematiche, quindi i vari esempi di Alessandra possono essere uno stimolo per quelle donne che si avviano a studiare, auguro i migliori complimenti e ringraziamenti per il lavoro compiuto con tanto impegno e dedizione\u201d.<\/p>\n<p>\u201cRingrazio a tutti coloro che sono presenti, vorrei parlarvi della mia ricerca spiegando che sin dagli anni \u201950-\u201960 durante il boom delle plastiche siamo stati abituati che la plastica sia il materiale migliore da poter conservare le cose, \u2013 <strong>Alessandra Operamolla<\/strong> -, oggi, si parla di microplastiche rendendoci conto che la plastica non sia tanto eccellente, quando produciamo plastica spendiamo energia e produciamo anidride carbonica, ci sono tantissimi esempi di materiali stabili come la creatina per i capelli, il legno. Successivamente mi sono interessata alla carta, perch\u00e9 dovevo partecipare ad un concorso della Regione Puglia chiamato \u201c Future of Research\u201d dove bisognava scrivere un progetto, perci\u00f2 decisi di studiare una materia vegetale con il nome di Biomassa, ossia, tutto ci\u00f2 che \u00e8 costituito dagli esseri viventi, nella parete di queste cellule \u00e8 presente la cellulosa insieme alla lignina che \u00e8 la matrice che mette insieme tutto quanto\u201d.<\/p>\n<p>\u201cNel 1976 quando \u00e8 iniziato il primo anno di corso di ingegneria meccanica, \u2013 <strong>Vito Albino<\/strong> -, il mio professore disse che doveva trattare la chimica inorganica, occuparsi di acciaio, ceramica, plastica e altre chimiche molto pi\u00f9 complesse e cos\u00ec inizi\u00f2 tutto. Affrontiamo una disciplina complessa, viene coniugato il tema dell\u2019economia circolare, una forma primitiva, perch\u00e9 dietro queste applicazioni vi sono tante penitenze, stiamo cercando di poter valorizzare un oggetto dal valore di pochi centesimi ad unit\u00e0 di centinaia, questo \u00e8 un tema centrale, perch\u00e9 pensiamo che il nostro mondo si stia dematerializzando, nel 1900 si usavano 800kg di materiale all\u2019anno, oggi ne consumiamo 3,200, il nostro compito \u00e8 di poter sviluppare nuove aree adibite allo spreco con un nuovo futuro, la ricerca \u00e8 molto importante soprattutto in ambito scientifico, perch\u00e9 ci permette di poter compiere studi innovativi e fondamentali per gli esseri viventi e per tutto ci\u00f2 che ci circonda\u201d.<\/p>\n<p class=\"has-text-align-right\"><strong>ANTONIO SABINI<\/strong><\/p>\n<p><a class=\"a2a_button_facebook\" href=\"https:\/\/www.addtoany.com\/add_to\/facebook?linkurl=https%3A%2F%2Facquaviva.lavocedelpaese.info%2Findex.php%2F2023%2F04%2F05%2Funeccellenza-acquavivese-alessandra-operamolla%2F&amp;linkname=Un%E2%80%99eccellenza%20acquavivese%3A%20Alessandra%20Operamolla\" title=\"Facebook\" target=\"_blank\" rel=\"noopener\"><\/a><a class=\"a2a_button_twitter\" href=\"https:\/\/www.addtoany.com\/add_to\/twitter?linkurl=https%3A%2F%2Facquaviva.lavocedelpaese.info%2Findex.php%2F2023%2F04%2F05%2Funeccellenza-acquavivese-alessandra-operamolla%2F&amp;linkname=Un%E2%80%99eccellenza%20acquavivese%3A%20Alessandra%20Operamolla\" title=\"Twitter\" target=\"_blank\" rel=\"noopener\"><\/a><a class=\"a2a_button_whatsapp\" href=\"https:\/\/www.addtoany.com\/add_to\/whatsapp?linkurl=https%3A%2F%2Facquaviva.lavocedelpaese.info%2Findex.php%2F2023%2F04%2F05%2Funeccellenza-acquavivese-alessandra-operamolla%2F&amp;linkname=Un%E2%80%99eccellenza%20acquavivese%3A%20Alessandra%20Operamolla\" title=\"WhatsApp\" target=\"_blank\" rel=\"noopener\"><\/a><a class=\"a2a_button_telegram\" href=\"https:\/\/www.addtoany.com\/add_to\/telegram?linkurl=https%3A%2F%2Facquaviva.lavocedelpaese.info%2Findex.php%2F2023%2F04%2F05%2Funeccellenza-acquavivese-alessandra-operamolla%2F&amp;linkname=Un%E2%80%99eccellenza%20acquavivese%3A%20Alessandra%20Operamolla\" title=\"Telegram\" target=\"_blank\" rel=\"noopener\"><\/a><a class=\"a2a_button_email\" href=\"https:\/\/www.addtoany.com\/add_to\/email?linkurl=https%3A%2F%2Facquaviva.lavocedelpaese.info%2Findex.php%2F2023%2F04%2F05%2Funeccellenza-acquavivese-alessandra-operamolla%2F&amp;linkname=Un%E2%80%99eccellenza%20acquavivese%3A%20Alessandra%20Operamolla\" title=\"Email\" target=\"_blank\" rel=\"noopener\"><\/a><\/p>\n<p>\u00a0<\/p>","protected":false},"excerpt":{"rendered":"<p>\u00a0 \u200b\u00a0 \u200bAcquaviva \u2013 La Voce del Paese\u00a0 Il giorno 4 aprile 2023, presso il Salone delle Feste di Acquaviva<\/p>\n","protected":false},"author":0,"featured_media":0,"comment_status":"open","ping_status":"closed","sticky":false,"template":"","format":"standard","meta":{"colormag_page_container_layout":"default_layout","colormag_page_sidebar_layout":"default_layout","footnotes":""},"categories":[33],"tags":[],"class_list":["post-1355","post","type-post","status-publish","format-standard","hentry","category-network"],"yoast_head":"<!-- This site is optimized with the Yoast SEO plugin v27.5 - https:\/\/yoast.com\/product\/yoast-seo-wordpress\/ -->\n<title>Un\u2019eccellenza acquavivese: Alessandra Operamolla - La Voce del Paese<\/title>\n<meta name=\"robots\" content=\"index, follow, max-snippet:-1, max-image-preview:large, max-video-preview:-1\" \/>\n<link rel=\"canonical\" href=\"https:\/\/lavocedelpaese.info\/index.php\/2023\/04\/05\/uneccellenza-acquavivese-alessandra-operamolla\/\" \/>\n<meta property=\"og:locale\" content=\"it_IT\" \/>\n<meta property=\"og:type\" content=\"article\" \/>\n<meta property=\"og:title\" content=\"Un\u2019eccellenza acquavivese: Alessandra Operamolla - La Voce del Paese\" \/>\n<meta property=\"og:description\" content=\"\u00a0 \u200b\u00a0 \u200bAcquaviva \u2013 La Voce del Paese\u00a0 Il giorno 4 aprile 2023, presso il Salone delle Feste di Acquaviva\" \/>\n<meta property=\"og:url\" content=\"https:\/\/lavocedelpaese.info\/index.php\/2023\/04\/05\/uneccellenza-acquavivese-alessandra-operamolla\/\" \/>\n<meta property=\"og:site_name\" content=\"La Voce del Paese\" \/>\n<meta property=\"article:publisher\" content=\"https:\/\/www.facebook.com\/lavocedelpaese.info\" \/>\n<meta property=\"article:published_time\" content=\"2023-04-05T17:21:20+00:00\" \/>\n<meta name=\"twitter:card\" content=\"summary_large_image\" \/>\n<meta name=\"twitter:label1\" content=\"Tempo di lettura stimato\" \/>\n\t<meta name=\"twitter:data1\" content=\"3 minuti\" \/>\n<script type=\"application\/ld+json\" class=\"yoast-schema-graph\">{\"@context\":\"https:\\\/\\\/schema.org\",\"@graph\":[{\"@type\":\"Article\",\"@id\":\"https:\\\/\\\/lavocedelpaese.info\\\/index.php\\\/2023\\\/04\\\/05\\\/uneccellenza-acquavivese-alessandra-operamolla\\\/#article\",\"isPartOf\":{\"@id\":\"https:\\\/\\\/lavocedelpaese.info\\\/index.php\\\/2023\\\/04\\\/05\\\/uneccellenza-acquavivese-alessandra-operamolla\\\/\"},\"author\":{\"name\":\"\",\"@id\":\"\"},\"headline\":\"Un\u2019eccellenza acquavivese: Alessandra Operamolla\",\"datePublished\":\"2023-04-05T17:21:20+00:00\",\"mainEntityOfPage\":{\"@id\":\"https:\\\/\\\/lavocedelpaese.info\\\/index.php\\\/2023\\\/04\\\/05\\\/uneccellenza-acquavivese-alessandra-operamolla\\\/\"},\"wordCount\":651,\"commentCount\":0,\"publisher\":{\"@id\":\"https:\\\/\\\/lavocedelpaese.info\\\/#organization\"},\"articleSection\":[\"network\"],\"inLanguage\":\"it-IT\",\"potentialAction\":[{\"@type\":\"CommentAction\",\"name\":\"Comment\",\"target\":[\"https:\\\/\\\/lavocedelpaese.info\\\/index.php\\\/2023\\\/04\\\/05\\\/uneccellenza-acquavivese-alessandra-operamolla\\\/#respond\"]}]},{\"@type\":\"WebPage\",\"@id\":\"https:\\\/\\\/lavocedelpaese.info\\\/index.php\\\/2023\\\/04\\\/05\\\/uneccellenza-acquavivese-alessandra-operamolla\\\/\",\"url\":\"https:\\\/\\\/lavocedelpaese.info\\\/index.php\\\/2023\\\/04\\\/05\\\/uneccellenza-acquavivese-alessandra-operamolla\\\/\",\"name\":\"Un\u2019eccellenza acquavivese: Alessandra Operamolla - La Voce del Paese\",\"isPartOf\":{\"@id\":\"https:\\\/\\\/lavocedelpaese.info\\\/#website\"},\"datePublished\":\"2023-04-05T17:21:20+00:00\",\"breadcrumb\":{\"@id\":\"https:\\\/\\\/lavocedelpaese.info\\\/index.php\\\/2023\\\/04\\\/05\\\/uneccellenza-acquavivese-alessandra-operamolla\\\/#breadcrumb\"},\"inLanguage\":\"it-IT\",\"potentialAction\":[{\"@type\":\"ReadAction\",\"target\":[\"https:\\\/\\\/lavocedelpaese.info\\\/index.php\\\/2023\\\/04\\\/05\\\/uneccellenza-acquavivese-alessandra-operamolla\\\/\"]}]},{\"@type\":\"BreadcrumbList\",\"@id\":\"https:\\\/\\\/lavocedelpaese.info\\\/index.php\\\/2023\\\/04\\\/05\\\/uneccellenza-acquavivese-alessandra-operamolla\\\/#breadcrumb\",\"itemListElement\":[{\"@type\":\"ListItem\",\"position\":1,\"name\":\"Home\",\"item\":\"https:\\\/\\\/lavocedelpaese.info\\\/\"},{\"@type\":\"ListItem\",\"position\":2,\"name\":\"Un\u2019eccellenza acquavivese: Alessandra Operamolla\"}]},{\"@type\":\"WebSite\",\"@id\":\"https:\\\/\\\/lavocedelpaese.info\\\/#website\",\"url\":\"https:\\\/\\\/lavocedelpaese.info\\\/\",\"name\":\"La Voce del Paese\",\"description\":\"Un network di idee\",\"publisher\":{\"@id\":\"https:\\\/\\\/lavocedelpaese.info\\\/#organization\"},\"potentialAction\":[{\"@type\":\"SearchAction\",\"target\":{\"@type\":\"EntryPoint\",\"urlTemplate\":\"https:\\\/\\\/lavocedelpaese.info\\\/?s={search_term_string}\"},\"query-input\":{\"@type\":\"PropertyValueSpecification\",\"valueRequired\":true,\"valueName\":\"search_term_string\"}}],\"inLanguage\":\"it-IT\"},{\"@type\":\"Organization\",\"@id\":\"https:\\\/\\\/lavocedelpaese.info\\\/#organization\",\"name\":\"La Voce del Paese\",\"url\":\"https:\\\/\\\/lavocedelpaese.info\\\/\",\"logo\":{\"@type\":\"ImageObject\",\"inLanguage\":\"it-IT\",\"@id\":\"https:\\\/\\\/lavocedelpaese.info\\\/#\\\/schema\\\/logo\\\/image\\\/\",\"url\":\"https:\\\/\\\/lavocedelpaese.info\\\/wp-content\\\/uploads\\\/2023\\\/01\\\/cropped-logo-150-127.png\",\"contentUrl\":\"https:\\\/\\\/lavocedelpaese.info\\\/wp-content\\\/uploads\\\/2023\\\/01\\\/cropped-logo-150-127.png\",\"width\":137,\"height\":119,\"caption\":\"La Voce del Paese\"},\"image\":{\"@id\":\"https:\\\/\\\/lavocedelpaese.info\\\/#\\\/schema\\\/logo\\\/image\\\/\"},\"sameAs\":[\"https:\\\/\\\/www.facebook.com\\\/lavocedelpaese.info\"]}]}<\/script>\n<!-- \/ Yoast SEO plugin. -->","yoast_head_json":{"title":"Un\u2019eccellenza acquavivese: Alessandra Operamolla - La Voce del Paese","robots":{"index":"index","follow":"follow","max-snippet":"max-snippet:-1","max-image-preview":"max-image-preview:large","max-video-preview":"max-video-preview:-1"},"canonical":"https:\/\/lavocedelpaese.info\/index.php\/2023\/04\/05\/uneccellenza-acquavivese-alessandra-operamolla\/","og_locale":"it_IT","og_type":"article","og_title":"Un\u2019eccellenza acquavivese: Alessandra Operamolla - La Voce del Paese","og_description":"\u00a0 \u200b\u00a0 \u200bAcquaviva \u2013 La Voce del Paese\u00a0 Il giorno 4 aprile 2023, presso il Salone delle Feste di Acquaviva","og_url":"https:\/\/lavocedelpaese.info\/index.php\/2023\/04\/05\/uneccellenza-acquavivese-alessandra-operamolla\/","og_site_name":"La Voce del Paese","article_publisher":"https:\/\/www.facebook.com\/lavocedelpaese.info","article_published_time":"2023-04-05T17:21:20+00:00","twitter_card":"summary_large_image","twitter_misc":{"Tempo di lettura stimato":"3 minuti"},"schema":{"@context":"https:\/\/schema.org","@graph":[{"@type":"Article","@id":"https:\/\/lavocedelpaese.info\/index.php\/2023\/04\/05\/uneccellenza-acquavivese-alessandra-operamolla\/#article","isPartOf":{"@id":"https:\/\/lavocedelpaese.info\/index.php\/2023\/04\/05\/uneccellenza-acquavivese-alessandra-operamolla\/"},"author":{"name":"","@id":""},"headline":"Un\u2019eccellenza acquavivese: Alessandra Operamolla","datePublished":"2023-04-05T17:21:20+00:00","mainEntityOfPage":{"@id":"https:\/\/lavocedelpaese.info\/index.php\/2023\/04\/05\/uneccellenza-acquavivese-alessandra-operamolla\/"},"wordCount":651,"commentCount":0,"publisher":{"@id":"https:\/\/lavocedelpaese.info\/#organization"},"articleSection":["network"],"inLanguage":"it-IT","potentialAction":[{"@type":"CommentAction","name":"Comment","target":["https:\/\/lavocedelpaese.info\/index.php\/2023\/04\/05\/uneccellenza-acquavivese-alessandra-operamolla\/#respond"]}]},{"@type":"WebPage","@id":"https:\/\/lavocedelpaese.info\/index.php\/2023\/04\/05\/uneccellenza-acquavivese-alessandra-operamolla\/","url":"https:\/\/lavocedelpaese.info\/index.php\/2023\/04\/05\/uneccellenza-acquavivese-alessandra-operamolla\/","name":"Un\u2019eccellenza acquavivese: Alessandra Operamolla - La Voce del Paese","isPartOf":{"@id":"https:\/\/lavocedelpaese.info\/#website"},"datePublished":"2023-04-05T17:21:20+00:00","breadcrumb":{"@id":"https:\/\/lavocedelpaese.info\/index.php\/2023\/04\/05\/uneccellenza-acquavivese-alessandra-operamolla\/#breadcrumb"},"inLanguage":"it-IT","potentialAction":[{"@type":"ReadAction","target":["https:\/\/lavocedelpaese.info\/index.php\/2023\/04\/05\/uneccellenza-acquavivese-alessandra-operamolla\/"]}]},{"@type":"BreadcrumbList","@id":"https:\/\/lavocedelpaese.info\/index.php\/2023\/04\/05\/uneccellenza-acquavivese-alessandra-operamolla\/#breadcrumb","itemListElement":[{"@type":"ListItem","position":1,"name":"Home","item":"https:\/\/lavocedelpaese.info\/"},{"@type":"ListItem","position":2,"name":"Un\u2019eccellenza acquavivese: Alessandra Operamolla"}]},{"@type":"WebSite","@id":"https:\/\/lavocedelpaese.info\/#website","url":"https:\/\/lavocedelpaese.info\/","name":"La Voce del Paese","description":"Un network di idee","publisher":{"@id":"https:\/\/lavocedelpaese.info\/#organization"},"potentialAction":[{"@type":"SearchAction","target":{"@type":"EntryPoint","urlTemplate":"https:\/\/lavocedelpaese.info\/?s={search_term_string}"},"query-input":{"@type":"PropertyValueSpecification","valueRequired":true,"valueName":"search_term_string"}}],"inLanguage":"it-IT"},{"@type":"Organization","@id":"https:\/\/lavocedelpaese.info\/#organization","name":"La Voce del Paese","url":"https:\/\/lavocedelpaese.info\/","logo":{"@type":"ImageObject","inLanguage":"it-IT","@id":"https:\/\/lavocedelpaese.info\/#\/schema\/logo\/image\/","url":"https:\/\/lavocedelpaese.info\/wp-content\/uploads\/2023\/01\/cropped-logo-150-127.png","contentUrl":"https:\/\/lavocedelpaese.info\/wp-content\/uploads\/2023\/01\/cropped-logo-150-127.png","width":137,"height":119,"caption":"La Voce del Paese"},"image":{"@id":"https:\/\/lavocedelpaese.info\/#\/schema\/logo\/image\/"},"sameAs":["https:\/\/www.facebook.com\/lavocedelpaese.info"]}]}},"_links":{"self":[{"href":"https:\/\/lavocedelpaese.info\/index.php\/wp-json\/wp\/v2\/posts\/1355","targetHints":{"allow":["GET"]}}],"collection":[{"href":"https:\/\/lavocedelpaese.info\/index.php\/wp-json\/wp\/v2\/posts"}],"about":[{"href":"https:\/\/lavocedelpaese.info\/index.php\/wp-json\/wp\/v2\/types\/post"}],"replies":[{"embeddable":true,"href":"https:\/\/lavocedelpaese.info\/index.php\/wp-json\/wp\/v2\/comments?post=1355"}],"version-history":[{"count":0,"href":"https:\/\/lavocedelpaese.info\/index.php\/wp-json\/wp\/v2\/posts\/1355\/revisions"}],"wp:attachment":[{"href":"https:\/\/lavocedelpaese.info\/index.php\/wp-json\/wp\/v2\/media?parent=1355"}],"wp:term":[{"taxonomy":"category","embeddable":true,"href":"https:\/\/lavocedelpaese.info\/index.php\/wp-json\/wp\/v2\/categories?post=1355"},{"taxonomy":"post_tag","embeddable":true,"href":"https:\/\/lavocedelpaese.info\/index.php\/wp-json\/wp\/v2\/tags?post=1355"}],"curies":[{"name":"wp","href":"https:\/\/api.w.org\/{rel}","templated":true}]}}