{"id":1351,"date":"2023-04-05T06:28:00","date_gmt":"2023-04-05T06:28:00","guid":{"rendered":"https:\/\/lavocedelpaese.info\/index.php\/2023\/04\/05\/invecchiamento-attivo-nasce-lintergruppo-parlamentare\/"},"modified":"2023-04-05T06:28:00","modified_gmt":"2023-04-05T06:28:00","slug":"invecchiamento-attivo-nasce-lintergruppo-parlamentare","status":"publish","type":"post","link":"https:\/\/lavocedelpaese.info\/index.php\/2023\/04\/05\/invecchiamento-attivo-nasce-lintergruppo-parlamentare\/","title":{"rendered":"Invecchiamento Attivo: nasce l\u2019Intergruppo Parlamentare"},"content":{"rendered":"<p>\u00a0<\/p>\n<p>\u200b\u00a0<\/p>\n<p>\u200bCassano \u2013 La Voce del Paese\u00a0<\/p>\n<p>Annunciata la nascita dell\u2019<strong>Intergruppo Parlamentare per l\u2019Invecchiamento Attivo,\u00a0<\/strong>due i promotori dell\u2019iniziativa, il Senatore Ignazio Zullo e l\u2019Onorevole Paolo Ciani. La notizia \u00e8 stata data nel corso dell\u2019evento di presentazione, organizzato dal Sen. Zullo (FdI) in collaborazione con l\u2019On. Ciani (PD-IDP), tenutosi nei giorni scorsi presso il Senato della Repubblica nella Sala Caduti di Nassirya.\u00a0\u201cI Paesi che fanno parte dell\u2019Unione europea dovrebbero creare le condizioni per un tangibile e sano invecchiamento attivo dei suoi abitanti \u2013 afferma il\u00a0<strong>Sen. Ignazio Zullo, 10\u00aa Commissione Permanente \u201cAffari Sociali, Sanit\u00e0, Lavoro Pubblico e Privato, Previdenza Sociale\u201d<\/strong>, Senato della Repubblica \u2013 Fratelli d\u2019Italia \u2013 Per questo motivo anche noi che rappresentiamo l\u2019Italia dobbiamo impegnarci affinch\u00e9 vengano concretamente attuate politiche che vadano in questa direzione, puntando in particolar modo alle aree rilevanti per le persone anziane quali immunizzazione, alimentazione, attivit\u00e0 fisica, screening e corretto utilizzo dei farmaci\u201d.<\/p>\n<p>\u00a0\u201cL\u2019invecchiamento attivo implica l\u2019idea che la vecchiaia non debba essere vista come un momento di declino e isolamento, ma come una fase della vita in cui \u00e8 possibile continuare a mantenere un ruolo attivo nella societ\u00e0 prevenendo situazioni di isolamento e marginalizzazione e garantire una buona qualit\u00e0 della vita \u2013 sostiene l\u2019<strong>On. Paolo Ciani, Segretario 12\u00aa Commissione \u201cAffari Sociali\u201d, Camera dei Deputati<\/strong>\u00a0\u2013 Partito Democratico \u2013 Italia Democratica e Progressista \u2013 Tutto ci\u00f2 nel pi\u00f9 totale rispetto dalla persona e delle sue libere determinazioni, che \u00e8 necessario salvaguardare anche e soprattutto nei momenti in cui la persona si trova nei momenti di debolezza, quale \u00e8 certamente la vecchiaia. In questa prospettiva gli stessi fondamentali aspetti sanitari e assistenziali vanno considerati solo come una parte delle politiche verso la terza et\u00e0, evitando quindi di essere l\u2019unica dimensione in cui l\u2019anziano viene considerato\u201d. \u201cLa nascita dell\u2019Intergruppo arriva in un momento cruciale per i temi legati all\u2019invecchiamento attivo \u2013 sottolinea\u00a0<strong>Michele Conversano, Presidente Comitato Tecnico Scientifico HappyAgeing<\/strong>\u00a0\u2013 Alleanza Italiana per l\u2019Invecchiamento Attivo \u2013 Il DDL delega in Materia di Politiche in favore delle persone anziane, infatti, all\u2019art. 3 impegna il Governo, entro gennaio 2024, ad adottare uno o pi\u00f9 decreti legislativi per promuovere la dignit\u00e0 e l\u2019autonomia delle persone anziane, l\u2019invecchiamento attivo e la prevenzione della fragilit\u00e0 in questa fascia di popolazione, la cui salute e protezione passano anche attraverso la vaccinazione non solo contro l\u2019influenza stagionale, ma anche contro alcune altre patologie molto pericolose per le persone over 65. Il DDL in questione \u00e8 stato approvato in via definitiva marted\u00ec 21 marzo dalla Camera dei Deputati, nel testo identico a quello trasmesso dal Senato. Su questi aspetti e, dunque, sull\u2019adozione dei decreti legislativi da parte dei Ministeri competenti speriamo di vedere concentrati gli sforzi dell\u2019Intergruppo ai cui componenti auguriamo buon lavoro\u201d.\u00a0<\/p>\n<p><a class=\"a2a_button_facebook\" href=\"https:\/\/www.addtoany.com\/add_to\/facebook?linkurl=https%3A%2F%2Fcassano.lavocedelpaese.info%2Findex.php%2F2023%2F04%2F05%2Finvecchiamento-attivo-nasce-lintergruppo-parlamentare%2F&amp;linkname=Invecchiamento%20Attivo%3A%20nasce%20l%E2%80%99Intergruppo%20Parlamentare\" title=\"Facebook\" target=\"_blank\" rel=\"noopener\"><\/a><a class=\"a2a_button_twitter\" href=\"https:\/\/www.addtoany.com\/add_to\/twitter?linkurl=https%3A%2F%2Fcassano.lavocedelpaese.info%2Findex.php%2F2023%2F04%2F05%2Finvecchiamento-attivo-nasce-lintergruppo-parlamentare%2F&amp;linkname=Invecchiamento%20Attivo%3A%20nasce%20l%E2%80%99Intergruppo%20Parlamentare\" title=\"Twitter\" target=\"_blank\" rel=\"noopener\"><\/a><a class=\"a2a_button_whatsapp\" href=\"https:\/\/www.addtoany.com\/add_to\/whatsapp?linkurl=https%3A%2F%2Fcassano.lavocedelpaese.info%2Findex.php%2F2023%2F04%2F05%2Finvecchiamento-attivo-nasce-lintergruppo-parlamentare%2F&amp;linkname=Invecchiamento%20Attivo%3A%20nasce%20l%E2%80%99Intergruppo%20Parlamentare\" title=\"WhatsApp\" target=\"_blank\" rel=\"noopener\"><\/a><a class=\"a2a_button_telegram\" href=\"https:\/\/www.addtoany.com\/add_to\/telegram?linkurl=https%3A%2F%2Fcassano.lavocedelpaese.info%2Findex.php%2F2023%2F04%2F05%2Finvecchiamento-attivo-nasce-lintergruppo-parlamentare%2F&amp;linkname=Invecchiamento%20Attivo%3A%20nasce%20l%E2%80%99Intergruppo%20Parlamentare\" title=\"Telegram\" target=\"_blank\" rel=\"noopener\"><\/a><a class=\"a2a_button_email\" href=\"https:\/\/www.addtoany.com\/add_to\/email?linkurl=https%3A%2F%2Fcassano.lavocedelpaese.info%2Findex.php%2F2023%2F04%2F05%2Finvecchiamento-attivo-nasce-lintergruppo-parlamentare%2F&amp;linkname=Invecchiamento%20Attivo%3A%20nasce%20l%E2%80%99Intergruppo%20Parlamentare\" title=\"Email\" target=\"_blank\" rel=\"noopener\"><\/a><\/p>\n<p>\u00a0<\/p>","protected":false},"excerpt":{"rendered":"<p>\u00a0 \u200b\u00a0 \u200bCassano \u2013 La Voce del Paese\u00a0 Annunciata la nascita dell\u2019Intergruppo Parlamentare per l\u2019Invecchiamento Attivo,\u00a0due i promotori dell\u2019iniziativa, il<\/p>\n","protected":false},"author":0,"featured_media":0,"comment_status":"open","ping_status":"closed","sticky":false,"template":"","format":"standard","meta":{"colormag_page_container_layout":"default_layout","colormag_page_sidebar_layout":"default_layout","footnotes":""},"categories":[33],"tags":[],"class_list":["post-1351","post","type-post","status-publish","format-standard","hentry","category-network"],"yoast_head":"<!-- This site is optimized with the Yoast SEO plugin v27.5 - https:\/\/yoast.com\/product\/yoast-seo-wordpress\/ -->\n<title>Invecchiamento Attivo: nasce l\u2019Intergruppo Parlamentare - La Voce del Paese<\/title>\n<meta name=\"robots\" content=\"index, follow, max-snippet:-1, max-image-preview:large, max-video-preview:-1\" \/>\n<link rel=\"canonical\" href=\"https:\/\/lavocedelpaese.info\/index.php\/2023\/04\/05\/invecchiamento-attivo-nasce-lintergruppo-parlamentare\/\" \/>\n<meta property=\"og:locale\" content=\"it_IT\" \/>\n<meta property=\"og:type\" content=\"article\" \/>\n<meta property=\"og:title\" content=\"Invecchiamento Attivo: nasce l\u2019Intergruppo Parlamentare - La Voce del Paese\" \/>\n<meta property=\"og:description\" content=\"\u00a0 \u200b\u00a0 \u200bCassano \u2013 La Voce del Paese\u00a0 Annunciata la nascita dell\u2019Intergruppo Parlamentare per l\u2019Invecchiamento Attivo,\u00a0due i promotori dell\u2019iniziativa, il\" \/>\n<meta property=\"og:url\" content=\"https:\/\/lavocedelpaese.info\/index.php\/2023\/04\/05\/invecchiamento-attivo-nasce-lintergruppo-parlamentare\/\" \/>\n<meta property=\"og:site_name\" content=\"La Voce del Paese\" \/>\n<meta property=\"article:publisher\" content=\"https:\/\/www.facebook.com\/lavocedelpaese.info\" \/>\n<meta property=\"article:published_time\" content=\"2023-04-05T06:28:00+00:00\" \/>\n<meta name=\"twitter:card\" content=\"summary_large_image\" \/>\n<meta name=\"twitter:label1\" content=\"Tempo di lettura stimato\" \/>\n\t<meta name=\"twitter:data1\" content=\"2 minuti\" \/>\n<script type=\"application\/ld+json\" class=\"yoast-schema-graph\">{\"@context\":\"https:\\\/\\\/schema.org\",\"@graph\":[{\"@type\":\"Article\",\"@id\":\"https:\\\/\\\/lavocedelpaese.info\\\/index.php\\\/2023\\\/04\\\/05\\\/invecchiamento-attivo-nasce-lintergruppo-parlamentare\\\/#article\",\"isPartOf\":{\"@id\":\"https:\\\/\\\/lavocedelpaese.info\\\/index.php\\\/2023\\\/04\\\/05\\\/invecchiamento-attivo-nasce-lintergruppo-parlamentare\\\/\"},\"author\":{\"name\":\"\",\"@id\":\"\"},\"headline\":\"Invecchiamento Attivo: nasce l\u2019Intergruppo Parlamentare\",\"datePublished\":\"2023-04-05T06:28:00+00:00\",\"mainEntityOfPage\":{\"@id\":\"https:\\\/\\\/lavocedelpaese.info\\\/index.php\\\/2023\\\/04\\\/05\\\/invecchiamento-attivo-nasce-lintergruppo-parlamentare\\\/\"},\"wordCount\":456,\"commentCount\":0,\"publisher\":{\"@id\":\"https:\\\/\\\/lavocedelpaese.info\\\/#organization\"},\"articleSection\":[\"network\"],\"inLanguage\":\"it-IT\",\"potentialAction\":[{\"@type\":\"CommentAction\",\"name\":\"Comment\",\"target\":[\"https:\\\/\\\/lavocedelpaese.info\\\/index.php\\\/2023\\\/04\\\/05\\\/invecchiamento-attivo-nasce-lintergruppo-parlamentare\\\/#respond\"]}]},{\"@type\":\"WebPage\",\"@id\":\"https:\\\/\\\/lavocedelpaese.info\\\/index.php\\\/2023\\\/04\\\/05\\\/invecchiamento-attivo-nasce-lintergruppo-parlamentare\\\/\",\"url\":\"https:\\\/\\\/lavocedelpaese.info\\\/index.php\\\/2023\\\/04\\\/05\\\/invecchiamento-attivo-nasce-lintergruppo-parlamentare\\\/\",\"name\":\"Invecchiamento Attivo: nasce l\u2019Intergruppo Parlamentare - La Voce del Paese\",\"isPartOf\":{\"@id\":\"https:\\\/\\\/lavocedelpaese.info\\\/#website\"},\"datePublished\":\"2023-04-05T06:28:00+00:00\",\"breadcrumb\":{\"@id\":\"https:\\\/\\\/lavocedelpaese.info\\\/index.php\\\/2023\\\/04\\\/05\\\/invecchiamento-attivo-nasce-lintergruppo-parlamentare\\\/#breadcrumb\"},\"inLanguage\":\"it-IT\",\"potentialAction\":[{\"@type\":\"ReadAction\",\"target\":[\"https:\\\/\\\/lavocedelpaese.info\\\/index.php\\\/2023\\\/04\\\/05\\\/invecchiamento-attivo-nasce-lintergruppo-parlamentare\\\/\"]}]},{\"@type\":\"BreadcrumbList\",\"@id\":\"https:\\\/\\\/lavocedelpaese.info\\\/index.php\\\/2023\\\/04\\\/05\\\/invecchiamento-attivo-nasce-lintergruppo-parlamentare\\\/#breadcrumb\",\"itemListElement\":[{\"@type\":\"ListItem\",\"position\":1,\"name\":\"Home\",\"item\":\"https:\\\/\\\/lavocedelpaese.info\\\/\"},{\"@type\":\"ListItem\",\"position\":2,\"name\":\"Invecchiamento Attivo: nasce l\u2019Intergruppo Parlamentare\"}]},{\"@type\":\"WebSite\",\"@id\":\"https:\\\/\\\/lavocedelpaese.info\\\/#website\",\"url\":\"https:\\\/\\\/lavocedelpaese.info\\\/\",\"name\":\"La Voce del Paese\",\"description\":\"Un network di idee\",\"publisher\":{\"@id\":\"https:\\\/\\\/lavocedelpaese.info\\\/#organization\"},\"potentialAction\":[{\"@type\":\"SearchAction\",\"target\":{\"@type\":\"EntryPoint\",\"urlTemplate\":\"https:\\\/\\\/lavocedelpaese.info\\\/?s={search_term_string}\"},\"query-input\":{\"@type\":\"PropertyValueSpecification\",\"valueRequired\":true,\"valueName\":\"search_term_string\"}}],\"inLanguage\":\"it-IT\"},{\"@type\":\"Organization\",\"@id\":\"https:\\\/\\\/lavocedelpaese.info\\\/#organization\",\"name\":\"La Voce del Paese\",\"url\":\"https:\\\/\\\/lavocedelpaese.info\\\/\",\"logo\":{\"@type\":\"ImageObject\",\"inLanguage\":\"it-IT\",\"@id\":\"https:\\\/\\\/lavocedelpaese.info\\\/#\\\/schema\\\/logo\\\/image\\\/\",\"url\":\"https:\\\/\\\/lavocedelpaese.info\\\/wp-content\\\/uploads\\\/2023\\\/01\\\/cropped-logo-150-127.png\",\"contentUrl\":\"https:\\\/\\\/lavocedelpaese.info\\\/wp-content\\\/uploads\\\/2023\\\/01\\\/cropped-logo-150-127.png\",\"width\":137,\"height\":119,\"caption\":\"La Voce del Paese\"},\"image\":{\"@id\":\"https:\\\/\\\/lavocedelpaese.info\\\/#\\\/schema\\\/logo\\\/image\\\/\"},\"sameAs\":[\"https:\\\/\\\/www.facebook.com\\\/lavocedelpaese.info\"]}]}<\/script>\n<!-- \/ Yoast SEO plugin. -->","yoast_head_json":{"title":"Invecchiamento Attivo: nasce l\u2019Intergruppo Parlamentare - La Voce del Paese","robots":{"index":"index","follow":"follow","max-snippet":"max-snippet:-1","max-image-preview":"max-image-preview:large","max-video-preview":"max-video-preview:-1"},"canonical":"https:\/\/lavocedelpaese.info\/index.php\/2023\/04\/05\/invecchiamento-attivo-nasce-lintergruppo-parlamentare\/","og_locale":"it_IT","og_type":"article","og_title":"Invecchiamento Attivo: nasce l\u2019Intergruppo Parlamentare - La Voce del Paese","og_description":"\u00a0 \u200b\u00a0 \u200bCassano \u2013 La Voce del Paese\u00a0 Annunciata la nascita dell\u2019Intergruppo Parlamentare per l\u2019Invecchiamento Attivo,\u00a0due i promotori dell\u2019iniziativa, il","og_url":"https:\/\/lavocedelpaese.info\/index.php\/2023\/04\/05\/invecchiamento-attivo-nasce-lintergruppo-parlamentare\/","og_site_name":"La Voce del Paese","article_publisher":"https:\/\/www.facebook.com\/lavocedelpaese.info","article_published_time":"2023-04-05T06:28:00+00:00","twitter_card":"summary_large_image","twitter_misc":{"Tempo di lettura stimato":"2 minuti"},"schema":{"@context":"https:\/\/schema.org","@graph":[{"@type":"Article","@id":"https:\/\/lavocedelpaese.info\/index.php\/2023\/04\/05\/invecchiamento-attivo-nasce-lintergruppo-parlamentare\/#article","isPartOf":{"@id":"https:\/\/lavocedelpaese.info\/index.php\/2023\/04\/05\/invecchiamento-attivo-nasce-lintergruppo-parlamentare\/"},"author":{"name":"","@id":""},"headline":"Invecchiamento Attivo: nasce l\u2019Intergruppo Parlamentare","datePublished":"2023-04-05T06:28:00+00:00","mainEntityOfPage":{"@id":"https:\/\/lavocedelpaese.info\/index.php\/2023\/04\/05\/invecchiamento-attivo-nasce-lintergruppo-parlamentare\/"},"wordCount":456,"commentCount":0,"publisher":{"@id":"https:\/\/lavocedelpaese.info\/#organization"},"articleSection":["network"],"inLanguage":"it-IT","potentialAction":[{"@type":"CommentAction","name":"Comment","target":["https:\/\/lavocedelpaese.info\/index.php\/2023\/04\/05\/invecchiamento-attivo-nasce-lintergruppo-parlamentare\/#respond"]}]},{"@type":"WebPage","@id":"https:\/\/lavocedelpaese.info\/index.php\/2023\/04\/05\/invecchiamento-attivo-nasce-lintergruppo-parlamentare\/","url":"https:\/\/lavocedelpaese.info\/index.php\/2023\/04\/05\/invecchiamento-attivo-nasce-lintergruppo-parlamentare\/","name":"Invecchiamento Attivo: nasce l\u2019Intergruppo Parlamentare - La Voce del Paese","isPartOf":{"@id":"https:\/\/lavocedelpaese.info\/#website"},"datePublished":"2023-04-05T06:28:00+00:00","breadcrumb":{"@id":"https:\/\/lavocedelpaese.info\/index.php\/2023\/04\/05\/invecchiamento-attivo-nasce-lintergruppo-parlamentare\/#breadcrumb"},"inLanguage":"it-IT","potentialAction":[{"@type":"ReadAction","target":["https:\/\/lavocedelpaese.info\/index.php\/2023\/04\/05\/invecchiamento-attivo-nasce-lintergruppo-parlamentare\/"]}]},{"@type":"BreadcrumbList","@id":"https:\/\/lavocedelpaese.info\/index.php\/2023\/04\/05\/invecchiamento-attivo-nasce-lintergruppo-parlamentare\/#breadcrumb","itemListElement":[{"@type":"ListItem","position":1,"name":"Home","item":"https:\/\/lavocedelpaese.info\/"},{"@type":"ListItem","position":2,"name":"Invecchiamento Attivo: nasce l\u2019Intergruppo Parlamentare"}]},{"@type":"WebSite","@id":"https:\/\/lavocedelpaese.info\/#website","url":"https:\/\/lavocedelpaese.info\/","name":"La Voce del Paese","description":"Un network di idee","publisher":{"@id":"https:\/\/lavocedelpaese.info\/#organization"},"potentialAction":[{"@type":"SearchAction","target":{"@type":"EntryPoint","urlTemplate":"https:\/\/lavocedelpaese.info\/?s={search_term_string}"},"query-input":{"@type":"PropertyValueSpecification","valueRequired":true,"valueName":"search_term_string"}}],"inLanguage":"it-IT"},{"@type":"Organization","@id":"https:\/\/lavocedelpaese.info\/#organization","name":"La Voce del Paese","url":"https:\/\/lavocedelpaese.info\/","logo":{"@type":"ImageObject","inLanguage":"it-IT","@id":"https:\/\/lavocedelpaese.info\/#\/schema\/logo\/image\/","url":"https:\/\/lavocedelpaese.info\/wp-content\/uploads\/2023\/01\/cropped-logo-150-127.png","contentUrl":"https:\/\/lavocedelpaese.info\/wp-content\/uploads\/2023\/01\/cropped-logo-150-127.png","width":137,"height":119,"caption":"La Voce del Paese"},"image":{"@id":"https:\/\/lavocedelpaese.info\/#\/schema\/logo\/image\/"},"sameAs":["https:\/\/www.facebook.com\/lavocedelpaese.info"]}]}},"_links":{"self":[{"href":"https:\/\/lavocedelpaese.info\/index.php\/wp-json\/wp\/v2\/posts\/1351","targetHints":{"allow":["GET"]}}],"collection":[{"href":"https:\/\/lavocedelpaese.info\/index.php\/wp-json\/wp\/v2\/posts"}],"about":[{"href":"https:\/\/lavocedelpaese.info\/index.php\/wp-json\/wp\/v2\/types\/post"}],"replies":[{"embeddable":true,"href":"https:\/\/lavocedelpaese.info\/index.php\/wp-json\/wp\/v2\/comments?post=1351"}],"version-history":[{"count":0,"href":"https:\/\/lavocedelpaese.info\/index.php\/wp-json\/wp\/v2\/posts\/1351\/revisions"}],"wp:attachment":[{"href":"https:\/\/lavocedelpaese.info\/index.php\/wp-json\/wp\/v2\/media?parent=1351"}],"wp:term":[{"taxonomy":"category","embeddable":true,"href":"https:\/\/lavocedelpaese.info\/index.php\/wp-json\/wp\/v2\/categories?post=1351"},{"taxonomy":"post_tag","embeddable":true,"href":"https:\/\/lavocedelpaese.info\/index.php\/wp-json\/wp\/v2\/tags?post=1351"}],"curies":[{"name":"wp","href":"https:\/\/api.w.org\/{rel}","templated":true}]}}