{"id":1339,"date":"2023-04-03T15:30:10","date_gmt":"2023-04-03T15:30:10","guid":{"rendered":"https:\/\/lavocedelpaese.info\/index.php\/2023\/04\/03\/vinitaly-al-senatore-coppi-il-premio-alla-carriera-angelo-betti\/"},"modified":"2023-04-03T15:30:10","modified_gmt":"2023-04-03T15:30:10","slug":"vinitaly-al-senatore-coppi-il-premio-alla-carriera-angelo-betti","status":"publish","type":"post","link":"https:\/\/lavocedelpaese.info\/index.php\/2023\/04\/03\/vinitaly-al-senatore-coppi-il-premio-alla-carriera-angelo-betti\/","title":{"rendered":"Vinitaly, al senatore Coppi il premio alla carriera \u201cAngelo Betti\u201d"},"content":{"rendered":"<p>\u00a0<\/p>\n<p>\u200b\u00a0<\/p>\n<p>\u200bTuri \u2013 La Voce del Paese\u00a0<\/p>\n<p class=\"has-text-align-center\"><strong><em>Il riconoscimento pi\u00f9 prestigioso ad una vita dedicata alla Puglia e al suo vino<\/em><\/strong><\/p>\n<p>Vinitaly, \u00e8 Antonio Michele Coppi il benemerito della viticoltura italiana 2023. L\u2019ambito premio, dal 1973, con gli Assessorati all\u2019Agricoltura di tutte le Regioni italiane premia gli imprenditori e le aziende che si sono distante per la promozione e la valorizzazione della cultura vitivinicola del loro territorio.<\/p>\n<p>Questo riconoscimento \u00e8 il completamento di una dedizione infinita al vino. Turi ed il Primitivo di Gioia del Colle, insieme alla famiglia Coppi, rappresentano oggi un percorso di crescita personale e collettiva che cos\u00ec viene riassunta nella motivazione del Premio Angelo Betti 2023.<\/p>\n<p>\u201cPer aver dedicato tutta la sua vita, il suo percorso professionale, accademico, imprenditoriale, scientifico e politico alla crescita e sviluppo della vitivinicoltura regionale e nazionale. Antonio Michele Coppi rappresenta la storica generazione di vignaioli e produttori pugliesi che, con lungimiranza e tenacia, sapendo fondere innovazione e tradizione, ha contribuito a difendere, migliorare, valorizzare negli anni il nostro ricco patrimonio enoico. \u2013 si legge nella motivazione del premio alla carriera del Vinitaly.<\/p>\n<p>\u201cFondatore della Casa Vinicola Coppi di Turi in provincia di Bari, \u00e8 un enologo esperto e profondo conoscitore della vitivinicoltura pugliese e delle straordinarie potenzialit\u00e0 produttive e qualitative delle variet\u00e0 di uve autoctone regionali, in particolare della suggestiva Murgia barese dei trulli.<\/p>\n<p>A questo straordinario settore ha rivolto negli anni tutto l\u2019impegno e la dedizione, mettendo le sue conoscenze e le competenze acquisite anche al servizio della ricerca scientifica e dell\u2019innovazione tecnologica in ambito agricolo, prima come collaboratore tecnico scientifico in progetti universitari di cooperazione internazionale, poi, anche in seno al Consiglio per la Ricerca e la sperimentazione in Agricoltura (CRA), di cui \u00e8 stato altres\u00ec sub-Commissario su nomina ministeriale \u2013 prosegue la motivazione del riconoscimento, narrando la carriera e la vita di Antonio Michele Coppi.<\/p>\n<p>\u201cAnche grazie alla sua intensa attivit\u00e0 politica ha dato un rilevante contribuito al sostegno e allo sviluppo dell\u2019agroalimentare locale, regionale e nazionale: dopo l\u2019elezione a senatore della Repubblica nel 1992 \u00e8 stato anche componente della Commissione Parlamentare Agricoltura e produzione agroalimentare. Il riconoscimento ad Antonio Michele Coppi \u00e8 un\u2019ulteriore attestazione del suo straordinario impegno a far crescere e promuovere la cultura del vino pugliese con professionalit\u00e0, esperienza, acume, seriet\u00e0 e grande umanit\u00e0\u201d.<\/p>\n<p>A tutto ci\u00f2 si pu\u00f2 solo aggiungere che la cantina dei Vini Coppi, dove il giovanissimo Antonio Michele Coppi inizi\u00f2 la sua carriera fino a riuscire ad acquistarla, oggi rappresenta una delle pi\u00f9 moderne aziende di produzione, aperta al turismo del vino, protesa ai mercati internazionali di tutto il mondo. Probabilmente il vero capolavoro di Antonio Michele Coppi, oltre alla collezione di centinaia di riconoscimenti per i suoi vini, \u00e8 quello di aver saputo far innamorare del vino sua moglie Eleonora ed i tre figli Lisia, Miriam e Doni Coppi, tutti attivamente coinvolti nel futuro dell\u2019azienda.<\/p>\n<p>Alla consegna della Medaglia di Cangrande sono intervenuti, fra agli altri, l\u2019assessore alla Risorse Agroalimentari della Regione Puglia Donato Pentassuglia e l\u2019esperto giornalista e gastronomo Paolo Massobrio.<\/p>\n<div class=\"wp-block-embed__wrapper\">\n<\/div>\n<p><a class=\"a2a_button_facebook\" href=\"https:\/\/www.addtoany.com\/add_to\/facebook?linkurl=https%3A%2F%2Fturi.lavocedelpaese.info%2Fvinitaly-al-senatore-coppi-il-premio-alla-carriera-angelo-betti%2F&amp;linkname=Vinitaly%2C%20al%20senatore%20Coppi%20il%20premio%20alla%20carriera%20%E2%80%9CAngelo%20Betti%E2%80%9D\" title=\"Facebook\" target=\"_blank\" rel=\"noopener\"><\/a><a class=\"a2a_button_twitter\" href=\"https:\/\/www.addtoany.com\/add_to\/twitter?linkurl=https%3A%2F%2Fturi.lavocedelpaese.info%2Fvinitaly-al-senatore-coppi-il-premio-alla-carriera-angelo-betti%2F&amp;linkname=Vinitaly%2C%20al%20senatore%20Coppi%20il%20premio%20alla%20carriera%20%E2%80%9CAngelo%20Betti%E2%80%9D\" title=\"Twitter\" target=\"_blank\" rel=\"noopener\"><\/a><a class=\"a2a_button_whatsapp\" href=\"https:\/\/www.addtoany.com\/add_to\/whatsapp?linkurl=https%3A%2F%2Fturi.lavocedelpaese.info%2Fvinitaly-al-senatore-coppi-il-premio-alla-carriera-angelo-betti%2F&amp;linkname=Vinitaly%2C%20al%20senatore%20Coppi%20il%20premio%20alla%20carriera%20%E2%80%9CAngelo%20Betti%E2%80%9D\" title=\"WhatsApp\" target=\"_blank\" rel=\"noopener\"><\/a><a class=\"a2a_button_telegram\" href=\"https:\/\/www.addtoany.com\/add_to\/telegram?linkurl=https%3A%2F%2Fturi.lavocedelpaese.info%2Fvinitaly-al-senatore-coppi-il-premio-alla-carriera-angelo-betti%2F&amp;linkname=Vinitaly%2C%20al%20senatore%20Coppi%20il%20premio%20alla%20carriera%20%E2%80%9CAngelo%20Betti%E2%80%9D\" title=\"Telegram\" target=\"_blank\" rel=\"noopener\"><\/a><a class=\"a2a_button_email\" href=\"https:\/\/www.addtoany.com\/add_to\/email?linkurl=https%3A%2F%2Fturi.lavocedelpaese.info%2Fvinitaly-al-senatore-coppi-il-premio-alla-carriera-angelo-betti%2F&amp;linkname=Vinitaly%2C%20al%20senatore%20Coppi%20il%20premio%20alla%20carriera%20%E2%80%9CAngelo%20Betti%E2%80%9D\" title=\"Email\" target=\"_blank\" rel=\"noopener\"><\/a><\/p>\n<p>\u00a0<\/p>","protected":false},"excerpt":{"rendered":"<p>\u00a0 \u200b\u00a0 \u200bTuri \u2013 La Voce del Paese\u00a0 Il riconoscimento pi\u00f9 prestigioso ad una vita dedicata alla Puglia e al<\/p>\n","protected":false},"author":0,"featured_media":0,"comment_status":"open","ping_status":"closed","sticky":false,"template":"","format":"standard","meta":{"colormag_page_container_layout":"default_layout","colormag_page_sidebar_layout":"default_layout","footnotes":""},"categories":[33],"tags":[],"class_list":["post-1339","post","type-post","status-publish","format-standard","hentry","category-network"],"yoast_head":"<!-- This site is optimized with the Yoast SEO plugin v27.5 - https:\/\/yoast.com\/product\/yoast-seo-wordpress\/ -->\n<title>Vinitaly, al senatore Coppi il premio alla carriera \u201cAngelo Betti\u201d - La Voce del Paese<\/title>\n<meta name=\"robots\" content=\"index, follow, max-snippet:-1, max-image-preview:large, max-video-preview:-1\" \/>\n<link rel=\"canonical\" href=\"https:\/\/lavocedelpaese.info\/index.php\/2023\/04\/03\/vinitaly-al-senatore-coppi-il-premio-alla-carriera-angelo-betti\/\" \/>\n<meta property=\"og:locale\" content=\"it_IT\" \/>\n<meta property=\"og:type\" content=\"article\" \/>\n<meta property=\"og:title\" content=\"Vinitaly, al senatore Coppi il premio alla carriera \u201cAngelo Betti\u201d - La Voce del Paese\" \/>\n<meta property=\"og:description\" content=\"\u00a0 \u200b\u00a0 \u200bTuri \u2013 La Voce del Paese\u00a0 Il riconoscimento pi\u00f9 prestigioso ad una vita dedicata alla Puglia e al\" \/>\n<meta property=\"og:url\" content=\"https:\/\/lavocedelpaese.info\/index.php\/2023\/04\/03\/vinitaly-al-senatore-coppi-il-premio-alla-carriera-angelo-betti\/\" \/>\n<meta property=\"og:site_name\" content=\"La Voce del Paese\" \/>\n<meta property=\"article:publisher\" content=\"https:\/\/www.facebook.com\/lavocedelpaese.info\" \/>\n<meta property=\"article:published_time\" content=\"2023-04-03T15:30:10+00:00\" \/>\n<meta name=\"twitter:card\" content=\"summary_large_image\" \/>\n<meta name=\"twitter:label1\" content=\"Tempo di lettura stimato\" \/>\n\t<meta name=\"twitter:data1\" content=\"2 minuti\" \/>\n<script type=\"application\/ld+json\" class=\"yoast-schema-graph\">{\"@context\":\"https:\\\/\\\/schema.org\",\"@graph\":[{\"@type\":\"Article\",\"@id\":\"https:\\\/\\\/lavocedelpaese.info\\\/index.php\\\/2023\\\/04\\\/03\\\/vinitaly-al-senatore-coppi-il-premio-alla-carriera-angelo-betti\\\/#article\",\"isPartOf\":{\"@id\":\"https:\\\/\\\/lavocedelpaese.info\\\/index.php\\\/2023\\\/04\\\/03\\\/vinitaly-al-senatore-coppi-il-premio-alla-carriera-angelo-betti\\\/\"},\"author\":{\"name\":\"\",\"@id\":\"\"},\"headline\":\"Vinitaly, al senatore Coppi il premio alla carriera \u201cAngelo Betti\u201d\",\"datePublished\":\"2023-04-03T15:30:10+00:00\",\"mainEntityOfPage\":{\"@id\":\"https:\\\/\\\/lavocedelpaese.info\\\/index.php\\\/2023\\\/04\\\/03\\\/vinitaly-al-senatore-coppi-il-premio-alla-carriera-angelo-betti\\\/\"},\"wordCount\":507,\"commentCount\":0,\"publisher\":{\"@id\":\"https:\\\/\\\/lavocedelpaese.info\\\/#organization\"},\"articleSection\":[\"network\"],\"inLanguage\":\"it-IT\",\"potentialAction\":[{\"@type\":\"CommentAction\",\"name\":\"Comment\",\"target\":[\"https:\\\/\\\/lavocedelpaese.info\\\/index.php\\\/2023\\\/04\\\/03\\\/vinitaly-al-senatore-coppi-il-premio-alla-carriera-angelo-betti\\\/#respond\"]}]},{\"@type\":\"WebPage\",\"@id\":\"https:\\\/\\\/lavocedelpaese.info\\\/index.php\\\/2023\\\/04\\\/03\\\/vinitaly-al-senatore-coppi-il-premio-alla-carriera-angelo-betti\\\/\",\"url\":\"https:\\\/\\\/lavocedelpaese.info\\\/index.php\\\/2023\\\/04\\\/03\\\/vinitaly-al-senatore-coppi-il-premio-alla-carriera-angelo-betti\\\/\",\"name\":\"Vinitaly, al senatore Coppi il premio alla carriera \u201cAngelo Betti\u201d - La Voce del Paese\",\"isPartOf\":{\"@id\":\"https:\\\/\\\/lavocedelpaese.info\\\/#website\"},\"datePublished\":\"2023-04-03T15:30:10+00:00\",\"breadcrumb\":{\"@id\":\"https:\\\/\\\/lavocedelpaese.info\\\/index.php\\\/2023\\\/04\\\/03\\\/vinitaly-al-senatore-coppi-il-premio-alla-carriera-angelo-betti\\\/#breadcrumb\"},\"inLanguage\":\"it-IT\",\"potentialAction\":[{\"@type\":\"ReadAction\",\"target\":[\"https:\\\/\\\/lavocedelpaese.info\\\/index.php\\\/2023\\\/04\\\/03\\\/vinitaly-al-senatore-coppi-il-premio-alla-carriera-angelo-betti\\\/\"]}]},{\"@type\":\"BreadcrumbList\",\"@id\":\"https:\\\/\\\/lavocedelpaese.info\\\/index.php\\\/2023\\\/04\\\/03\\\/vinitaly-al-senatore-coppi-il-premio-alla-carriera-angelo-betti\\\/#breadcrumb\",\"itemListElement\":[{\"@type\":\"ListItem\",\"position\":1,\"name\":\"Home\",\"item\":\"https:\\\/\\\/lavocedelpaese.info\\\/\"},{\"@type\":\"ListItem\",\"position\":2,\"name\":\"Vinitaly, al senatore Coppi il premio alla carriera \u201cAngelo Betti\u201d\"}]},{\"@type\":\"WebSite\",\"@id\":\"https:\\\/\\\/lavocedelpaese.info\\\/#website\",\"url\":\"https:\\\/\\\/lavocedelpaese.info\\\/\",\"name\":\"La Voce del Paese\",\"description\":\"Un network di idee\",\"publisher\":{\"@id\":\"https:\\\/\\\/lavocedelpaese.info\\\/#organization\"},\"potentialAction\":[{\"@type\":\"SearchAction\",\"target\":{\"@type\":\"EntryPoint\",\"urlTemplate\":\"https:\\\/\\\/lavocedelpaese.info\\\/?s={search_term_string}\"},\"query-input\":{\"@type\":\"PropertyValueSpecification\",\"valueRequired\":true,\"valueName\":\"search_term_string\"}}],\"inLanguage\":\"it-IT\"},{\"@type\":\"Organization\",\"@id\":\"https:\\\/\\\/lavocedelpaese.info\\\/#organization\",\"name\":\"La Voce del Paese\",\"url\":\"https:\\\/\\\/lavocedelpaese.info\\\/\",\"logo\":{\"@type\":\"ImageObject\",\"inLanguage\":\"it-IT\",\"@id\":\"https:\\\/\\\/lavocedelpaese.info\\\/#\\\/schema\\\/logo\\\/image\\\/\",\"url\":\"https:\\\/\\\/lavocedelpaese.info\\\/wp-content\\\/uploads\\\/2023\\\/01\\\/cropped-logo-150-127.png\",\"contentUrl\":\"https:\\\/\\\/lavocedelpaese.info\\\/wp-content\\\/uploads\\\/2023\\\/01\\\/cropped-logo-150-127.png\",\"width\":137,\"height\":119,\"caption\":\"La Voce del Paese\"},\"image\":{\"@id\":\"https:\\\/\\\/lavocedelpaese.info\\\/#\\\/schema\\\/logo\\\/image\\\/\"},\"sameAs\":[\"https:\\\/\\\/www.facebook.com\\\/lavocedelpaese.info\"]}]}<\/script>\n<!-- \/ Yoast SEO plugin. -->","yoast_head_json":{"title":"Vinitaly, al senatore Coppi il premio alla carriera \u201cAngelo Betti\u201d - La Voce del Paese","robots":{"index":"index","follow":"follow","max-snippet":"max-snippet:-1","max-image-preview":"max-image-preview:large","max-video-preview":"max-video-preview:-1"},"canonical":"https:\/\/lavocedelpaese.info\/index.php\/2023\/04\/03\/vinitaly-al-senatore-coppi-il-premio-alla-carriera-angelo-betti\/","og_locale":"it_IT","og_type":"article","og_title":"Vinitaly, al senatore Coppi il premio alla carriera \u201cAngelo Betti\u201d - La Voce del Paese","og_description":"\u00a0 \u200b\u00a0 \u200bTuri \u2013 La Voce del Paese\u00a0 Il riconoscimento pi\u00f9 prestigioso ad una vita dedicata alla Puglia e al","og_url":"https:\/\/lavocedelpaese.info\/index.php\/2023\/04\/03\/vinitaly-al-senatore-coppi-il-premio-alla-carriera-angelo-betti\/","og_site_name":"La Voce del Paese","article_publisher":"https:\/\/www.facebook.com\/lavocedelpaese.info","article_published_time":"2023-04-03T15:30:10+00:00","twitter_card":"summary_large_image","twitter_misc":{"Tempo di lettura stimato":"2 minuti"},"schema":{"@context":"https:\/\/schema.org","@graph":[{"@type":"Article","@id":"https:\/\/lavocedelpaese.info\/index.php\/2023\/04\/03\/vinitaly-al-senatore-coppi-il-premio-alla-carriera-angelo-betti\/#article","isPartOf":{"@id":"https:\/\/lavocedelpaese.info\/index.php\/2023\/04\/03\/vinitaly-al-senatore-coppi-il-premio-alla-carriera-angelo-betti\/"},"author":{"name":"","@id":""},"headline":"Vinitaly, al senatore Coppi il premio alla carriera \u201cAngelo Betti\u201d","datePublished":"2023-04-03T15:30:10+00:00","mainEntityOfPage":{"@id":"https:\/\/lavocedelpaese.info\/index.php\/2023\/04\/03\/vinitaly-al-senatore-coppi-il-premio-alla-carriera-angelo-betti\/"},"wordCount":507,"commentCount":0,"publisher":{"@id":"https:\/\/lavocedelpaese.info\/#organization"},"articleSection":["network"],"inLanguage":"it-IT","potentialAction":[{"@type":"CommentAction","name":"Comment","target":["https:\/\/lavocedelpaese.info\/index.php\/2023\/04\/03\/vinitaly-al-senatore-coppi-il-premio-alla-carriera-angelo-betti\/#respond"]}]},{"@type":"WebPage","@id":"https:\/\/lavocedelpaese.info\/index.php\/2023\/04\/03\/vinitaly-al-senatore-coppi-il-premio-alla-carriera-angelo-betti\/","url":"https:\/\/lavocedelpaese.info\/index.php\/2023\/04\/03\/vinitaly-al-senatore-coppi-il-premio-alla-carriera-angelo-betti\/","name":"Vinitaly, al senatore Coppi il premio alla carriera \u201cAngelo Betti\u201d - La Voce del Paese","isPartOf":{"@id":"https:\/\/lavocedelpaese.info\/#website"},"datePublished":"2023-04-03T15:30:10+00:00","breadcrumb":{"@id":"https:\/\/lavocedelpaese.info\/index.php\/2023\/04\/03\/vinitaly-al-senatore-coppi-il-premio-alla-carriera-angelo-betti\/#breadcrumb"},"inLanguage":"it-IT","potentialAction":[{"@type":"ReadAction","target":["https:\/\/lavocedelpaese.info\/index.php\/2023\/04\/03\/vinitaly-al-senatore-coppi-il-premio-alla-carriera-angelo-betti\/"]}]},{"@type":"BreadcrumbList","@id":"https:\/\/lavocedelpaese.info\/index.php\/2023\/04\/03\/vinitaly-al-senatore-coppi-il-premio-alla-carriera-angelo-betti\/#breadcrumb","itemListElement":[{"@type":"ListItem","position":1,"name":"Home","item":"https:\/\/lavocedelpaese.info\/"},{"@type":"ListItem","position":2,"name":"Vinitaly, al senatore Coppi il premio alla carriera \u201cAngelo Betti\u201d"}]},{"@type":"WebSite","@id":"https:\/\/lavocedelpaese.info\/#website","url":"https:\/\/lavocedelpaese.info\/","name":"La Voce del Paese","description":"Un network di idee","publisher":{"@id":"https:\/\/lavocedelpaese.info\/#organization"},"potentialAction":[{"@type":"SearchAction","target":{"@type":"EntryPoint","urlTemplate":"https:\/\/lavocedelpaese.info\/?s={search_term_string}"},"query-input":{"@type":"PropertyValueSpecification","valueRequired":true,"valueName":"search_term_string"}}],"inLanguage":"it-IT"},{"@type":"Organization","@id":"https:\/\/lavocedelpaese.info\/#organization","name":"La Voce del Paese","url":"https:\/\/lavocedelpaese.info\/","logo":{"@type":"ImageObject","inLanguage":"it-IT","@id":"https:\/\/lavocedelpaese.info\/#\/schema\/logo\/image\/","url":"https:\/\/lavocedelpaese.info\/wp-content\/uploads\/2023\/01\/cropped-logo-150-127.png","contentUrl":"https:\/\/lavocedelpaese.info\/wp-content\/uploads\/2023\/01\/cropped-logo-150-127.png","width":137,"height":119,"caption":"La Voce del Paese"},"image":{"@id":"https:\/\/lavocedelpaese.info\/#\/schema\/logo\/image\/"},"sameAs":["https:\/\/www.facebook.com\/lavocedelpaese.info"]}]}},"_links":{"self":[{"href":"https:\/\/lavocedelpaese.info\/index.php\/wp-json\/wp\/v2\/posts\/1339","targetHints":{"allow":["GET"]}}],"collection":[{"href":"https:\/\/lavocedelpaese.info\/index.php\/wp-json\/wp\/v2\/posts"}],"about":[{"href":"https:\/\/lavocedelpaese.info\/index.php\/wp-json\/wp\/v2\/types\/post"}],"replies":[{"embeddable":true,"href":"https:\/\/lavocedelpaese.info\/index.php\/wp-json\/wp\/v2\/comments?post=1339"}],"version-history":[{"count":0,"href":"https:\/\/lavocedelpaese.info\/index.php\/wp-json\/wp\/v2\/posts\/1339\/revisions"}],"wp:attachment":[{"href":"https:\/\/lavocedelpaese.info\/index.php\/wp-json\/wp\/v2\/media?parent=1339"}],"wp:term":[{"taxonomy":"category","embeddable":true,"href":"https:\/\/lavocedelpaese.info\/index.php\/wp-json\/wp\/v2\/categories?post=1339"},{"taxonomy":"post_tag","embeddable":true,"href":"https:\/\/lavocedelpaese.info\/index.php\/wp-json\/wp\/v2\/tags?post=1339"}],"curies":[{"name":"wp","href":"https:\/\/api.w.org\/{rel}","templated":true}]}}