{"id":1338,"date":"2023-04-03T07:46:41","date_gmt":"2023-04-03T07:46:41","guid":{"rendered":"https:\/\/lavocedelpaese.info\/index.php\/2023\/04\/03\/lultima-opera-di-sabino-de-nigris\/"},"modified":"2023-04-03T07:46:41","modified_gmt":"2023-04-03T07:46:41","slug":"lultima-opera-di-sabino-de-nigris","status":"publish","type":"post","link":"https:\/\/lavocedelpaese.info\/index.php\/2023\/04\/03\/lultima-opera-di-sabino-de-nigris\/","title":{"rendered":"L\u2019ultima opera di Sabino De Nigris"},"content":{"rendered":"<p>\u00a0<\/p>\n<p>\u200b\u00a0<\/p>\n<p>\u200bTuri \u2013 La Voce del Paese\u00a0<\/p>\n<p class=\"has-text-align-center\"><strong><em>L\u2019intellettuale, \u201cadottato\u201d da Turi, ha consegnato ai posteri un ulteriore illuminante tassello per ricostruire la storia della nostra comunit\u00e0<\/em><\/strong><\/p>\n<p>Dato alle stampe a maggio 2022, il volume \u201cLe abolizioni delle feudalit\u00e0 a Conversano e Turi nel 1806 e il nuovo monastero di S. Chiara in Turi dal 1838 al 1866\u201d rappresenta l\u2019ultimo contributo di Sabino De Nigris, stimato intellettuale del \u2018secolo breve\u2019, capace di saldare il rigore accademico dello storico con il vivace slancio della narrazione storiografica, elevando le \u2018piccole storie\u2019 di vita quotidiana ad ossatura portante della trama dialettica della \u2018Grande Storia\u2019.<\/p>\n<h4 class=\"wp-block-heading\"><strong>\u201cUna rivoluzione solo sulla carta\u201d<\/strong><\/h4>\n<div class=\"wp-block-image\">\nSabino De Nigris<\/div>\n<p>Come chiarisce il titolo dell\u2019opera, pubblicata postuma, De Nigris ha inteso dipanare due aspetti. Da un lato, ha colmato la lacuna nella storia del monastero di Santa Chiara, di cui quest\u2019anno ricorrono i 400 anni dalla fondazione (1623), ricostruendo le tribolate vicende della costruzione del nuovo edificio, iniziata il 3 maggio 1839 e costata oltre 40.000 ducati. Dall\u2019altro, ha analizzato il farraginoso processo di applicazione delle leggi di abolizione dei privilegi feudali nel Regno di Napoli.<br \/>Difatti, scorrendo le pagine del saggio, appare chiaro che le norme emanate nel biennio 1806-1808 dal nuovo re, Giuseppe Bonaparte, non abbiano dato vita all\u2019auspicata \u201crivoluzione sociale e democratica\u201d, che avrebbe dovuto redistribuire le terre demaniali ai contadini e spazzar via l\u2019ultimo baluardo del feudalesimo europeo, in nome di una gestione centralizzata ed egualitaria. A discapito degli intenti originari, la riforma si arena in un \u201cimbuto giudiziario\u201d \u2013 gestito dalla Commissione Feudale, un tribunale speciale appositamente costituito \u2013 che, di fatto, consentir\u00e0 per molti decenni di preservare inalterato lo <em>status quo<\/em>.<br \/>Esplicativa, in proposito, l\u2019annotazione di Francesco Cavallo, curatore dell\u2019introduzione del libro: l\u2019esito a medio termine del riformismo dei napoleonidi si concretizza nel rimpiazzare i feudatari con una classe sociale di grandi latifondisti, la quale riesce ad ostacolare l\u2019assegnazione delle terre ai contadini meno abbienti. Basti pensare che in Terra di Bari \u00abpoco pi\u00f9 del dieci per cento delle terre demaniali viene quotizzato e finalmente diviso, con procedure che, iniziate nel 1809, si concludono ben oltre l\u2019Unit\u00e0 d\u2019Italia\u00bb.<\/p>\n<h4 class=\"wp-block-heading\"><strong>La testimonianza di Mariella De Nigris<\/strong><\/h4>\n<p>Per approfondire la figura di Sabino De Nigris e le radici del suo interessante lavoro, abbiamo avuto il privilegio di porre alcune domande a Mariella De Nigris, sorella del compianto Sabino.<\/p>\n<p><strong>Un ricordo del dott. De Nigris?<\/strong><\/p>\n<p>\u00abIl mio \u00e8 un vivo ricordo di un fratello a cui ero legata da un affetto profondo\u00bb.<\/p>\n<p><strong>Qual era il suo rapporto con la citt\u00e0 di Turi?<\/strong><\/p>\n<p>\u00abLa nostra famiglia affonda le sue radici a Turi. Mio padre, classe 1906, \u00e8 nato e vissuto qui fino all\u2019et\u00e0 di 42 anni. Nel 1948 spos\u00f2 mia madre a Conversano, dove \u00e8 vissuto fino alla morte. Da piccoli abbiamo avuto buoni rapporti con i nonni paterni, anche se non molto frequenti per via della mancanza di mezzi di trasporto negli anni \u201950-\u201960\u00bb.<\/p>\n<p><strong>L\u2019eredit\u00e0 politico-culturale che ci lascia De Nigris?<\/strong><\/p>\n<p>\u00abLa sua vita \u00e8 stata un fulgido esempio di ragionata coerenza politica e una straordinaria testimonianza dell\u2019importanza di interrogare il passato per meglio comprendere le dinamiche del presente. Sin da giovane studente ha coltivato un costante impegno politico e sociale a Conversano e Bari: militante socialista ha sempre, coerentemente, dimostrato la sua fede politica. In parallelo, la sua dedizione alla ricerca storica, tradottasi in saggi e numerosi articoli, ha dato nuove prospettive di esame sui principali fenomeni sociali del Mezzogiorno\u00bb.<\/p>\n<p><strong>Come nasce la scelta di affrontare i temi sviluppati nel suo ultimo lavoro?<\/strong><\/p>\n<p>\u00abQuanto al nuovo Monastero di Santa Chiara, il suo studio ha inteso colmare il periodo storico compreso tra il 1838 e il 1866, non trattato in precedenza. Il suo interesse sull\u2019abolizione delle feudalit\u00e0 mirava ad evidenziare che la legge del 2 agosto 1806 era una vera rivoluzione, solo sulla carta. Nei nostri Comuni, come altrove, la quotizzazione di parte dei territori e l\u2019assegnazione delle terre ai contadini meno abbienti si trascin\u00f2 fino (e oltre) l\u2019Unit\u00e0 d\u2019Italia\u00bb.<\/p>\n<p>***<br \/><strong><em>Sabino De Nigris (Conversano 1949, Turi 2021)<br \/><\/em><\/strong>Laureatosi in Scienze Politiche prima e poi in Lettere, ha intrecciato i suoi studi con una quotidiana attivit\u00e0 politica. Militante socialista fin dalla prima giovinezza, ha condotto una continua ricerca sulla societ\u00e0 contemporanea del Mezzogiorno, mettendo a frutto il suo fervido interesse per la lettura e l\u2019analisi dei fenomeni sociali. Iscritto all\u2019Albo dei Giornalisti di Puglia e all\u2019Anpi, ha contribuito alla nascita della \u201cFondazione G. Di Vagno\u201d, di cui fu appassionato e laborioso dirigente.<\/p>\n<div class=\"wp-block-image\">\n<\/div>\n<p><a class=\"a2a_button_facebook\" href=\"https:\/\/www.addtoany.com\/add_to\/facebook?linkurl=https%3A%2F%2Fturi.lavocedelpaese.info%2Flultima-opera-di-sabino-de-nigris%2F&amp;linkname=L%E2%80%99ultima%20opera%20di%20Sabino%20De%20Nigris\" title=\"Facebook\" target=\"_blank\" rel=\"noopener\"><\/a><a class=\"a2a_button_twitter\" href=\"https:\/\/www.addtoany.com\/add_to\/twitter?linkurl=https%3A%2F%2Fturi.lavocedelpaese.info%2Flultima-opera-di-sabino-de-nigris%2F&amp;linkname=L%E2%80%99ultima%20opera%20di%20Sabino%20De%20Nigris\" title=\"Twitter\" target=\"_blank\" rel=\"noopener\"><\/a><a class=\"a2a_button_whatsapp\" href=\"https:\/\/www.addtoany.com\/add_to\/whatsapp?linkurl=https%3A%2F%2Fturi.lavocedelpaese.info%2Flultima-opera-di-sabino-de-nigris%2F&amp;linkname=L%E2%80%99ultima%20opera%20di%20Sabino%20De%20Nigris\" title=\"WhatsApp\" target=\"_blank\" rel=\"noopener\"><\/a><a class=\"a2a_button_telegram\" href=\"https:\/\/www.addtoany.com\/add_to\/telegram?linkurl=https%3A%2F%2Fturi.lavocedelpaese.info%2Flultima-opera-di-sabino-de-nigris%2F&amp;linkname=L%E2%80%99ultima%20opera%20di%20Sabino%20De%20Nigris\" title=\"Telegram\" target=\"_blank\" rel=\"noopener\"><\/a><a class=\"a2a_button_email\" href=\"https:\/\/www.addtoany.com\/add_to\/email?linkurl=https%3A%2F%2Fturi.lavocedelpaese.info%2Flultima-opera-di-sabino-de-nigris%2F&amp;linkname=L%E2%80%99ultima%20opera%20di%20Sabino%20De%20Nigris\" title=\"Email\" target=\"_blank\" rel=\"noopener\"><\/a><\/p>\n<p>\u00a0<\/p>","protected":false},"excerpt":{"rendered":"<p>\u00a0 \u200b\u00a0 \u200bTuri \u2013 La Voce del Paese\u00a0 L\u2019intellettuale, \u201cadottato\u201d da Turi, ha consegnato ai posteri un ulteriore illuminante tassello<\/p>\n","protected":false},"author":0,"featured_media":0,"comment_status":"open","ping_status":"closed","sticky":false,"template":"","format":"standard","meta":{"colormag_page_container_layout":"default_layout","colormag_page_sidebar_layout":"default_layout","footnotes":""},"categories":[33],"tags":[],"class_list":["post-1338","post","type-post","status-publish","format-standard","hentry","category-network"],"yoast_head":"<!-- This site is optimized with the Yoast SEO plugin v27.5 - https:\/\/yoast.com\/product\/yoast-seo-wordpress\/ -->\n<title>L\u2019ultima opera di Sabino De Nigris - La Voce del Paese<\/title>\n<meta name=\"robots\" content=\"index, follow, max-snippet:-1, max-image-preview:large, max-video-preview:-1\" \/>\n<link rel=\"canonical\" href=\"https:\/\/lavocedelpaese.info\/index.php\/2023\/04\/03\/lultima-opera-di-sabino-de-nigris\/\" \/>\n<meta property=\"og:locale\" content=\"it_IT\" \/>\n<meta property=\"og:type\" content=\"article\" \/>\n<meta property=\"og:title\" content=\"L\u2019ultima opera di Sabino De Nigris - La Voce del Paese\" \/>\n<meta property=\"og:description\" content=\"\u00a0 \u200b\u00a0 \u200bTuri \u2013 La Voce del Paese\u00a0 L\u2019intellettuale, \u201cadottato\u201d da Turi, ha consegnato ai posteri un ulteriore illuminante tassello\" \/>\n<meta property=\"og:url\" content=\"https:\/\/lavocedelpaese.info\/index.php\/2023\/04\/03\/lultima-opera-di-sabino-de-nigris\/\" \/>\n<meta property=\"og:site_name\" content=\"La Voce del Paese\" \/>\n<meta property=\"article:publisher\" content=\"https:\/\/www.facebook.com\/lavocedelpaese.info\" \/>\n<meta property=\"article:published_time\" content=\"2023-04-03T07:46:41+00:00\" \/>\n<meta name=\"twitter:card\" content=\"summary_large_image\" \/>\n<meta name=\"twitter:label1\" content=\"Tempo di lettura stimato\" \/>\n\t<meta name=\"twitter:data1\" content=\"4 minuti\" \/>\n<script type=\"application\/ld+json\" class=\"yoast-schema-graph\">{\"@context\":\"https:\\\/\\\/schema.org\",\"@graph\":[{\"@type\":\"Article\",\"@id\":\"https:\\\/\\\/lavocedelpaese.info\\\/index.php\\\/2023\\\/04\\\/03\\\/lultima-opera-di-sabino-de-nigris\\\/#article\",\"isPartOf\":{\"@id\":\"https:\\\/\\\/lavocedelpaese.info\\\/index.php\\\/2023\\\/04\\\/03\\\/lultima-opera-di-sabino-de-nigris\\\/\"},\"author\":{\"name\":\"\",\"@id\":\"\"},\"headline\":\"L\u2019ultima opera di Sabino De Nigris\",\"datePublished\":\"2023-04-03T07:46:41+00:00\",\"mainEntityOfPage\":{\"@id\":\"https:\\\/\\\/lavocedelpaese.info\\\/index.php\\\/2023\\\/04\\\/03\\\/lultima-opera-di-sabino-de-nigris\\\/\"},\"wordCount\":744,\"commentCount\":0,\"publisher\":{\"@id\":\"https:\\\/\\\/lavocedelpaese.info\\\/#organization\"},\"articleSection\":[\"network\"],\"inLanguage\":\"it-IT\",\"potentialAction\":[{\"@type\":\"CommentAction\",\"name\":\"Comment\",\"target\":[\"https:\\\/\\\/lavocedelpaese.info\\\/index.php\\\/2023\\\/04\\\/03\\\/lultima-opera-di-sabino-de-nigris\\\/#respond\"]}]},{\"@type\":\"WebPage\",\"@id\":\"https:\\\/\\\/lavocedelpaese.info\\\/index.php\\\/2023\\\/04\\\/03\\\/lultima-opera-di-sabino-de-nigris\\\/\",\"url\":\"https:\\\/\\\/lavocedelpaese.info\\\/index.php\\\/2023\\\/04\\\/03\\\/lultima-opera-di-sabino-de-nigris\\\/\",\"name\":\"L\u2019ultima opera di Sabino De Nigris - La Voce del Paese\",\"isPartOf\":{\"@id\":\"https:\\\/\\\/lavocedelpaese.info\\\/#website\"},\"datePublished\":\"2023-04-03T07:46:41+00:00\",\"breadcrumb\":{\"@id\":\"https:\\\/\\\/lavocedelpaese.info\\\/index.php\\\/2023\\\/04\\\/03\\\/lultima-opera-di-sabino-de-nigris\\\/#breadcrumb\"},\"inLanguage\":\"it-IT\",\"potentialAction\":[{\"@type\":\"ReadAction\",\"target\":[\"https:\\\/\\\/lavocedelpaese.info\\\/index.php\\\/2023\\\/04\\\/03\\\/lultima-opera-di-sabino-de-nigris\\\/\"]}]},{\"@type\":\"BreadcrumbList\",\"@id\":\"https:\\\/\\\/lavocedelpaese.info\\\/index.php\\\/2023\\\/04\\\/03\\\/lultima-opera-di-sabino-de-nigris\\\/#breadcrumb\",\"itemListElement\":[{\"@type\":\"ListItem\",\"position\":1,\"name\":\"Home\",\"item\":\"https:\\\/\\\/lavocedelpaese.info\\\/\"},{\"@type\":\"ListItem\",\"position\":2,\"name\":\"L\u2019ultima opera di Sabino De Nigris\"}]},{\"@type\":\"WebSite\",\"@id\":\"https:\\\/\\\/lavocedelpaese.info\\\/#website\",\"url\":\"https:\\\/\\\/lavocedelpaese.info\\\/\",\"name\":\"La Voce del Paese\",\"description\":\"Un network di idee\",\"publisher\":{\"@id\":\"https:\\\/\\\/lavocedelpaese.info\\\/#organization\"},\"potentialAction\":[{\"@type\":\"SearchAction\",\"target\":{\"@type\":\"EntryPoint\",\"urlTemplate\":\"https:\\\/\\\/lavocedelpaese.info\\\/?s={search_term_string}\"},\"query-input\":{\"@type\":\"PropertyValueSpecification\",\"valueRequired\":true,\"valueName\":\"search_term_string\"}}],\"inLanguage\":\"it-IT\"},{\"@type\":\"Organization\",\"@id\":\"https:\\\/\\\/lavocedelpaese.info\\\/#organization\",\"name\":\"La Voce del Paese\",\"url\":\"https:\\\/\\\/lavocedelpaese.info\\\/\",\"logo\":{\"@type\":\"ImageObject\",\"inLanguage\":\"it-IT\",\"@id\":\"https:\\\/\\\/lavocedelpaese.info\\\/#\\\/schema\\\/logo\\\/image\\\/\",\"url\":\"https:\\\/\\\/lavocedelpaese.info\\\/wp-content\\\/uploads\\\/2023\\\/01\\\/cropped-logo-150-127.png\",\"contentUrl\":\"https:\\\/\\\/lavocedelpaese.info\\\/wp-content\\\/uploads\\\/2023\\\/01\\\/cropped-logo-150-127.png\",\"width\":137,\"height\":119,\"caption\":\"La Voce del Paese\"},\"image\":{\"@id\":\"https:\\\/\\\/lavocedelpaese.info\\\/#\\\/schema\\\/logo\\\/image\\\/\"},\"sameAs\":[\"https:\\\/\\\/www.facebook.com\\\/lavocedelpaese.info\"]}]}<\/script>\n<!-- \/ Yoast SEO plugin. -->","yoast_head_json":{"title":"L\u2019ultima opera di Sabino De Nigris - La Voce del Paese","robots":{"index":"index","follow":"follow","max-snippet":"max-snippet:-1","max-image-preview":"max-image-preview:large","max-video-preview":"max-video-preview:-1"},"canonical":"https:\/\/lavocedelpaese.info\/index.php\/2023\/04\/03\/lultima-opera-di-sabino-de-nigris\/","og_locale":"it_IT","og_type":"article","og_title":"L\u2019ultima opera di Sabino De Nigris - La Voce del Paese","og_description":"\u00a0 \u200b\u00a0 \u200bTuri \u2013 La Voce del Paese\u00a0 L\u2019intellettuale, \u201cadottato\u201d da Turi, ha consegnato ai posteri un ulteriore illuminante tassello","og_url":"https:\/\/lavocedelpaese.info\/index.php\/2023\/04\/03\/lultima-opera-di-sabino-de-nigris\/","og_site_name":"La Voce del Paese","article_publisher":"https:\/\/www.facebook.com\/lavocedelpaese.info","article_published_time":"2023-04-03T07:46:41+00:00","twitter_card":"summary_large_image","twitter_misc":{"Tempo di lettura stimato":"4 minuti"},"schema":{"@context":"https:\/\/schema.org","@graph":[{"@type":"Article","@id":"https:\/\/lavocedelpaese.info\/index.php\/2023\/04\/03\/lultima-opera-di-sabino-de-nigris\/#article","isPartOf":{"@id":"https:\/\/lavocedelpaese.info\/index.php\/2023\/04\/03\/lultima-opera-di-sabino-de-nigris\/"},"author":{"name":"","@id":""},"headline":"L\u2019ultima opera di Sabino De Nigris","datePublished":"2023-04-03T07:46:41+00:00","mainEntityOfPage":{"@id":"https:\/\/lavocedelpaese.info\/index.php\/2023\/04\/03\/lultima-opera-di-sabino-de-nigris\/"},"wordCount":744,"commentCount":0,"publisher":{"@id":"https:\/\/lavocedelpaese.info\/#organization"},"articleSection":["network"],"inLanguage":"it-IT","potentialAction":[{"@type":"CommentAction","name":"Comment","target":["https:\/\/lavocedelpaese.info\/index.php\/2023\/04\/03\/lultima-opera-di-sabino-de-nigris\/#respond"]}]},{"@type":"WebPage","@id":"https:\/\/lavocedelpaese.info\/index.php\/2023\/04\/03\/lultima-opera-di-sabino-de-nigris\/","url":"https:\/\/lavocedelpaese.info\/index.php\/2023\/04\/03\/lultima-opera-di-sabino-de-nigris\/","name":"L\u2019ultima opera di Sabino De Nigris - La Voce del Paese","isPartOf":{"@id":"https:\/\/lavocedelpaese.info\/#website"},"datePublished":"2023-04-03T07:46:41+00:00","breadcrumb":{"@id":"https:\/\/lavocedelpaese.info\/index.php\/2023\/04\/03\/lultima-opera-di-sabino-de-nigris\/#breadcrumb"},"inLanguage":"it-IT","potentialAction":[{"@type":"ReadAction","target":["https:\/\/lavocedelpaese.info\/index.php\/2023\/04\/03\/lultima-opera-di-sabino-de-nigris\/"]}]},{"@type":"BreadcrumbList","@id":"https:\/\/lavocedelpaese.info\/index.php\/2023\/04\/03\/lultima-opera-di-sabino-de-nigris\/#breadcrumb","itemListElement":[{"@type":"ListItem","position":1,"name":"Home","item":"https:\/\/lavocedelpaese.info\/"},{"@type":"ListItem","position":2,"name":"L\u2019ultima opera di Sabino De Nigris"}]},{"@type":"WebSite","@id":"https:\/\/lavocedelpaese.info\/#website","url":"https:\/\/lavocedelpaese.info\/","name":"La Voce del Paese","description":"Un network di idee","publisher":{"@id":"https:\/\/lavocedelpaese.info\/#organization"},"potentialAction":[{"@type":"SearchAction","target":{"@type":"EntryPoint","urlTemplate":"https:\/\/lavocedelpaese.info\/?s={search_term_string}"},"query-input":{"@type":"PropertyValueSpecification","valueRequired":true,"valueName":"search_term_string"}}],"inLanguage":"it-IT"},{"@type":"Organization","@id":"https:\/\/lavocedelpaese.info\/#organization","name":"La Voce del Paese","url":"https:\/\/lavocedelpaese.info\/","logo":{"@type":"ImageObject","inLanguage":"it-IT","@id":"https:\/\/lavocedelpaese.info\/#\/schema\/logo\/image\/","url":"https:\/\/lavocedelpaese.info\/wp-content\/uploads\/2023\/01\/cropped-logo-150-127.png","contentUrl":"https:\/\/lavocedelpaese.info\/wp-content\/uploads\/2023\/01\/cropped-logo-150-127.png","width":137,"height":119,"caption":"La Voce del Paese"},"image":{"@id":"https:\/\/lavocedelpaese.info\/#\/schema\/logo\/image\/"},"sameAs":["https:\/\/www.facebook.com\/lavocedelpaese.info"]}]}},"_links":{"self":[{"href":"https:\/\/lavocedelpaese.info\/index.php\/wp-json\/wp\/v2\/posts\/1338","targetHints":{"allow":["GET"]}}],"collection":[{"href":"https:\/\/lavocedelpaese.info\/index.php\/wp-json\/wp\/v2\/posts"}],"about":[{"href":"https:\/\/lavocedelpaese.info\/index.php\/wp-json\/wp\/v2\/types\/post"}],"replies":[{"embeddable":true,"href":"https:\/\/lavocedelpaese.info\/index.php\/wp-json\/wp\/v2\/comments?post=1338"}],"version-history":[{"count":0,"href":"https:\/\/lavocedelpaese.info\/index.php\/wp-json\/wp\/v2\/posts\/1338\/revisions"}],"wp:attachment":[{"href":"https:\/\/lavocedelpaese.info\/index.php\/wp-json\/wp\/v2\/media?parent=1338"}],"wp:term":[{"taxonomy":"category","embeddable":true,"href":"https:\/\/lavocedelpaese.info\/index.php\/wp-json\/wp\/v2\/categories?post=1338"},{"taxonomy":"post_tag","embeddable":true,"href":"https:\/\/lavocedelpaese.info\/index.php\/wp-json\/wp\/v2\/tags?post=1338"}],"curies":[{"name":"wp","href":"https:\/\/api.w.org\/{rel}","templated":true}]}}