{"id":1337,"date":"2023-04-03T07:46:41","date_gmt":"2023-04-03T07:46:41","guid":{"rendered":"https:\/\/lavocedelpaese.info\/index.php\/2023\/04\/03\/turi-aderisce-al-progetto-sport-siamo-noi-plus\/"},"modified":"2023-04-03T07:46:41","modified_gmt":"2023-04-03T07:46:41","slug":"turi-aderisce-al-progetto-sport-siamo-noi-plus","status":"publish","type":"post","link":"https:\/\/lavocedelpaese.info\/index.php\/2023\/04\/03\/turi-aderisce-al-progetto-sport-siamo-noi-plus\/","title":{"rendered":"Turi aderisce al progetto \u201cSport siamo noi plus\u201d"},"content":{"rendered":"<p>\u00a0<\/p>\n<p>\u200b\u00a0<\/p>\n<p>\u200bTuri \u2013 La Voce del Paese\u00a0<\/p>\n<p class=\"has-text-align-center\"><strong><em>L\u2019iniziativa, completamente gratuita, promuover\u00e0 la pratica sportiva tra i bambini e le famiglie che vivono in condizioni di fragilit\u00e0 socio-economica<\/em><\/strong><\/p>\n<p>Con delibera di Giunta del 26 gennaio, il Comune di Turi ha sposato il progetto \u201cSport Siamo Noi Plus \u2013 Promuovere comunit\u00e0 coese attraverso lo sport per tutti\u201d, proposto dal comitato provinciale dell\u2019Associazione Italiana Cultura e Sport (Aics) per il tramite del maestro Francesco Mallardi.<\/p>\n<p>La misura, finanziata dal Ministero di Sport e Salute, interesser\u00e0 40 Comuni in tutta Italia ed avr\u00e0 la finalit\u00e0 di coinvolgere le fasce della popolazione che, secondo gli ultimi dati Istat, non svolgono regolare attivit\u00e0 fisica per difficolt\u00e0 economiche.<\/p>\n<h4 class=\"wp-block-heading\"><strong>\u201cLo Sport si salda alle Politiche sociali\u201d<\/strong><\/h4>\n<p>\u00abInsieme all\u2019assessore Imma Bianco \u2013 commenta il consigliere Leo Girolamo \u2013 abbiamo aderito con convinzione al progetto, poich\u00e9 coniuga sport e politiche sociali. L\u2019intento, infatti, \u00e8 avviare alla pratica sportiva i bambini e le loro famiglie, con un occhio di riguardo per chi vive in condizioni di fragilit\u00e0 socio-economica e per i ragazzi che sono inseriti nel circuito della povert\u00e0 educativa. In tale ottica, ci raccorderemo anche con le istituzioni scolastiche, cos\u00ec da raggiungere tutti i bambini che, fuori dalle scuole, non hanno l\u2019opportunit\u00e0 e la gioia di dedicarsi allo sport\u00bb.<br \/>\u00abIn sostanza \u2013 aggiunge \u2013 questa iniziativa mira a diffondere l\u2019attivit\u00e0 e l\u2019esercizio fisico come volano di promozione dei valori della condivisione, del rispetto per l\u2019ambiente e della coesione sociale\u00bb.<\/p>\n<h4 class=\"wp-block-heading\"><strong>Il progetto<\/strong><\/h4>\n<p>\u00abEntrando nei dettagli \u2013 illustra Girolamo \u2013 \u201cSport Siamo Noi Plus\u201d si rivolge ai bambini tra i 6 e i 14 anni e alle donne (madri, zie, nonne dei ragazzi partecipanti) che, per due ore alla settimana, potranno sperimentare percorsi di accesso ad almeno tre discipline sportive di base, scelte in sinergia con le realt\u00e0 associative locali. Il programma avr\u00e0 la durata di sei mesi e si svolger\u00e0 all\u2019interno delle strutture comunali, avvalendosi di docenti accreditati dalla Direzione Nazionale di Aics.<br \/>Ci saranno anche quattro Open Day con giochi tradizionali e attivit\u00e0 multi-sportive a \u201cmisura di famiglia\u201d. Infine, una delegazione di ciascuno dei 40 Comuni prender\u00e0 parte al Festival Nazionale di sport-cultura e ambiente, che sar\u00e0 organizzato al termine del progetto\u00bb.<br \/>\u00abLa pregevole iniziativa \u2013 chiosa \u2013 non avr\u00e0 alcun costo n\u00e9 per l\u2019utenza n\u00e9 per il Comune, giacch\u00e9 ogni spesa sar\u00e0 sostenuta da Aics\u00bb.<\/p>\n<p><a class=\"a2a_button_facebook\" href=\"https:\/\/www.addtoany.com\/add_to\/facebook?linkurl=https%3A%2F%2Fturi.lavocedelpaese.info%2Fturi-aderisce-al-progetto-sport-siamo-noi-plus%2F&amp;linkname=Turi%20aderisce%20al%20progetto%20%E2%80%9CSport%20siamo%20noi%20plus%E2%80%9D\" title=\"Facebook\" target=\"_blank\" rel=\"noopener\"><\/a><a class=\"a2a_button_twitter\" href=\"https:\/\/www.addtoany.com\/add_to\/twitter?linkurl=https%3A%2F%2Fturi.lavocedelpaese.info%2Fturi-aderisce-al-progetto-sport-siamo-noi-plus%2F&amp;linkname=Turi%20aderisce%20al%20progetto%20%E2%80%9CSport%20siamo%20noi%20plus%E2%80%9D\" title=\"Twitter\" target=\"_blank\" rel=\"noopener\"><\/a><a class=\"a2a_button_whatsapp\" href=\"https:\/\/www.addtoany.com\/add_to\/whatsapp?linkurl=https%3A%2F%2Fturi.lavocedelpaese.info%2Fturi-aderisce-al-progetto-sport-siamo-noi-plus%2F&amp;linkname=Turi%20aderisce%20al%20progetto%20%E2%80%9CSport%20siamo%20noi%20plus%E2%80%9D\" title=\"WhatsApp\" target=\"_blank\" rel=\"noopener\"><\/a><a class=\"a2a_button_telegram\" href=\"https:\/\/www.addtoany.com\/add_to\/telegram?linkurl=https%3A%2F%2Fturi.lavocedelpaese.info%2Fturi-aderisce-al-progetto-sport-siamo-noi-plus%2F&amp;linkname=Turi%20aderisce%20al%20progetto%20%E2%80%9CSport%20siamo%20noi%20plus%E2%80%9D\" title=\"Telegram\" target=\"_blank\" rel=\"noopener\"><\/a><a class=\"a2a_button_email\" href=\"https:\/\/www.addtoany.com\/add_to\/email?linkurl=https%3A%2F%2Fturi.lavocedelpaese.info%2Fturi-aderisce-al-progetto-sport-siamo-noi-plus%2F&amp;linkname=Turi%20aderisce%20al%20progetto%20%E2%80%9CSport%20siamo%20noi%20plus%E2%80%9D\" title=\"Email\" target=\"_blank\" rel=\"noopener\"><\/a><\/p>\n<p>\u00a0<\/p>","protected":false},"excerpt":{"rendered":"<p>\u00a0 \u200b\u00a0 \u200bTuri \u2013 La Voce del Paese\u00a0 L\u2019iniziativa, completamente gratuita, promuover\u00e0 la pratica sportiva tra i bambini e le<\/p>\n","protected":false},"author":0,"featured_media":0,"comment_status":"open","ping_status":"closed","sticky":false,"template":"","format":"standard","meta":{"colormag_page_container_layout":"default_layout","colormag_page_sidebar_layout":"default_layout","footnotes":""},"categories":[33],"tags":[],"class_list":["post-1337","post","type-post","status-publish","format-standard","hentry","category-network"],"yoast_head":"<!-- This site is optimized with the Yoast SEO plugin v27.5 - https:\/\/yoast.com\/product\/yoast-seo-wordpress\/ -->\n<title>Turi aderisce al progetto \u201cSport siamo noi plus\u201d - La Voce del Paese<\/title>\n<meta name=\"robots\" content=\"index, follow, max-snippet:-1, max-image-preview:large, max-video-preview:-1\" \/>\n<link rel=\"canonical\" href=\"https:\/\/lavocedelpaese.info\/index.php\/2023\/04\/03\/turi-aderisce-al-progetto-sport-siamo-noi-plus\/\" \/>\n<meta property=\"og:locale\" content=\"it_IT\" \/>\n<meta property=\"og:type\" content=\"article\" \/>\n<meta property=\"og:title\" content=\"Turi aderisce al progetto \u201cSport siamo noi plus\u201d - La Voce del Paese\" \/>\n<meta property=\"og:description\" content=\"\u00a0 \u200b\u00a0 \u200bTuri \u2013 La Voce del Paese\u00a0 L\u2019iniziativa, completamente gratuita, promuover\u00e0 la pratica sportiva tra i bambini e le\" \/>\n<meta property=\"og:url\" content=\"https:\/\/lavocedelpaese.info\/index.php\/2023\/04\/03\/turi-aderisce-al-progetto-sport-siamo-noi-plus\/\" \/>\n<meta property=\"og:site_name\" content=\"La Voce del Paese\" \/>\n<meta property=\"article:publisher\" content=\"https:\/\/www.facebook.com\/lavocedelpaese.info\" \/>\n<meta property=\"article:published_time\" content=\"2023-04-03T07:46:41+00:00\" \/>\n<meta name=\"twitter:card\" content=\"summary_large_image\" \/>\n<meta name=\"twitter:label1\" content=\"Tempo di lettura stimato\" \/>\n\t<meta name=\"twitter:data1\" content=\"2 minuti\" \/>\n<script type=\"application\/ld+json\" class=\"yoast-schema-graph\">{\"@context\":\"https:\\\/\\\/schema.org\",\"@graph\":[{\"@type\":\"Article\",\"@id\":\"https:\\\/\\\/lavocedelpaese.info\\\/index.php\\\/2023\\\/04\\\/03\\\/turi-aderisce-al-progetto-sport-siamo-noi-plus\\\/#article\",\"isPartOf\":{\"@id\":\"https:\\\/\\\/lavocedelpaese.info\\\/index.php\\\/2023\\\/04\\\/03\\\/turi-aderisce-al-progetto-sport-siamo-noi-plus\\\/\"},\"author\":{\"name\":\"\",\"@id\":\"\"},\"headline\":\"Turi aderisce al progetto \u201cSport siamo noi plus\u201d\",\"datePublished\":\"2023-04-03T07:46:41+00:00\",\"mainEntityOfPage\":{\"@id\":\"https:\\\/\\\/lavocedelpaese.info\\\/index.php\\\/2023\\\/04\\\/03\\\/turi-aderisce-al-progetto-sport-siamo-noi-plus\\\/\"},\"wordCount\":387,\"commentCount\":0,\"publisher\":{\"@id\":\"https:\\\/\\\/lavocedelpaese.info\\\/#organization\"},\"articleSection\":[\"network\"],\"inLanguage\":\"it-IT\",\"potentialAction\":[{\"@type\":\"CommentAction\",\"name\":\"Comment\",\"target\":[\"https:\\\/\\\/lavocedelpaese.info\\\/index.php\\\/2023\\\/04\\\/03\\\/turi-aderisce-al-progetto-sport-siamo-noi-plus\\\/#respond\"]}]},{\"@type\":\"WebPage\",\"@id\":\"https:\\\/\\\/lavocedelpaese.info\\\/index.php\\\/2023\\\/04\\\/03\\\/turi-aderisce-al-progetto-sport-siamo-noi-plus\\\/\",\"url\":\"https:\\\/\\\/lavocedelpaese.info\\\/index.php\\\/2023\\\/04\\\/03\\\/turi-aderisce-al-progetto-sport-siamo-noi-plus\\\/\",\"name\":\"Turi aderisce al progetto \u201cSport siamo noi plus\u201d - La Voce del Paese\",\"isPartOf\":{\"@id\":\"https:\\\/\\\/lavocedelpaese.info\\\/#website\"},\"datePublished\":\"2023-04-03T07:46:41+00:00\",\"breadcrumb\":{\"@id\":\"https:\\\/\\\/lavocedelpaese.info\\\/index.php\\\/2023\\\/04\\\/03\\\/turi-aderisce-al-progetto-sport-siamo-noi-plus\\\/#breadcrumb\"},\"inLanguage\":\"it-IT\",\"potentialAction\":[{\"@type\":\"ReadAction\",\"target\":[\"https:\\\/\\\/lavocedelpaese.info\\\/index.php\\\/2023\\\/04\\\/03\\\/turi-aderisce-al-progetto-sport-siamo-noi-plus\\\/\"]}]},{\"@type\":\"BreadcrumbList\",\"@id\":\"https:\\\/\\\/lavocedelpaese.info\\\/index.php\\\/2023\\\/04\\\/03\\\/turi-aderisce-al-progetto-sport-siamo-noi-plus\\\/#breadcrumb\",\"itemListElement\":[{\"@type\":\"ListItem\",\"position\":1,\"name\":\"Home\",\"item\":\"https:\\\/\\\/lavocedelpaese.info\\\/\"},{\"@type\":\"ListItem\",\"position\":2,\"name\":\"Turi aderisce al progetto \u201cSport siamo noi plus\u201d\"}]},{\"@type\":\"WebSite\",\"@id\":\"https:\\\/\\\/lavocedelpaese.info\\\/#website\",\"url\":\"https:\\\/\\\/lavocedelpaese.info\\\/\",\"name\":\"La Voce del Paese\",\"description\":\"Un network di idee\",\"publisher\":{\"@id\":\"https:\\\/\\\/lavocedelpaese.info\\\/#organization\"},\"potentialAction\":[{\"@type\":\"SearchAction\",\"target\":{\"@type\":\"EntryPoint\",\"urlTemplate\":\"https:\\\/\\\/lavocedelpaese.info\\\/?s={search_term_string}\"},\"query-input\":{\"@type\":\"PropertyValueSpecification\",\"valueRequired\":true,\"valueName\":\"search_term_string\"}}],\"inLanguage\":\"it-IT\"},{\"@type\":\"Organization\",\"@id\":\"https:\\\/\\\/lavocedelpaese.info\\\/#organization\",\"name\":\"La Voce del Paese\",\"url\":\"https:\\\/\\\/lavocedelpaese.info\\\/\",\"logo\":{\"@type\":\"ImageObject\",\"inLanguage\":\"it-IT\",\"@id\":\"https:\\\/\\\/lavocedelpaese.info\\\/#\\\/schema\\\/logo\\\/image\\\/\",\"url\":\"https:\\\/\\\/lavocedelpaese.info\\\/wp-content\\\/uploads\\\/2023\\\/01\\\/cropped-logo-150-127.png\",\"contentUrl\":\"https:\\\/\\\/lavocedelpaese.info\\\/wp-content\\\/uploads\\\/2023\\\/01\\\/cropped-logo-150-127.png\",\"width\":137,\"height\":119,\"caption\":\"La Voce del Paese\"},\"image\":{\"@id\":\"https:\\\/\\\/lavocedelpaese.info\\\/#\\\/schema\\\/logo\\\/image\\\/\"},\"sameAs\":[\"https:\\\/\\\/www.facebook.com\\\/lavocedelpaese.info\"]}]}<\/script>\n<!-- \/ Yoast SEO plugin. -->","yoast_head_json":{"title":"Turi aderisce al progetto \u201cSport siamo noi plus\u201d - La Voce del Paese","robots":{"index":"index","follow":"follow","max-snippet":"max-snippet:-1","max-image-preview":"max-image-preview:large","max-video-preview":"max-video-preview:-1"},"canonical":"https:\/\/lavocedelpaese.info\/index.php\/2023\/04\/03\/turi-aderisce-al-progetto-sport-siamo-noi-plus\/","og_locale":"it_IT","og_type":"article","og_title":"Turi aderisce al progetto \u201cSport siamo noi plus\u201d - La Voce del Paese","og_description":"\u00a0 \u200b\u00a0 \u200bTuri \u2013 La Voce del Paese\u00a0 L\u2019iniziativa, completamente gratuita, promuover\u00e0 la pratica sportiva tra i bambini e le","og_url":"https:\/\/lavocedelpaese.info\/index.php\/2023\/04\/03\/turi-aderisce-al-progetto-sport-siamo-noi-plus\/","og_site_name":"La Voce del Paese","article_publisher":"https:\/\/www.facebook.com\/lavocedelpaese.info","article_published_time":"2023-04-03T07:46:41+00:00","twitter_card":"summary_large_image","twitter_misc":{"Tempo di lettura stimato":"2 minuti"},"schema":{"@context":"https:\/\/schema.org","@graph":[{"@type":"Article","@id":"https:\/\/lavocedelpaese.info\/index.php\/2023\/04\/03\/turi-aderisce-al-progetto-sport-siamo-noi-plus\/#article","isPartOf":{"@id":"https:\/\/lavocedelpaese.info\/index.php\/2023\/04\/03\/turi-aderisce-al-progetto-sport-siamo-noi-plus\/"},"author":{"name":"","@id":""},"headline":"Turi aderisce al progetto \u201cSport siamo noi plus\u201d","datePublished":"2023-04-03T07:46:41+00:00","mainEntityOfPage":{"@id":"https:\/\/lavocedelpaese.info\/index.php\/2023\/04\/03\/turi-aderisce-al-progetto-sport-siamo-noi-plus\/"},"wordCount":387,"commentCount":0,"publisher":{"@id":"https:\/\/lavocedelpaese.info\/#organization"},"articleSection":["network"],"inLanguage":"it-IT","potentialAction":[{"@type":"CommentAction","name":"Comment","target":["https:\/\/lavocedelpaese.info\/index.php\/2023\/04\/03\/turi-aderisce-al-progetto-sport-siamo-noi-plus\/#respond"]}]},{"@type":"WebPage","@id":"https:\/\/lavocedelpaese.info\/index.php\/2023\/04\/03\/turi-aderisce-al-progetto-sport-siamo-noi-plus\/","url":"https:\/\/lavocedelpaese.info\/index.php\/2023\/04\/03\/turi-aderisce-al-progetto-sport-siamo-noi-plus\/","name":"Turi aderisce al progetto \u201cSport siamo noi plus\u201d - La Voce del Paese","isPartOf":{"@id":"https:\/\/lavocedelpaese.info\/#website"},"datePublished":"2023-04-03T07:46:41+00:00","breadcrumb":{"@id":"https:\/\/lavocedelpaese.info\/index.php\/2023\/04\/03\/turi-aderisce-al-progetto-sport-siamo-noi-plus\/#breadcrumb"},"inLanguage":"it-IT","potentialAction":[{"@type":"ReadAction","target":["https:\/\/lavocedelpaese.info\/index.php\/2023\/04\/03\/turi-aderisce-al-progetto-sport-siamo-noi-plus\/"]}]},{"@type":"BreadcrumbList","@id":"https:\/\/lavocedelpaese.info\/index.php\/2023\/04\/03\/turi-aderisce-al-progetto-sport-siamo-noi-plus\/#breadcrumb","itemListElement":[{"@type":"ListItem","position":1,"name":"Home","item":"https:\/\/lavocedelpaese.info\/"},{"@type":"ListItem","position":2,"name":"Turi aderisce al progetto \u201cSport siamo noi plus\u201d"}]},{"@type":"WebSite","@id":"https:\/\/lavocedelpaese.info\/#website","url":"https:\/\/lavocedelpaese.info\/","name":"La Voce del Paese","description":"Un network di idee","publisher":{"@id":"https:\/\/lavocedelpaese.info\/#organization"},"potentialAction":[{"@type":"SearchAction","target":{"@type":"EntryPoint","urlTemplate":"https:\/\/lavocedelpaese.info\/?s={search_term_string}"},"query-input":{"@type":"PropertyValueSpecification","valueRequired":true,"valueName":"search_term_string"}}],"inLanguage":"it-IT"},{"@type":"Organization","@id":"https:\/\/lavocedelpaese.info\/#organization","name":"La Voce del Paese","url":"https:\/\/lavocedelpaese.info\/","logo":{"@type":"ImageObject","inLanguage":"it-IT","@id":"https:\/\/lavocedelpaese.info\/#\/schema\/logo\/image\/","url":"https:\/\/lavocedelpaese.info\/wp-content\/uploads\/2023\/01\/cropped-logo-150-127.png","contentUrl":"https:\/\/lavocedelpaese.info\/wp-content\/uploads\/2023\/01\/cropped-logo-150-127.png","width":137,"height":119,"caption":"La Voce del Paese"},"image":{"@id":"https:\/\/lavocedelpaese.info\/#\/schema\/logo\/image\/"},"sameAs":["https:\/\/www.facebook.com\/lavocedelpaese.info"]}]}},"_links":{"self":[{"href":"https:\/\/lavocedelpaese.info\/index.php\/wp-json\/wp\/v2\/posts\/1337","targetHints":{"allow":["GET"]}}],"collection":[{"href":"https:\/\/lavocedelpaese.info\/index.php\/wp-json\/wp\/v2\/posts"}],"about":[{"href":"https:\/\/lavocedelpaese.info\/index.php\/wp-json\/wp\/v2\/types\/post"}],"replies":[{"embeddable":true,"href":"https:\/\/lavocedelpaese.info\/index.php\/wp-json\/wp\/v2\/comments?post=1337"}],"version-history":[{"count":0,"href":"https:\/\/lavocedelpaese.info\/index.php\/wp-json\/wp\/v2\/posts\/1337\/revisions"}],"wp:attachment":[{"href":"https:\/\/lavocedelpaese.info\/index.php\/wp-json\/wp\/v2\/media?parent=1337"}],"wp:term":[{"taxonomy":"category","embeddable":true,"href":"https:\/\/lavocedelpaese.info\/index.php\/wp-json\/wp\/v2\/categories?post=1337"},{"taxonomy":"post_tag","embeddable":true,"href":"https:\/\/lavocedelpaese.info\/index.php\/wp-json\/wp\/v2\/tags?post=1337"}],"curies":[{"name":"wp","href":"https:\/\/api.w.org\/{rel}","templated":true}]}}