{"id":1313,"date":"2023-03-31T05:28:59","date_gmt":"2023-03-31T05:28:59","guid":{"rendered":"https:\/\/lavocedelpaese.info\/index.php\/2023\/03\/31\/liiss-pertini-anelli-pinto-forma-gli-studenti-sui-pericoli-del-web\/"},"modified":"2023-03-31T05:28:59","modified_gmt":"2023-03-31T05:28:59","slug":"liiss-pertini-anelli-pinto-forma-gli-studenti-sui-pericoli-del-web","status":"publish","type":"post","link":"https:\/\/lavocedelpaese.info\/index.php\/2023\/03\/31\/liiss-pertini-anelli-pinto-forma-gli-studenti-sui-pericoli-del-web\/","title":{"rendered":"L\u2019IISS \u201cPertini Anelli Pinto\u201d forma gli studenti sui pericoli del web"},"content":{"rendered":"<p>\u00a0<\/p>\n<p>\u200b\u00a0<\/p>\n<p>\u200bTuri \u2013 La Voce del Paese\u00a0<\/p>\n<p class=\"has-text-align-center\"><strong><em>Gli incontri si sono svolti nell\u2019ambito della Rassegna letteraria \u201cDidiario\u201d<\/em><\/strong><\/p>\n<p>La vita degli adolescenti spesso si svolge su un doppio binario, a momenti alterni si vive nella realt\u00e0 quotidiana fatta di scuola, di uscite con gli amici, di attivit\u00e0 in palestra; mentre in altri momenti si vive una vita virtuale sui social media, nei quali per\u00f2 si insidiano pericoli reali che alle volte condizionano in maniera grave o irreparabile la loro esistenza.<\/p>\n<p>Compito delle famiglie e della scuola \u00e8 quello di prevenire la possibilit\u00e0 che i ragazzi possano cadere nelle trappole di malintenzionati che approfittano della loro ingenuit\u00e0, del loro desiderio di fama, della voglia di conoscere e sperimentare esperienze diverse.<\/p>\n<p>Allo scopo di aiutare gli studenti dell\u2019Istituto \u201cPertini Anelli Pinto\u201d ad essere consapevoli dei pericoli insiti nell\u2019uso dei social media, nelle giornate del 21 e 22 marzo, si sono svolti degli incontri formativi nell\u2019ambito della Rassegna letteraria Didiario. Precedentemente gli studenti avevano letto, con le docenti coinvolte nel progetto ossia Anna Rita Valentini, Ilaria Babbo, Catia Frugis e Pasquina Lagreca, il libro intitolato \u201cDark web\u201d di Sara Magnoli e avevano avviato un percorso di riflessione e di approfondimento intorno a questo argomento. In particolare, gli studenti della I B AFM, guidati dalla professoressa Valentini, utilizzando proprio una piattaforma molto amata dagli adolescenti, hanno realizzato dei TikTok in cui hanno provato ad illustrare gli articoli del manifesto della comunicazione non ostile e ad inscenare le trappole del web, simulando situazioni di cyberbullismo.<\/p>\n<p>Nel dialogo con l\u2019autrice e la responsabile dell\u2019Associazione Didiario, Alina Laruccia, \u00e8 stato coinvolto anche l\u2019ispettore Costantino Tosto dell\u2019unit\u00e0 cibernetica nucleo operativo della Puglia, il cui compito \u00e8 stato quello di introdurre gli studenti al concetto di reato informatico, di parlare loro delle trappole del web, di web reputation e farli riflettere rispetto all\u2019uso consapevole dei social.<\/p>\n<p>L\u2019incontro, dalla grandissima valenza formativa, \u00e8 stato estremamente apprezzato sia dai relatori sia dagli studenti e si \u00e8 concluso con la firma delle copie da parte della scrittrice ed un invito a continuare a vivere la pratica e il piacere di leggere e scoprire come una dimensione continua dell\u2019esistenza.<\/p>\n<p><a class=\"a2a_button_facebook\" href=\"https:\/\/www.addtoany.com\/add_to\/facebook?linkurl=https%3A%2F%2Fturi.lavocedelpaese.info%2Fliiss-pertini-anelli-pinto-forma-gli-studenti-sui-pericoli-del-web%2F&amp;linkname=L%E2%80%99IISS%20%E2%80%9CPertini%20Anelli%20Pinto%E2%80%9D%20forma%20gli%20studenti%20sui%20pericoli%20del%20web\" title=\"Facebook\" target=\"_blank\" rel=\"noopener\"><\/a><a class=\"a2a_button_twitter\" href=\"https:\/\/www.addtoany.com\/add_to\/twitter?linkurl=https%3A%2F%2Fturi.lavocedelpaese.info%2Fliiss-pertini-anelli-pinto-forma-gli-studenti-sui-pericoli-del-web%2F&amp;linkname=L%E2%80%99IISS%20%E2%80%9CPertini%20Anelli%20Pinto%E2%80%9D%20forma%20gli%20studenti%20sui%20pericoli%20del%20web\" title=\"Twitter\" target=\"_blank\" rel=\"noopener\"><\/a><a class=\"a2a_button_whatsapp\" href=\"https:\/\/www.addtoany.com\/add_to\/whatsapp?linkurl=https%3A%2F%2Fturi.lavocedelpaese.info%2Fliiss-pertini-anelli-pinto-forma-gli-studenti-sui-pericoli-del-web%2F&amp;linkname=L%E2%80%99IISS%20%E2%80%9CPertini%20Anelli%20Pinto%E2%80%9D%20forma%20gli%20studenti%20sui%20pericoli%20del%20web\" title=\"WhatsApp\" target=\"_blank\" rel=\"noopener\"><\/a><a class=\"a2a_button_telegram\" href=\"https:\/\/www.addtoany.com\/add_to\/telegram?linkurl=https%3A%2F%2Fturi.lavocedelpaese.info%2Fliiss-pertini-anelli-pinto-forma-gli-studenti-sui-pericoli-del-web%2F&amp;linkname=L%E2%80%99IISS%20%E2%80%9CPertini%20Anelli%20Pinto%E2%80%9D%20forma%20gli%20studenti%20sui%20pericoli%20del%20web\" title=\"Telegram\" target=\"_blank\" rel=\"noopener\"><\/a><a class=\"a2a_button_email\" href=\"https:\/\/www.addtoany.com\/add_to\/email?linkurl=https%3A%2F%2Fturi.lavocedelpaese.info%2Fliiss-pertini-anelli-pinto-forma-gli-studenti-sui-pericoli-del-web%2F&amp;linkname=L%E2%80%99IISS%20%E2%80%9CPertini%20Anelli%20Pinto%E2%80%9D%20forma%20gli%20studenti%20sui%20pericoli%20del%20web\" title=\"Email\" target=\"_blank\" rel=\"noopener\"><\/a><\/p>\n<p>\u00a0<\/p>","protected":false},"excerpt":{"rendered":"<p>\u00a0 \u200b\u00a0 \u200bTuri \u2013 La Voce del Paese\u00a0 Gli incontri si sono svolti nell\u2019ambito della Rassegna letteraria \u201cDidiario\u201d La vita<\/p>\n","protected":false},"author":0,"featured_media":0,"comment_status":"open","ping_status":"closed","sticky":false,"template":"","format":"standard","meta":{"colormag_page_container_layout":"default_layout","colormag_page_sidebar_layout":"default_layout","footnotes":""},"categories":[33],"tags":[],"class_list":["post-1313","post","type-post","status-publish","format-standard","hentry","category-network"],"yoast_head":"<!-- This site is optimized with the Yoast SEO plugin v27.5 - https:\/\/yoast.com\/product\/yoast-seo-wordpress\/ -->\n<title>L\u2019IISS \u201cPertini Anelli Pinto\u201d forma gli studenti sui pericoli del web - La Voce del Paese<\/title>\n<meta name=\"robots\" content=\"index, follow, max-snippet:-1, max-image-preview:large, max-video-preview:-1\" \/>\n<link rel=\"canonical\" href=\"https:\/\/lavocedelpaese.info\/index.php\/2023\/03\/31\/liiss-pertini-anelli-pinto-forma-gli-studenti-sui-pericoli-del-web\/\" \/>\n<meta property=\"og:locale\" content=\"it_IT\" \/>\n<meta property=\"og:type\" content=\"article\" \/>\n<meta property=\"og:title\" content=\"L\u2019IISS \u201cPertini Anelli Pinto\u201d forma gli studenti sui pericoli del web - La Voce del Paese\" \/>\n<meta property=\"og:description\" content=\"\u00a0 \u200b\u00a0 \u200bTuri \u2013 La Voce del Paese\u00a0 Gli incontri si sono svolti nell\u2019ambito della Rassegna letteraria \u201cDidiario\u201d La vita\" \/>\n<meta property=\"og:url\" content=\"https:\/\/lavocedelpaese.info\/index.php\/2023\/03\/31\/liiss-pertini-anelli-pinto-forma-gli-studenti-sui-pericoli-del-web\/\" \/>\n<meta property=\"og:site_name\" content=\"La Voce del Paese\" \/>\n<meta property=\"article:publisher\" content=\"https:\/\/www.facebook.com\/lavocedelpaese.info\" \/>\n<meta property=\"article:published_time\" content=\"2023-03-31T05:28:59+00:00\" \/>\n<meta name=\"twitter:card\" content=\"summary_large_image\" \/>\n<meta name=\"twitter:label1\" content=\"Tempo di lettura stimato\" \/>\n\t<meta name=\"twitter:data1\" content=\"2 minuti\" \/>\n<script type=\"application\/ld+json\" class=\"yoast-schema-graph\">{\"@context\":\"https:\\\/\\\/schema.org\",\"@graph\":[{\"@type\":\"Article\",\"@id\":\"https:\\\/\\\/lavocedelpaese.info\\\/index.php\\\/2023\\\/03\\\/31\\\/liiss-pertini-anelli-pinto-forma-gli-studenti-sui-pericoli-del-web\\\/#article\",\"isPartOf\":{\"@id\":\"https:\\\/\\\/lavocedelpaese.info\\\/index.php\\\/2023\\\/03\\\/31\\\/liiss-pertini-anelli-pinto-forma-gli-studenti-sui-pericoli-del-web\\\/\"},\"author\":{\"name\":\"\",\"@id\":\"\"},\"headline\":\"L\u2019IISS \u201cPertini Anelli Pinto\u201d forma gli studenti sui pericoli del web\",\"datePublished\":\"2023-03-31T05:28:59+00:00\",\"mainEntityOfPage\":{\"@id\":\"https:\\\/\\\/lavocedelpaese.info\\\/index.php\\\/2023\\\/03\\\/31\\\/liiss-pertini-anelli-pinto-forma-gli-studenti-sui-pericoli-del-web\\\/\"},\"wordCount\":369,\"commentCount\":0,\"publisher\":{\"@id\":\"https:\\\/\\\/lavocedelpaese.info\\\/#organization\"},\"articleSection\":[\"network\"],\"inLanguage\":\"it-IT\",\"potentialAction\":[{\"@type\":\"CommentAction\",\"name\":\"Comment\",\"target\":[\"https:\\\/\\\/lavocedelpaese.info\\\/index.php\\\/2023\\\/03\\\/31\\\/liiss-pertini-anelli-pinto-forma-gli-studenti-sui-pericoli-del-web\\\/#respond\"]}]},{\"@type\":\"WebPage\",\"@id\":\"https:\\\/\\\/lavocedelpaese.info\\\/index.php\\\/2023\\\/03\\\/31\\\/liiss-pertini-anelli-pinto-forma-gli-studenti-sui-pericoli-del-web\\\/\",\"url\":\"https:\\\/\\\/lavocedelpaese.info\\\/index.php\\\/2023\\\/03\\\/31\\\/liiss-pertini-anelli-pinto-forma-gli-studenti-sui-pericoli-del-web\\\/\",\"name\":\"L\u2019IISS \u201cPertini Anelli Pinto\u201d forma gli studenti sui pericoli del web - La Voce del Paese\",\"isPartOf\":{\"@id\":\"https:\\\/\\\/lavocedelpaese.info\\\/#website\"},\"datePublished\":\"2023-03-31T05:28:59+00:00\",\"breadcrumb\":{\"@id\":\"https:\\\/\\\/lavocedelpaese.info\\\/index.php\\\/2023\\\/03\\\/31\\\/liiss-pertini-anelli-pinto-forma-gli-studenti-sui-pericoli-del-web\\\/#breadcrumb\"},\"inLanguage\":\"it-IT\",\"potentialAction\":[{\"@type\":\"ReadAction\",\"target\":[\"https:\\\/\\\/lavocedelpaese.info\\\/index.php\\\/2023\\\/03\\\/31\\\/liiss-pertini-anelli-pinto-forma-gli-studenti-sui-pericoli-del-web\\\/\"]}]},{\"@type\":\"BreadcrumbList\",\"@id\":\"https:\\\/\\\/lavocedelpaese.info\\\/index.php\\\/2023\\\/03\\\/31\\\/liiss-pertini-anelli-pinto-forma-gli-studenti-sui-pericoli-del-web\\\/#breadcrumb\",\"itemListElement\":[{\"@type\":\"ListItem\",\"position\":1,\"name\":\"Home\",\"item\":\"https:\\\/\\\/lavocedelpaese.info\\\/\"},{\"@type\":\"ListItem\",\"position\":2,\"name\":\"L\u2019IISS \u201cPertini Anelli Pinto\u201d forma gli studenti sui pericoli del web\"}]},{\"@type\":\"WebSite\",\"@id\":\"https:\\\/\\\/lavocedelpaese.info\\\/#website\",\"url\":\"https:\\\/\\\/lavocedelpaese.info\\\/\",\"name\":\"La Voce del Paese\",\"description\":\"Un network di idee\",\"publisher\":{\"@id\":\"https:\\\/\\\/lavocedelpaese.info\\\/#organization\"},\"potentialAction\":[{\"@type\":\"SearchAction\",\"target\":{\"@type\":\"EntryPoint\",\"urlTemplate\":\"https:\\\/\\\/lavocedelpaese.info\\\/?s={search_term_string}\"},\"query-input\":{\"@type\":\"PropertyValueSpecification\",\"valueRequired\":true,\"valueName\":\"search_term_string\"}}],\"inLanguage\":\"it-IT\"},{\"@type\":\"Organization\",\"@id\":\"https:\\\/\\\/lavocedelpaese.info\\\/#organization\",\"name\":\"La Voce del Paese\",\"url\":\"https:\\\/\\\/lavocedelpaese.info\\\/\",\"logo\":{\"@type\":\"ImageObject\",\"inLanguage\":\"it-IT\",\"@id\":\"https:\\\/\\\/lavocedelpaese.info\\\/#\\\/schema\\\/logo\\\/image\\\/\",\"url\":\"https:\\\/\\\/lavocedelpaese.info\\\/wp-content\\\/uploads\\\/2023\\\/01\\\/cropped-logo-150-127.png\",\"contentUrl\":\"https:\\\/\\\/lavocedelpaese.info\\\/wp-content\\\/uploads\\\/2023\\\/01\\\/cropped-logo-150-127.png\",\"width\":137,\"height\":119,\"caption\":\"La Voce del Paese\"},\"image\":{\"@id\":\"https:\\\/\\\/lavocedelpaese.info\\\/#\\\/schema\\\/logo\\\/image\\\/\"},\"sameAs\":[\"https:\\\/\\\/www.facebook.com\\\/lavocedelpaese.info\"]}]}<\/script>\n<!-- \/ Yoast SEO plugin. -->","yoast_head_json":{"title":"L\u2019IISS \u201cPertini Anelli Pinto\u201d forma gli studenti sui pericoli del web - La Voce del Paese","robots":{"index":"index","follow":"follow","max-snippet":"max-snippet:-1","max-image-preview":"max-image-preview:large","max-video-preview":"max-video-preview:-1"},"canonical":"https:\/\/lavocedelpaese.info\/index.php\/2023\/03\/31\/liiss-pertini-anelli-pinto-forma-gli-studenti-sui-pericoli-del-web\/","og_locale":"it_IT","og_type":"article","og_title":"L\u2019IISS \u201cPertini Anelli Pinto\u201d forma gli studenti sui pericoli del web - La Voce del Paese","og_description":"\u00a0 \u200b\u00a0 \u200bTuri \u2013 La Voce del Paese\u00a0 Gli incontri si sono svolti nell\u2019ambito della Rassegna letteraria \u201cDidiario\u201d La vita","og_url":"https:\/\/lavocedelpaese.info\/index.php\/2023\/03\/31\/liiss-pertini-anelli-pinto-forma-gli-studenti-sui-pericoli-del-web\/","og_site_name":"La Voce del Paese","article_publisher":"https:\/\/www.facebook.com\/lavocedelpaese.info","article_published_time":"2023-03-31T05:28:59+00:00","twitter_card":"summary_large_image","twitter_misc":{"Tempo di lettura stimato":"2 minuti"},"schema":{"@context":"https:\/\/schema.org","@graph":[{"@type":"Article","@id":"https:\/\/lavocedelpaese.info\/index.php\/2023\/03\/31\/liiss-pertini-anelli-pinto-forma-gli-studenti-sui-pericoli-del-web\/#article","isPartOf":{"@id":"https:\/\/lavocedelpaese.info\/index.php\/2023\/03\/31\/liiss-pertini-anelli-pinto-forma-gli-studenti-sui-pericoli-del-web\/"},"author":{"name":"","@id":""},"headline":"L\u2019IISS \u201cPertini Anelli Pinto\u201d forma gli studenti sui pericoli del web","datePublished":"2023-03-31T05:28:59+00:00","mainEntityOfPage":{"@id":"https:\/\/lavocedelpaese.info\/index.php\/2023\/03\/31\/liiss-pertini-anelli-pinto-forma-gli-studenti-sui-pericoli-del-web\/"},"wordCount":369,"commentCount":0,"publisher":{"@id":"https:\/\/lavocedelpaese.info\/#organization"},"articleSection":["network"],"inLanguage":"it-IT","potentialAction":[{"@type":"CommentAction","name":"Comment","target":["https:\/\/lavocedelpaese.info\/index.php\/2023\/03\/31\/liiss-pertini-anelli-pinto-forma-gli-studenti-sui-pericoli-del-web\/#respond"]}]},{"@type":"WebPage","@id":"https:\/\/lavocedelpaese.info\/index.php\/2023\/03\/31\/liiss-pertini-anelli-pinto-forma-gli-studenti-sui-pericoli-del-web\/","url":"https:\/\/lavocedelpaese.info\/index.php\/2023\/03\/31\/liiss-pertini-anelli-pinto-forma-gli-studenti-sui-pericoli-del-web\/","name":"L\u2019IISS \u201cPertini Anelli Pinto\u201d forma gli studenti sui pericoli del web - La Voce del Paese","isPartOf":{"@id":"https:\/\/lavocedelpaese.info\/#website"},"datePublished":"2023-03-31T05:28:59+00:00","breadcrumb":{"@id":"https:\/\/lavocedelpaese.info\/index.php\/2023\/03\/31\/liiss-pertini-anelli-pinto-forma-gli-studenti-sui-pericoli-del-web\/#breadcrumb"},"inLanguage":"it-IT","potentialAction":[{"@type":"ReadAction","target":["https:\/\/lavocedelpaese.info\/index.php\/2023\/03\/31\/liiss-pertini-anelli-pinto-forma-gli-studenti-sui-pericoli-del-web\/"]}]},{"@type":"BreadcrumbList","@id":"https:\/\/lavocedelpaese.info\/index.php\/2023\/03\/31\/liiss-pertini-anelli-pinto-forma-gli-studenti-sui-pericoli-del-web\/#breadcrumb","itemListElement":[{"@type":"ListItem","position":1,"name":"Home","item":"https:\/\/lavocedelpaese.info\/"},{"@type":"ListItem","position":2,"name":"L\u2019IISS \u201cPertini Anelli Pinto\u201d forma gli studenti sui pericoli del web"}]},{"@type":"WebSite","@id":"https:\/\/lavocedelpaese.info\/#website","url":"https:\/\/lavocedelpaese.info\/","name":"La Voce del Paese","description":"Un network di idee","publisher":{"@id":"https:\/\/lavocedelpaese.info\/#organization"},"potentialAction":[{"@type":"SearchAction","target":{"@type":"EntryPoint","urlTemplate":"https:\/\/lavocedelpaese.info\/?s={search_term_string}"},"query-input":{"@type":"PropertyValueSpecification","valueRequired":true,"valueName":"search_term_string"}}],"inLanguage":"it-IT"},{"@type":"Organization","@id":"https:\/\/lavocedelpaese.info\/#organization","name":"La Voce del Paese","url":"https:\/\/lavocedelpaese.info\/","logo":{"@type":"ImageObject","inLanguage":"it-IT","@id":"https:\/\/lavocedelpaese.info\/#\/schema\/logo\/image\/","url":"https:\/\/lavocedelpaese.info\/wp-content\/uploads\/2023\/01\/cropped-logo-150-127.png","contentUrl":"https:\/\/lavocedelpaese.info\/wp-content\/uploads\/2023\/01\/cropped-logo-150-127.png","width":137,"height":119,"caption":"La Voce del Paese"},"image":{"@id":"https:\/\/lavocedelpaese.info\/#\/schema\/logo\/image\/"},"sameAs":["https:\/\/www.facebook.com\/lavocedelpaese.info"]}]}},"_links":{"self":[{"href":"https:\/\/lavocedelpaese.info\/index.php\/wp-json\/wp\/v2\/posts\/1313","targetHints":{"allow":["GET"]}}],"collection":[{"href":"https:\/\/lavocedelpaese.info\/index.php\/wp-json\/wp\/v2\/posts"}],"about":[{"href":"https:\/\/lavocedelpaese.info\/index.php\/wp-json\/wp\/v2\/types\/post"}],"replies":[{"embeddable":true,"href":"https:\/\/lavocedelpaese.info\/index.php\/wp-json\/wp\/v2\/comments?post=1313"}],"version-history":[{"count":0,"href":"https:\/\/lavocedelpaese.info\/index.php\/wp-json\/wp\/v2\/posts\/1313\/revisions"}],"wp:attachment":[{"href":"https:\/\/lavocedelpaese.info\/index.php\/wp-json\/wp\/v2\/media?parent=1313"}],"wp:term":[{"taxonomy":"category","embeddable":true,"href":"https:\/\/lavocedelpaese.info\/index.php\/wp-json\/wp\/v2\/categories?post=1313"},{"taxonomy":"post_tag","embeddable":true,"href":"https:\/\/lavocedelpaese.info\/index.php\/wp-json\/wp\/v2\/tags?post=1313"}],"curies":[{"name":"wp","href":"https:\/\/api.w.org\/{rel}","templated":true}]}}