{"id":1296,"date":"2023-03-28T10:30:33","date_gmt":"2023-03-28T10:30:33","guid":{"rendered":"https:\/\/lavocedelpaese.info\/index.php\/2023\/03\/28\/quella-notte-alla-fonte-magica-domani-la-presentazione-a-la-feltrinelli-bari\/"},"modified":"2023-03-28T10:30:33","modified_gmt":"2023-03-28T10:30:33","slug":"quella-notte-alla-fonte-magica-domani-la-presentazione-a-la-feltrinelli-bari","status":"publish","type":"post","link":"https:\/\/lavocedelpaese.info\/index.php\/2023\/03\/28\/quella-notte-alla-fonte-magica-domani-la-presentazione-a-la-feltrinelli-bari\/","title":{"rendered":"\u201cQuella notte alla fonte magica\u201d, domani la presentazione a \u2018La Feltrinelli Bari\u2019"},"content":{"rendered":"<p>\u00a0<\/p>\n<p>\u200b\u00a0<\/p>\n<p>\u200bTuri \u2013 La Voce del Paese\u00a0<\/p>\n<p>Mercoled\u00ec 29 marzo ore 18:30, presso <em>La Feltrinelli<\/em> <em>Bari<\/em> in Via Melo 119, sar\u00e0 presentato il libro\u00a0\u201c<em>Quella notte alla fonte magica: <\/em>Acqua Amata, l\u2019inimmaginabile storia di un\u2019eccellenza italiana\u201d, in compagnia del giornalista e scrittore <em>Adriano Moraglio<\/em> e del dott. <em>Matteo Avella<\/em>.<\/p>\n<p>Il volume, pubblicato dall\u2019editore Rubbettino nella sua collana \u201cLa bellezza dell\u2019impresa\u201d, riassume la breve e intensa evoluzione di uno dei casi pi\u00f9 emblematici della recente storia imprenditoriale italiana. Si tratta dell\u2019epopea dell\u2019Acqua Amata, un\u2019azienda nata nel 1996 e, ormai da diversi anni, sempre in evoluzione.<\/p>\n<p>L\u2019intento dell\u2019autore Adriano Moraglio, scrittore e giornalista, \u00e8 di portare il lettore al fianco dell\u2019imprenditore Giovanni Antonio Mazzone, ripercorrendo la storia di questo successo, studiato nei corsi di economia delle pi\u00f9 prestigiose universit\u00e0 italiane.<\/p>\n<p>Non si tratta delle classiche monografie d\u2019impresa, ma di un racconto concepito come un vero romanzo, che mescola sapientemente fatti, ricordi ed emozioni, intrecciando le tappe imprenditoriali con le vicende pi\u00f9 intime: alternando successi del lavoro e momenti di felicit\u00e0 personale a difficolt\u00e0 e sconfitte lavorative.<\/p>\n<p>Durante la serata interverranno durante la serata Valerio Di Cesare, capitano del SSC Bari e Mirco Antenucci, attaccante del SSC Bari.\u00a0<\/p>\n<p>Link all\u2019evento: <a href=\"https:\/\/fb.me\/e\/2iopBnfYs\" target=\"_blank\" rel=\"noopener\">https:\/\/fb.me\/e\/2iopBnfYs<\/a><\/p>\n<div class=\"wp-block-image\">\n<\/div>\n<p><a class=\"a2a_button_facebook\" href=\"https:\/\/www.addtoany.com\/add_to\/facebook?linkurl=https%3A%2F%2Fturi.lavocedelpaese.info%2Fquella-notte-alla-fonte-magica-domani-la-presentazione-a-la-feltrinelli-bari%2F&amp;linkname=%E2%80%9CQuella%20notte%20alla%20fonte%20magica%E2%80%9D%2C%20domani%20la%20presentazione%20a%20%E2%80%98La%20Feltrinelli%20Bari%E2%80%99\" title=\"Facebook\" target=\"_blank\" rel=\"noopener\"><\/a><a class=\"a2a_button_twitter\" href=\"https:\/\/www.addtoany.com\/add_to\/twitter?linkurl=https%3A%2F%2Fturi.lavocedelpaese.info%2Fquella-notte-alla-fonte-magica-domani-la-presentazione-a-la-feltrinelli-bari%2F&amp;linkname=%E2%80%9CQuella%20notte%20alla%20fonte%20magica%E2%80%9D%2C%20domani%20la%20presentazione%20a%20%E2%80%98La%20Feltrinelli%20Bari%E2%80%99\" title=\"Twitter\" target=\"_blank\" rel=\"noopener\"><\/a><a class=\"a2a_button_whatsapp\" href=\"https:\/\/www.addtoany.com\/add_to\/whatsapp?linkurl=https%3A%2F%2Fturi.lavocedelpaese.info%2Fquella-notte-alla-fonte-magica-domani-la-presentazione-a-la-feltrinelli-bari%2F&amp;linkname=%E2%80%9CQuella%20notte%20alla%20fonte%20magica%E2%80%9D%2C%20domani%20la%20presentazione%20a%20%E2%80%98La%20Feltrinelli%20Bari%E2%80%99\" title=\"WhatsApp\" target=\"_blank\" rel=\"noopener\"><\/a><a class=\"a2a_button_telegram\" href=\"https:\/\/www.addtoany.com\/add_to\/telegram?linkurl=https%3A%2F%2Fturi.lavocedelpaese.info%2Fquella-notte-alla-fonte-magica-domani-la-presentazione-a-la-feltrinelli-bari%2F&amp;linkname=%E2%80%9CQuella%20notte%20alla%20fonte%20magica%E2%80%9D%2C%20domani%20la%20presentazione%20a%20%E2%80%98La%20Feltrinelli%20Bari%E2%80%99\" title=\"Telegram\" target=\"_blank\" rel=\"noopener\"><\/a><a class=\"a2a_button_email\" href=\"https:\/\/www.addtoany.com\/add_to\/email?linkurl=https%3A%2F%2Fturi.lavocedelpaese.info%2Fquella-notte-alla-fonte-magica-domani-la-presentazione-a-la-feltrinelli-bari%2F&amp;linkname=%E2%80%9CQuella%20notte%20alla%20fonte%20magica%E2%80%9D%2C%20domani%20la%20presentazione%20a%20%E2%80%98La%20Feltrinelli%20Bari%E2%80%99\" title=\"Email\" target=\"_blank\" rel=\"noopener\"><\/a><\/p>\n<p>\u00a0<\/p>","protected":false},"excerpt":{"rendered":"<p>\u00a0 \u200b\u00a0 \u200bTuri \u2013 La Voce del Paese\u00a0 Mercoled\u00ec 29 marzo ore 18:30, presso La Feltrinelli Bari in Via Melo<\/p>\n","protected":false},"author":0,"featured_media":0,"comment_status":"open","ping_status":"closed","sticky":false,"template":"","format":"standard","meta":{"colormag_page_container_layout":"default_layout","colormag_page_sidebar_layout":"default_layout","footnotes":""},"categories":[33],"tags":[],"class_list":["post-1296","post","type-post","status-publish","format-standard","hentry","category-network"],"yoast_head":"<!-- This site is optimized with the Yoast SEO plugin v27.5 - https:\/\/yoast.com\/product\/yoast-seo-wordpress\/ -->\n<title>\u201cQuella notte alla fonte magica\u201d, domani la presentazione a \u2018La Feltrinelli Bari\u2019 - La Voce del Paese<\/title>\n<meta name=\"robots\" content=\"index, follow, max-snippet:-1, max-image-preview:large, max-video-preview:-1\" \/>\n<link rel=\"canonical\" href=\"https:\/\/lavocedelpaese.info\/index.php\/2023\/03\/28\/quella-notte-alla-fonte-magica-domani-la-presentazione-a-la-feltrinelli-bari\/\" \/>\n<meta property=\"og:locale\" content=\"it_IT\" \/>\n<meta property=\"og:type\" content=\"article\" \/>\n<meta property=\"og:title\" content=\"\u201cQuella notte alla fonte magica\u201d, domani la presentazione a \u2018La Feltrinelli Bari\u2019 - La Voce del Paese\" \/>\n<meta property=\"og:description\" content=\"\u00a0 \u200b\u00a0 \u200bTuri \u2013 La Voce del Paese\u00a0 Mercoled\u00ec 29 marzo ore 18:30, presso La Feltrinelli Bari in Via Melo\" \/>\n<meta property=\"og:url\" content=\"https:\/\/lavocedelpaese.info\/index.php\/2023\/03\/28\/quella-notte-alla-fonte-magica-domani-la-presentazione-a-la-feltrinelli-bari\/\" \/>\n<meta property=\"og:site_name\" content=\"La Voce del Paese\" \/>\n<meta property=\"article:publisher\" content=\"https:\/\/www.facebook.com\/lavocedelpaese.info\" \/>\n<meta property=\"article:published_time\" content=\"2023-03-28T10:30:33+00:00\" \/>\n<meta name=\"twitter:card\" content=\"summary_large_image\" \/>\n<meta name=\"twitter:label1\" content=\"Tempo di lettura stimato\" \/>\n\t<meta name=\"twitter:data1\" content=\"1 minuto\" \/>\n<script type=\"application\/ld+json\" class=\"yoast-schema-graph\">{\"@context\":\"https:\\\/\\\/schema.org\",\"@graph\":[{\"@type\":\"Article\",\"@id\":\"https:\\\/\\\/lavocedelpaese.info\\\/index.php\\\/2023\\\/03\\\/28\\\/quella-notte-alla-fonte-magica-domani-la-presentazione-a-la-feltrinelli-bari\\\/#article\",\"isPartOf\":{\"@id\":\"https:\\\/\\\/lavocedelpaese.info\\\/index.php\\\/2023\\\/03\\\/28\\\/quella-notte-alla-fonte-magica-domani-la-presentazione-a-la-feltrinelli-bari\\\/\"},\"author\":{\"name\":\"\",\"@id\":\"\"},\"headline\":\"\u201cQuella notte alla fonte magica\u201d, domani la presentazione a \u2018La Feltrinelli Bari\u2019\",\"datePublished\":\"2023-03-28T10:30:33+00:00\",\"mainEntityOfPage\":{\"@id\":\"https:\\\/\\\/lavocedelpaese.info\\\/index.php\\\/2023\\\/03\\\/28\\\/quella-notte-alla-fonte-magica-domani-la-presentazione-a-la-feltrinelli-bari\\\/\"},\"wordCount\":219,\"commentCount\":0,\"publisher\":{\"@id\":\"https:\\\/\\\/lavocedelpaese.info\\\/#organization\"},\"articleSection\":[\"network\"],\"inLanguage\":\"it-IT\",\"potentialAction\":[{\"@type\":\"CommentAction\",\"name\":\"Comment\",\"target\":[\"https:\\\/\\\/lavocedelpaese.info\\\/index.php\\\/2023\\\/03\\\/28\\\/quella-notte-alla-fonte-magica-domani-la-presentazione-a-la-feltrinelli-bari\\\/#respond\"]}]},{\"@type\":\"WebPage\",\"@id\":\"https:\\\/\\\/lavocedelpaese.info\\\/index.php\\\/2023\\\/03\\\/28\\\/quella-notte-alla-fonte-magica-domani-la-presentazione-a-la-feltrinelli-bari\\\/\",\"url\":\"https:\\\/\\\/lavocedelpaese.info\\\/index.php\\\/2023\\\/03\\\/28\\\/quella-notte-alla-fonte-magica-domani-la-presentazione-a-la-feltrinelli-bari\\\/\",\"name\":\"\u201cQuella notte alla fonte magica\u201d, domani la presentazione a \u2018La Feltrinelli Bari\u2019 - La Voce del Paese\",\"isPartOf\":{\"@id\":\"https:\\\/\\\/lavocedelpaese.info\\\/#website\"},\"datePublished\":\"2023-03-28T10:30:33+00:00\",\"breadcrumb\":{\"@id\":\"https:\\\/\\\/lavocedelpaese.info\\\/index.php\\\/2023\\\/03\\\/28\\\/quella-notte-alla-fonte-magica-domani-la-presentazione-a-la-feltrinelli-bari\\\/#breadcrumb\"},\"inLanguage\":\"it-IT\",\"potentialAction\":[{\"@type\":\"ReadAction\",\"target\":[\"https:\\\/\\\/lavocedelpaese.info\\\/index.php\\\/2023\\\/03\\\/28\\\/quella-notte-alla-fonte-magica-domani-la-presentazione-a-la-feltrinelli-bari\\\/\"]}]},{\"@type\":\"BreadcrumbList\",\"@id\":\"https:\\\/\\\/lavocedelpaese.info\\\/index.php\\\/2023\\\/03\\\/28\\\/quella-notte-alla-fonte-magica-domani-la-presentazione-a-la-feltrinelli-bari\\\/#breadcrumb\",\"itemListElement\":[{\"@type\":\"ListItem\",\"position\":1,\"name\":\"Home\",\"item\":\"https:\\\/\\\/lavocedelpaese.info\\\/\"},{\"@type\":\"ListItem\",\"position\":2,\"name\":\"\u201cQuella notte alla fonte magica\u201d, domani la presentazione a \u2018La Feltrinelli Bari\u2019\"}]},{\"@type\":\"WebSite\",\"@id\":\"https:\\\/\\\/lavocedelpaese.info\\\/#website\",\"url\":\"https:\\\/\\\/lavocedelpaese.info\\\/\",\"name\":\"La Voce del Paese\",\"description\":\"Un network di idee\",\"publisher\":{\"@id\":\"https:\\\/\\\/lavocedelpaese.info\\\/#organization\"},\"potentialAction\":[{\"@type\":\"SearchAction\",\"target\":{\"@type\":\"EntryPoint\",\"urlTemplate\":\"https:\\\/\\\/lavocedelpaese.info\\\/?s={search_term_string}\"},\"query-input\":{\"@type\":\"PropertyValueSpecification\",\"valueRequired\":true,\"valueName\":\"search_term_string\"}}],\"inLanguage\":\"it-IT\"},{\"@type\":\"Organization\",\"@id\":\"https:\\\/\\\/lavocedelpaese.info\\\/#organization\",\"name\":\"La Voce del Paese\",\"url\":\"https:\\\/\\\/lavocedelpaese.info\\\/\",\"logo\":{\"@type\":\"ImageObject\",\"inLanguage\":\"it-IT\",\"@id\":\"https:\\\/\\\/lavocedelpaese.info\\\/#\\\/schema\\\/logo\\\/image\\\/\",\"url\":\"https:\\\/\\\/lavocedelpaese.info\\\/wp-content\\\/uploads\\\/2023\\\/01\\\/cropped-logo-150-127.png\",\"contentUrl\":\"https:\\\/\\\/lavocedelpaese.info\\\/wp-content\\\/uploads\\\/2023\\\/01\\\/cropped-logo-150-127.png\",\"width\":137,\"height\":119,\"caption\":\"La Voce del Paese\"},\"image\":{\"@id\":\"https:\\\/\\\/lavocedelpaese.info\\\/#\\\/schema\\\/logo\\\/image\\\/\"},\"sameAs\":[\"https:\\\/\\\/www.facebook.com\\\/lavocedelpaese.info\"]}]}<\/script>\n<!-- \/ Yoast SEO plugin. -->","yoast_head_json":{"title":"\u201cQuella notte alla fonte magica\u201d, domani la presentazione a \u2018La Feltrinelli Bari\u2019 - La Voce del Paese","robots":{"index":"index","follow":"follow","max-snippet":"max-snippet:-1","max-image-preview":"max-image-preview:large","max-video-preview":"max-video-preview:-1"},"canonical":"https:\/\/lavocedelpaese.info\/index.php\/2023\/03\/28\/quella-notte-alla-fonte-magica-domani-la-presentazione-a-la-feltrinelli-bari\/","og_locale":"it_IT","og_type":"article","og_title":"\u201cQuella notte alla fonte magica\u201d, domani la presentazione a \u2018La Feltrinelli Bari\u2019 - La Voce del Paese","og_description":"\u00a0 \u200b\u00a0 \u200bTuri \u2013 La Voce del Paese\u00a0 Mercoled\u00ec 29 marzo ore 18:30, presso La Feltrinelli Bari in Via Melo","og_url":"https:\/\/lavocedelpaese.info\/index.php\/2023\/03\/28\/quella-notte-alla-fonte-magica-domani-la-presentazione-a-la-feltrinelli-bari\/","og_site_name":"La Voce del Paese","article_publisher":"https:\/\/www.facebook.com\/lavocedelpaese.info","article_published_time":"2023-03-28T10:30:33+00:00","twitter_card":"summary_large_image","twitter_misc":{"Tempo di lettura stimato":"1 minuto"},"schema":{"@context":"https:\/\/schema.org","@graph":[{"@type":"Article","@id":"https:\/\/lavocedelpaese.info\/index.php\/2023\/03\/28\/quella-notte-alla-fonte-magica-domani-la-presentazione-a-la-feltrinelli-bari\/#article","isPartOf":{"@id":"https:\/\/lavocedelpaese.info\/index.php\/2023\/03\/28\/quella-notte-alla-fonte-magica-domani-la-presentazione-a-la-feltrinelli-bari\/"},"author":{"name":"","@id":""},"headline":"\u201cQuella notte alla fonte magica\u201d, domani la presentazione a \u2018La Feltrinelli Bari\u2019","datePublished":"2023-03-28T10:30:33+00:00","mainEntityOfPage":{"@id":"https:\/\/lavocedelpaese.info\/index.php\/2023\/03\/28\/quella-notte-alla-fonte-magica-domani-la-presentazione-a-la-feltrinelli-bari\/"},"wordCount":219,"commentCount":0,"publisher":{"@id":"https:\/\/lavocedelpaese.info\/#organization"},"articleSection":["network"],"inLanguage":"it-IT","potentialAction":[{"@type":"CommentAction","name":"Comment","target":["https:\/\/lavocedelpaese.info\/index.php\/2023\/03\/28\/quella-notte-alla-fonte-magica-domani-la-presentazione-a-la-feltrinelli-bari\/#respond"]}]},{"@type":"WebPage","@id":"https:\/\/lavocedelpaese.info\/index.php\/2023\/03\/28\/quella-notte-alla-fonte-magica-domani-la-presentazione-a-la-feltrinelli-bari\/","url":"https:\/\/lavocedelpaese.info\/index.php\/2023\/03\/28\/quella-notte-alla-fonte-magica-domani-la-presentazione-a-la-feltrinelli-bari\/","name":"\u201cQuella notte alla fonte magica\u201d, domani la presentazione a \u2018La Feltrinelli Bari\u2019 - La Voce del Paese","isPartOf":{"@id":"https:\/\/lavocedelpaese.info\/#website"},"datePublished":"2023-03-28T10:30:33+00:00","breadcrumb":{"@id":"https:\/\/lavocedelpaese.info\/index.php\/2023\/03\/28\/quella-notte-alla-fonte-magica-domani-la-presentazione-a-la-feltrinelli-bari\/#breadcrumb"},"inLanguage":"it-IT","potentialAction":[{"@type":"ReadAction","target":["https:\/\/lavocedelpaese.info\/index.php\/2023\/03\/28\/quella-notte-alla-fonte-magica-domani-la-presentazione-a-la-feltrinelli-bari\/"]}]},{"@type":"BreadcrumbList","@id":"https:\/\/lavocedelpaese.info\/index.php\/2023\/03\/28\/quella-notte-alla-fonte-magica-domani-la-presentazione-a-la-feltrinelli-bari\/#breadcrumb","itemListElement":[{"@type":"ListItem","position":1,"name":"Home","item":"https:\/\/lavocedelpaese.info\/"},{"@type":"ListItem","position":2,"name":"\u201cQuella notte alla fonte magica\u201d, domani la presentazione a \u2018La Feltrinelli Bari\u2019"}]},{"@type":"WebSite","@id":"https:\/\/lavocedelpaese.info\/#website","url":"https:\/\/lavocedelpaese.info\/","name":"La Voce del Paese","description":"Un network di idee","publisher":{"@id":"https:\/\/lavocedelpaese.info\/#organization"},"potentialAction":[{"@type":"SearchAction","target":{"@type":"EntryPoint","urlTemplate":"https:\/\/lavocedelpaese.info\/?s={search_term_string}"},"query-input":{"@type":"PropertyValueSpecification","valueRequired":true,"valueName":"search_term_string"}}],"inLanguage":"it-IT"},{"@type":"Organization","@id":"https:\/\/lavocedelpaese.info\/#organization","name":"La Voce del Paese","url":"https:\/\/lavocedelpaese.info\/","logo":{"@type":"ImageObject","inLanguage":"it-IT","@id":"https:\/\/lavocedelpaese.info\/#\/schema\/logo\/image\/","url":"https:\/\/lavocedelpaese.info\/wp-content\/uploads\/2023\/01\/cropped-logo-150-127.png","contentUrl":"https:\/\/lavocedelpaese.info\/wp-content\/uploads\/2023\/01\/cropped-logo-150-127.png","width":137,"height":119,"caption":"La Voce del Paese"},"image":{"@id":"https:\/\/lavocedelpaese.info\/#\/schema\/logo\/image\/"},"sameAs":["https:\/\/www.facebook.com\/lavocedelpaese.info"]}]}},"_links":{"self":[{"href":"https:\/\/lavocedelpaese.info\/index.php\/wp-json\/wp\/v2\/posts\/1296","targetHints":{"allow":["GET"]}}],"collection":[{"href":"https:\/\/lavocedelpaese.info\/index.php\/wp-json\/wp\/v2\/posts"}],"about":[{"href":"https:\/\/lavocedelpaese.info\/index.php\/wp-json\/wp\/v2\/types\/post"}],"replies":[{"embeddable":true,"href":"https:\/\/lavocedelpaese.info\/index.php\/wp-json\/wp\/v2\/comments?post=1296"}],"version-history":[{"count":0,"href":"https:\/\/lavocedelpaese.info\/index.php\/wp-json\/wp\/v2\/posts\/1296\/revisions"}],"wp:attachment":[{"href":"https:\/\/lavocedelpaese.info\/index.php\/wp-json\/wp\/v2\/media?parent=1296"}],"wp:term":[{"taxonomy":"category","embeddable":true,"href":"https:\/\/lavocedelpaese.info\/index.php\/wp-json\/wp\/v2\/categories?post=1296"},{"taxonomy":"post_tag","embeddable":true,"href":"https:\/\/lavocedelpaese.info\/index.php\/wp-json\/wp\/v2\/tags?post=1296"}],"curies":[{"name":"wp","href":"https:\/\/api.w.org\/{rel}","templated":true}]}}