{"id":1290,"date":"2023-03-26T10:32:33","date_gmt":"2023-03-26T10:32:33","guid":{"rendered":"https:\/\/lavocedelpaese.info\/index.php\/2023\/03\/26\/500-alberi-per-500-scuole-ad-acquaviva-fotogallery\/"},"modified":"2023-03-26T10:32:33","modified_gmt":"2023-03-26T10:32:33","slug":"500-alberi-per-500-scuole-ad-acquaviva-fotogallery","status":"publish","type":"post","link":"https:\/\/lavocedelpaese.info\/index.php\/2023\/03\/26\/500-alberi-per-500-scuole-ad-acquaviva-fotogallery\/","title":{"rendered":"\u201c500 alberi per 500 scuole\u201d ad Acquaviva: Fotogallery"},"content":{"rendered":"<p>\u00a0<\/p>\n<p>\u200b\u00a0<\/p>\n<p>\u200bAcquaviva \u2013 La Voce del Paese\u00a0<\/p>\n<p>Nella mattinata di venerd\u00ec 24 marzo 2023 si \u00e8 tenuto presso la scuola infanzia di Via Coccioli ad Acquaviva delle Fonti un bellissimo evento che ha visto protagonisti circa 250 alunni delle scuole infanzia, primaria e secondaria di primo grado dell\u2019Istituto comprensivo \u201cDe Amicis \u2013 Giovanni XXIII\u201d di Acquaviva delle Fonti.<\/p>\n<p>Una mattinata ricca di emozioni dove abbiamo ricordato l\u2019importanza di piantare alberi per il nostro pianeta, mettendo a dimora nel giardino del plesso 1 albero di Ulivo e 2 Corbezzoli donati all\u2019associazione Plastic Free Odv Onlus da Beleafing e Sicit Group, due aziende venete leader nel settore dell\u2019economia circolare.<\/p>\n<p>L\u2019evento rientra nel progetto nazionale \u201c500 alberi per 500 scuole\u201d che vede 500 scuole di tutta Italia beneficiarie di 500 alberelli (ed i numeri aumentano sempre pi\u00f9).<\/p>\n<p>Hanno presenziato l\u2019evento anche la dirigente scolastica prof.ssa Valeria Brunetti ed il sindaco dott. Davide Carlucci.<\/p>\n<p>Dopo un bellissimo canto iniziale da parte dei bambini delle seconde primarie Luciani e De Amicis, una filastrocca e dei pensieri spontanei recitati dai bambini, siamo passati all\u2019attivit\u00e0 pratica vera e propria di messa a dimora. I bambini hanno fatto dei cerchi intorno agli alberelli e celebrato tenendosi per mano questi importanti momenti con gioia ed entusiasmo.<\/p>\n<p>Piantare un alberello \u00e8 piantare una speranza, dovremmo tenerlo tutti a mente, soprattutto noi adulti e ricordarci di fare pi\u00f9 spesso questi gesti anzich\u00e9 disperdere oggetti e rifiuti nell\u2019ambiente, acquistare ed utilizzare meno prodotti usa e getta, differenziare meglio, fare passaparola.<\/p>\n<p>Ringrazio, per concludere, il sindaco di Acquaviva, la dirigente scolastica del I Circolo, Plastic Free, Beleafing e Sicit Group, Studio Mauna del dott. Flavio Lassandro che supporta sempre le nostre iniziative e ci ha permesso di acquistare 100 cappellini da donare ai bambini durante la manifestazione, le insegnanti e i genitori che si sono prodigati per la buona riuscita dell\u2019evento e la mia collega referente di Gioia del Colle, Elisabetta Carnicelli, per il sostegno costante alle mie iniziative.<\/p>\n<p class=\"has-text-align-right\"><strong>Silvana Ferrante<\/strong><\/p>\n<p class=\"has-text-align-right\"><strong>Referente provinciale Bari e Acquaviva delle Fonti\u00a0<\/strong><\/p>\n\n\n<p>Alcune foto dell\u2019evento di piantumazione alberelli di stamattina ad Acquaviva delle Fonti, nell\u2019ambito del progetto di sensibilizzazione \u201c500 alberi per 500 scuole\u201d di Plastic Free con le aziende Beleafing e Sicit group.<\/p>\n\n<p><a class=\"a2a_button_facebook\" href=\"https:\/\/www.addtoany.com\/add_to\/facebook?linkurl=https%3A%2F%2Facquaviva.lavocedelpaese.info%2Findex.php%2F2023%2F03%2F25%2F500-alberi-per-500-scuole-ad-acquaviva-fotogallery%2F&amp;linkname=%E2%80%9C500%20alberi%20per%20500%20scuole%E2%80%9D%20ad%20Acquaviva%3A%20Fotogallery\" title=\"Facebook\" target=\"_blank\" rel=\"noopener\"><\/a><a class=\"a2a_button_twitter\" href=\"https:\/\/www.addtoany.com\/add_to\/twitter?linkurl=https%3A%2F%2Facquaviva.lavocedelpaese.info%2Findex.php%2F2023%2F03%2F25%2F500-alberi-per-500-scuole-ad-acquaviva-fotogallery%2F&amp;linkname=%E2%80%9C500%20alberi%20per%20500%20scuole%E2%80%9D%20ad%20Acquaviva%3A%20Fotogallery\" title=\"Twitter\" target=\"_blank\" rel=\"noopener\"><\/a><a class=\"a2a_button_whatsapp\" href=\"https:\/\/www.addtoany.com\/add_to\/whatsapp?linkurl=https%3A%2F%2Facquaviva.lavocedelpaese.info%2Findex.php%2F2023%2F03%2F25%2F500-alberi-per-500-scuole-ad-acquaviva-fotogallery%2F&amp;linkname=%E2%80%9C500%20alberi%20per%20500%20scuole%E2%80%9D%20ad%20Acquaviva%3A%20Fotogallery\" title=\"WhatsApp\" target=\"_blank\" rel=\"noopener\"><\/a><a class=\"a2a_button_telegram\" href=\"https:\/\/www.addtoany.com\/add_to\/telegram?linkurl=https%3A%2F%2Facquaviva.lavocedelpaese.info%2Findex.php%2F2023%2F03%2F25%2F500-alberi-per-500-scuole-ad-acquaviva-fotogallery%2F&amp;linkname=%E2%80%9C500%20alberi%20per%20500%20scuole%E2%80%9D%20ad%20Acquaviva%3A%20Fotogallery\" title=\"Telegram\" target=\"_blank\" rel=\"noopener\"><\/a><a class=\"a2a_button_email\" href=\"https:\/\/www.addtoany.com\/add_to\/email?linkurl=https%3A%2F%2Facquaviva.lavocedelpaese.info%2Findex.php%2F2023%2F03%2F25%2F500-alberi-per-500-scuole-ad-acquaviva-fotogallery%2F&amp;linkname=%E2%80%9C500%20alberi%20per%20500%20scuole%E2%80%9D%20ad%20Acquaviva%3A%20Fotogallery\" title=\"Email\" target=\"_blank\" rel=\"noopener\"><\/a><\/p>\n<p>\u00a0<\/p>","protected":false},"excerpt":{"rendered":"<p>\u00a0 \u200b\u00a0 \u200bAcquaviva \u2013 La Voce del Paese\u00a0 Nella mattinata di venerd\u00ec 24 marzo 2023 si \u00e8 tenuto presso la<\/p>\n","protected":false},"author":0,"featured_media":0,"comment_status":"open","ping_status":"closed","sticky":false,"template":"","format":"standard","meta":{"colormag_page_container_layout":"default_layout","colormag_page_sidebar_layout":"default_layout","footnotes":""},"categories":[33],"tags":[],"class_list":["post-1290","post","type-post","status-publish","format-standard","hentry","category-network"],"yoast_head":"<!-- This site is optimized with the Yoast SEO plugin v27.5 - https:\/\/yoast.com\/product\/yoast-seo-wordpress\/ -->\n<title>\u201c500 alberi per 500 scuole\u201d ad Acquaviva: Fotogallery - La Voce del Paese<\/title>\n<meta name=\"robots\" content=\"index, follow, max-snippet:-1, max-image-preview:large, max-video-preview:-1\" \/>\n<link rel=\"canonical\" href=\"https:\/\/lavocedelpaese.info\/index.php\/2023\/03\/26\/500-alberi-per-500-scuole-ad-acquaviva-fotogallery\/\" \/>\n<meta property=\"og:locale\" content=\"it_IT\" \/>\n<meta property=\"og:type\" content=\"article\" \/>\n<meta property=\"og:title\" content=\"\u201c500 alberi per 500 scuole\u201d ad Acquaviva: Fotogallery - La Voce del Paese\" \/>\n<meta property=\"og:description\" content=\"\u00a0 \u200b\u00a0 \u200bAcquaviva \u2013 La Voce del Paese\u00a0 Nella mattinata di venerd\u00ec 24 marzo 2023 si \u00e8 tenuto presso la\" \/>\n<meta property=\"og:url\" content=\"https:\/\/lavocedelpaese.info\/index.php\/2023\/03\/26\/500-alberi-per-500-scuole-ad-acquaviva-fotogallery\/\" \/>\n<meta property=\"og:site_name\" content=\"La Voce del Paese\" \/>\n<meta property=\"article:publisher\" content=\"https:\/\/www.facebook.com\/lavocedelpaese.info\" \/>\n<meta property=\"article:published_time\" content=\"2023-03-26T10:32:33+00:00\" \/>\n<meta name=\"twitter:card\" content=\"summary_large_image\" \/>\n<meta name=\"twitter:label1\" content=\"Tempo di lettura stimato\" \/>\n\t<meta name=\"twitter:data1\" content=\"2 minuti\" \/>\n<script type=\"application\/ld+json\" class=\"yoast-schema-graph\">{\"@context\":\"https:\\\/\\\/schema.org\",\"@graph\":[{\"@type\":\"Article\",\"@id\":\"https:\\\/\\\/lavocedelpaese.info\\\/index.php\\\/2023\\\/03\\\/26\\\/500-alberi-per-500-scuole-ad-acquaviva-fotogallery\\\/#article\",\"isPartOf\":{\"@id\":\"https:\\\/\\\/lavocedelpaese.info\\\/index.php\\\/2023\\\/03\\\/26\\\/500-alberi-per-500-scuole-ad-acquaviva-fotogallery\\\/\"},\"author\":{\"name\":\"\",\"@id\":\"\"},\"headline\":\"\u201c500 alberi per 500 scuole\u201d ad Acquaviva: Fotogallery\",\"datePublished\":\"2023-03-26T10:32:33+00:00\",\"mainEntityOfPage\":{\"@id\":\"https:\\\/\\\/lavocedelpaese.info\\\/index.php\\\/2023\\\/03\\\/26\\\/500-alberi-per-500-scuole-ad-acquaviva-fotogallery\\\/\"},\"wordCount\":368,\"commentCount\":0,\"publisher\":{\"@id\":\"https:\\\/\\\/lavocedelpaese.info\\\/#organization\"},\"articleSection\":[\"network\"],\"inLanguage\":\"it-IT\",\"potentialAction\":[{\"@type\":\"CommentAction\",\"name\":\"Comment\",\"target\":[\"https:\\\/\\\/lavocedelpaese.info\\\/index.php\\\/2023\\\/03\\\/26\\\/500-alberi-per-500-scuole-ad-acquaviva-fotogallery\\\/#respond\"]}]},{\"@type\":\"WebPage\",\"@id\":\"https:\\\/\\\/lavocedelpaese.info\\\/index.php\\\/2023\\\/03\\\/26\\\/500-alberi-per-500-scuole-ad-acquaviva-fotogallery\\\/\",\"url\":\"https:\\\/\\\/lavocedelpaese.info\\\/index.php\\\/2023\\\/03\\\/26\\\/500-alberi-per-500-scuole-ad-acquaviva-fotogallery\\\/\",\"name\":\"\u201c500 alberi per 500 scuole\u201d ad Acquaviva: Fotogallery - La Voce del Paese\",\"isPartOf\":{\"@id\":\"https:\\\/\\\/lavocedelpaese.info\\\/#website\"},\"datePublished\":\"2023-03-26T10:32:33+00:00\",\"breadcrumb\":{\"@id\":\"https:\\\/\\\/lavocedelpaese.info\\\/index.php\\\/2023\\\/03\\\/26\\\/500-alberi-per-500-scuole-ad-acquaviva-fotogallery\\\/#breadcrumb\"},\"inLanguage\":\"it-IT\",\"potentialAction\":[{\"@type\":\"ReadAction\",\"target\":[\"https:\\\/\\\/lavocedelpaese.info\\\/index.php\\\/2023\\\/03\\\/26\\\/500-alberi-per-500-scuole-ad-acquaviva-fotogallery\\\/\"]}]},{\"@type\":\"BreadcrumbList\",\"@id\":\"https:\\\/\\\/lavocedelpaese.info\\\/index.php\\\/2023\\\/03\\\/26\\\/500-alberi-per-500-scuole-ad-acquaviva-fotogallery\\\/#breadcrumb\",\"itemListElement\":[{\"@type\":\"ListItem\",\"position\":1,\"name\":\"Home\",\"item\":\"https:\\\/\\\/lavocedelpaese.info\\\/\"},{\"@type\":\"ListItem\",\"position\":2,\"name\":\"\u201c500 alberi per 500 scuole\u201d ad Acquaviva: Fotogallery\"}]},{\"@type\":\"WebSite\",\"@id\":\"https:\\\/\\\/lavocedelpaese.info\\\/#website\",\"url\":\"https:\\\/\\\/lavocedelpaese.info\\\/\",\"name\":\"La Voce del Paese\",\"description\":\"Un network di idee\",\"publisher\":{\"@id\":\"https:\\\/\\\/lavocedelpaese.info\\\/#organization\"},\"potentialAction\":[{\"@type\":\"SearchAction\",\"target\":{\"@type\":\"EntryPoint\",\"urlTemplate\":\"https:\\\/\\\/lavocedelpaese.info\\\/?s={search_term_string}\"},\"query-input\":{\"@type\":\"PropertyValueSpecification\",\"valueRequired\":true,\"valueName\":\"search_term_string\"}}],\"inLanguage\":\"it-IT\"},{\"@type\":\"Organization\",\"@id\":\"https:\\\/\\\/lavocedelpaese.info\\\/#organization\",\"name\":\"La Voce del Paese\",\"url\":\"https:\\\/\\\/lavocedelpaese.info\\\/\",\"logo\":{\"@type\":\"ImageObject\",\"inLanguage\":\"it-IT\",\"@id\":\"https:\\\/\\\/lavocedelpaese.info\\\/#\\\/schema\\\/logo\\\/image\\\/\",\"url\":\"https:\\\/\\\/lavocedelpaese.info\\\/wp-content\\\/uploads\\\/2023\\\/01\\\/cropped-logo-150-127.png\",\"contentUrl\":\"https:\\\/\\\/lavocedelpaese.info\\\/wp-content\\\/uploads\\\/2023\\\/01\\\/cropped-logo-150-127.png\",\"width\":137,\"height\":119,\"caption\":\"La Voce del Paese\"},\"image\":{\"@id\":\"https:\\\/\\\/lavocedelpaese.info\\\/#\\\/schema\\\/logo\\\/image\\\/\"},\"sameAs\":[\"https:\\\/\\\/www.facebook.com\\\/lavocedelpaese.info\"]}]}<\/script>\n<!-- \/ Yoast SEO plugin. -->","yoast_head_json":{"title":"\u201c500 alberi per 500 scuole\u201d ad Acquaviva: Fotogallery - La Voce del Paese","robots":{"index":"index","follow":"follow","max-snippet":"max-snippet:-1","max-image-preview":"max-image-preview:large","max-video-preview":"max-video-preview:-1"},"canonical":"https:\/\/lavocedelpaese.info\/index.php\/2023\/03\/26\/500-alberi-per-500-scuole-ad-acquaviva-fotogallery\/","og_locale":"it_IT","og_type":"article","og_title":"\u201c500 alberi per 500 scuole\u201d ad Acquaviva: Fotogallery - La Voce del Paese","og_description":"\u00a0 \u200b\u00a0 \u200bAcquaviva \u2013 La Voce del Paese\u00a0 Nella mattinata di venerd\u00ec 24 marzo 2023 si \u00e8 tenuto presso la","og_url":"https:\/\/lavocedelpaese.info\/index.php\/2023\/03\/26\/500-alberi-per-500-scuole-ad-acquaviva-fotogallery\/","og_site_name":"La Voce del Paese","article_publisher":"https:\/\/www.facebook.com\/lavocedelpaese.info","article_published_time":"2023-03-26T10:32:33+00:00","twitter_card":"summary_large_image","twitter_misc":{"Tempo di lettura stimato":"2 minuti"},"schema":{"@context":"https:\/\/schema.org","@graph":[{"@type":"Article","@id":"https:\/\/lavocedelpaese.info\/index.php\/2023\/03\/26\/500-alberi-per-500-scuole-ad-acquaviva-fotogallery\/#article","isPartOf":{"@id":"https:\/\/lavocedelpaese.info\/index.php\/2023\/03\/26\/500-alberi-per-500-scuole-ad-acquaviva-fotogallery\/"},"author":{"name":"","@id":""},"headline":"\u201c500 alberi per 500 scuole\u201d ad Acquaviva: Fotogallery","datePublished":"2023-03-26T10:32:33+00:00","mainEntityOfPage":{"@id":"https:\/\/lavocedelpaese.info\/index.php\/2023\/03\/26\/500-alberi-per-500-scuole-ad-acquaviva-fotogallery\/"},"wordCount":368,"commentCount":0,"publisher":{"@id":"https:\/\/lavocedelpaese.info\/#organization"},"articleSection":["network"],"inLanguage":"it-IT","potentialAction":[{"@type":"CommentAction","name":"Comment","target":["https:\/\/lavocedelpaese.info\/index.php\/2023\/03\/26\/500-alberi-per-500-scuole-ad-acquaviva-fotogallery\/#respond"]}]},{"@type":"WebPage","@id":"https:\/\/lavocedelpaese.info\/index.php\/2023\/03\/26\/500-alberi-per-500-scuole-ad-acquaviva-fotogallery\/","url":"https:\/\/lavocedelpaese.info\/index.php\/2023\/03\/26\/500-alberi-per-500-scuole-ad-acquaviva-fotogallery\/","name":"\u201c500 alberi per 500 scuole\u201d ad Acquaviva: Fotogallery - La Voce del Paese","isPartOf":{"@id":"https:\/\/lavocedelpaese.info\/#website"},"datePublished":"2023-03-26T10:32:33+00:00","breadcrumb":{"@id":"https:\/\/lavocedelpaese.info\/index.php\/2023\/03\/26\/500-alberi-per-500-scuole-ad-acquaviva-fotogallery\/#breadcrumb"},"inLanguage":"it-IT","potentialAction":[{"@type":"ReadAction","target":["https:\/\/lavocedelpaese.info\/index.php\/2023\/03\/26\/500-alberi-per-500-scuole-ad-acquaviva-fotogallery\/"]}]},{"@type":"BreadcrumbList","@id":"https:\/\/lavocedelpaese.info\/index.php\/2023\/03\/26\/500-alberi-per-500-scuole-ad-acquaviva-fotogallery\/#breadcrumb","itemListElement":[{"@type":"ListItem","position":1,"name":"Home","item":"https:\/\/lavocedelpaese.info\/"},{"@type":"ListItem","position":2,"name":"\u201c500 alberi per 500 scuole\u201d ad Acquaviva: Fotogallery"}]},{"@type":"WebSite","@id":"https:\/\/lavocedelpaese.info\/#website","url":"https:\/\/lavocedelpaese.info\/","name":"La Voce del Paese","description":"Un network di idee","publisher":{"@id":"https:\/\/lavocedelpaese.info\/#organization"},"potentialAction":[{"@type":"SearchAction","target":{"@type":"EntryPoint","urlTemplate":"https:\/\/lavocedelpaese.info\/?s={search_term_string}"},"query-input":{"@type":"PropertyValueSpecification","valueRequired":true,"valueName":"search_term_string"}}],"inLanguage":"it-IT"},{"@type":"Organization","@id":"https:\/\/lavocedelpaese.info\/#organization","name":"La Voce del Paese","url":"https:\/\/lavocedelpaese.info\/","logo":{"@type":"ImageObject","inLanguage":"it-IT","@id":"https:\/\/lavocedelpaese.info\/#\/schema\/logo\/image\/","url":"https:\/\/lavocedelpaese.info\/wp-content\/uploads\/2023\/01\/cropped-logo-150-127.png","contentUrl":"https:\/\/lavocedelpaese.info\/wp-content\/uploads\/2023\/01\/cropped-logo-150-127.png","width":137,"height":119,"caption":"La Voce del Paese"},"image":{"@id":"https:\/\/lavocedelpaese.info\/#\/schema\/logo\/image\/"},"sameAs":["https:\/\/www.facebook.com\/lavocedelpaese.info"]}]}},"_links":{"self":[{"href":"https:\/\/lavocedelpaese.info\/index.php\/wp-json\/wp\/v2\/posts\/1290","targetHints":{"allow":["GET"]}}],"collection":[{"href":"https:\/\/lavocedelpaese.info\/index.php\/wp-json\/wp\/v2\/posts"}],"about":[{"href":"https:\/\/lavocedelpaese.info\/index.php\/wp-json\/wp\/v2\/types\/post"}],"replies":[{"embeddable":true,"href":"https:\/\/lavocedelpaese.info\/index.php\/wp-json\/wp\/v2\/comments?post=1290"}],"version-history":[{"count":0,"href":"https:\/\/lavocedelpaese.info\/index.php\/wp-json\/wp\/v2\/posts\/1290\/revisions"}],"wp:attachment":[{"href":"https:\/\/lavocedelpaese.info\/index.php\/wp-json\/wp\/v2\/media?parent=1290"}],"wp:term":[{"taxonomy":"category","embeddable":true,"href":"https:\/\/lavocedelpaese.info\/index.php\/wp-json\/wp\/v2\/categories?post=1290"},{"taxonomy":"post_tag","embeddable":true,"href":"https:\/\/lavocedelpaese.info\/index.php\/wp-json\/wp\/v2\/tags?post=1290"}],"curies":[{"name":"wp","href":"https:\/\/api.w.org\/{rel}","templated":true}]}}