{"id":1266,"date":"2023-03-21T09:30:14","date_gmt":"2023-03-21T09:30:14","guid":{"rendered":"https:\/\/lavocedelpaese.info\/index.php\/2023\/03\/21\/presentata-la-nuova-delegazione-fai-dei-trulli-e-delle-grotte\/"},"modified":"2023-03-21T09:30:14","modified_gmt":"2023-03-21T09:30:14","slug":"presentata-la-nuova-delegazione-fai-dei-trulli-e-delle-grotte","status":"publish","type":"post","link":"https:\/\/lavocedelpaese.info\/index.php\/2023\/03\/21\/presentata-la-nuova-delegazione-fai-dei-trulli-e-delle-grotte\/","title":{"rendered":"Presentata la nuova Delegazione FAI dei Trulli e delle Grotte"},"content":{"rendered":"<p>\u00a0<\/p>\n<p>\u200b\u00a0<\/p>\n<p>\u200bTuri \u2013 La Voce del Paese\u00a0<\/p>\n<p>Si \u00e8 svolta lo scorso 17 maggio, presso la Sala \u201cFondo Antico\u201d della Biblioteca Comunale di Putignano \u201cF. De Miccolis Angelini\u201d, la presentazione della nuova Delegazione FAI Trulli e Grotte, la settima in Puglia, comprendente i Comuni di Acquaviva delle Fonti, Alberobello, Casamassima, Castellana Grotte, Gioia del Colle, Locorotondo, Noci, Putignano, Sammichele di Bari e <strong>Turi<\/strong>.<\/p>\n<p>Per l\u2019occasione sono intervenuti Luciana Laera, sindaca del Comune di Putignano; Antonio Bufano, sindaco del Comune di Locorotondo e Rossana Delfine, assessore alla cultura di Putignano, che hanno ringraziato il Fondo Ambiente Italiano per la presenza sul territorio e l\u2019importante promozione che ne fa ad alti livelli. In collegamento anche Irene Mearelli, responsabile nazionale rete territoriale FAI.<\/p>\n<div class=\"wp-block-spacer\"><\/div>\n<div class=\"wp-block-image\">\nUn momento della conferenza stampa di presentazione della nuova Delegazione<\/div>\n<p>La capo delegazione, Etta Polignano, durante il suo intervento ha ripercorso la storia del gruppo, individuandone i momenti salienti, manifestando i suoi sentimenti con queste parole: \u00ab\u00c8 un onore ma anche una responsabilit\u00e0 rappresentare i valori e la mission del FAI sul nostro territorio. Io e la splendida rete di volontari della Delegazione proveremo a farlo al meglio delle nostre possibilit\u00e0. Le Delegazioni offrono un contributo fondamentale al radicamento della Fondazione sul territorio e alla valorizzazione. Sono certa che, insieme agli splendidi volontari della Delegazione Trulli e Grotte daremo il nostro contributo affinch\u00e9 ogni abitante di queste magnifiche cittadine della Valle d\u2019Itria prenda sempre pi\u00f9 consapevolezza della meraviglia che lo circonda e ne diventi custode. La nuova Delegazione opera in un territorio dalle grandi valenze architettoniche storico-paesaggistiche. Il gruppo da cui nasce ha manifestato negli anni scorsi un grande dinamismo ed una notevole capacit\u00e0 di nutrire le relazioni\u00bb.<\/p>\n<div class=\"wp-block-image\">\nL\u2019intervento del Vescovo Favale<\/div>\n<p>\u00abSono certo che la Delegazione sapr\u00e0 fare grandi cose nella promozione e nella conoscenza del patrimonio\u00bb \u2013 ha dichiarato, invece, il presidente FAI Puglia, Saverio Russo.<\/p>\n<p>Intervenuto a portare il suo saluto anche S.E. R. Monsignor Giuseppe Favale, vescovo di Conversano \u2013 Monopoli e segretario della Conferenza Episcopale Pugliese, nel sottolineare l\u2019importanza delle iniziative della nuova Delegazione del FAI.<\/p>\n<p>Presenti alla conferenza anche la dirigente del Polo Liceale \u201cMajorana-Laterza\u201d, prof.ssa Daniela Menga, e la prof.ssa Angelinda Griseta, dirigente scolastica dell\u2019IIS agrario \u201cBasile-Caramia\u201d di Locorotondo, due istituti da diversi anni al fianco del FAI. Insieme a loro, anche i rappresentanti del Centro di Ricerca, Sperimentazione e Formazione in Agricoltura \u201cBasile Caramia\u201d e dell\u2019I.T.S. di Locorotondo, l\u2019arch. Orazio Sansonetti, la dott.ssa Teresa Pesce, i responsabili del circolo Legambiente Putignano e della Confraternita del SS. Sacramento. Tutti attori che saranno al centro delle due aperture della <a href=\"https:\/\/www.facebook.com\/events\/1821888714852863\/\" target=\"_blank\" rel=\"noopener\">XXXI edizione delle Giornate FAI di Primavera 2023<\/a>.<\/p>\n<h5><strong>L\u2019appuntamento con le Giornate FAI di Primavera<\/strong><\/h5>\n<p>Protagonisti delle Giornate FAI di Primavera \u2013 in programma sabato 25 e domenica 26 marzo \u2013 saranno la chiesa rupestre della Madonna delle Grazie di Putignano, con il complesso masserizio e il paesaggio che lo circonda insieme al giardino di Masseria Ferragnano, e il museo della biodiversit\u00e0 di Locorotondo.<br \/>Due luoghi di straordinaria bellezza, che tornano ad abbracciare il pubblico del FAI.<\/p>\n<h5><strong>La chiesa rupestre della Madonna delle Grazie<\/strong><\/h5>\n<p>L\u2019apertura putignanese propone un luogo meta di pellegrinaggio sin dalla seconda met\u00e0 del XVI secolo, quando il diacono Girolamo De Miccolis scopr\u00ec la grotta, iniziando una tradizione lunga quasi cinque secoli. Durante la visita si scoprir\u00e0 la sua straordinaria storia, il culto della Madonna delle Grazie e la relativa festa ma soprattutto la bellezza della chiesa rupestre. Grazie alla collaborazione con l\u2019Arciconfraternita del Santissimo Sacramento sar\u00e0 possibile anche conoscere la lunga storia della congrega, ammirando gli oggetti preziosi che conserva. Insieme agli amici del Circolo Lega Ambiente Putignano sar\u00e0 possibile scoprire, infine, le peculiarit\u00e0 del paesaggio con una breve passeggiata nella natura incontaminata del luogo.\u00a0 Alla visita si aggiunge la rara possibilit\u00e0, domenica mattina alle 9, di una passeggiata ai confini dell\u2019antico villaggio di origini Peucete (che diede origine all\u2019attuale citt\u00e0 del Carnevale) tra i boschi con la vegetazione tipica della nostra zona e, per concludere, la visita del santuario e alla Masseria. Un momento reso possibile grazie alla disponibilit\u00e0 di Puglia Trek&amp;Food e l\u2019arch. Orazio Sansonetti, che hanno contribuito fattivamente all\u2019organizzazione.<\/p>\n<h5><strong>Il museo della biodiversit\u00e0 di Locorotondo<\/strong><\/h5>\n<p>A Locorotondo, invece, ci si potr\u00e0 immergere nello splendido giardino ottocentesco di Masseria Ferragnano e conoscere la sezione frutticola all\u2019interno dei campi collezione del \u201cCentro Regionale per la conservazione ex situ dei fruttiferi, vite e olivo autoctoni pugliesi\u201d. Una visita che si concretizza grazie alla collaborazione con l\u2019associazione \u201cValle d\u2019Itria Bonsai\u201d e la Fondazione ITS per l\u2019Agroalimentare e CRSFA \u201cBasile Caramia\u201d, che ne cureranno rispettivamente la visita del giardino e del museo della biodiversit\u00e0.<\/p>\n<p>Si potr\u00e0 accedere ai luoghi delle aperture della Delegazione Trulli e Grotte previa prenotazione tramite la pagina dedicata del portale <a href=\"http:\/\/www.giornatefai.it\/\" target=\"_blank\" rel=\"noopener\">www.giornatefai.it<\/a>.<\/p>\n<p class=\"has-text-align-right\"><strong>Fonte: <a href=\"https:\/\/www.facebook.com\/delegazionefaitrulliegrotte\" target=\"_blank\" rel=\"noopener\">Delegazione FAI dei Trulli e delle Grotte<\/a><\/strong><\/p>\n<div class=\"wp-block-spacer\"><\/div>\n<div class=\"wp-block-image\">\n<\/div>\n<p><a class=\"a2a_button_facebook\" href=\"https:\/\/www.addtoany.com\/add_to\/facebook?linkurl=https%3A%2F%2Fturi.lavocedelpaese.info%2Fpresentata-la-nuova-delegazione-fai-dei-trulli-e-delle-grotte%2F&amp;linkname=Presentata%20la%20nuova%20Delegazione%20FAI%20dei%20Trulli%20e%20delle%20Grotte\" title=\"Facebook\" target=\"_blank\" rel=\"noopener\"><\/a><a class=\"a2a_button_twitter\" href=\"https:\/\/www.addtoany.com\/add_to\/twitter?linkurl=https%3A%2F%2Fturi.lavocedelpaese.info%2Fpresentata-la-nuova-delegazione-fai-dei-trulli-e-delle-grotte%2F&amp;linkname=Presentata%20la%20nuova%20Delegazione%20FAI%20dei%20Trulli%20e%20delle%20Grotte\" title=\"Twitter\" target=\"_blank\" rel=\"noopener\"><\/a><a class=\"a2a_button_whatsapp\" href=\"https:\/\/www.addtoany.com\/add_to\/whatsapp?linkurl=https%3A%2F%2Fturi.lavocedelpaese.info%2Fpresentata-la-nuova-delegazione-fai-dei-trulli-e-delle-grotte%2F&amp;linkname=Presentata%20la%20nuova%20Delegazione%20FAI%20dei%20Trulli%20e%20delle%20Grotte\" title=\"WhatsApp\" target=\"_blank\" rel=\"noopener\"><\/a><a class=\"a2a_button_telegram\" href=\"https:\/\/www.addtoany.com\/add_to\/telegram?linkurl=https%3A%2F%2Fturi.lavocedelpaese.info%2Fpresentata-la-nuova-delegazione-fai-dei-trulli-e-delle-grotte%2F&amp;linkname=Presentata%20la%20nuova%20Delegazione%20FAI%20dei%20Trulli%20e%20delle%20Grotte\" title=\"Telegram\" target=\"_blank\" rel=\"noopener\"><\/a><a class=\"a2a_button_email\" href=\"https:\/\/www.addtoany.com\/add_to\/email?linkurl=https%3A%2F%2Fturi.lavocedelpaese.info%2Fpresentata-la-nuova-delegazione-fai-dei-trulli-e-delle-grotte%2F&amp;linkname=Presentata%20la%20nuova%20Delegazione%20FAI%20dei%20Trulli%20e%20delle%20Grotte\" title=\"Email\" target=\"_blank\" rel=\"noopener\"><\/a><\/p>\n<p>\u00a0<\/p>","protected":false},"excerpt":{"rendered":"<p>\u00a0 \u200b\u00a0 \u200bTuri \u2013 La Voce del Paese\u00a0 Si \u00e8 svolta lo scorso 17 maggio, presso la Sala \u201cFondo Antico\u201d<\/p>\n","protected":false},"author":0,"featured_media":0,"comment_status":"open","ping_status":"closed","sticky":false,"template":"","format":"standard","meta":{"colormag_page_container_layout":"default_layout","colormag_page_sidebar_layout":"default_layout","footnotes":""},"categories":[33],"tags":[],"class_list":["post-1266","post","type-post","status-publish","format-standard","hentry","category-network"],"yoast_head":"<!-- This site is optimized with the Yoast SEO plugin v27.5 - https:\/\/yoast.com\/product\/yoast-seo-wordpress\/ -->\n<title>Presentata la nuova Delegazione FAI dei Trulli e delle Grotte - La Voce del Paese<\/title>\n<meta name=\"robots\" content=\"index, follow, max-snippet:-1, max-image-preview:large, max-video-preview:-1\" \/>\n<link rel=\"canonical\" href=\"https:\/\/lavocedelpaese.info\/index.php\/2023\/03\/21\/presentata-la-nuova-delegazione-fai-dei-trulli-e-delle-grotte\/\" \/>\n<meta property=\"og:locale\" content=\"it_IT\" \/>\n<meta property=\"og:type\" content=\"article\" \/>\n<meta property=\"og:title\" content=\"Presentata la nuova Delegazione FAI dei Trulli e delle Grotte - La Voce del Paese\" \/>\n<meta property=\"og:description\" content=\"\u00a0 \u200b\u00a0 \u200bTuri \u2013 La Voce del Paese\u00a0 Si \u00e8 svolta lo scorso 17 maggio, presso la Sala \u201cFondo Antico\u201d\" \/>\n<meta property=\"og:url\" content=\"https:\/\/lavocedelpaese.info\/index.php\/2023\/03\/21\/presentata-la-nuova-delegazione-fai-dei-trulli-e-delle-grotte\/\" \/>\n<meta property=\"og:site_name\" content=\"La Voce del Paese\" \/>\n<meta property=\"article:publisher\" content=\"https:\/\/www.facebook.com\/lavocedelpaese.info\" \/>\n<meta property=\"article:published_time\" content=\"2023-03-21T09:30:14+00:00\" \/>\n<meta name=\"twitter:card\" content=\"summary_large_image\" \/>\n<meta name=\"twitter:label1\" content=\"Tempo di lettura stimato\" \/>\n\t<meta name=\"twitter:data1\" content=\"4 minuti\" \/>\n<script type=\"application\/ld+json\" class=\"yoast-schema-graph\">{\"@context\":\"https:\\\/\\\/schema.org\",\"@graph\":[{\"@type\":\"Article\",\"@id\":\"https:\\\/\\\/lavocedelpaese.info\\\/index.php\\\/2023\\\/03\\\/21\\\/presentata-la-nuova-delegazione-fai-dei-trulli-e-delle-grotte\\\/#article\",\"isPartOf\":{\"@id\":\"https:\\\/\\\/lavocedelpaese.info\\\/index.php\\\/2023\\\/03\\\/21\\\/presentata-la-nuova-delegazione-fai-dei-trulli-e-delle-grotte\\\/\"},\"author\":{\"name\":\"\",\"@id\":\"\"},\"headline\":\"Presentata la nuova Delegazione FAI dei Trulli e delle Grotte\",\"datePublished\":\"2023-03-21T09:30:14+00:00\",\"mainEntityOfPage\":{\"@id\":\"https:\\\/\\\/lavocedelpaese.info\\\/index.php\\\/2023\\\/03\\\/21\\\/presentata-la-nuova-delegazione-fai-dei-trulli-e-delle-grotte\\\/\"},\"wordCount\":816,\"commentCount\":0,\"publisher\":{\"@id\":\"https:\\\/\\\/lavocedelpaese.info\\\/#organization\"},\"articleSection\":[\"network\"],\"inLanguage\":\"it-IT\",\"potentialAction\":[{\"@type\":\"CommentAction\",\"name\":\"Comment\",\"target\":[\"https:\\\/\\\/lavocedelpaese.info\\\/index.php\\\/2023\\\/03\\\/21\\\/presentata-la-nuova-delegazione-fai-dei-trulli-e-delle-grotte\\\/#respond\"]}]},{\"@type\":\"WebPage\",\"@id\":\"https:\\\/\\\/lavocedelpaese.info\\\/index.php\\\/2023\\\/03\\\/21\\\/presentata-la-nuova-delegazione-fai-dei-trulli-e-delle-grotte\\\/\",\"url\":\"https:\\\/\\\/lavocedelpaese.info\\\/index.php\\\/2023\\\/03\\\/21\\\/presentata-la-nuova-delegazione-fai-dei-trulli-e-delle-grotte\\\/\",\"name\":\"Presentata la nuova Delegazione FAI dei Trulli e delle Grotte - La Voce del Paese\",\"isPartOf\":{\"@id\":\"https:\\\/\\\/lavocedelpaese.info\\\/#website\"},\"datePublished\":\"2023-03-21T09:30:14+00:00\",\"breadcrumb\":{\"@id\":\"https:\\\/\\\/lavocedelpaese.info\\\/index.php\\\/2023\\\/03\\\/21\\\/presentata-la-nuova-delegazione-fai-dei-trulli-e-delle-grotte\\\/#breadcrumb\"},\"inLanguage\":\"it-IT\",\"potentialAction\":[{\"@type\":\"ReadAction\",\"target\":[\"https:\\\/\\\/lavocedelpaese.info\\\/index.php\\\/2023\\\/03\\\/21\\\/presentata-la-nuova-delegazione-fai-dei-trulli-e-delle-grotte\\\/\"]}]},{\"@type\":\"BreadcrumbList\",\"@id\":\"https:\\\/\\\/lavocedelpaese.info\\\/index.php\\\/2023\\\/03\\\/21\\\/presentata-la-nuova-delegazione-fai-dei-trulli-e-delle-grotte\\\/#breadcrumb\",\"itemListElement\":[{\"@type\":\"ListItem\",\"position\":1,\"name\":\"Home\",\"item\":\"https:\\\/\\\/lavocedelpaese.info\\\/\"},{\"@type\":\"ListItem\",\"position\":2,\"name\":\"Presentata la nuova Delegazione FAI dei Trulli e delle Grotte\"}]},{\"@type\":\"WebSite\",\"@id\":\"https:\\\/\\\/lavocedelpaese.info\\\/#website\",\"url\":\"https:\\\/\\\/lavocedelpaese.info\\\/\",\"name\":\"La Voce del Paese\",\"description\":\"Un network di idee\",\"publisher\":{\"@id\":\"https:\\\/\\\/lavocedelpaese.info\\\/#organization\"},\"potentialAction\":[{\"@type\":\"SearchAction\",\"target\":{\"@type\":\"EntryPoint\",\"urlTemplate\":\"https:\\\/\\\/lavocedelpaese.info\\\/?s={search_term_string}\"},\"query-input\":{\"@type\":\"PropertyValueSpecification\",\"valueRequired\":true,\"valueName\":\"search_term_string\"}}],\"inLanguage\":\"it-IT\"},{\"@type\":\"Organization\",\"@id\":\"https:\\\/\\\/lavocedelpaese.info\\\/#organization\",\"name\":\"La Voce del Paese\",\"url\":\"https:\\\/\\\/lavocedelpaese.info\\\/\",\"logo\":{\"@type\":\"ImageObject\",\"inLanguage\":\"it-IT\",\"@id\":\"https:\\\/\\\/lavocedelpaese.info\\\/#\\\/schema\\\/logo\\\/image\\\/\",\"url\":\"https:\\\/\\\/lavocedelpaese.info\\\/wp-content\\\/uploads\\\/2023\\\/01\\\/cropped-logo-150-127.png\",\"contentUrl\":\"https:\\\/\\\/lavocedelpaese.info\\\/wp-content\\\/uploads\\\/2023\\\/01\\\/cropped-logo-150-127.png\",\"width\":137,\"height\":119,\"caption\":\"La Voce del Paese\"},\"image\":{\"@id\":\"https:\\\/\\\/lavocedelpaese.info\\\/#\\\/schema\\\/logo\\\/image\\\/\"},\"sameAs\":[\"https:\\\/\\\/www.facebook.com\\\/lavocedelpaese.info\"]}]}<\/script>\n<!-- \/ Yoast SEO plugin. -->","yoast_head_json":{"title":"Presentata la nuova Delegazione FAI dei Trulli e delle Grotte - La Voce del Paese","robots":{"index":"index","follow":"follow","max-snippet":"max-snippet:-1","max-image-preview":"max-image-preview:large","max-video-preview":"max-video-preview:-1"},"canonical":"https:\/\/lavocedelpaese.info\/index.php\/2023\/03\/21\/presentata-la-nuova-delegazione-fai-dei-trulli-e-delle-grotte\/","og_locale":"it_IT","og_type":"article","og_title":"Presentata la nuova Delegazione FAI dei Trulli e delle Grotte - La Voce del Paese","og_description":"\u00a0 \u200b\u00a0 \u200bTuri \u2013 La Voce del Paese\u00a0 Si \u00e8 svolta lo scorso 17 maggio, presso la Sala \u201cFondo Antico\u201d","og_url":"https:\/\/lavocedelpaese.info\/index.php\/2023\/03\/21\/presentata-la-nuova-delegazione-fai-dei-trulli-e-delle-grotte\/","og_site_name":"La Voce del Paese","article_publisher":"https:\/\/www.facebook.com\/lavocedelpaese.info","article_published_time":"2023-03-21T09:30:14+00:00","twitter_card":"summary_large_image","twitter_misc":{"Tempo di lettura stimato":"4 minuti"},"schema":{"@context":"https:\/\/schema.org","@graph":[{"@type":"Article","@id":"https:\/\/lavocedelpaese.info\/index.php\/2023\/03\/21\/presentata-la-nuova-delegazione-fai-dei-trulli-e-delle-grotte\/#article","isPartOf":{"@id":"https:\/\/lavocedelpaese.info\/index.php\/2023\/03\/21\/presentata-la-nuova-delegazione-fai-dei-trulli-e-delle-grotte\/"},"author":{"name":"","@id":""},"headline":"Presentata la nuova Delegazione FAI dei Trulli e delle Grotte","datePublished":"2023-03-21T09:30:14+00:00","mainEntityOfPage":{"@id":"https:\/\/lavocedelpaese.info\/index.php\/2023\/03\/21\/presentata-la-nuova-delegazione-fai-dei-trulli-e-delle-grotte\/"},"wordCount":816,"commentCount":0,"publisher":{"@id":"https:\/\/lavocedelpaese.info\/#organization"},"articleSection":["network"],"inLanguage":"it-IT","potentialAction":[{"@type":"CommentAction","name":"Comment","target":["https:\/\/lavocedelpaese.info\/index.php\/2023\/03\/21\/presentata-la-nuova-delegazione-fai-dei-trulli-e-delle-grotte\/#respond"]}]},{"@type":"WebPage","@id":"https:\/\/lavocedelpaese.info\/index.php\/2023\/03\/21\/presentata-la-nuova-delegazione-fai-dei-trulli-e-delle-grotte\/","url":"https:\/\/lavocedelpaese.info\/index.php\/2023\/03\/21\/presentata-la-nuova-delegazione-fai-dei-trulli-e-delle-grotte\/","name":"Presentata la nuova Delegazione FAI dei Trulli e delle Grotte - La Voce del Paese","isPartOf":{"@id":"https:\/\/lavocedelpaese.info\/#website"},"datePublished":"2023-03-21T09:30:14+00:00","breadcrumb":{"@id":"https:\/\/lavocedelpaese.info\/index.php\/2023\/03\/21\/presentata-la-nuova-delegazione-fai-dei-trulli-e-delle-grotte\/#breadcrumb"},"inLanguage":"it-IT","potentialAction":[{"@type":"ReadAction","target":["https:\/\/lavocedelpaese.info\/index.php\/2023\/03\/21\/presentata-la-nuova-delegazione-fai-dei-trulli-e-delle-grotte\/"]}]},{"@type":"BreadcrumbList","@id":"https:\/\/lavocedelpaese.info\/index.php\/2023\/03\/21\/presentata-la-nuova-delegazione-fai-dei-trulli-e-delle-grotte\/#breadcrumb","itemListElement":[{"@type":"ListItem","position":1,"name":"Home","item":"https:\/\/lavocedelpaese.info\/"},{"@type":"ListItem","position":2,"name":"Presentata la nuova Delegazione FAI dei Trulli e delle Grotte"}]},{"@type":"WebSite","@id":"https:\/\/lavocedelpaese.info\/#website","url":"https:\/\/lavocedelpaese.info\/","name":"La Voce del Paese","description":"Un network di idee","publisher":{"@id":"https:\/\/lavocedelpaese.info\/#organization"},"potentialAction":[{"@type":"SearchAction","target":{"@type":"EntryPoint","urlTemplate":"https:\/\/lavocedelpaese.info\/?s={search_term_string}"},"query-input":{"@type":"PropertyValueSpecification","valueRequired":true,"valueName":"search_term_string"}}],"inLanguage":"it-IT"},{"@type":"Organization","@id":"https:\/\/lavocedelpaese.info\/#organization","name":"La Voce del Paese","url":"https:\/\/lavocedelpaese.info\/","logo":{"@type":"ImageObject","inLanguage":"it-IT","@id":"https:\/\/lavocedelpaese.info\/#\/schema\/logo\/image\/","url":"https:\/\/lavocedelpaese.info\/wp-content\/uploads\/2023\/01\/cropped-logo-150-127.png","contentUrl":"https:\/\/lavocedelpaese.info\/wp-content\/uploads\/2023\/01\/cropped-logo-150-127.png","width":137,"height":119,"caption":"La Voce del Paese"},"image":{"@id":"https:\/\/lavocedelpaese.info\/#\/schema\/logo\/image\/"},"sameAs":["https:\/\/www.facebook.com\/lavocedelpaese.info"]}]}},"_links":{"self":[{"href":"https:\/\/lavocedelpaese.info\/index.php\/wp-json\/wp\/v2\/posts\/1266","targetHints":{"allow":["GET"]}}],"collection":[{"href":"https:\/\/lavocedelpaese.info\/index.php\/wp-json\/wp\/v2\/posts"}],"about":[{"href":"https:\/\/lavocedelpaese.info\/index.php\/wp-json\/wp\/v2\/types\/post"}],"replies":[{"embeddable":true,"href":"https:\/\/lavocedelpaese.info\/index.php\/wp-json\/wp\/v2\/comments?post=1266"}],"version-history":[{"count":0,"href":"https:\/\/lavocedelpaese.info\/index.php\/wp-json\/wp\/v2\/posts\/1266\/revisions"}],"wp:attachment":[{"href":"https:\/\/lavocedelpaese.info\/index.php\/wp-json\/wp\/v2\/media?parent=1266"}],"wp:term":[{"taxonomy":"category","embeddable":true,"href":"https:\/\/lavocedelpaese.info\/index.php\/wp-json\/wp\/v2\/categories?post=1266"},{"taxonomy":"post_tag","embeddable":true,"href":"https:\/\/lavocedelpaese.info\/index.php\/wp-json\/wp\/v2\/tags?post=1266"}],"curies":[{"name":"wp","href":"https:\/\/api.w.org\/{rel}","templated":true}]}}