{"id":1249,"date":"2023-03-17T12:14:04","date_gmt":"2023-03-17T12:14:04","guid":{"rendered":"https:\/\/lavocedelpaese.info\/index.php\/2023\/03\/17\/riapre-la-scuola-di-musica-della-banda-di-turi\/"},"modified":"2023-03-17T12:14:04","modified_gmt":"2023-03-17T12:14:04","slug":"riapre-la-scuola-di-musica-della-banda-di-turi","status":"publish","type":"post","link":"https:\/\/lavocedelpaese.info\/index.php\/2023\/03\/17\/riapre-la-scuola-di-musica-della-banda-di-turi\/","title":{"rendered":"Riapre la Scuola di Musica della Banda di Turi"},"content":{"rendered":"<p>\u00a0<\/p>\n<p>\u200b\u00a0<\/p>\n<p>\u200bTuri \u2013 La Voce del Paese\u00a0<\/p>\n<p class=\"has-text-align-left\"><strong>Sulle orme della lezione di don Giovanni Cipriani, il progetto offrir\u00e0 a 25 giovani turesi la possibilit\u00e0 di studiare gratuitamente uno strumento e di entrare a far parte della formazione bandistica cittadina<\/strong><\/p>\n<div class=\"wp-block-spacer\"><\/div>\n<p>\u00c8 stato ufficialmente siglato l\u2019accordo che d\u00e0 inizio ad una collaborazione quinquennale finalizzata alla realizzazione di una Scuola di Musica e alla costituzione di un\u2019Orchestra Giovanile di Fiati.<\/p>\n<p>L\u2019ambizioso progetto, presentato lo scorso 14 marzo in Sala Giunta, \u00e8 stato promosso dall\u2019Associazione Musicale \u201cMaria SS. Ausiliatrice\u201d, presieduta da Vincenzo Perfido, in sinergia con il Comune di Turi, l\u2019Istituto Comprensivo \u201cResta \u2013 De Donato Giannini\u201d e l\u2019azienda Willy Green Technology Srl di Castellaneta Marina, rappresentata dall\u2019amministratrice Giovanna Giannandrea e dal dott. Emanuele Ventura, direttore responsabile delle politiche aziendali.<\/p>\n<div class=\"wp-block-spacer\"><\/div>\n<div class=\"wp-block-image\">\nDa sinistra, il presidente Vincenzo Perfido, l\u2019amministratrice della \u2018Willy Green Tecnology\u2019 Giovanna Giannandrea. il sindaco Tina Resta e il il M\u00b0 Valerio Savino<\/div>\n<p><strong>Sindaco Resta: \u201cUna straordinaria opportunit\u00e0 per i nostri ragazzi\u201d<\/strong><\/p>\n<p>\u00abLa firma di questo accordo ha un significato profondo. Quando la Banda Cittadina ha presentato il suo progetto \u2013 esordisce il sindaco Tina Resta \u2013 ho visto lo stile di don Giovanni Cipriani, figura indimenticabile del nostro territorio\u00bb.<\/p>\n<p>\u00abIl senso autentico di questa iniziativa \u2013 prosegue \u2013 \u00e8 proprio quello di dare continuit\u00e0 alla lezione di don Giovanni: offrire anche a chi non ha possibilit\u00e0 economica l\u2019opportunit\u00e0 di coltivare la passione per la musica e, in parallelo, dare nuova linfa alla Banda Cittadina\u00bb.<\/p>\n<p>La Scuola di Musica, inoltre, recupera la funzione sociale e pedagogica che ha contraddistinto l\u2019Oratorio, \u00abscuola di vita che ha indicato a tanti ragazzi la strada giusta da seguire. Turi \u2013 riflette il primo cittadino \u2013 \u00e8 uno dei pochi paesi che ha pi\u00f9 docenti di musica rispetto alle realt\u00e0 del circondario; un primato dovuto alla sensibilit\u00e0 \u2013 e, alcune volte, anche alla severit\u00e0 \u2013 di don Giovanni\u00bb. \u00abChi ha vissuto gli \u201canni d\u2019oro\u201d dell\u2019Oratorio \u2013 aggiunge \u2013 comprende quanto sia importante ritentare quella strada, fatta di accoglienza e inclusione, soprattutto in un momento storico incerto e complesso sotto il profilo dell\u2019indicazione dei principi valoriali\u00bb.<\/p>\n<p>Dopo aver anticipato che verr\u00e0 strutturato \u00abun accordo di programma per coinvolgere la Banda Cittadina non solo negli appuntamenti istituzionali\u00bb, il sindaco ha espresso a nome di tutto il Consiglio la gratitudine verso quanti hanno consentito di tagliare questo traguardo: \u00abRingrazio la lungimiranza di Valerio Savino e Vincenzo Perfido, supportati dai componenti della Banda Cittadina, come il sig. Volpicella che \u00e8 uno dei custodi pi\u00f9 anziani dell\u2019eredit\u00e0 del lavoro di don Giovanni.<br \/>Ringrazio la disponibilit\u00e0 della dirigente scolastica e di tutto l\u2019Istituto Comprensivo \u201cResta \u2013 De Donato Giannini\u201d, che ospiter\u00e0 le lezioni, offrendo una soluzione logistica ideale e risolvendo il problema della momentanea inagibilit\u00e0 degli spazi dell\u2019Oratorio.<br \/>Un sentito ringraziamento, infine, all\u2019azienda \u201cWilly Green Tecnology\u201d, che si \u00e8 prodigata per Turi donando ai nostri ragazzi una straordinaria opportunit\u00e0\u00bb.<\/p>\n<div class=\"wp-block-spacer\"><\/div>\n<div class=\"wp-block-image\">\n<\/div>\n<div class=\"wp-block-spacer\"><\/div>\n<p><strong>Valerio Savino: \u201cContinuiamo la missione di don Giovanni Cipriani\u201d<\/strong><\/p>\n<p>\u00abNell\u2019aprile del 1963 don Giovanni dava avvio ad un\u2019avventura: formare una Banda musicale a Turi. Sessant\u2019anni dopo, ad aprile 2023, partiremo con la Scuola di Musica\u00bb \u2013 evidenzia emozionato il M\u00b0 Valerio Savino, direttore artistico dell\u2019Associazione Musicale \u201cMaria SS. Ausiliatrice\u201d.<\/p>\n<p>\u00abIl progetto \u2013 spiega \u2013 \u00e8 frutto di un\u2019idea che mi frullava in testa da qualche anno: offrire ai nostri giovani la stessa possibilit\u00e0 che don Giovanni ha dato a noi. Ho girato per tre anni sul territorio di Turi e non ho trovato nessuno sponsor disposto ad investire sulla Banda; per questo non finir\u00f2 mai di ringraziare la \u201cWilly Green Tecnology\u201d. \u00c8 stato un segno aver trovato Giovanna Giannandrea ed Emanuele Ventura (amministratrice e direttore responsabile delle politiche aziendali) che, da subito, hanno abbracciato l\u2019iniziativa, finanziandola interamente seppur fosse onerosa\u00bb.<\/p>\n<p>Entrando nei dettagli organizzativi, il M\u00b0 Savino ha precisato che \u00abil corso, della durata di cinque anni, sar\u00e0 completamente gratuito e si rivolger\u00e0 a 25 alunni, tra i 9 e i 12 anni, che frequentano il nostro Istituto Comprensivo. Gli allievi potranno scegliere tra 7 strumenti: clarinetto, flauto, sassofono, corno, cornetto, eufonio, basso e percussioni. Per il primo anno le lezioni si terranno il sabato, anche per non confliggere con le attivit\u00e0 scolastiche; dal secondo anno la cadenza diventer\u00e0 bisettimanale, affiancando laboratori di musica d\u2019insieme ed esercitazioni orchestrali. Nel giro di un anno, contiamo di formare una nuova orchestra giovanile, linfa nuova \u2013 come diceva il sindaco \u2013 che consentir\u00e0 di inverare quel necessario ricambio generazionale, spingendo i giovani ad appassionarsi ad un genere che \u00e8 ancora apprezzato\u00bb.<\/p>\n<p>\u00abLo scopo principale \u2013 annota il M\u00b0 Valerio \u2013 \u00e8 promuovere la conoscenza della musica, dall\u2019apprendimento della teoria allo studio di uno strumento a fiato. E a questo proposito devo ringraziare il sindaco per aver messo a disposizione 25 strumenti rinvenienti dal bando \u201cBollenti Spiriti\u201d, un capitale di 30.000 euro che era inutilizzato e che faremo rivivere\u00bb.<br \/>\u00abAl contempo \u2013 chiosa \u2013 si punter\u00e0 sul potenziamento delle attivit\u00e0 di socializzazione, promuovendo momenti di aggregazione e condivisione, ricalcando il principio ispiratore della Banda Cittadina, che da sempre ha avuto un ruolo altamente socializzante e inclusivo\u00bb.<\/p>\n<div class=\"wp-block-spacer\"><\/div>\n<p><strong>Vincenzo Perfido: \u201cCustodi della tradizione bandistica a Turi\u201d<\/strong><\/p>\n<p>\u00abNel 1991 don Giovanni Cipriani affid\u00f2 alla nostra associazione un compito di grande responsabilit\u00e0: essere custodi della tradizione bandistica nel nostro paese. Proprio per tener fede a tale impegno morale \u2013 rimarca il presidente Vincenzo Perfido \u2013 si \u00e8 reso necessario, con notevole impegno di tutti, attivare questo accordo di collaborazione\u00bb<\/p>\n<div class=\"wp-block-spacer\"><\/div>\n<p><strong>La generosa scommessa della \u201cWilly Green Tecnology\u201d<\/strong><\/p>\n<div class=\"wp-block-image\">\n<\/div>\n<p>\u00abLa nostra societ\u00e0 punta molto sul futuro dei giovani e sulla spinta propulsiva che le nuove generazioni sono in grado di apportare\u00bb \u2013 dichiara l\u2019amministratrice della \u201cWilly Green Tecnology\u201d, Giovanna Giannandrea, ponendo l\u2019accento sulla mission della societ\u00e0 che \u00abha nel suo nome, e soprattutto nei fatti, il termine \u201cgreen\u201d sia per le attivit\u00e0 specifiche di cui si occupa sia per la volont\u00e0 di intraprendere insieme ai giovani un percorso di costruzione di un mondo sempre pi\u00f9 a misura d\u2019uomo\u00bb<\/p>\n<p>\u00abPuntiamo molto sui giovani e sul futuro \u2013 ribadisce il dott. Emanuele Ventura, direttore responsabile delle politiche aziendali, sottolineando che \u00abladdove vediamo seriet\u00e0 e concretezza non si bada ai soldi ma agli obiettivi e ai risultati che devono durare nel tempo. Ecco perch\u00e9 abbiamo sposato l\u2019idea della Banda Cittadina \u201cDon Giovanni Cipriani\u201d: l\u2019iniziativa si innesta in un progetto sociale di crescita, poich\u00e9 la linfa vera di questo Paese sono i giovani, su cui dobbiamo scommettere ed avere fiducia\u00bb. <\/p>\n<p>\u00abLa Willy Green Tecnology \u2013 aggiunge \u2013 \u00e8 un granello in questo processo di ampio respiro, cui siamo lieti e orgogliosi di partecipare, in simbiosi con tutti gli altri promotori e senza alcuna ingerenza nelle scelte\u00bb.<br \/>\u00abSaremo presenti \u2013 anticipa il dott. Ventura \u2013 anche in altri appuntamenti turesi sempre rivolti allo sviluppo del territorio. Inoltre, proporremo di svolgere a Turi la seconda edizione del premio Willy Green Tecnology for Young\u201d: due ragazzi turesi, che si saranno distinti nel settore che definiremo insieme all\u2019Amministrazione, riceveranno una borsa di studio come incentivo a meglio forgiare e qualificare la propria formazione professionale\u00bb.<\/p>\n<p><a class=\"a2a_button_facebook\" href=\"https:\/\/www.addtoany.com\/add_to\/facebook?linkurl=https%3A%2F%2Fturi.lavocedelpaese.info%2Friapre-la-scuola-di-musica-della-banda-di-turi%2F&amp;linkname=Riapre%20la%20Scuola%20di%20Musica%20della%20Banda%20di%20Turi\" title=\"Facebook\" target=\"_blank\" rel=\"noopener\"><\/a><a class=\"a2a_button_twitter\" href=\"https:\/\/www.addtoany.com\/add_to\/twitter?linkurl=https%3A%2F%2Fturi.lavocedelpaese.info%2Friapre-la-scuola-di-musica-della-banda-di-turi%2F&amp;linkname=Riapre%20la%20Scuola%20di%20Musica%20della%20Banda%20di%20Turi\" title=\"Twitter\" target=\"_blank\" rel=\"noopener\"><\/a><a class=\"a2a_button_whatsapp\" href=\"https:\/\/www.addtoany.com\/add_to\/whatsapp?linkurl=https%3A%2F%2Fturi.lavocedelpaese.info%2Friapre-la-scuola-di-musica-della-banda-di-turi%2F&amp;linkname=Riapre%20la%20Scuola%20di%20Musica%20della%20Banda%20di%20Turi\" title=\"WhatsApp\" target=\"_blank\" rel=\"noopener\"><\/a><a class=\"a2a_button_telegram\" href=\"https:\/\/www.addtoany.com\/add_to\/telegram?linkurl=https%3A%2F%2Fturi.lavocedelpaese.info%2Friapre-la-scuola-di-musica-della-banda-di-turi%2F&amp;linkname=Riapre%20la%20Scuola%20di%20Musica%20della%20Banda%20di%20Turi\" title=\"Telegram\" target=\"_blank\" rel=\"noopener\"><\/a><a class=\"a2a_button_email\" href=\"https:\/\/www.addtoany.com\/add_to\/email?linkurl=https%3A%2F%2Fturi.lavocedelpaese.info%2Friapre-la-scuola-di-musica-della-banda-di-turi%2F&amp;linkname=Riapre%20la%20Scuola%20di%20Musica%20della%20Banda%20di%20Turi\" title=\"Email\" target=\"_blank\" rel=\"noopener\"><\/a><\/p>\n<p>\u00a0<\/p>","protected":false},"excerpt":{"rendered":"<p>\u00a0 \u200b\u00a0 \u200bTuri \u2013 La Voce del Paese\u00a0 Sulle orme della lezione di don Giovanni Cipriani, il progetto offrir\u00e0 a<\/p>\n","protected":false},"author":0,"featured_media":0,"comment_status":"open","ping_status":"closed","sticky":false,"template":"","format":"standard","meta":{"colormag_page_container_layout":"default_layout","colormag_page_sidebar_layout":"default_layout","footnotes":""},"categories":[33],"tags":[],"class_list":["post-1249","post","type-post","status-publish","format-standard","hentry","category-network"],"yoast_head":"<!-- This site is optimized with the Yoast SEO plugin v27.5 - https:\/\/yoast.com\/product\/yoast-seo-wordpress\/ -->\n<title>Riapre la Scuola di Musica della Banda di Turi - La Voce del Paese<\/title>\n<meta name=\"robots\" content=\"index, follow, max-snippet:-1, max-image-preview:large, max-video-preview:-1\" \/>\n<link rel=\"canonical\" href=\"https:\/\/lavocedelpaese.info\/index.php\/2023\/03\/17\/riapre-la-scuola-di-musica-della-banda-di-turi\/\" \/>\n<meta property=\"og:locale\" content=\"it_IT\" \/>\n<meta property=\"og:type\" content=\"article\" \/>\n<meta property=\"og:title\" content=\"Riapre la Scuola di Musica della Banda di Turi - La Voce del Paese\" \/>\n<meta property=\"og:description\" content=\"\u00a0 \u200b\u00a0 \u200bTuri \u2013 La Voce del Paese\u00a0 Sulle orme della lezione di don Giovanni Cipriani, il progetto offrir\u00e0 a\" \/>\n<meta property=\"og:url\" content=\"https:\/\/lavocedelpaese.info\/index.php\/2023\/03\/17\/riapre-la-scuola-di-musica-della-banda-di-turi\/\" \/>\n<meta property=\"og:site_name\" content=\"La Voce del Paese\" \/>\n<meta property=\"article:publisher\" content=\"https:\/\/www.facebook.com\/lavocedelpaese.info\" \/>\n<meta property=\"article:published_time\" content=\"2023-03-17T12:14:04+00:00\" \/>\n<meta name=\"twitter:card\" content=\"summary_large_image\" \/>\n<meta name=\"twitter:label1\" content=\"Tempo di lettura stimato\" \/>\n\t<meta name=\"twitter:data1\" content=\"6 minuti\" \/>\n<script type=\"application\/ld+json\" class=\"yoast-schema-graph\">{\"@context\":\"https:\\\/\\\/schema.org\",\"@graph\":[{\"@type\":\"Article\",\"@id\":\"https:\\\/\\\/lavocedelpaese.info\\\/index.php\\\/2023\\\/03\\\/17\\\/riapre-la-scuola-di-musica-della-banda-di-turi\\\/#article\",\"isPartOf\":{\"@id\":\"https:\\\/\\\/lavocedelpaese.info\\\/index.php\\\/2023\\\/03\\\/17\\\/riapre-la-scuola-di-musica-della-banda-di-turi\\\/\"},\"author\":{\"name\":\"\",\"@id\":\"\"},\"headline\":\"Riapre la Scuola di Musica della Banda di Turi\",\"datePublished\":\"2023-03-17T12:14:04+00:00\",\"mainEntityOfPage\":{\"@id\":\"https:\\\/\\\/lavocedelpaese.info\\\/index.php\\\/2023\\\/03\\\/17\\\/riapre-la-scuola-di-musica-della-banda-di-turi\\\/\"},\"wordCount\":1145,\"commentCount\":0,\"publisher\":{\"@id\":\"https:\\\/\\\/lavocedelpaese.info\\\/#organization\"},\"articleSection\":[\"network\"],\"inLanguage\":\"it-IT\",\"potentialAction\":[{\"@type\":\"CommentAction\",\"name\":\"Comment\",\"target\":[\"https:\\\/\\\/lavocedelpaese.info\\\/index.php\\\/2023\\\/03\\\/17\\\/riapre-la-scuola-di-musica-della-banda-di-turi\\\/#respond\"]}]},{\"@type\":\"WebPage\",\"@id\":\"https:\\\/\\\/lavocedelpaese.info\\\/index.php\\\/2023\\\/03\\\/17\\\/riapre-la-scuola-di-musica-della-banda-di-turi\\\/\",\"url\":\"https:\\\/\\\/lavocedelpaese.info\\\/index.php\\\/2023\\\/03\\\/17\\\/riapre-la-scuola-di-musica-della-banda-di-turi\\\/\",\"name\":\"Riapre la Scuola di Musica della Banda di Turi - La Voce del Paese\",\"isPartOf\":{\"@id\":\"https:\\\/\\\/lavocedelpaese.info\\\/#website\"},\"datePublished\":\"2023-03-17T12:14:04+00:00\",\"breadcrumb\":{\"@id\":\"https:\\\/\\\/lavocedelpaese.info\\\/index.php\\\/2023\\\/03\\\/17\\\/riapre-la-scuola-di-musica-della-banda-di-turi\\\/#breadcrumb\"},\"inLanguage\":\"it-IT\",\"potentialAction\":[{\"@type\":\"ReadAction\",\"target\":[\"https:\\\/\\\/lavocedelpaese.info\\\/index.php\\\/2023\\\/03\\\/17\\\/riapre-la-scuola-di-musica-della-banda-di-turi\\\/\"]}]},{\"@type\":\"BreadcrumbList\",\"@id\":\"https:\\\/\\\/lavocedelpaese.info\\\/index.php\\\/2023\\\/03\\\/17\\\/riapre-la-scuola-di-musica-della-banda-di-turi\\\/#breadcrumb\",\"itemListElement\":[{\"@type\":\"ListItem\",\"position\":1,\"name\":\"Home\",\"item\":\"https:\\\/\\\/lavocedelpaese.info\\\/\"},{\"@type\":\"ListItem\",\"position\":2,\"name\":\"Riapre la Scuola di Musica della Banda di Turi\"}]},{\"@type\":\"WebSite\",\"@id\":\"https:\\\/\\\/lavocedelpaese.info\\\/#website\",\"url\":\"https:\\\/\\\/lavocedelpaese.info\\\/\",\"name\":\"La Voce del Paese\",\"description\":\"Un network di idee\",\"publisher\":{\"@id\":\"https:\\\/\\\/lavocedelpaese.info\\\/#organization\"},\"potentialAction\":[{\"@type\":\"SearchAction\",\"target\":{\"@type\":\"EntryPoint\",\"urlTemplate\":\"https:\\\/\\\/lavocedelpaese.info\\\/?s={search_term_string}\"},\"query-input\":{\"@type\":\"PropertyValueSpecification\",\"valueRequired\":true,\"valueName\":\"search_term_string\"}}],\"inLanguage\":\"it-IT\"},{\"@type\":\"Organization\",\"@id\":\"https:\\\/\\\/lavocedelpaese.info\\\/#organization\",\"name\":\"La Voce del Paese\",\"url\":\"https:\\\/\\\/lavocedelpaese.info\\\/\",\"logo\":{\"@type\":\"ImageObject\",\"inLanguage\":\"it-IT\",\"@id\":\"https:\\\/\\\/lavocedelpaese.info\\\/#\\\/schema\\\/logo\\\/image\\\/\",\"url\":\"https:\\\/\\\/lavocedelpaese.info\\\/wp-content\\\/uploads\\\/2023\\\/01\\\/cropped-logo-150-127.png\",\"contentUrl\":\"https:\\\/\\\/lavocedelpaese.info\\\/wp-content\\\/uploads\\\/2023\\\/01\\\/cropped-logo-150-127.png\",\"width\":137,\"height\":119,\"caption\":\"La Voce del Paese\"},\"image\":{\"@id\":\"https:\\\/\\\/lavocedelpaese.info\\\/#\\\/schema\\\/logo\\\/image\\\/\"},\"sameAs\":[\"https:\\\/\\\/www.facebook.com\\\/lavocedelpaese.info\"]}]}<\/script>\n<!-- \/ Yoast SEO plugin. -->","yoast_head_json":{"title":"Riapre la Scuola di Musica della Banda di Turi - La Voce del Paese","robots":{"index":"index","follow":"follow","max-snippet":"max-snippet:-1","max-image-preview":"max-image-preview:large","max-video-preview":"max-video-preview:-1"},"canonical":"https:\/\/lavocedelpaese.info\/index.php\/2023\/03\/17\/riapre-la-scuola-di-musica-della-banda-di-turi\/","og_locale":"it_IT","og_type":"article","og_title":"Riapre la Scuola di Musica della Banda di Turi - La Voce del Paese","og_description":"\u00a0 \u200b\u00a0 \u200bTuri \u2013 La Voce del Paese\u00a0 Sulle orme della lezione di don Giovanni Cipriani, il progetto offrir\u00e0 a","og_url":"https:\/\/lavocedelpaese.info\/index.php\/2023\/03\/17\/riapre-la-scuola-di-musica-della-banda-di-turi\/","og_site_name":"La Voce del Paese","article_publisher":"https:\/\/www.facebook.com\/lavocedelpaese.info","article_published_time":"2023-03-17T12:14:04+00:00","twitter_card":"summary_large_image","twitter_misc":{"Tempo di lettura stimato":"6 minuti"},"schema":{"@context":"https:\/\/schema.org","@graph":[{"@type":"Article","@id":"https:\/\/lavocedelpaese.info\/index.php\/2023\/03\/17\/riapre-la-scuola-di-musica-della-banda-di-turi\/#article","isPartOf":{"@id":"https:\/\/lavocedelpaese.info\/index.php\/2023\/03\/17\/riapre-la-scuola-di-musica-della-banda-di-turi\/"},"author":{"name":"","@id":""},"headline":"Riapre la Scuola di Musica della Banda di Turi","datePublished":"2023-03-17T12:14:04+00:00","mainEntityOfPage":{"@id":"https:\/\/lavocedelpaese.info\/index.php\/2023\/03\/17\/riapre-la-scuola-di-musica-della-banda-di-turi\/"},"wordCount":1145,"commentCount":0,"publisher":{"@id":"https:\/\/lavocedelpaese.info\/#organization"},"articleSection":["network"],"inLanguage":"it-IT","potentialAction":[{"@type":"CommentAction","name":"Comment","target":["https:\/\/lavocedelpaese.info\/index.php\/2023\/03\/17\/riapre-la-scuola-di-musica-della-banda-di-turi\/#respond"]}]},{"@type":"WebPage","@id":"https:\/\/lavocedelpaese.info\/index.php\/2023\/03\/17\/riapre-la-scuola-di-musica-della-banda-di-turi\/","url":"https:\/\/lavocedelpaese.info\/index.php\/2023\/03\/17\/riapre-la-scuola-di-musica-della-banda-di-turi\/","name":"Riapre la Scuola di Musica della Banda di Turi - La Voce del Paese","isPartOf":{"@id":"https:\/\/lavocedelpaese.info\/#website"},"datePublished":"2023-03-17T12:14:04+00:00","breadcrumb":{"@id":"https:\/\/lavocedelpaese.info\/index.php\/2023\/03\/17\/riapre-la-scuola-di-musica-della-banda-di-turi\/#breadcrumb"},"inLanguage":"it-IT","potentialAction":[{"@type":"ReadAction","target":["https:\/\/lavocedelpaese.info\/index.php\/2023\/03\/17\/riapre-la-scuola-di-musica-della-banda-di-turi\/"]}]},{"@type":"BreadcrumbList","@id":"https:\/\/lavocedelpaese.info\/index.php\/2023\/03\/17\/riapre-la-scuola-di-musica-della-banda-di-turi\/#breadcrumb","itemListElement":[{"@type":"ListItem","position":1,"name":"Home","item":"https:\/\/lavocedelpaese.info\/"},{"@type":"ListItem","position":2,"name":"Riapre la Scuola di Musica della Banda di Turi"}]},{"@type":"WebSite","@id":"https:\/\/lavocedelpaese.info\/#website","url":"https:\/\/lavocedelpaese.info\/","name":"La Voce del Paese","description":"Un network di idee","publisher":{"@id":"https:\/\/lavocedelpaese.info\/#organization"},"potentialAction":[{"@type":"SearchAction","target":{"@type":"EntryPoint","urlTemplate":"https:\/\/lavocedelpaese.info\/?s={search_term_string}"},"query-input":{"@type":"PropertyValueSpecification","valueRequired":true,"valueName":"search_term_string"}}],"inLanguage":"it-IT"},{"@type":"Organization","@id":"https:\/\/lavocedelpaese.info\/#organization","name":"La Voce del Paese","url":"https:\/\/lavocedelpaese.info\/","logo":{"@type":"ImageObject","inLanguage":"it-IT","@id":"https:\/\/lavocedelpaese.info\/#\/schema\/logo\/image\/","url":"https:\/\/lavocedelpaese.info\/wp-content\/uploads\/2023\/01\/cropped-logo-150-127.png","contentUrl":"https:\/\/lavocedelpaese.info\/wp-content\/uploads\/2023\/01\/cropped-logo-150-127.png","width":137,"height":119,"caption":"La Voce del Paese"},"image":{"@id":"https:\/\/lavocedelpaese.info\/#\/schema\/logo\/image\/"},"sameAs":["https:\/\/www.facebook.com\/lavocedelpaese.info"]}]}},"_links":{"self":[{"href":"https:\/\/lavocedelpaese.info\/index.php\/wp-json\/wp\/v2\/posts\/1249","targetHints":{"allow":["GET"]}}],"collection":[{"href":"https:\/\/lavocedelpaese.info\/index.php\/wp-json\/wp\/v2\/posts"}],"about":[{"href":"https:\/\/lavocedelpaese.info\/index.php\/wp-json\/wp\/v2\/types\/post"}],"replies":[{"embeddable":true,"href":"https:\/\/lavocedelpaese.info\/index.php\/wp-json\/wp\/v2\/comments?post=1249"}],"version-history":[{"count":0,"href":"https:\/\/lavocedelpaese.info\/index.php\/wp-json\/wp\/v2\/posts\/1249\/revisions"}],"wp:attachment":[{"href":"https:\/\/lavocedelpaese.info\/index.php\/wp-json\/wp\/v2\/media?parent=1249"}],"wp:term":[{"taxonomy":"category","embeddable":true,"href":"https:\/\/lavocedelpaese.info\/index.php\/wp-json\/wp\/v2\/categories?post=1249"},{"taxonomy":"post_tag","embeddable":true,"href":"https:\/\/lavocedelpaese.info\/index.php\/wp-json\/wp\/v2\/tags?post=1249"}],"curies":[{"name":"wp","href":"https:\/\/api.w.org\/{rel}","templated":true}]}}