{"id":1248,"date":"2023-03-17T08:33:27","date_gmt":"2023-03-17T08:33:27","guid":{"rendered":"https:\/\/lavocedelpaese.info\/index.php\/2023\/03\/17\/la-faldacchea-di-turi-diventa-marchio-collettivo\/"},"modified":"2023-03-17T08:33:27","modified_gmt":"2023-03-17T08:33:27","slug":"la-faldacchea-di-turi-diventa-marchio-collettivo","status":"publish","type":"post","link":"https:\/\/lavocedelpaese.info\/index.php\/2023\/03\/17\/la-faldacchea-di-turi-diventa-marchio-collettivo\/","title":{"rendered":"\u201cLa Faldacchea di Turi\u201d diventa marchio collettivo"},"content":{"rendered":"<p>\u00a0<\/p>\n<p>\u200b\u00a0<\/p>\n<p>\u200bTuri \u2013 La Voce del Paese\u00a0<\/p>\n<p>Mercoled\u00ec 15 marzo, presso la Fiera Internazionale \u201cLevante Prof\u201d, \u00e8 stato presentato il marchio collettivo \u201cLa Faldacchea di Turi\u201d. Il brand, la cui titolarit\u00e0 \u00e8 del Comune di Turi, ha la finalit\u00e0 di creare un sistema certificato di qualit\u00e0 della produzione e commercializzazione della Faldacchea, dolce conventuale a base di pasta di mandorla cotta, con tuorlo d\u2019uovo e spezie.<br \/>In tale ottica di promozione del patrimonio enogastronomico rientra anche l\u2019impostazione grafica del marchio collettivo, che pone l\u2019accento \u2013 in forma stilizzata \u2013 sugli elementi caratteristici dell\u2019operazione: la storia del ex convento delle clarisse di Turi e della Faldacchea, il valore aggiunto dell\u2019artigianalit\u00e0 e l\u2019origine geografica.<\/p>\n<p>Nel corso della conferenza stampa, ospitata presso lo stand di \u201cGoloasi\u201d, le maestre dolciaie di Turi hanno dato luogo ad uno show-cooking, durante il quale \u00e8 stato possibile assistere dal vivo alla preparazione del dolce turese.<\/p>\n<div class=\"wp-block-image\">\n<\/div>\n<h5><strong>Assessore Lopane: \u201cUn punto di partenza per investire in turismo e artiginalit\u00e0\u201d<\/strong><\/h5>\n<p>\u00abIl marchio \u201cLa Faldacchea di Turi\u201d, che \u2018adottiamo\u2019 come marchio di Puglia, testimonia l\u2019importanza di valorizzare le tipicit\u00e0 enogastronomiche delle destinazioni pugliesi. Il riconoscimento \u2013 ha dichiarato l\u2019assessore al Turismo, <strong>Gianfranco Lopane<\/strong> \u2013 \u00e8 un punto di partenza che ci permette, nella collaborazione tra enti, associazioni e operatori del territorio, di investire nel turismo esperienziale e di trasferire ai nostri giovani le competenze e la passione dell\u2019artigianalit\u00e0 pugliese\u00bb.<\/p>\n<div class=\"wp-block-spacer\"><\/div>\n<h5><strong>Assessore Delli Noci: \u201cL\u2019obiettivo \u00e8 valorizzare la maestr\u00eca dei nostri artigiani e le eccellenze dei territori\u201d<\/strong><\/h5>\n<p>\u00abIl percorso avviato dall\u2019Associazione delle maestre dolciaie e dal Comune di Turi \u2013 ha evidenziato l\u2019assessore regionale allo Sviluppo Economico, <strong>Alessandro Delli Noci<\/strong> \u2013 sposa appieno le azioni messe in campo dalla Regione Puglia, con l\u2019obiettivo di valorizzare e promuovere la maestr\u00eca dei nostri artigiani e le eccellenze dei territori. Dal titolo di Maestro artigiano alla legge sulle botteghe storiche, dalle attivit\u00e0 di internazionalizzazione alle modifiche alla legge sull\u2019artigianato \u2013 annota Delli Noci \u2013 il lavoro condotto sin qui, con il valido aiuto delle associazioni di categoria, ha proprio l\u2019obiettivo di salvaguardare le nostre tradizioni e tramandare alle future generazioni un patrimonio di inestimabile valore\u00bb.<\/p>\n<div class=\"wp-block-image\">\nDa sinistra: Stefano de Carolis, il sindaco Resta, Valentino Sgaramella, gli assessori regionali Delli Noci e Lopane<\/div>\n<div class=\"wp-block-spacer\"><\/div>\n<h5><strong>Sindaco Resta: \u201cDiamo alle nuove generazioni la possibilit\u00e0 di imparare la sapienza della manualit\u00e0\u201d<\/strong><\/h5>\n<p>Tuteliamo un emblema \u00ab\u00c8 davvero emozionante presentare questo marchio legato a un dolce a noi molto caro \u2013 ha dichiarato la sindaca di Turi, Tina Resta, sottolineando che si tratta di<strong> \u00ab<\/strong>un dolce che ha come protagonista le mani delle sapienti maestre dolciaie; un prodotto completamente artigianale. Oltre a tutelare e valorizzare un emblema del nostro territorio, abbiamo voluto dare alle nuove generazioni la possibilit\u00e0 di imparare la sapienza della manualit\u00e0. Ringrazio Stefano de Carolis e le maestre dolciaie per questo importante risultato, frutto di un lavoro di squadra\u00bb.<\/p>\n<p>Le maestre dolciaie insieme al sindaco Tina Resta<\/p>\n<div class=\"wp-block-spacer\"><\/div>\n<h5><strong>De Carolis: \u201cUn importante traguardo raggiunto grazie all\u2019impegno dell\u2019Associazione e dell\u2019Amministrazione\u201d<\/strong><\/h5>\n<p>A illustrare il percorso seguito per raggiungere il risultato \u00e8 stato proprio il presidente dell\u2019Associazione \u201cLa Faldacchea di Turi\u201d, Stefano de Carolis: \u00abL\u2019importante traguardo \u00e8 stato raggiunto dopo un lungo iter burocratico, iniziato nel 2021 con la ricerca storica che ha permesso di \u2018riscrivere\u2019 le origini della Faldacchea, accertando \u2013 sulla base di documenti d\u2019archivio \u2013 che il \u2018dolce della sposai ha la sua crescita e diffusione nel Comune di Turi, grazie alla figura di Anna Antonia Martinelli, detta \u2018la monacacella\u2019.<br \/>A marzo 2022 \u2013 ha proseguito de Carolis \u2013 il sodalizio ha ottenuto il primo importante riconoscimento: la certificazione PAT presso il Ministero delle Politiche Agricole, che ha inserito la Faldacchea nell\u2019elenco nazionale dei \u2018Prodotti Agroalimentari Tradizionali\u2019. Dopo un anno, grazie all\u2019impegno concreto dell\u2019Associazione, fiancheggiata dall\u2019Amministrazione Comunale, si \u00e8 concretizzato il secondo obiettivo strategico: la registrazione del marchio collettivo presso il Ministero delle Imprese e del Made in Italy. Tale brand si pu\u00f2 definire un marchio di qualit\u00e0 e origine geografica, disciplinato dal decreto legislativo n. 30 del 10\/02\/2005 (\u2018Codice della propriet\u00e0 industriale\u2019).<br \/>L\u2019 importante riconoscimento mira a proteggere il nome, la ricetta, il disciplinare di produzione e la denominazione d\u2019origine. A breve \u2013 ha concluso de Carolis \u2013 provvederemo alla registrazione del marchio europeo, estendendo le tutele a livello internazionale\u00bb.<\/p>\n<div class=\"wp-block-image\">\n<\/div>\n<p><a class=\"a2a_button_facebook\" href=\"https:\/\/www.addtoany.com\/add_to\/facebook?linkurl=https%3A%2F%2Fturi.lavocedelpaese.info%2Fla-faldacchea-di-turi-diventa-marchio-collettivo%2F&amp;linkname=%E2%80%9CLa%20Faldacchea%20di%20Turi%E2%80%9D%20diventa%20marchio%20collettivo\" title=\"Facebook\" target=\"_blank\" rel=\"noopener\"><\/a><a class=\"a2a_button_twitter\" href=\"https:\/\/www.addtoany.com\/add_to\/twitter?linkurl=https%3A%2F%2Fturi.lavocedelpaese.info%2Fla-faldacchea-di-turi-diventa-marchio-collettivo%2F&amp;linkname=%E2%80%9CLa%20Faldacchea%20di%20Turi%E2%80%9D%20diventa%20marchio%20collettivo\" title=\"Twitter\" target=\"_blank\" rel=\"noopener\"><\/a><a class=\"a2a_button_whatsapp\" href=\"https:\/\/www.addtoany.com\/add_to\/whatsapp?linkurl=https%3A%2F%2Fturi.lavocedelpaese.info%2Fla-faldacchea-di-turi-diventa-marchio-collettivo%2F&amp;linkname=%E2%80%9CLa%20Faldacchea%20di%20Turi%E2%80%9D%20diventa%20marchio%20collettivo\" title=\"WhatsApp\" target=\"_blank\" rel=\"noopener\"><\/a><a class=\"a2a_button_telegram\" href=\"https:\/\/www.addtoany.com\/add_to\/telegram?linkurl=https%3A%2F%2Fturi.lavocedelpaese.info%2Fla-faldacchea-di-turi-diventa-marchio-collettivo%2F&amp;linkname=%E2%80%9CLa%20Faldacchea%20di%20Turi%E2%80%9D%20diventa%20marchio%20collettivo\" title=\"Telegram\" target=\"_blank\" rel=\"noopener\"><\/a><a class=\"a2a_button_email\" href=\"https:\/\/www.addtoany.com\/add_to\/email?linkurl=https%3A%2F%2Fturi.lavocedelpaese.info%2Fla-faldacchea-di-turi-diventa-marchio-collettivo%2F&amp;linkname=%E2%80%9CLa%20Faldacchea%20di%20Turi%E2%80%9D%20diventa%20marchio%20collettivo\" title=\"Email\" target=\"_blank\" rel=\"noopener\"><\/a><\/p>\n<p>\u00a0<\/p>","protected":false},"excerpt":{"rendered":"<p>\u00a0 \u200b\u00a0 \u200bTuri \u2013 La Voce del Paese\u00a0 Mercoled\u00ec 15 marzo, presso la Fiera Internazionale \u201cLevante Prof\u201d, \u00e8 stato presentato<\/p>\n","protected":false},"author":0,"featured_media":0,"comment_status":"open","ping_status":"closed","sticky":false,"template":"","format":"standard","meta":{"colormag_page_container_layout":"default_layout","colormag_page_sidebar_layout":"default_layout","footnotes":""},"categories":[33],"tags":[],"class_list":["post-1248","post","type-post","status-publish","format-standard","hentry","category-network"],"yoast_head":"<!-- This site is optimized with the Yoast SEO plugin v27.5 - https:\/\/yoast.com\/product\/yoast-seo-wordpress\/ -->\n<title>\u201cLa Faldacchea di Turi\u201d diventa marchio collettivo - La Voce del Paese<\/title>\n<meta name=\"robots\" content=\"index, follow, max-snippet:-1, max-image-preview:large, max-video-preview:-1\" \/>\n<link rel=\"canonical\" href=\"https:\/\/lavocedelpaese.info\/index.php\/2023\/03\/17\/la-faldacchea-di-turi-diventa-marchio-collettivo\/\" \/>\n<meta property=\"og:locale\" content=\"it_IT\" \/>\n<meta property=\"og:type\" content=\"article\" \/>\n<meta property=\"og:title\" content=\"\u201cLa Faldacchea di Turi\u201d diventa marchio collettivo - La Voce del Paese\" \/>\n<meta property=\"og:description\" content=\"\u00a0 \u200b\u00a0 \u200bTuri \u2013 La Voce del Paese\u00a0 Mercoled\u00ec 15 marzo, presso la Fiera Internazionale \u201cLevante Prof\u201d, \u00e8 stato presentato\" \/>\n<meta property=\"og:url\" content=\"https:\/\/lavocedelpaese.info\/index.php\/2023\/03\/17\/la-faldacchea-di-turi-diventa-marchio-collettivo\/\" \/>\n<meta property=\"og:site_name\" content=\"La Voce del Paese\" \/>\n<meta property=\"article:publisher\" content=\"https:\/\/www.facebook.com\/lavocedelpaese.info\" \/>\n<meta property=\"article:published_time\" content=\"2023-03-17T08:33:27+00:00\" \/>\n<meta name=\"twitter:card\" content=\"summary_large_image\" \/>\n<meta name=\"twitter:label1\" content=\"Tempo di lettura stimato\" \/>\n\t<meta name=\"twitter:data1\" content=\"3 minuti\" \/>\n<script type=\"application\/ld+json\" class=\"yoast-schema-graph\">{\"@context\":\"https:\\\/\\\/schema.org\",\"@graph\":[{\"@type\":\"Article\",\"@id\":\"https:\\\/\\\/lavocedelpaese.info\\\/index.php\\\/2023\\\/03\\\/17\\\/la-faldacchea-di-turi-diventa-marchio-collettivo\\\/#article\",\"isPartOf\":{\"@id\":\"https:\\\/\\\/lavocedelpaese.info\\\/index.php\\\/2023\\\/03\\\/17\\\/la-faldacchea-di-turi-diventa-marchio-collettivo\\\/\"},\"author\":{\"name\":\"\",\"@id\":\"\"},\"headline\":\"\u201cLa Faldacchea di Turi\u201d diventa marchio collettivo\",\"datePublished\":\"2023-03-17T08:33:27+00:00\",\"mainEntityOfPage\":{\"@id\":\"https:\\\/\\\/lavocedelpaese.info\\\/index.php\\\/2023\\\/03\\\/17\\\/la-faldacchea-di-turi-diventa-marchio-collettivo\\\/\"},\"wordCount\":704,\"commentCount\":0,\"publisher\":{\"@id\":\"https:\\\/\\\/lavocedelpaese.info\\\/#organization\"},\"articleSection\":[\"network\"],\"inLanguage\":\"it-IT\",\"potentialAction\":[{\"@type\":\"CommentAction\",\"name\":\"Comment\",\"target\":[\"https:\\\/\\\/lavocedelpaese.info\\\/index.php\\\/2023\\\/03\\\/17\\\/la-faldacchea-di-turi-diventa-marchio-collettivo\\\/#respond\"]}]},{\"@type\":\"WebPage\",\"@id\":\"https:\\\/\\\/lavocedelpaese.info\\\/index.php\\\/2023\\\/03\\\/17\\\/la-faldacchea-di-turi-diventa-marchio-collettivo\\\/\",\"url\":\"https:\\\/\\\/lavocedelpaese.info\\\/index.php\\\/2023\\\/03\\\/17\\\/la-faldacchea-di-turi-diventa-marchio-collettivo\\\/\",\"name\":\"\u201cLa Faldacchea di Turi\u201d diventa marchio collettivo - La Voce del Paese\",\"isPartOf\":{\"@id\":\"https:\\\/\\\/lavocedelpaese.info\\\/#website\"},\"datePublished\":\"2023-03-17T08:33:27+00:00\",\"breadcrumb\":{\"@id\":\"https:\\\/\\\/lavocedelpaese.info\\\/index.php\\\/2023\\\/03\\\/17\\\/la-faldacchea-di-turi-diventa-marchio-collettivo\\\/#breadcrumb\"},\"inLanguage\":\"it-IT\",\"potentialAction\":[{\"@type\":\"ReadAction\",\"target\":[\"https:\\\/\\\/lavocedelpaese.info\\\/index.php\\\/2023\\\/03\\\/17\\\/la-faldacchea-di-turi-diventa-marchio-collettivo\\\/\"]}]},{\"@type\":\"BreadcrumbList\",\"@id\":\"https:\\\/\\\/lavocedelpaese.info\\\/index.php\\\/2023\\\/03\\\/17\\\/la-faldacchea-di-turi-diventa-marchio-collettivo\\\/#breadcrumb\",\"itemListElement\":[{\"@type\":\"ListItem\",\"position\":1,\"name\":\"Home\",\"item\":\"https:\\\/\\\/lavocedelpaese.info\\\/\"},{\"@type\":\"ListItem\",\"position\":2,\"name\":\"\u201cLa Faldacchea di Turi\u201d diventa marchio collettivo\"}]},{\"@type\":\"WebSite\",\"@id\":\"https:\\\/\\\/lavocedelpaese.info\\\/#website\",\"url\":\"https:\\\/\\\/lavocedelpaese.info\\\/\",\"name\":\"La Voce del Paese\",\"description\":\"Un network di idee\",\"publisher\":{\"@id\":\"https:\\\/\\\/lavocedelpaese.info\\\/#organization\"},\"potentialAction\":[{\"@type\":\"SearchAction\",\"target\":{\"@type\":\"EntryPoint\",\"urlTemplate\":\"https:\\\/\\\/lavocedelpaese.info\\\/?s={search_term_string}\"},\"query-input\":{\"@type\":\"PropertyValueSpecification\",\"valueRequired\":true,\"valueName\":\"search_term_string\"}}],\"inLanguage\":\"it-IT\"},{\"@type\":\"Organization\",\"@id\":\"https:\\\/\\\/lavocedelpaese.info\\\/#organization\",\"name\":\"La Voce del Paese\",\"url\":\"https:\\\/\\\/lavocedelpaese.info\\\/\",\"logo\":{\"@type\":\"ImageObject\",\"inLanguage\":\"it-IT\",\"@id\":\"https:\\\/\\\/lavocedelpaese.info\\\/#\\\/schema\\\/logo\\\/image\\\/\",\"url\":\"https:\\\/\\\/lavocedelpaese.info\\\/wp-content\\\/uploads\\\/2023\\\/01\\\/cropped-logo-150-127.png\",\"contentUrl\":\"https:\\\/\\\/lavocedelpaese.info\\\/wp-content\\\/uploads\\\/2023\\\/01\\\/cropped-logo-150-127.png\",\"width\":137,\"height\":119,\"caption\":\"La Voce del Paese\"},\"image\":{\"@id\":\"https:\\\/\\\/lavocedelpaese.info\\\/#\\\/schema\\\/logo\\\/image\\\/\"},\"sameAs\":[\"https:\\\/\\\/www.facebook.com\\\/lavocedelpaese.info\"]}]}<\/script>\n<!-- \/ Yoast SEO plugin. -->","yoast_head_json":{"title":"\u201cLa Faldacchea di Turi\u201d diventa marchio collettivo - La Voce del Paese","robots":{"index":"index","follow":"follow","max-snippet":"max-snippet:-1","max-image-preview":"max-image-preview:large","max-video-preview":"max-video-preview:-1"},"canonical":"https:\/\/lavocedelpaese.info\/index.php\/2023\/03\/17\/la-faldacchea-di-turi-diventa-marchio-collettivo\/","og_locale":"it_IT","og_type":"article","og_title":"\u201cLa Faldacchea di Turi\u201d diventa marchio collettivo - La Voce del Paese","og_description":"\u00a0 \u200b\u00a0 \u200bTuri \u2013 La Voce del Paese\u00a0 Mercoled\u00ec 15 marzo, presso la Fiera Internazionale \u201cLevante Prof\u201d, \u00e8 stato presentato","og_url":"https:\/\/lavocedelpaese.info\/index.php\/2023\/03\/17\/la-faldacchea-di-turi-diventa-marchio-collettivo\/","og_site_name":"La Voce del Paese","article_publisher":"https:\/\/www.facebook.com\/lavocedelpaese.info","article_published_time":"2023-03-17T08:33:27+00:00","twitter_card":"summary_large_image","twitter_misc":{"Tempo di lettura stimato":"3 minuti"},"schema":{"@context":"https:\/\/schema.org","@graph":[{"@type":"Article","@id":"https:\/\/lavocedelpaese.info\/index.php\/2023\/03\/17\/la-faldacchea-di-turi-diventa-marchio-collettivo\/#article","isPartOf":{"@id":"https:\/\/lavocedelpaese.info\/index.php\/2023\/03\/17\/la-faldacchea-di-turi-diventa-marchio-collettivo\/"},"author":{"name":"","@id":""},"headline":"\u201cLa Faldacchea di Turi\u201d diventa marchio collettivo","datePublished":"2023-03-17T08:33:27+00:00","mainEntityOfPage":{"@id":"https:\/\/lavocedelpaese.info\/index.php\/2023\/03\/17\/la-faldacchea-di-turi-diventa-marchio-collettivo\/"},"wordCount":704,"commentCount":0,"publisher":{"@id":"https:\/\/lavocedelpaese.info\/#organization"},"articleSection":["network"],"inLanguage":"it-IT","potentialAction":[{"@type":"CommentAction","name":"Comment","target":["https:\/\/lavocedelpaese.info\/index.php\/2023\/03\/17\/la-faldacchea-di-turi-diventa-marchio-collettivo\/#respond"]}]},{"@type":"WebPage","@id":"https:\/\/lavocedelpaese.info\/index.php\/2023\/03\/17\/la-faldacchea-di-turi-diventa-marchio-collettivo\/","url":"https:\/\/lavocedelpaese.info\/index.php\/2023\/03\/17\/la-faldacchea-di-turi-diventa-marchio-collettivo\/","name":"\u201cLa Faldacchea di Turi\u201d diventa marchio collettivo - La Voce del Paese","isPartOf":{"@id":"https:\/\/lavocedelpaese.info\/#website"},"datePublished":"2023-03-17T08:33:27+00:00","breadcrumb":{"@id":"https:\/\/lavocedelpaese.info\/index.php\/2023\/03\/17\/la-faldacchea-di-turi-diventa-marchio-collettivo\/#breadcrumb"},"inLanguage":"it-IT","potentialAction":[{"@type":"ReadAction","target":["https:\/\/lavocedelpaese.info\/index.php\/2023\/03\/17\/la-faldacchea-di-turi-diventa-marchio-collettivo\/"]}]},{"@type":"BreadcrumbList","@id":"https:\/\/lavocedelpaese.info\/index.php\/2023\/03\/17\/la-faldacchea-di-turi-diventa-marchio-collettivo\/#breadcrumb","itemListElement":[{"@type":"ListItem","position":1,"name":"Home","item":"https:\/\/lavocedelpaese.info\/"},{"@type":"ListItem","position":2,"name":"\u201cLa Faldacchea di Turi\u201d diventa marchio collettivo"}]},{"@type":"WebSite","@id":"https:\/\/lavocedelpaese.info\/#website","url":"https:\/\/lavocedelpaese.info\/","name":"La Voce del Paese","description":"Un network di idee","publisher":{"@id":"https:\/\/lavocedelpaese.info\/#organization"},"potentialAction":[{"@type":"SearchAction","target":{"@type":"EntryPoint","urlTemplate":"https:\/\/lavocedelpaese.info\/?s={search_term_string}"},"query-input":{"@type":"PropertyValueSpecification","valueRequired":true,"valueName":"search_term_string"}}],"inLanguage":"it-IT"},{"@type":"Organization","@id":"https:\/\/lavocedelpaese.info\/#organization","name":"La Voce del Paese","url":"https:\/\/lavocedelpaese.info\/","logo":{"@type":"ImageObject","inLanguage":"it-IT","@id":"https:\/\/lavocedelpaese.info\/#\/schema\/logo\/image\/","url":"https:\/\/lavocedelpaese.info\/wp-content\/uploads\/2023\/01\/cropped-logo-150-127.png","contentUrl":"https:\/\/lavocedelpaese.info\/wp-content\/uploads\/2023\/01\/cropped-logo-150-127.png","width":137,"height":119,"caption":"La Voce del Paese"},"image":{"@id":"https:\/\/lavocedelpaese.info\/#\/schema\/logo\/image\/"},"sameAs":["https:\/\/www.facebook.com\/lavocedelpaese.info"]}]}},"_links":{"self":[{"href":"https:\/\/lavocedelpaese.info\/index.php\/wp-json\/wp\/v2\/posts\/1248","targetHints":{"allow":["GET"]}}],"collection":[{"href":"https:\/\/lavocedelpaese.info\/index.php\/wp-json\/wp\/v2\/posts"}],"about":[{"href":"https:\/\/lavocedelpaese.info\/index.php\/wp-json\/wp\/v2\/types\/post"}],"replies":[{"embeddable":true,"href":"https:\/\/lavocedelpaese.info\/index.php\/wp-json\/wp\/v2\/comments?post=1248"}],"version-history":[{"count":0,"href":"https:\/\/lavocedelpaese.info\/index.php\/wp-json\/wp\/v2\/posts\/1248\/revisions"}],"wp:attachment":[{"href":"https:\/\/lavocedelpaese.info\/index.php\/wp-json\/wp\/v2\/media?parent=1248"}],"wp:term":[{"taxonomy":"category","embeddable":true,"href":"https:\/\/lavocedelpaese.info\/index.php\/wp-json\/wp\/v2\/categories?post=1248"},{"taxonomy":"post_tag","embeddable":true,"href":"https:\/\/lavocedelpaese.info\/index.php\/wp-json\/wp\/v2\/tags?post=1248"}],"curies":[{"name":"wp","href":"https:\/\/api.w.org\/{rel}","templated":true}]}}