{"id":1216,"date":"2023-03-10T16:28:01","date_gmt":"2023-03-10T16:28:01","guid":{"rendered":"https:\/\/lavocedelpaese.info\/index.php\/2023\/03\/10\/presentazione-del-marchio-collettivo-la-faldacchea-di-turi\/"},"modified":"2023-03-10T16:28:01","modified_gmt":"2023-03-10T16:28:01","slug":"presentazione-del-marchio-collettivo-la-faldacchea-di-turi","status":"publish","type":"post","link":"https:\/\/lavocedelpaese.info\/index.php\/2023\/03\/10\/presentazione-del-marchio-collettivo-la-faldacchea-di-turi\/","title":{"rendered":"Presentazione del marchio collettivo \u201cLa Faldacchea di Turi\u201d"},"content":{"rendered":"<p>\u00a0<\/p>\n<p>\u200b\u00a0<\/p>\n<p>\u200bTuri \u2013 La Voce del Paese\u00a0<\/p>\n<p class=\"has-text-align-center\"><strong><em>Appuntamento mercoled\u00ec 15 marzo presso la Fiera Internazionale \u201cLevante Prof\u201d<\/em><\/strong><\/p>\n<div class=\"wp-block-spacer\"><\/div>\n<p class=\"has-text-align-left\">Mercoled\u00ec 15 marzo, alle ore 11.00, presso la Fiera Internazionale \u201cLevante Prof\u201d, sar\u00e0 presentato il brand collettivo \u201cLa Faldacchea di Turi\u201d.<\/p>\n<p>La conferenza stampa, ospitata presso lo stand 5 di \u201cGoloasi\u201d, vedr\u00e0 l\u2019intervento dell\u2019assessore regionale allo Sviluppo Economico, Alessandro Delli Noci, del Sindaco di Turi, Ippolita Resta, e di Stefano de Carolis, presidente dell\u2019Associazione culturale ets \u201cLa Faldacchea di Turi\u201d. L\u2019incontro sar\u00e0 moderato dal giornalista Valentino Sgaramella.<\/p>\n<p>Nel corso della conferenza stampa, le maestre dolciaie di Turi daranno luogo ad uno show-cooking, durante il quale sar\u00e0 possibile assistere dal vivo le principali fasi della preparazione del dolce\u00a0 turese.<\/p>\n<div class=\"wp-block-spacer\"><\/div>\n<h4><strong>Il valore del brand collettivo: un volano per lo sviluppo economico di Turi e del suo territorio<\/strong><\/h4>\n<p>Il marchio collettivo, la cui titolarit\u00e0 \u00e8 del Comune di Turi, ha la finalit\u00e0 di creare un sistema certificato di qualit\u00e0 della produzione e commercializzazione della Faldacchea, dolce a base di mandorla.<br \/>A tal fine, il sodalizio delle maestre dolciaie ha elaborato un apposito disciplinare che tutela l\u2019identit\u00e0 del dolce, garantendo il rispetto della ricetta originaria e dei suoi ingredienti, salvaguardando il legame con il territorio di Turi.<br \/>Inoltre, tale brand \u2013 sulla cui conformit\u00e0 vigiler\u00e0 la stessa Associazione \u2013 si prefigura quale volano d\u2019eccellenza per lo sviluppo in chiave turistica e commerciale del paese, attraverso la promozione di seiniziative future che rilancino le peculiarit\u00e0 della cultura dolciaria turese all\u2019interno di un circuito nazionale e internazionale.<\/p>\n<p>In tale ottica di promozione del patrimonio enogastronomico rientra anche l\u2019impostazione grafica del marchio collettivo, che pone l\u2019accento \u2013 in forma stilizzata \u2013 sugli elementi caratteristici dell\u2019operazione: la storia del ex convento delle clarisse di Turi e della Faldacchea, il valore aggiunto dell\u2019artigianalit\u00e0 e l\u2019origine geografica.<\/p>\n<div class=\"wp-block-spacer\"><\/div>\n<h4><strong>L\u2019iter: dalla ricerca storica al marchio collettivo<\/strong><\/h4>\n<p>L\u2019importante traguardo \u00e8 stato raggiunto dopo un lungo iter burocratico, iniziato nel 2021 con la ricerca storica di Stefano de Carolis che ha permesso di \u201criscrivere\u201d la storia della Faldacchea, accertando \u2013 sulla base di documenti d\u2019archivio \u2013 che il \u201cdolce della sposa\u201d ha la sua crescita e diffusione nel comune di Turi, grazie alla figura di Anna Antonia Martinelli, detta la monacacella.<\/p>\n<p>Ripristinata la verit\u00e0 sulle radici storiche del dolce, de Carolis ha avviato un proficuo dialogo con le maestre dolciaie turesi, motivandole a unirsi e a costituire l\u2019Associazione culturale \u201cLa Faldacchea di Turi\u201d.<\/p>\n<p>A marzo 2022, il sodalizio ha ottenuto il primo importante riconoscimento: la certificazione PAT, che ha inserito la Faldacchea nell\u2019elenco nazionale dei \u201cProdotti Agroalimentari Tradizionali\u201d.<\/p>\n<p>Dopo un anno, grazie all\u2019impegno concreto dell\u2019Amministrazione Comunale guidata da Ippolita Resta, Sindaco di Turi, si \u00e8 concretizzato il secondo obiettivo strategico: la registrazione del marchio collettivo presso il Ministero dello Sviluppo Economico.<\/p>\n<div class=\"wp-block-image\">\n<\/div>\n<p><a class=\"a2a_button_facebook\" href=\"https:\/\/www.addtoany.com\/add_to\/facebook?linkurl=https%3A%2F%2Fturi.lavocedelpaese.info%2Fpresentazione-del-marchio-collettivo-la-faldacchea-di-turi%2F&amp;linkname=Presentazione%20del%20marchio%20collettivo%20%E2%80%9CLa%20Faldacchea%20di%20Turi%E2%80%9D\" title=\"Facebook\" target=\"_blank\" rel=\"noopener\"><\/a><a class=\"a2a_button_twitter\" href=\"https:\/\/www.addtoany.com\/add_to\/twitter?linkurl=https%3A%2F%2Fturi.lavocedelpaese.info%2Fpresentazione-del-marchio-collettivo-la-faldacchea-di-turi%2F&amp;linkname=Presentazione%20del%20marchio%20collettivo%20%E2%80%9CLa%20Faldacchea%20di%20Turi%E2%80%9D\" title=\"Twitter\" target=\"_blank\" rel=\"noopener\"><\/a><a class=\"a2a_button_whatsapp\" href=\"https:\/\/www.addtoany.com\/add_to\/whatsapp?linkurl=https%3A%2F%2Fturi.lavocedelpaese.info%2Fpresentazione-del-marchio-collettivo-la-faldacchea-di-turi%2F&amp;linkname=Presentazione%20del%20marchio%20collettivo%20%E2%80%9CLa%20Faldacchea%20di%20Turi%E2%80%9D\" title=\"WhatsApp\" target=\"_blank\" rel=\"noopener\"><\/a><a class=\"a2a_button_telegram\" href=\"https:\/\/www.addtoany.com\/add_to\/telegram?linkurl=https%3A%2F%2Fturi.lavocedelpaese.info%2Fpresentazione-del-marchio-collettivo-la-faldacchea-di-turi%2F&amp;linkname=Presentazione%20del%20marchio%20collettivo%20%E2%80%9CLa%20Faldacchea%20di%20Turi%E2%80%9D\" title=\"Telegram\" target=\"_blank\" rel=\"noopener\"><\/a><a class=\"a2a_button_email\" href=\"https:\/\/www.addtoany.com\/add_to\/email?linkurl=https%3A%2F%2Fturi.lavocedelpaese.info%2Fpresentazione-del-marchio-collettivo-la-faldacchea-di-turi%2F&amp;linkname=Presentazione%20del%20marchio%20collettivo%20%E2%80%9CLa%20Faldacchea%20di%20Turi%E2%80%9D\" title=\"Email\" target=\"_blank\" rel=\"noopener\"><\/a><\/p>\n<p>\u00a0<\/p>","protected":false},"excerpt":{"rendered":"<p>\u00a0 \u200b\u00a0 \u200bTuri \u2013 La Voce del Paese\u00a0 Appuntamento mercoled\u00ec 15 marzo presso la Fiera Internazionale \u201cLevante Prof\u201d Mercoled\u00ec 15<\/p>\n","protected":false},"author":0,"featured_media":0,"comment_status":"open","ping_status":"closed","sticky":false,"template":"","format":"standard","meta":{"colormag_page_container_layout":"default_layout","colormag_page_sidebar_layout":"default_layout","footnotes":""},"categories":[33],"tags":[],"class_list":["post-1216","post","type-post","status-publish","format-standard","hentry","category-network"],"yoast_head":"<!-- This site is optimized with the Yoast SEO plugin v27.5 - https:\/\/yoast.com\/product\/yoast-seo-wordpress\/ -->\n<title>Presentazione del marchio collettivo \u201cLa Faldacchea di Turi\u201d - La Voce del Paese<\/title>\n<meta name=\"robots\" content=\"index, follow, max-snippet:-1, max-image-preview:large, max-video-preview:-1\" \/>\n<link rel=\"canonical\" href=\"https:\/\/lavocedelpaese.info\/index.php\/2023\/03\/10\/presentazione-del-marchio-collettivo-la-faldacchea-di-turi\/\" \/>\n<meta property=\"og:locale\" content=\"it_IT\" \/>\n<meta property=\"og:type\" content=\"article\" \/>\n<meta property=\"og:title\" content=\"Presentazione del marchio collettivo \u201cLa Faldacchea di Turi\u201d - La Voce del Paese\" \/>\n<meta property=\"og:description\" content=\"\u00a0 \u200b\u00a0 \u200bTuri \u2013 La Voce del Paese\u00a0 Appuntamento mercoled\u00ec 15 marzo presso la Fiera Internazionale \u201cLevante Prof\u201d Mercoled\u00ec 15\" \/>\n<meta property=\"og:url\" content=\"https:\/\/lavocedelpaese.info\/index.php\/2023\/03\/10\/presentazione-del-marchio-collettivo-la-faldacchea-di-turi\/\" \/>\n<meta property=\"og:site_name\" content=\"La Voce del Paese\" \/>\n<meta property=\"article:publisher\" content=\"https:\/\/www.facebook.com\/lavocedelpaese.info\" \/>\n<meta property=\"article:published_time\" content=\"2023-03-10T16:28:01+00:00\" \/>\n<meta name=\"twitter:card\" content=\"summary_large_image\" \/>\n<meta name=\"twitter:label1\" content=\"Tempo di lettura stimato\" \/>\n\t<meta name=\"twitter:data1\" content=\"2 minuti\" \/>\n<script type=\"application\/ld+json\" class=\"yoast-schema-graph\">{\"@context\":\"https:\\\/\\\/schema.org\",\"@graph\":[{\"@type\":\"Article\",\"@id\":\"https:\\\/\\\/lavocedelpaese.info\\\/index.php\\\/2023\\\/03\\\/10\\\/presentazione-del-marchio-collettivo-la-faldacchea-di-turi\\\/#article\",\"isPartOf\":{\"@id\":\"https:\\\/\\\/lavocedelpaese.info\\\/index.php\\\/2023\\\/03\\\/10\\\/presentazione-del-marchio-collettivo-la-faldacchea-di-turi\\\/\"},\"author\":{\"name\":\"\",\"@id\":\"\"},\"headline\":\"Presentazione del marchio collettivo \u201cLa Faldacchea di Turi\u201d\",\"datePublished\":\"2023-03-10T16:28:01+00:00\",\"mainEntityOfPage\":{\"@id\":\"https:\\\/\\\/lavocedelpaese.info\\\/index.php\\\/2023\\\/03\\\/10\\\/presentazione-del-marchio-collettivo-la-faldacchea-di-turi\\\/\"},\"wordCount\":464,\"commentCount\":0,\"publisher\":{\"@id\":\"https:\\\/\\\/lavocedelpaese.info\\\/#organization\"},\"articleSection\":[\"network\"],\"inLanguage\":\"it-IT\",\"potentialAction\":[{\"@type\":\"CommentAction\",\"name\":\"Comment\",\"target\":[\"https:\\\/\\\/lavocedelpaese.info\\\/index.php\\\/2023\\\/03\\\/10\\\/presentazione-del-marchio-collettivo-la-faldacchea-di-turi\\\/#respond\"]}]},{\"@type\":\"WebPage\",\"@id\":\"https:\\\/\\\/lavocedelpaese.info\\\/index.php\\\/2023\\\/03\\\/10\\\/presentazione-del-marchio-collettivo-la-faldacchea-di-turi\\\/\",\"url\":\"https:\\\/\\\/lavocedelpaese.info\\\/index.php\\\/2023\\\/03\\\/10\\\/presentazione-del-marchio-collettivo-la-faldacchea-di-turi\\\/\",\"name\":\"Presentazione del marchio collettivo \u201cLa Faldacchea di Turi\u201d - La Voce del Paese\",\"isPartOf\":{\"@id\":\"https:\\\/\\\/lavocedelpaese.info\\\/#website\"},\"datePublished\":\"2023-03-10T16:28:01+00:00\",\"breadcrumb\":{\"@id\":\"https:\\\/\\\/lavocedelpaese.info\\\/index.php\\\/2023\\\/03\\\/10\\\/presentazione-del-marchio-collettivo-la-faldacchea-di-turi\\\/#breadcrumb\"},\"inLanguage\":\"it-IT\",\"potentialAction\":[{\"@type\":\"ReadAction\",\"target\":[\"https:\\\/\\\/lavocedelpaese.info\\\/index.php\\\/2023\\\/03\\\/10\\\/presentazione-del-marchio-collettivo-la-faldacchea-di-turi\\\/\"]}]},{\"@type\":\"BreadcrumbList\",\"@id\":\"https:\\\/\\\/lavocedelpaese.info\\\/index.php\\\/2023\\\/03\\\/10\\\/presentazione-del-marchio-collettivo-la-faldacchea-di-turi\\\/#breadcrumb\",\"itemListElement\":[{\"@type\":\"ListItem\",\"position\":1,\"name\":\"Home\",\"item\":\"https:\\\/\\\/lavocedelpaese.info\\\/\"},{\"@type\":\"ListItem\",\"position\":2,\"name\":\"Presentazione del marchio collettivo \u201cLa Faldacchea di Turi\u201d\"}]},{\"@type\":\"WebSite\",\"@id\":\"https:\\\/\\\/lavocedelpaese.info\\\/#website\",\"url\":\"https:\\\/\\\/lavocedelpaese.info\\\/\",\"name\":\"La Voce del Paese\",\"description\":\"Un network di idee\",\"publisher\":{\"@id\":\"https:\\\/\\\/lavocedelpaese.info\\\/#organization\"},\"potentialAction\":[{\"@type\":\"SearchAction\",\"target\":{\"@type\":\"EntryPoint\",\"urlTemplate\":\"https:\\\/\\\/lavocedelpaese.info\\\/?s={search_term_string}\"},\"query-input\":{\"@type\":\"PropertyValueSpecification\",\"valueRequired\":true,\"valueName\":\"search_term_string\"}}],\"inLanguage\":\"it-IT\"},{\"@type\":\"Organization\",\"@id\":\"https:\\\/\\\/lavocedelpaese.info\\\/#organization\",\"name\":\"La Voce del Paese\",\"url\":\"https:\\\/\\\/lavocedelpaese.info\\\/\",\"logo\":{\"@type\":\"ImageObject\",\"inLanguage\":\"it-IT\",\"@id\":\"https:\\\/\\\/lavocedelpaese.info\\\/#\\\/schema\\\/logo\\\/image\\\/\",\"url\":\"https:\\\/\\\/lavocedelpaese.info\\\/wp-content\\\/uploads\\\/2023\\\/01\\\/cropped-logo-150-127.png\",\"contentUrl\":\"https:\\\/\\\/lavocedelpaese.info\\\/wp-content\\\/uploads\\\/2023\\\/01\\\/cropped-logo-150-127.png\",\"width\":137,\"height\":119,\"caption\":\"La Voce del Paese\"},\"image\":{\"@id\":\"https:\\\/\\\/lavocedelpaese.info\\\/#\\\/schema\\\/logo\\\/image\\\/\"},\"sameAs\":[\"https:\\\/\\\/www.facebook.com\\\/lavocedelpaese.info\"]}]}<\/script>\n<!-- \/ Yoast SEO plugin. -->","yoast_head_json":{"title":"Presentazione del marchio collettivo \u201cLa Faldacchea di Turi\u201d - La Voce del Paese","robots":{"index":"index","follow":"follow","max-snippet":"max-snippet:-1","max-image-preview":"max-image-preview:large","max-video-preview":"max-video-preview:-1"},"canonical":"https:\/\/lavocedelpaese.info\/index.php\/2023\/03\/10\/presentazione-del-marchio-collettivo-la-faldacchea-di-turi\/","og_locale":"it_IT","og_type":"article","og_title":"Presentazione del marchio collettivo \u201cLa Faldacchea di Turi\u201d - La Voce del Paese","og_description":"\u00a0 \u200b\u00a0 \u200bTuri \u2013 La Voce del Paese\u00a0 Appuntamento mercoled\u00ec 15 marzo presso la Fiera Internazionale \u201cLevante Prof\u201d Mercoled\u00ec 15","og_url":"https:\/\/lavocedelpaese.info\/index.php\/2023\/03\/10\/presentazione-del-marchio-collettivo-la-faldacchea-di-turi\/","og_site_name":"La Voce del Paese","article_publisher":"https:\/\/www.facebook.com\/lavocedelpaese.info","article_published_time":"2023-03-10T16:28:01+00:00","twitter_card":"summary_large_image","twitter_misc":{"Tempo di lettura stimato":"2 minuti"},"schema":{"@context":"https:\/\/schema.org","@graph":[{"@type":"Article","@id":"https:\/\/lavocedelpaese.info\/index.php\/2023\/03\/10\/presentazione-del-marchio-collettivo-la-faldacchea-di-turi\/#article","isPartOf":{"@id":"https:\/\/lavocedelpaese.info\/index.php\/2023\/03\/10\/presentazione-del-marchio-collettivo-la-faldacchea-di-turi\/"},"author":{"name":"","@id":""},"headline":"Presentazione del marchio collettivo \u201cLa Faldacchea di Turi\u201d","datePublished":"2023-03-10T16:28:01+00:00","mainEntityOfPage":{"@id":"https:\/\/lavocedelpaese.info\/index.php\/2023\/03\/10\/presentazione-del-marchio-collettivo-la-faldacchea-di-turi\/"},"wordCount":464,"commentCount":0,"publisher":{"@id":"https:\/\/lavocedelpaese.info\/#organization"},"articleSection":["network"],"inLanguage":"it-IT","potentialAction":[{"@type":"CommentAction","name":"Comment","target":["https:\/\/lavocedelpaese.info\/index.php\/2023\/03\/10\/presentazione-del-marchio-collettivo-la-faldacchea-di-turi\/#respond"]}]},{"@type":"WebPage","@id":"https:\/\/lavocedelpaese.info\/index.php\/2023\/03\/10\/presentazione-del-marchio-collettivo-la-faldacchea-di-turi\/","url":"https:\/\/lavocedelpaese.info\/index.php\/2023\/03\/10\/presentazione-del-marchio-collettivo-la-faldacchea-di-turi\/","name":"Presentazione del marchio collettivo \u201cLa Faldacchea di Turi\u201d - La Voce del Paese","isPartOf":{"@id":"https:\/\/lavocedelpaese.info\/#website"},"datePublished":"2023-03-10T16:28:01+00:00","breadcrumb":{"@id":"https:\/\/lavocedelpaese.info\/index.php\/2023\/03\/10\/presentazione-del-marchio-collettivo-la-faldacchea-di-turi\/#breadcrumb"},"inLanguage":"it-IT","potentialAction":[{"@type":"ReadAction","target":["https:\/\/lavocedelpaese.info\/index.php\/2023\/03\/10\/presentazione-del-marchio-collettivo-la-faldacchea-di-turi\/"]}]},{"@type":"BreadcrumbList","@id":"https:\/\/lavocedelpaese.info\/index.php\/2023\/03\/10\/presentazione-del-marchio-collettivo-la-faldacchea-di-turi\/#breadcrumb","itemListElement":[{"@type":"ListItem","position":1,"name":"Home","item":"https:\/\/lavocedelpaese.info\/"},{"@type":"ListItem","position":2,"name":"Presentazione del marchio collettivo \u201cLa Faldacchea di Turi\u201d"}]},{"@type":"WebSite","@id":"https:\/\/lavocedelpaese.info\/#website","url":"https:\/\/lavocedelpaese.info\/","name":"La Voce del Paese","description":"Un network di idee","publisher":{"@id":"https:\/\/lavocedelpaese.info\/#organization"},"potentialAction":[{"@type":"SearchAction","target":{"@type":"EntryPoint","urlTemplate":"https:\/\/lavocedelpaese.info\/?s={search_term_string}"},"query-input":{"@type":"PropertyValueSpecification","valueRequired":true,"valueName":"search_term_string"}}],"inLanguage":"it-IT"},{"@type":"Organization","@id":"https:\/\/lavocedelpaese.info\/#organization","name":"La Voce del Paese","url":"https:\/\/lavocedelpaese.info\/","logo":{"@type":"ImageObject","inLanguage":"it-IT","@id":"https:\/\/lavocedelpaese.info\/#\/schema\/logo\/image\/","url":"https:\/\/lavocedelpaese.info\/wp-content\/uploads\/2023\/01\/cropped-logo-150-127.png","contentUrl":"https:\/\/lavocedelpaese.info\/wp-content\/uploads\/2023\/01\/cropped-logo-150-127.png","width":137,"height":119,"caption":"La Voce del Paese"},"image":{"@id":"https:\/\/lavocedelpaese.info\/#\/schema\/logo\/image\/"},"sameAs":["https:\/\/www.facebook.com\/lavocedelpaese.info"]}]}},"_links":{"self":[{"href":"https:\/\/lavocedelpaese.info\/index.php\/wp-json\/wp\/v2\/posts\/1216","targetHints":{"allow":["GET"]}}],"collection":[{"href":"https:\/\/lavocedelpaese.info\/index.php\/wp-json\/wp\/v2\/posts"}],"about":[{"href":"https:\/\/lavocedelpaese.info\/index.php\/wp-json\/wp\/v2\/types\/post"}],"replies":[{"embeddable":true,"href":"https:\/\/lavocedelpaese.info\/index.php\/wp-json\/wp\/v2\/comments?post=1216"}],"version-history":[{"count":0,"href":"https:\/\/lavocedelpaese.info\/index.php\/wp-json\/wp\/v2\/posts\/1216\/revisions"}],"wp:attachment":[{"href":"https:\/\/lavocedelpaese.info\/index.php\/wp-json\/wp\/v2\/media?parent=1216"}],"wp:term":[{"taxonomy":"category","embeddable":true,"href":"https:\/\/lavocedelpaese.info\/index.php\/wp-json\/wp\/v2\/categories?post=1216"},{"taxonomy":"post_tag","embeddable":true,"href":"https:\/\/lavocedelpaese.info\/index.php\/wp-json\/wp\/v2\/tags?post=1216"}],"curies":[{"name":"wp","href":"https:\/\/api.w.org\/{rel}","templated":true}]}}