{"id":1200,"date":"2023-03-07T08:16:26","date_gmt":"2023-03-07T08:16:26","guid":{"rendered":"https:\/\/lavocedelpaese.info\/index.php\/2023\/03\/07\/una-scuola-di-musica-per-valorizzare-le-nostre-tradizioni-bandistiche\/"},"modified":"2023-03-07T08:16:26","modified_gmt":"2023-03-07T08:16:26","slug":"una-scuola-di-musica-per-valorizzare-le-nostre-tradizioni-bandistiche","status":"publish","type":"post","link":"https:\/\/lavocedelpaese.info\/index.php\/2023\/03\/07\/una-scuola-di-musica-per-valorizzare-le-nostre-tradizioni-bandistiche\/","title":{"rendered":"Una Scuola di Musica per valorizzare le nostre tradizioni bandistiche"},"content":{"rendered":"<p>\u00a0<\/p>\n<p>\u200b\u00a0<\/p>\n<p>\u200bTuri \u2013 La Voce del Paese\u00a0<\/p>\n<p class=\"has-text-align-center\"><strong>L\u2019iniziativa, completamente gratuita, \u00e8 stata promossa dalla <\/strong><br \/><strong>Banda Musicale \u201cDon Giovanni Cipriani\u201d in sinergia con l\u2019Amministrazione, <\/strong><br \/><strong>l\u2019Istituto Comprensivo e l\u2019azienda Willy Green Technology Srl<\/strong><\/p>\n<p>Con delibera del 2 marzo, la Giunta ha approvato l\u2019accordo di collaborazione per la realizzazione di una Scuola di Musica e la costituzione di un\u2019Orchestra Giovanile di Fiati.<\/p>\n<p>L\u2019ambizioso progetto, coordinato dal M\u00b0 Valerio Savino, \u00e8 promosso dall\u2019Associazione Musicale \u201cMaria SS. Ausiliatrice\u201d, la quale ha raccolto l\u2019eredit\u00e0 della Banda dell\u2019Oratorio (fondata da don Giovanni Cipriani nel 1963) e si \u00e8 impegnata a dar seguito \u2013 dal 1991 senza soluzione di continuit\u00e0 \u2013 all\u2019opera di divulgazione del patrimonio culturale bandistico attraverso la Banda Cittadina \u201cDon Giovanni Cipriani\u201d.<\/p>\n<p>La lodevole iniziativa \u00e8 frutto della sinergia con il Comune di Turi, l\u2019Istituto Comprensivo \u201cResta \u2013 De Donato Giannini\u201d e l\u2019azienda Willy Green Technology Srl.<br \/>Nello specifico, il <strong>Comune di Turi<\/strong> si impegna a patrocinare il progetto, autorizzando l\u2019uso degli ambienti scolastici strettamente necessari allo svolgimento delle attivit\u00e0 e concedendo l\u2019utilizzo degli strumenti musicali di propriet\u00e0 comunale, che \u201cse rimanessero ancora inutilizzati, diventerebbero inevitabilmente inservibili, oltre a rappresentare fonte di costi per la manutenzione e la custodia\u201d.<br \/>L\u2019<strong>Istituto Comprensivo<\/strong>, invece, metter\u00e0 adisposizione un numero idoneo di aule didattiche per il corretto svolgimento delle attivit\u00e0, nonch\u00e9 gli spazi per le \u201clezioni aperte\u201d di gruppo e per gli eventuali saggi di fine anno.<br \/>La<strong> Willy Green Technology Srl<\/strong>, infine, sosterr\u00e0economicamente sia la Scuola di Musica che la successiva costituzione dell\u2019Orchestra Giovanile di Fiati.<br \/>All\u2019\u2019Associazione Musicale \u201cMaria SS. Ausiliatrice\u201d, chiaramente, spetter\u00e0 curare ogni aspetto utile al funzionamento della Scuola, dal reclutamento dei docenti alla fornitura del materiale didattico, passando per la custodia degli spazi e le aule assegnati.<\/p>\n<p><strong>Gli obiettivi<\/strong><\/p>\n<p>\u00abIl progetto \u2013 <a href=\"https:\/\/turi.lavocedelpaese.info\/la-banda-di-turi-suona-per-lomicidio-caracciolo\/\" target=\"_blank\" rel=\"noopener\">dichiara il M\u00b0 Valerio Savino<\/a> \u2013 \u00e8 totalmente gratuito (gli strumenti musicali saranno concessi in comodato d\u2019uso gratuito) ed \u00e8 rivolto a 25 alunni tra i 9\/10 anni e i 12\/13 anni che frequentano l\u2019Istituto Comprensivo \u201cResta-De Donato Giannini\u201d di Turi\u00bb.<\/p>\n<p>\u00abLe finalit\u00e0 \u2013 precisa \u2013 sono la promozione della conoscenza della musica, l\u2019apprendimento della teoria musicale, il potenziamento delle attivit\u00e0 di socializzazione e di aggregazione giovanile per mezzo della musica, lo studio di uno strumento musicale a fiato, il ruolo altamente socializzante svolto dalla banda al servizio della comunit\u00e0 in cui opera, l\u2019acquisizione di capacit\u00e0 logico-espressive e comunicative, lo sviluppo di capacit\u00e0 progettuali e organizzative, l\u2019orientamento dei giovani nelle scelte future per l\u2019inserimento nel mondo musicale\u00bb.<\/p>\n<p>Nel dettaglio, il corso avr\u00e0 la durata di 5 anni e si articoler\u00e0 in 4 moduli: formazione musicale; studio dello strumento musicale prescelto dall\u2019allievo; laboratorio di Musica d\u2019Insieme, con lezioni di gruppo; Esercitazioni Orchestrali, ovvero la concertazione dei brani musicali con l\u2019Orchestra di Fiati al completo (dopo un sufficiente periodo di formazione).<\/p>\n<p class=\"has-text-align-center\"><strong><br \/><\/strong><\/p>\n<p><a class=\"a2a_button_facebook\" href=\"https:\/\/www.addtoany.com\/add_to\/facebook?linkurl=https%3A%2F%2Fturi.lavocedelpaese.info%2Funa-scuola-di-musica-per-valorizzare-le-nostre-tradizioni-bandistiche%2F&amp;linkname=Una%20Scuola%20di%20Musica%20per%20valorizzare%20le%20nostre%20tradizioni%20bandistiche\" title=\"Facebook\" target=\"_blank\" rel=\"noopener\"><\/a><a class=\"a2a_button_twitter\" href=\"https:\/\/www.addtoany.com\/add_to\/twitter?linkurl=https%3A%2F%2Fturi.lavocedelpaese.info%2Funa-scuola-di-musica-per-valorizzare-le-nostre-tradizioni-bandistiche%2F&amp;linkname=Una%20Scuola%20di%20Musica%20per%20valorizzare%20le%20nostre%20tradizioni%20bandistiche\" title=\"Twitter\" target=\"_blank\" rel=\"noopener\"><\/a><a class=\"a2a_button_whatsapp\" href=\"https:\/\/www.addtoany.com\/add_to\/whatsapp?linkurl=https%3A%2F%2Fturi.lavocedelpaese.info%2Funa-scuola-di-musica-per-valorizzare-le-nostre-tradizioni-bandistiche%2F&amp;linkname=Una%20Scuola%20di%20Musica%20per%20valorizzare%20le%20nostre%20tradizioni%20bandistiche\" title=\"WhatsApp\" target=\"_blank\" rel=\"noopener\"><\/a><a class=\"a2a_button_telegram\" href=\"https:\/\/www.addtoany.com\/add_to\/telegram?linkurl=https%3A%2F%2Fturi.lavocedelpaese.info%2Funa-scuola-di-musica-per-valorizzare-le-nostre-tradizioni-bandistiche%2F&amp;linkname=Una%20Scuola%20di%20Musica%20per%20valorizzare%20le%20nostre%20tradizioni%20bandistiche\" title=\"Telegram\" target=\"_blank\" rel=\"noopener\"><\/a><a class=\"a2a_button_email\" href=\"https:\/\/www.addtoany.com\/add_to\/email?linkurl=https%3A%2F%2Fturi.lavocedelpaese.info%2Funa-scuola-di-musica-per-valorizzare-le-nostre-tradizioni-bandistiche%2F&amp;linkname=Una%20Scuola%20di%20Musica%20per%20valorizzare%20le%20nostre%20tradizioni%20bandistiche\" title=\"Email\" target=\"_blank\" rel=\"noopener\"><\/a><\/p>\n<p>\u00a0<\/p>","protected":false},"excerpt":{"rendered":"<p>\u00a0 \u200b\u00a0 \u200bTuri \u2013 La Voce del Paese\u00a0 L\u2019iniziativa, completamente gratuita, \u00e8 stata promossa dalla Banda Musicale \u201cDon Giovanni Cipriani\u201d<\/p>\n","protected":false},"author":0,"featured_media":0,"comment_status":"open","ping_status":"closed","sticky":false,"template":"","format":"standard","meta":{"colormag_page_container_layout":"default_layout","colormag_page_sidebar_layout":"default_layout","footnotes":""},"categories":[33],"tags":[],"class_list":["post-1200","post","type-post","status-publish","format-standard","hentry","category-network"],"yoast_head":"<!-- This site is optimized with the Yoast SEO plugin v27.5 - https:\/\/yoast.com\/product\/yoast-seo-wordpress\/ -->\n<title>Una Scuola di Musica per valorizzare le nostre tradizioni bandistiche - La Voce del Paese<\/title>\n<meta name=\"robots\" content=\"index, follow, max-snippet:-1, max-image-preview:large, max-video-preview:-1\" \/>\n<link rel=\"canonical\" href=\"https:\/\/lavocedelpaese.info\/index.php\/2023\/03\/07\/una-scuola-di-musica-per-valorizzare-le-nostre-tradizioni-bandistiche\/\" \/>\n<meta property=\"og:locale\" content=\"it_IT\" \/>\n<meta property=\"og:type\" content=\"article\" \/>\n<meta property=\"og:title\" content=\"Una Scuola di Musica per valorizzare le nostre tradizioni bandistiche - La Voce del Paese\" \/>\n<meta property=\"og:description\" content=\"\u00a0 \u200b\u00a0 \u200bTuri \u2013 La Voce del Paese\u00a0 L\u2019iniziativa, completamente gratuita, \u00e8 stata promossa dalla Banda Musicale \u201cDon Giovanni Cipriani\u201d\" \/>\n<meta property=\"og:url\" content=\"https:\/\/lavocedelpaese.info\/index.php\/2023\/03\/07\/una-scuola-di-musica-per-valorizzare-le-nostre-tradizioni-bandistiche\/\" \/>\n<meta property=\"og:site_name\" content=\"La Voce del Paese\" \/>\n<meta property=\"article:publisher\" content=\"https:\/\/www.facebook.com\/lavocedelpaese.info\" \/>\n<meta property=\"article:published_time\" content=\"2023-03-07T08:16:26+00:00\" \/>\n<meta name=\"twitter:card\" content=\"summary_large_image\" \/>\n<meta name=\"twitter:label1\" content=\"Tempo di lettura stimato\" \/>\n\t<meta name=\"twitter:data1\" content=\"2 minuti\" \/>\n<script type=\"application\/ld+json\" class=\"yoast-schema-graph\">{\"@context\":\"https:\\\/\\\/schema.org\",\"@graph\":[{\"@type\":\"Article\",\"@id\":\"https:\\\/\\\/lavocedelpaese.info\\\/index.php\\\/2023\\\/03\\\/07\\\/una-scuola-di-musica-per-valorizzare-le-nostre-tradizioni-bandistiche\\\/#article\",\"isPartOf\":{\"@id\":\"https:\\\/\\\/lavocedelpaese.info\\\/index.php\\\/2023\\\/03\\\/07\\\/una-scuola-di-musica-per-valorizzare-le-nostre-tradizioni-bandistiche\\\/\"},\"author\":{\"name\":\"\",\"@id\":\"\"},\"headline\":\"Una Scuola di Musica per valorizzare le nostre tradizioni bandistiche\",\"datePublished\":\"2023-03-07T08:16:26+00:00\",\"mainEntityOfPage\":{\"@id\":\"https:\\\/\\\/lavocedelpaese.info\\\/index.php\\\/2023\\\/03\\\/07\\\/una-scuola-di-musica-per-valorizzare-le-nostre-tradizioni-bandistiche\\\/\"},\"wordCount\":471,\"commentCount\":0,\"publisher\":{\"@id\":\"https:\\\/\\\/lavocedelpaese.info\\\/#organization\"},\"articleSection\":[\"network\"],\"inLanguage\":\"it-IT\",\"potentialAction\":[{\"@type\":\"CommentAction\",\"name\":\"Comment\",\"target\":[\"https:\\\/\\\/lavocedelpaese.info\\\/index.php\\\/2023\\\/03\\\/07\\\/una-scuola-di-musica-per-valorizzare-le-nostre-tradizioni-bandistiche\\\/#respond\"]}]},{\"@type\":\"WebPage\",\"@id\":\"https:\\\/\\\/lavocedelpaese.info\\\/index.php\\\/2023\\\/03\\\/07\\\/una-scuola-di-musica-per-valorizzare-le-nostre-tradizioni-bandistiche\\\/\",\"url\":\"https:\\\/\\\/lavocedelpaese.info\\\/index.php\\\/2023\\\/03\\\/07\\\/una-scuola-di-musica-per-valorizzare-le-nostre-tradizioni-bandistiche\\\/\",\"name\":\"Una Scuola di Musica per valorizzare le nostre tradizioni bandistiche - La Voce del Paese\",\"isPartOf\":{\"@id\":\"https:\\\/\\\/lavocedelpaese.info\\\/#website\"},\"datePublished\":\"2023-03-07T08:16:26+00:00\",\"breadcrumb\":{\"@id\":\"https:\\\/\\\/lavocedelpaese.info\\\/index.php\\\/2023\\\/03\\\/07\\\/una-scuola-di-musica-per-valorizzare-le-nostre-tradizioni-bandistiche\\\/#breadcrumb\"},\"inLanguage\":\"it-IT\",\"potentialAction\":[{\"@type\":\"ReadAction\",\"target\":[\"https:\\\/\\\/lavocedelpaese.info\\\/index.php\\\/2023\\\/03\\\/07\\\/una-scuola-di-musica-per-valorizzare-le-nostre-tradizioni-bandistiche\\\/\"]}]},{\"@type\":\"BreadcrumbList\",\"@id\":\"https:\\\/\\\/lavocedelpaese.info\\\/index.php\\\/2023\\\/03\\\/07\\\/una-scuola-di-musica-per-valorizzare-le-nostre-tradizioni-bandistiche\\\/#breadcrumb\",\"itemListElement\":[{\"@type\":\"ListItem\",\"position\":1,\"name\":\"Home\",\"item\":\"https:\\\/\\\/lavocedelpaese.info\\\/\"},{\"@type\":\"ListItem\",\"position\":2,\"name\":\"Una Scuola di Musica per valorizzare le nostre tradizioni bandistiche\"}]},{\"@type\":\"WebSite\",\"@id\":\"https:\\\/\\\/lavocedelpaese.info\\\/#website\",\"url\":\"https:\\\/\\\/lavocedelpaese.info\\\/\",\"name\":\"La Voce del Paese\",\"description\":\"Un network di idee\",\"publisher\":{\"@id\":\"https:\\\/\\\/lavocedelpaese.info\\\/#organization\"},\"potentialAction\":[{\"@type\":\"SearchAction\",\"target\":{\"@type\":\"EntryPoint\",\"urlTemplate\":\"https:\\\/\\\/lavocedelpaese.info\\\/?s={search_term_string}\"},\"query-input\":{\"@type\":\"PropertyValueSpecification\",\"valueRequired\":true,\"valueName\":\"search_term_string\"}}],\"inLanguage\":\"it-IT\"},{\"@type\":\"Organization\",\"@id\":\"https:\\\/\\\/lavocedelpaese.info\\\/#organization\",\"name\":\"La Voce del Paese\",\"url\":\"https:\\\/\\\/lavocedelpaese.info\\\/\",\"logo\":{\"@type\":\"ImageObject\",\"inLanguage\":\"it-IT\",\"@id\":\"https:\\\/\\\/lavocedelpaese.info\\\/#\\\/schema\\\/logo\\\/image\\\/\",\"url\":\"https:\\\/\\\/lavocedelpaese.info\\\/wp-content\\\/uploads\\\/2023\\\/01\\\/cropped-logo-150-127.png\",\"contentUrl\":\"https:\\\/\\\/lavocedelpaese.info\\\/wp-content\\\/uploads\\\/2023\\\/01\\\/cropped-logo-150-127.png\",\"width\":137,\"height\":119,\"caption\":\"La Voce del Paese\"},\"image\":{\"@id\":\"https:\\\/\\\/lavocedelpaese.info\\\/#\\\/schema\\\/logo\\\/image\\\/\"},\"sameAs\":[\"https:\\\/\\\/www.facebook.com\\\/lavocedelpaese.info\"]}]}<\/script>\n<!-- \/ Yoast SEO plugin. -->","yoast_head_json":{"title":"Una Scuola di Musica per valorizzare le nostre tradizioni bandistiche - La Voce del Paese","robots":{"index":"index","follow":"follow","max-snippet":"max-snippet:-1","max-image-preview":"max-image-preview:large","max-video-preview":"max-video-preview:-1"},"canonical":"https:\/\/lavocedelpaese.info\/index.php\/2023\/03\/07\/una-scuola-di-musica-per-valorizzare-le-nostre-tradizioni-bandistiche\/","og_locale":"it_IT","og_type":"article","og_title":"Una Scuola di Musica per valorizzare le nostre tradizioni bandistiche - La Voce del Paese","og_description":"\u00a0 \u200b\u00a0 \u200bTuri \u2013 La Voce del Paese\u00a0 L\u2019iniziativa, completamente gratuita, \u00e8 stata promossa dalla Banda Musicale \u201cDon Giovanni Cipriani\u201d","og_url":"https:\/\/lavocedelpaese.info\/index.php\/2023\/03\/07\/una-scuola-di-musica-per-valorizzare-le-nostre-tradizioni-bandistiche\/","og_site_name":"La Voce del Paese","article_publisher":"https:\/\/www.facebook.com\/lavocedelpaese.info","article_published_time":"2023-03-07T08:16:26+00:00","twitter_card":"summary_large_image","twitter_misc":{"Tempo di lettura stimato":"2 minuti"},"schema":{"@context":"https:\/\/schema.org","@graph":[{"@type":"Article","@id":"https:\/\/lavocedelpaese.info\/index.php\/2023\/03\/07\/una-scuola-di-musica-per-valorizzare-le-nostre-tradizioni-bandistiche\/#article","isPartOf":{"@id":"https:\/\/lavocedelpaese.info\/index.php\/2023\/03\/07\/una-scuola-di-musica-per-valorizzare-le-nostre-tradizioni-bandistiche\/"},"author":{"name":"","@id":""},"headline":"Una Scuola di Musica per valorizzare le nostre tradizioni bandistiche","datePublished":"2023-03-07T08:16:26+00:00","mainEntityOfPage":{"@id":"https:\/\/lavocedelpaese.info\/index.php\/2023\/03\/07\/una-scuola-di-musica-per-valorizzare-le-nostre-tradizioni-bandistiche\/"},"wordCount":471,"commentCount":0,"publisher":{"@id":"https:\/\/lavocedelpaese.info\/#organization"},"articleSection":["network"],"inLanguage":"it-IT","potentialAction":[{"@type":"CommentAction","name":"Comment","target":["https:\/\/lavocedelpaese.info\/index.php\/2023\/03\/07\/una-scuola-di-musica-per-valorizzare-le-nostre-tradizioni-bandistiche\/#respond"]}]},{"@type":"WebPage","@id":"https:\/\/lavocedelpaese.info\/index.php\/2023\/03\/07\/una-scuola-di-musica-per-valorizzare-le-nostre-tradizioni-bandistiche\/","url":"https:\/\/lavocedelpaese.info\/index.php\/2023\/03\/07\/una-scuola-di-musica-per-valorizzare-le-nostre-tradizioni-bandistiche\/","name":"Una Scuola di Musica per valorizzare le nostre tradizioni bandistiche - La Voce del Paese","isPartOf":{"@id":"https:\/\/lavocedelpaese.info\/#website"},"datePublished":"2023-03-07T08:16:26+00:00","breadcrumb":{"@id":"https:\/\/lavocedelpaese.info\/index.php\/2023\/03\/07\/una-scuola-di-musica-per-valorizzare-le-nostre-tradizioni-bandistiche\/#breadcrumb"},"inLanguage":"it-IT","potentialAction":[{"@type":"ReadAction","target":["https:\/\/lavocedelpaese.info\/index.php\/2023\/03\/07\/una-scuola-di-musica-per-valorizzare-le-nostre-tradizioni-bandistiche\/"]}]},{"@type":"BreadcrumbList","@id":"https:\/\/lavocedelpaese.info\/index.php\/2023\/03\/07\/una-scuola-di-musica-per-valorizzare-le-nostre-tradizioni-bandistiche\/#breadcrumb","itemListElement":[{"@type":"ListItem","position":1,"name":"Home","item":"https:\/\/lavocedelpaese.info\/"},{"@type":"ListItem","position":2,"name":"Una Scuola di Musica per valorizzare le nostre tradizioni bandistiche"}]},{"@type":"WebSite","@id":"https:\/\/lavocedelpaese.info\/#website","url":"https:\/\/lavocedelpaese.info\/","name":"La Voce del Paese","description":"Un network di idee","publisher":{"@id":"https:\/\/lavocedelpaese.info\/#organization"},"potentialAction":[{"@type":"SearchAction","target":{"@type":"EntryPoint","urlTemplate":"https:\/\/lavocedelpaese.info\/?s={search_term_string}"},"query-input":{"@type":"PropertyValueSpecification","valueRequired":true,"valueName":"search_term_string"}}],"inLanguage":"it-IT"},{"@type":"Organization","@id":"https:\/\/lavocedelpaese.info\/#organization","name":"La Voce del Paese","url":"https:\/\/lavocedelpaese.info\/","logo":{"@type":"ImageObject","inLanguage":"it-IT","@id":"https:\/\/lavocedelpaese.info\/#\/schema\/logo\/image\/","url":"https:\/\/lavocedelpaese.info\/wp-content\/uploads\/2023\/01\/cropped-logo-150-127.png","contentUrl":"https:\/\/lavocedelpaese.info\/wp-content\/uploads\/2023\/01\/cropped-logo-150-127.png","width":137,"height":119,"caption":"La Voce del Paese"},"image":{"@id":"https:\/\/lavocedelpaese.info\/#\/schema\/logo\/image\/"},"sameAs":["https:\/\/www.facebook.com\/lavocedelpaese.info"]}]}},"_links":{"self":[{"href":"https:\/\/lavocedelpaese.info\/index.php\/wp-json\/wp\/v2\/posts\/1200","targetHints":{"allow":["GET"]}}],"collection":[{"href":"https:\/\/lavocedelpaese.info\/index.php\/wp-json\/wp\/v2\/posts"}],"about":[{"href":"https:\/\/lavocedelpaese.info\/index.php\/wp-json\/wp\/v2\/types\/post"}],"replies":[{"embeddable":true,"href":"https:\/\/lavocedelpaese.info\/index.php\/wp-json\/wp\/v2\/comments?post=1200"}],"version-history":[{"count":0,"href":"https:\/\/lavocedelpaese.info\/index.php\/wp-json\/wp\/v2\/posts\/1200\/revisions"}],"wp:attachment":[{"href":"https:\/\/lavocedelpaese.info\/index.php\/wp-json\/wp\/v2\/media?parent=1200"}],"wp:term":[{"taxonomy":"category","embeddable":true,"href":"https:\/\/lavocedelpaese.info\/index.php\/wp-json\/wp\/v2\/categories?post=1200"},{"taxonomy":"post_tag","embeddable":true,"href":"https:\/\/lavocedelpaese.info\/index.php\/wp-json\/wp\/v2\/tags?post=1200"}],"curies":[{"name":"wp","href":"https:\/\/api.w.org\/{rel}","templated":true}]}}