{"id":1178,"date":"2023-02-28T10:25:48","date_gmt":"2023-02-28T10:25:48","guid":{"rendered":"https:\/\/lavocedelpaese.info\/index.php\/2023\/02\/28\/pertini-anelli-pinto-una-lezione-di-solidarieta\/"},"modified":"2023-02-28T10:25:48","modified_gmt":"2023-02-28T10:25:48","slug":"pertini-anelli-pinto-una-lezione-di-solidarieta","status":"publish","type":"post","link":"https:\/\/lavocedelpaese.info\/index.php\/2023\/02\/28\/pertini-anelli-pinto-una-lezione-di-solidarieta\/","title":{"rendered":"\u201cPertini Anelli Pinto\u201d: una lezione di solidariet\u00e0"},"content":{"rendered":"<p>\u00a0<\/p>\n<p>\u200b\u00a0<\/p>\n<p>\u200bTuri \u2013 La Voce del Paese\u00a0<\/p>\n<p>La scuola ha come obiettivo principale la formazione armoniosa della personalit\u00e0 dell\u2019uomo e del cittadino. Sono molte le iniziative che l\u2019Istituto \u201cPertini Anelli Pinto\u201d di Turi e Castellana mette in campo per conseguire questa finalit\u00e0. Tra queste figura il progetto \u201cSolidariet\u00e0 a scuola\u201d che, in data 24 febbraio, ha vissuto uno dei momenti pi\u00f9 importanti: la giornata della donazione del sangue.<\/p>\n<p>Il progetto, coordinato dalle professoresse Agata Brescia e Paola Carroccia, che si sono avvalse della collaborazione della professoressa Giovanna Ligurgo, ha diversi obiettivi che concorrono alla crescita umana, civile e sociale. Fra questi citiamo la formazione rispetto alla donazione come atto di altruismo e di solidariet\u00e0 e la promozione del volontariato.<\/p>\n<p>Per far comprendere pienamente agli studenti il valore della donazione del sangue sono state svolte diverse conferenze di preparazione, tenute da esperti esterni che hanno avuto il merito di sottolineare non solo l\u2019importanza della donazione ma anche quanto sia necessario adottare un corretto stile di vita che consenta di mantenere il proprio corpo in salute anche per conservare la capacit\u00e0 donare. Tra gli esperti intervenuti il dottor Angelo Ostuni, responsabile del centro trasfusionale di Bari e provincia. Sono state coinvolte anche delle associazioni di volontariato e di donatori, tra cui ricordiamo l\u2019associazione talassemici presieduta dalla dottoressa Angela Melidoro.<\/p>\n<p>All\u2019appello per la donazione hanno risposto diversi studenti dell\u2019ultimo anno provenienti sia da Castellana sia da Turi ed alcuni docenti. \u00c8 stata una mattinata contrassegnata da tante emozioni: gioia perch\u00e9 ciascuno sapeva di star compiendo un\u2019azione importante per chi \u00e8 o sar\u00e0 in difficolt\u00e0, preoccupazione perch\u00e9 per molti si trattava in assoluto della prima donazione e quindi non sapevano perfettamente in cosa sarebbe consistita la procedura. A conclusione dell\u2019esperienza tutti si sono detti estremamente soddisfatti e felici perch\u00e9 consapevoli dell\u2019importanza del gesto compiuto.<\/p>\n<p>L\u2019invito si rinnova per aprile e saranno coinvolti tutti coloro che intenderanno donare: genitori, personale scolastico, altri studenti che non hanno potuto aderire nella circostanza attuale e cittadini che vorranno aggregarsi.<\/p>\n<p><a class=\"a2a_button_facebook\" href=\"https:\/\/www.addtoany.com\/add_to\/facebook?linkurl=https%3A%2F%2Fturi.lavocedelpaese.info%2Fpertini-anelli-pinto-una-lezione-di-solidarieta%2F&amp;linkname=%E2%80%9CPertini%20Anelli%20Pinto%E2%80%9D%3A%20una%20lezione%20di%20solidariet%C3%A0\" title=\"Facebook\" target=\"_blank\" rel=\"noopener\"><\/a><a class=\"a2a_button_twitter\" href=\"https:\/\/www.addtoany.com\/add_to\/twitter?linkurl=https%3A%2F%2Fturi.lavocedelpaese.info%2Fpertini-anelli-pinto-una-lezione-di-solidarieta%2F&amp;linkname=%E2%80%9CPertini%20Anelli%20Pinto%E2%80%9D%3A%20una%20lezione%20di%20solidariet%C3%A0\" title=\"Twitter\" target=\"_blank\" rel=\"noopener\"><\/a><a class=\"a2a_button_whatsapp\" href=\"https:\/\/www.addtoany.com\/add_to\/whatsapp?linkurl=https%3A%2F%2Fturi.lavocedelpaese.info%2Fpertini-anelli-pinto-una-lezione-di-solidarieta%2F&amp;linkname=%E2%80%9CPertini%20Anelli%20Pinto%E2%80%9D%3A%20una%20lezione%20di%20solidariet%C3%A0\" title=\"WhatsApp\" target=\"_blank\" rel=\"noopener\"><\/a><a class=\"a2a_button_telegram\" href=\"https:\/\/www.addtoany.com\/add_to\/telegram?linkurl=https%3A%2F%2Fturi.lavocedelpaese.info%2Fpertini-anelli-pinto-una-lezione-di-solidarieta%2F&amp;linkname=%E2%80%9CPertini%20Anelli%20Pinto%E2%80%9D%3A%20una%20lezione%20di%20solidariet%C3%A0\" title=\"Telegram\" target=\"_blank\" rel=\"noopener\"><\/a><a class=\"a2a_button_email\" href=\"https:\/\/www.addtoany.com\/add_to\/email?linkurl=https%3A%2F%2Fturi.lavocedelpaese.info%2Fpertini-anelli-pinto-una-lezione-di-solidarieta%2F&amp;linkname=%E2%80%9CPertini%20Anelli%20Pinto%E2%80%9D%3A%20una%20lezione%20di%20solidariet%C3%A0\" title=\"Email\" target=\"_blank\" rel=\"noopener\"><\/a><\/p>\n<p>\u00a0<\/p>","protected":false},"excerpt":{"rendered":"<p>\u00a0 \u200b\u00a0 \u200bTuri \u2013 La Voce del Paese\u00a0 La scuola ha come obiettivo principale la formazione armoniosa della personalit\u00e0 dell\u2019uomo<\/p>\n","protected":false},"author":0,"featured_media":0,"comment_status":"open","ping_status":"closed","sticky":false,"template":"","format":"standard","meta":{"colormag_page_container_layout":"default_layout","colormag_page_sidebar_layout":"default_layout","footnotes":""},"categories":[33],"tags":[],"class_list":["post-1178","post","type-post","status-publish","format-standard","hentry","category-network"],"yoast_head":"<!-- This site is optimized with the Yoast SEO plugin v27.5 - https:\/\/yoast.com\/product\/yoast-seo-wordpress\/ -->\n<title>\u201cPertini Anelli Pinto\u201d: una lezione di solidariet\u00e0 - La Voce del Paese<\/title>\n<meta name=\"robots\" content=\"index, follow, max-snippet:-1, max-image-preview:large, max-video-preview:-1\" \/>\n<link rel=\"canonical\" href=\"https:\/\/lavocedelpaese.info\/index.php\/2023\/02\/28\/pertini-anelli-pinto-una-lezione-di-solidarieta\/\" \/>\n<meta property=\"og:locale\" content=\"it_IT\" \/>\n<meta property=\"og:type\" content=\"article\" \/>\n<meta property=\"og:title\" content=\"\u201cPertini Anelli Pinto\u201d: una lezione di solidariet\u00e0 - La Voce del Paese\" \/>\n<meta property=\"og:description\" content=\"\u00a0 \u200b\u00a0 \u200bTuri \u2013 La Voce del Paese\u00a0 La scuola ha come obiettivo principale la formazione armoniosa della personalit\u00e0 dell\u2019uomo\" \/>\n<meta property=\"og:url\" content=\"https:\/\/lavocedelpaese.info\/index.php\/2023\/02\/28\/pertini-anelli-pinto-una-lezione-di-solidarieta\/\" \/>\n<meta property=\"og:site_name\" content=\"La Voce del Paese\" \/>\n<meta property=\"article:publisher\" content=\"https:\/\/www.facebook.com\/lavocedelpaese.info\" \/>\n<meta property=\"article:published_time\" content=\"2023-02-28T10:25:48+00:00\" \/>\n<meta name=\"twitter:card\" content=\"summary_large_image\" \/>\n<meta name=\"twitter:label1\" content=\"Tempo di lettura stimato\" \/>\n\t<meta name=\"twitter:data1\" content=\"2 minuti\" \/>\n<script type=\"application\/ld+json\" class=\"yoast-schema-graph\">{\"@context\":\"https:\\\/\\\/schema.org\",\"@graph\":[{\"@type\":\"Article\",\"@id\":\"https:\\\/\\\/lavocedelpaese.info\\\/index.php\\\/2023\\\/02\\\/28\\\/pertini-anelli-pinto-una-lezione-di-solidarieta\\\/#article\",\"isPartOf\":{\"@id\":\"https:\\\/\\\/lavocedelpaese.info\\\/index.php\\\/2023\\\/02\\\/28\\\/pertini-anelli-pinto-una-lezione-di-solidarieta\\\/\"},\"author\":{\"name\":\"\",\"@id\":\"\"},\"headline\":\"\u201cPertini Anelli Pinto\u201d: una lezione di solidariet\u00e0\",\"datePublished\":\"2023-02-28T10:25:48+00:00\",\"mainEntityOfPage\":{\"@id\":\"https:\\\/\\\/lavocedelpaese.info\\\/index.php\\\/2023\\\/02\\\/28\\\/pertini-anelli-pinto-una-lezione-di-solidarieta\\\/\"},\"wordCount\":343,\"commentCount\":0,\"publisher\":{\"@id\":\"https:\\\/\\\/lavocedelpaese.info\\\/#organization\"},\"articleSection\":[\"network\"],\"inLanguage\":\"it-IT\",\"potentialAction\":[{\"@type\":\"CommentAction\",\"name\":\"Comment\",\"target\":[\"https:\\\/\\\/lavocedelpaese.info\\\/index.php\\\/2023\\\/02\\\/28\\\/pertini-anelli-pinto-una-lezione-di-solidarieta\\\/#respond\"]}]},{\"@type\":\"WebPage\",\"@id\":\"https:\\\/\\\/lavocedelpaese.info\\\/index.php\\\/2023\\\/02\\\/28\\\/pertini-anelli-pinto-una-lezione-di-solidarieta\\\/\",\"url\":\"https:\\\/\\\/lavocedelpaese.info\\\/index.php\\\/2023\\\/02\\\/28\\\/pertini-anelli-pinto-una-lezione-di-solidarieta\\\/\",\"name\":\"\u201cPertini Anelli Pinto\u201d: una lezione di solidariet\u00e0 - La Voce del Paese\",\"isPartOf\":{\"@id\":\"https:\\\/\\\/lavocedelpaese.info\\\/#website\"},\"datePublished\":\"2023-02-28T10:25:48+00:00\",\"breadcrumb\":{\"@id\":\"https:\\\/\\\/lavocedelpaese.info\\\/index.php\\\/2023\\\/02\\\/28\\\/pertini-anelli-pinto-una-lezione-di-solidarieta\\\/#breadcrumb\"},\"inLanguage\":\"it-IT\",\"potentialAction\":[{\"@type\":\"ReadAction\",\"target\":[\"https:\\\/\\\/lavocedelpaese.info\\\/index.php\\\/2023\\\/02\\\/28\\\/pertini-anelli-pinto-una-lezione-di-solidarieta\\\/\"]}]},{\"@type\":\"BreadcrumbList\",\"@id\":\"https:\\\/\\\/lavocedelpaese.info\\\/index.php\\\/2023\\\/02\\\/28\\\/pertini-anelli-pinto-una-lezione-di-solidarieta\\\/#breadcrumb\",\"itemListElement\":[{\"@type\":\"ListItem\",\"position\":1,\"name\":\"Home\",\"item\":\"https:\\\/\\\/lavocedelpaese.info\\\/\"},{\"@type\":\"ListItem\",\"position\":2,\"name\":\"\u201cPertini Anelli Pinto\u201d: una lezione di solidariet\u00e0\"}]},{\"@type\":\"WebSite\",\"@id\":\"https:\\\/\\\/lavocedelpaese.info\\\/#website\",\"url\":\"https:\\\/\\\/lavocedelpaese.info\\\/\",\"name\":\"La Voce del Paese\",\"description\":\"Un network di idee\",\"publisher\":{\"@id\":\"https:\\\/\\\/lavocedelpaese.info\\\/#organization\"},\"potentialAction\":[{\"@type\":\"SearchAction\",\"target\":{\"@type\":\"EntryPoint\",\"urlTemplate\":\"https:\\\/\\\/lavocedelpaese.info\\\/?s={search_term_string}\"},\"query-input\":{\"@type\":\"PropertyValueSpecification\",\"valueRequired\":true,\"valueName\":\"search_term_string\"}}],\"inLanguage\":\"it-IT\"},{\"@type\":\"Organization\",\"@id\":\"https:\\\/\\\/lavocedelpaese.info\\\/#organization\",\"name\":\"La Voce del Paese\",\"url\":\"https:\\\/\\\/lavocedelpaese.info\\\/\",\"logo\":{\"@type\":\"ImageObject\",\"inLanguage\":\"it-IT\",\"@id\":\"https:\\\/\\\/lavocedelpaese.info\\\/#\\\/schema\\\/logo\\\/image\\\/\",\"url\":\"https:\\\/\\\/lavocedelpaese.info\\\/wp-content\\\/uploads\\\/2023\\\/01\\\/cropped-logo-150-127.png\",\"contentUrl\":\"https:\\\/\\\/lavocedelpaese.info\\\/wp-content\\\/uploads\\\/2023\\\/01\\\/cropped-logo-150-127.png\",\"width\":137,\"height\":119,\"caption\":\"La Voce del Paese\"},\"image\":{\"@id\":\"https:\\\/\\\/lavocedelpaese.info\\\/#\\\/schema\\\/logo\\\/image\\\/\"},\"sameAs\":[\"https:\\\/\\\/www.facebook.com\\\/lavocedelpaese.info\"]}]}<\/script>\n<!-- \/ Yoast SEO plugin. -->","yoast_head_json":{"title":"\u201cPertini Anelli Pinto\u201d: una lezione di solidariet\u00e0 - La Voce del Paese","robots":{"index":"index","follow":"follow","max-snippet":"max-snippet:-1","max-image-preview":"max-image-preview:large","max-video-preview":"max-video-preview:-1"},"canonical":"https:\/\/lavocedelpaese.info\/index.php\/2023\/02\/28\/pertini-anelli-pinto-una-lezione-di-solidarieta\/","og_locale":"it_IT","og_type":"article","og_title":"\u201cPertini Anelli Pinto\u201d: una lezione di solidariet\u00e0 - La Voce del Paese","og_description":"\u00a0 \u200b\u00a0 \u200bTuri \u2013 La Voce del Paese\u00a0 La scuola ha come obiettivo principale la formazione armoniosa della personalit\u00e0 dell\u2019uomo","og_url":"https:\/\/lavocedelpaese.info\/index.php\/2023\/02\/28\/pertini-anelli-pinto-una-lezione-di-solidarieta\/","og_site_name":"La Voce del Paese","article_publisher":"https:\/\/www.facebook.com\/lavocedelpaese.info","article_published_time":"2023-02-28T10:25:48+00:00","twitter_card":"summary_large_image","twitter_misc":{"Tempo di lettura stimato":"2 minuti"},"schema":{"@context":"https:\/\/schema.org","@graph":[{"@type":"Article","@id":"https:\/\/lavocedelpaese.info\/index.php\/2023\/02\/28\/pertini-anelli-pinto-una-lezione-di-solidarieta\/#article","isPartOf":{"@id":"https:\/\/lavocedelpaese.info\/index.php\/2023\/02\/28\/pertini-anelli-pinto-una-lezione-di-solidarieta\/"},"author":{"name":"","@id":""},"headline":"\u201cPertini Anelli Pinto\u201d: una lezione di solidariet\u00e0","datePublished":"2023-02-28T10:25:48+00:00","mainEntityOfPage":{"@id":"https:\/\/lavocedelpaese.info\/index.php\/2023\/02\/28\/pertini-anelli-pinto-una-lezione-di-solidarieta\/"},"wordCount":343,"commentCount":0,"publisher":{"@id":"https:\/\/lavocedelpaese.info\/#organization"},"articleSection":["network"],"inLanguage":"it-IT","potentialAction":[{"@type":"CommentAction","name":"Comment","target":["https:\/\/lavocedelpaese.info\/index.php\/2023\/02\/28\/pertini-anelli-pinto-una-lezione-di-solidarieta\/#respond"]}]},{"@type":"WebPage","@id":"https:\/\/lavocedelpaese.info\/index.php\/2023\/02\/28\/pertini-anelli-pinto-una-lezione-di-solidarieta\/","url":"https:\/\/lavocedelpaese.info\/index.php\/2023\/02\/28\/pertini-anelli-pinto-una-lezione-di-solidarieta\/","name":"\u201cPertini Anelli Pinto\u201d: una lezione di solidariet\u00e0 - La Voce del Paese","isPartOf":{"@id":"https:\/\/lavocedelpaese.info\/#website"},"datePublished":"2023-02-28T10:25:48+00:00","breadcrumb":{"@id":"https:\/\/lavocedelpaese.info\/index.php\/2023\/02\/28\/pertini-anelli-pinto-una-lezione-di-solidarieta\/#breadcrumb"},"inLanguage":"it-IT","potentialAction":[{"@type":"ReadAction","target":["https:\/\/lavocedelpaese.info\/index.php\/2023\/02\/28\/pertini-anelli-pinto-una-lezione-di-solidarieta\/"]}]},{"@type":"BreadcrumbList","@id":"https:\/\/lavocedelpaese.info\/index.php\/2023\/02\/28\/pertini-anelli-pinto-una-lezione-di-solidarieta\/#breadcrumb","itemListElement":[{"@type":"ListItem","position":1,"name":"Home","item":"https:\/\/lavocedelpaese.info\/"},{"@type":"ListItem","position":2,"name":"\u201cPertini Anelli Pinto\u201d: una lezione di solidariet\u00e0"}]},{"@type":"WebSite","@id":"https:\/\/lavocedelpaese.info\/#website","url":"https:\/\/lavocedelpaese.info\/","name":"La Voce del Paese","description":"Un network di idee","publisher":{"@id":"https:\/\/lavocedelpaese.info\/#organization"},"potentialAction":[{"@type":"SearchAction","target":{"@type":"EntryPoint","urlTemplate":"https:\/\/lavocedelpaese.info\/?s={search_term_string}"},"query-input":{"@type":"PropertyValueSpecification","valueRequired":true,"valueName":"search_term_string"}}],"inLanguage":"it-IT"},{"@type":"Organization","@id":"https:\/\/lavocedelpaese.info\/#organization","name":"La Voce del Paese","url":"https:\/\/lavocedelpaese.info\/","logo":{"@type":"ImageObject","inLanguage":"it-IT","@id":"https:\/\/lavocedelpaese.info\/#\/schema\/logo\/image\/","url":"https:\/\/lavocedelpaese.info\/wp-content\/uploads\/2023\/01\/cropped-logo-150-127.png","contentUrl":"https:\/\/lavocedelpaese.info\/wp-content\/uploads\/2023\/01\/cropped-logo-150-127.png","width":137,"height":119,"caption":"La Voce del Paese"},"image":{"@id":"https:\/\/lavocedelpaese.info\/#\/schema\/logo\/image\/"},"sameAs":["https:\/\/www.facebook.com\/lavocedelpaese.info"]}]}},"_links":{"self":[{"href":"https:\/\/lavocedelpaese.info\/index.php\/wp-json\/wp\/v2\/posts\/1178","targetHints":{"allow":["GET"]}}],"collection":[{"href":"https:\/\/lavocedelpaese.info\/index.php\/wp-json\/wp\/v2\/posts"}],"about":[{"href":"https:\/\/lavocedelpaese.info\/index.php\/wp-json\/wp\/v2\/types\/post"}],"replies":[{"embeddable":true,"href":"https:\/\/lavocedelpaese.info\/index.php\/wp-json\/wp\/v2\/comments?post=1178"}],"version-history":[{"count":0,"href":"https:\/\/lavocedelpaese.info\/index.php\/wp-json\/wp\/v2\/posts\/1178\/revisions"}],"wp:attachment":[{"href":"https:\/\/lavocedelpaese.info\/index.php\/wp-json\/wp\/v2\/media?parent=1178"}],"wp:term":[{"taxonomy":"category","embeddable":true,"href":"https:\/\/lavocedelpaese.info\/index.php\/wp-json\/wp\/v2\/categories?post=1178"},{"taxonomy":"post_tag","embeddable":true,"href":"https:\/\/lavocedelpaese.info\/index.php\/wp-json\/wp\/v2\/tags?post=1178"}],"curies":[{"name":"wp","href":"https:\/\/api.w.org\/{rel}","templated":true}]}}