{"id":1143,"date":"2023-02-21T13:05:58","date_gmt":"2023-02-21T13:05:58","guid":{"rendered":"https:\/\/lavocedelpaese.info\/?p=1143"},"modified":"2023-02-21T13:05:59","modified_gmt":"2023-02-21T13:05:59","slug":"nuovo-direttore-sanitario-per-la-asl-bari","status":"publish","type":"post","link":"https:\/\/lavocedelpaese.info\/index.php\/2023\/02\/21\/nuovo-direttore-sanitario-per-la-asl-bari\/","title":{"rendered":"Nuovo direttore sanitario per la ASL Bari"},"content":{"rendered":"\n<p>La ASL di Bari ha un nuovo direttore sanitario: si tratta del dottor Luigi Rossi, medico igienista proveniente dalla Toscana, che sar\u00e0 operativo dal 1 marzo. Lo ha nominato il direttore generale Antonio Sanguedolce dopo che la scelta del direttore sanitario era stata ampliata anche tra gli idonei presenti negli albi delle altre regioni italiane.<\/p>\n\n\n\n<p>\u201cQuesta per me \u00e8 un\u2019esperienza nuova, una sfida fuori dalla Toscana \u2013 ha detto il nuovo direttore sanitario Rossi \u2013 un momento di crescita ma anche di confronto tra sistemi diversi da cui possono nascere ottime buone pratiche\u201d.<\/p>\n\n\n\n<p>Rossi \u00e8 un medico specializzato in Igiene e Medicina Preventiva &#8211; indirizzo Epidemiologia e Sanit\u00e0 Pubblica- titolo conseguito, con lode, presso l\u2019Universit\u00e0 degli Studi di Pisa. Proviene dalla Toscana, dove ricopriva l\u2019incarico di direttore della zona\/distretto Valle del Serchio della ASL Toscana Nord Ovest. Dal 2013 al 2022 \u00e8 stato direttore della zona distretto Piano di Lucca e in precedenza Direttore della Societ\u00e0 della Salute Pistoiese e responsabile zona\/distretto pistoiese della ASL 3 Pistoia. Nel corso del 2022 \u00e8 stato anche direttore UOC Attivit\u00e0 Sanitarie di Comunit\u00e0 provincia di Lucca.<\/p>\n\n\n\n<p>Grande conoscitore di gestione e organizzazione di sanit\u00e0 territoriale, con 25 anni di esperienza maturata in questo settore, \u00e8 stato inoltre Coordinatore del gruppo di lavoro aziendale \u201cCase di Comunit\u00e0\u201d, membro della cabina di regia Regione Toscana per \u201cCure domiciliari\u201d e referente aziendale del progetto Proximity Care con Scuola Superiore Sant\u2019Anna di Pisa. Attualmente Presidente di Card Toscana dal 2014, \u00e8 inoltre membro del consiglio nazionale di Card Italia (Confederazione delle Associazioni degli operatori dei Distretti).<\/p>\n\n\n\n<p>Il dottor Rossi \u00e8, infine, autore di circa 160 pubblicazioni tra articoli su riviste di carattere locale, nazionale ed internazionale, parti di monografie e pubblicazioni su atti di congressi, convegni e seminari.<\/p>\n","protected":false},"excerpt":{"rendered":"<p>La ASL di Bari ha un nuovo direttore sanitario: si tratta del dottor Luigi Rossi, medico igienista proveniente dalla Toscana,<\/p>\n","protected":false},"author":4,"featured_media":1144,"comment_status":"open","ping_status":"closed","sticky":false,"template":"","format":"standard","meta":{"colormag_page_container_layout":"default_layout","colormag_page_sidebar_layout":"default_layout","footnotes":""},"categories":[2,28],"tags":[],"class_list":["post-1143","post","type-post","status-publish","format-standard","has-post-thumbnail","hentry","category-attualita","category-primo-piano"],"yoast_head":"<!-- This site is optimized with the Yoast SEO plugin v27.5 - https:\/\/yoast.com\/product\/yoast-seo-wordpress\/ -->\n<title>Nuovo direttore sanitario per la ASL Bari - La Voce del Paese<\/title>\n<meta name=\"robots\" content=\"index, follow, max-snippet:-1, max-image-preview:large, max-video-preview:-1\" \/>\n<link rel=\"canonical\" href=\"https:\/\/lavocedelpaese.info\/index.php\/2023\/02\/21\/nuovo-direttore-sanitario-per-la-asl-bari\/\" \/>\n<meta property=\"og:locale\" content=\"it_IT\" \/>\n<meta property=\"og:type\" content=\"article\" \/>\n<meta property=\"og:title\" content=\"Nuovo direttore sanitario per la ASL Bari - La Voce del Paese\" \/>\n<meta property=\"og:description\" content=\"La ASL di Bari ha un nuovo direttore sanitario: si tratta del dottor Luigi Rossi, medico igienista proveniente dalla Toscana,\" \/>\n<meta property=\"og:url\" content=\"https:\/\/lavocedelpaese.info\/index.php\/2023\/02\/21\/nuovo-direttore-sanitario-per-la-asl-bari\/\" \/>\n<meta property=\"og:site_name\" content=\"La Voce del Paese\" \/>\n<meta property=\"article:publisher\" content=\"https:\/\/www.facebook.com\/lavocedelpaese.info\" \/>\n<meta property=\"article:published_time\" content=\"2023-02-21T13:05:58+00:00\" \/>\n<meta property=\"article:modified_time\" content=\"2023-02-21T13:05:59+00:00\" \/>\n<meta property=\"og:image\" content=\"https:\/\/lavocedelpaese.info\/wp-content\/uploads\/2023\/02\/Luigi-Rossi.jpeg\" \/>\n\t<meta property=\"og:image:width\" content=\"1000\" \/>\n\t<meta property=\"og:image:height\" content=\"553\" \/>\n\t<meta property=\"og:image:type\" content=\"image\/jpeg\" \/>\n<meta name=\"author\" content=\"admin_voce\" \/>\n<meta name=\"twitter:card\" content=\"summary_large_image\" \/>\n<meta name=\"twitter:label1\" content=\"Scritto da\" \/>\n\t<meta name=\"twitter:data1\" content=\"admin_voce\" \/>\n\t<meta name=\"twitter:label2\" content=\"Tempo di lettura stimato\" \/>\n\t<meta name=\"twitter:data2\" content=\"1 minuto\" \/>\n<script type=\"application\/ld+json\" class=\"yoast-schema-graph\">{\"@context\":\"https:\\\/\\\/schema.org\",\"@graph\":[{\"@type\":\"Article\",\"@id\":\"https:\\\/\\\/lavocedelpaese.info\\\/index.php\\\/2023\\\/02\\\/21\\\/nuovo-direttore-sanitario-per-la-asl-bari\\\/#article\",\"isPartOf\":{\"@id\":\"https:\\\/\\\/lavocedelpaese.info\\\/index.php\\\/2023\\\/02\\\/21\\\/nuovo-direttore-sanitario-per-la-asl-bari\\\/\"},\"author\":{\"name\":\"admin_voce\",\"@id\":\"https:\\\/\\\/lavocedelpaese.info\\\/#\\\/schema\\\/person\\\/ab94aca56f9d1bb6fc898990a7998bda\"},\"headline\":\"Nuovo direttore sanitario per la ASL Bari\",\"datePublished\":\"2023-02-21T13:05:58+00:00\",\"dateModified\":\"2023-02-21T13:05:59+00:00\",\"mainEntityOfPage\":{\"@id\":\"https:\\\/\\\/lavocedelpaese.info\\\/index.php\\\/2023\\\/02\\\/21\\\/nuovo-direttore-sanitario-per-la-asl-bari\\\/\"},\"wordCount\":287,\"commentCount\":0,\"publisher\":{\"@id\":\"https:\\\/\\\/lavocedelpaese.info\\\/#organization\"},\"image\":{\"@id\":\"https:\\\/\\\/lavocedelpaese.info\\\/index.php\\\/2023\\\/02\\\/21\\\/nuovo-direttore-sanitario-per-la-asl-bari\\\/#primaryimage\"},\"thumbnailUrl\":\"https:\\\/\\\/lavocedelpaese.info\\\/wp-content\\\/uploads\\\/2023\\\/02\\\/Luigi-Rossi.jpeg\",\"articleSection\":[\"Attualit\u00e0\",\"Primo Piano\"],\"inLanguage\":\"it-IT\",\"potentialAction\":[{\"@type\":\"CommentAction\",\"name\":\"Comment\",\"target\":[\"https:\\\/\\\/lavocedelpaese.info\\\/index.php\\\/2023\\\/02\\\/21\\\/nuovo-direttore-sanitario-per-la-asl-bari\\\/#respond\"]}]},{\"@type\":\"WebPage\",\"@id\":\"https:\\\/\\\/lavocedelpaese.info\\\/index.php\\\/2023\\\/02\\\/21\\\/nuovo-direttore-sanitario-per-la-asl-bari\\\/\",\"url\":\"https:\\\/\\\/lavocedelpaese.info\\\/index.php\\\/2023\\\/02\\\/21\\\/nuovo-direttore-sanitario-per-la-asl-bari\\\/\",\"name\":\"Nuovo direttore sanitario per la ASL Bari - La Voce del Paese\",\"isPartOf\":{\"@id\":\"https:\\\/\\\/lavocedelpaese.info\\\/#website\"},\"primaryImageOfPage\":{\"@id\":\"https:\\\/\\\/lavocedelpaese.info\\\/index.php\\\/2023\\\/02\\\/21\\\/nuovo-direttore-sanitario-per-la-asl-bari\\\/#primaryimage\"},\"image\":{\"@id\":\"https:\\\/\\\/lavocedelpaese.info\\\/index.php\\\/2023\\\/02\\\/21\\\/nuovo-direttore-sanitario-per-la-asl-bari\\\/#primaryimage\"},\"thumbnailUrl\":\"https:\\\/\\\/lavocedelpaese.info\\\/wp-content\\\/uploads\\\/2023\\\/02\\\/Luigi-Rossi.jpeg\",\"datePublished\":\"2023-02-21T13:05:58+00:00\",\"dateModified\":\"2023-02-21T13:05:59+00:00\",\"breadcrumb\":{\"@id\":\"https:\\\/\\\/lavocedelpaese.info\\\/index.php\\\/2023\\\/02\\\/21\\\/nuovo-direttore-sanitario-per-la-asl-bari\\\/#breadcrumb\"},\"inLanguage\":\"it-IT\",\"potentialAction\":[{\"@type\":\"ReadAction\",\"target\":[\"https:\\\/\\\/lavocedelpaese.info\\\/index.php\\\/2023\\\/02\\\/21\\\/nuovo-direttore-sanitario-per-la-asl-bari\\\/\"]}]},{\"@type\":\"ImageObject\",\"inLanguage\":\"it-IT\",\"@id\":\"https:\\\/\\\/lavocedelpaese.info\\\/index.php\\\/2023\\\/02\\\/21\\\/nuovo-direttore-sanitario-per-la-asl-bari\\\/#primaryimage\",\"url\":\"https:\\\/\\\/lavocedelpaese.info\\\/wp-content\\\/uploads\\\/2023\\\/02\\\/Luigi-Rossi.jpeg\",\"contentUrl\":\"https:\\\/\\\/lavocedelpaese.info\\\/wp-content\\\/uploads\\\/2023\\\/02\\\/Luigi-Rossi.jpeg\",\"width\":1000,\"height\":553},{\"@type\":\"BreadcrumbList\",\"@id\":\"https:\\\/\\\/lavocedelpaese.info\\\/index.php\\\/2023\\\/02\\\/21\\\/nuovo-direttore-sanitario-per-la-asl-bari\\\/#breadcrumb\",\"itemListElement\":[{\"@type\":\"ListItem\",\"position\":1,\"name\":\"Home\",\"item\":\"https:\\\/\\\/lavocedelpaese.info\\\/\"},{\"@type\":\"ListItem\",\"position\":2,\"name\":\"Nuovo direttore sanitario per la ASL Bari\"}]},{\"@type\":\"WebSite\",\"@id\":\"https:\\\/\\\/lavocedelpaese.info\\\/#website\",\"url\":\"https:\\\/\\\/lavocedelpaese.info\\\/\",\"name\":\"La Voce del Paese\",\"description\":\"Un network di idee\",\"publisher\":{\"@id\":\"https:\\\/\\\/lavocedelpaese.info\\\/#organization\"},\"potentialAction\":[{\"@type\":\"SearchAction\",\"target\":{\"@type\":\"EntryPoint\",\"urlTemplate\":\"https:\\\/\\\/lavocedelpaese.info\\\/?s={search_term_string}\"},\"query-input\":{\"@type\":\"PropertyValueSpecification\",\"valueRequired\":true,\"valueName\":\"search_term_string\"}}],\"inLanguage\":\"it-IT\"},{\"@type\":\"Organization\",\"@id\":\"https:\\\/\\\/lavocedelpaese.info\\\/#organization\",\"name\":\"La Voce del Paese\",\"url\":\"https:\\\/\\\/lavocedelpaese.info\\\/\",\"logo\":{\"@type\":\"ImageObject\",\"inLanguage\":\"it-IT\",\"@id\":\"https:\\\/\\\/lavocedelpaese.info\\\/#\\\/schema\\\/logo\\\/image\\\/\",\"url\":\"https:\\\/\\\/lavocedelpaese.info\\\/wp-content\\\/uploads\\\/2023\\\/01\\\/cropped-logo-150-127.png\",\"contentUrl\":\"https:\\\/\\\/lavocedelpaese.info\\\/wp-content\\\/uploads\\\/2023\\\/01\\\/cropped-logo-150-127.png\",\"width\":137,\"height\":119,\"caption\":\"La Voce del Paese\"},\"image\":{\"@id\":\"https:\\\/\\\/lavocedelpaese.info\\\/#\\\/schema\\\/logo\\\/image\\\/\"},\"sameAs\":[\"https:\\\/\\\/www.facebook.com\\\/lavocedelpaese.info\"]},{\"@type\":\"Person\",\"@id\":\"https:\\\/\\\/lavocedelpaese.info\\\/#\\\/schema\\\/person\\\/ab94aca56f9d1bb6fc898990a7998bda\",\"name\":\"admin_voce\",\"image\":{\"@type\":\"ImageObject\",\"inLanguage\":\"it-IT\",\"@id\":\"https:\\\/\\\/secure.gravatar.com\\\/avatar\\\/0389d2e4ee5fe5beea65785e1b739e8791eb8fb05bff0baad8409158664db351?s=96&d=mm&r=g\",\"url\":\"https:\\\/\\\/secure.gravatar.com\\\/avatar\\\/0389d2e4ee5fe5beea65785e1b739e8791eb8fb05bff0baad8409158664db351?s=96&d=mm&r=g\",\"contentUrl\":\"https:\\\/\\\/secure.gravatar.com\\\/avatar\\\/0389d2e4ee5fe5beea65785e1b739e8791eb8fb05bff0baad8409158664db351?s=96&d=mm&r=g\",\"caption\":\"admin_voce\"},\"url\":\"https:\\\/\\\/lavocedelpaese.info\\\/index.php\\\/author\\\/admin_voce\\\/\"}]}<\/script>\n<!-- \/ Yoast SEO plugin. -->","yoast_head_json":{"title":"Nuovo direttore sanitario per la ASL Bari - La Voce del Paese","robots":{"index":"index","follow":"follow","max-snippet":"max-snippet:-1","max-image-preview":"max-image-preview:large","max-video-preview":"max-video-preview:-1"},"canonical":"https:\/\/lavocedelpaese.info\/index.php\/2023\/02\/21\/nuovo-direttore-sanitario-per-la-asl-bari\/","og_locale":"it_IT","og_type":"article","og_title":"Nuovo direttore sanitario per la ASL Bari - La Voce del Paese","og_description":"La ASL di Bari ha un nuovo direttore sanitario: si tratta del dottor Luigi Rossi, medico igienista proveniente dalla Toscana,","og_url":"https:\/\/lavocedelpaese.info\/index.php\/2023\/02\/21\/nuovo-direttore-sanitario-per-la-asl-bari\/","og_site_name":"La Voce del Paese","article_publisher":"https:\/\/www.facebook.com\/lavocedelpaese.info","article_published_time":"2023-02-21T13:05:58+00:00","article_modified_time":"2023-02-21T13:05:59+00:00","og_image":[{"width":1000,"height":553,"url":"https:\/\/lavocedelpaese.info\/wp-content\/uploads\/2023\/02\/Luigi-Rossi.jpeg","type":"image\/jpeg"}],"author":"admin_voce","twitter_card":"summary_large_image","twitter_misc":{"Scritto da":"admin_voce","Tempo di lettura stimato":"1 minuto"},"schema":{"@context":"https:\/\/schema.org","@graph":[{"@type":"Article","@id":"https:\/\/lavocedelpaese.info\/index.php\/2023\/02\/21\/nuovo-direttore-sanitario-per-la-asl-bari\/#article","isPartOf":{"@id":"https:\/\/lavocedelpaese.info\/index.php\/2023\/02\/21\/nuovo-direttore-sanitario-per-la-asl-bari\/"},"author":{"name":"admin_voce","@id":"https:\/\/lavocedelpaese.info\/#\/schema\/person\/ab94aca56f9d1bb6fc898990a7998bda"},"headline":"Nuovo direttore sanitario per la ASL Bari","datePublished":"2023-02-21T13:05:58+00:00","dateModified":"2023-02-21T13:05:59+00:00","mainEntityOfPage":{"@id":"https:\/\/lavocedelpaese.info\/index.php\/2023\/02\/21\/nuovo-direttore-sanitario-per-la-asl-bari\/"},"wordCount":287,"commentCount":0,"publisher":{"@id":"https:\/\/lavocedelpaese.info\/#organization"},"image":{"@id":"https:\/\/lavocedelpaese.info\/index.php\/2023\/02\/21\/nuovo-direttore-sanitario-per-la-asl-bari\/#primaryimage"},"thumbnailUrl":"https:\/\/lavocedelpaese.info\/wp-content\/uploads\/2023\/02\/Luigi-Rossi.jpeg","articleSection":["Attualit\u00e0","Primo Piano"],"inLanguage":"it-IT","potentialAction":[{"@type":"CommentAction","name":"Comment","target":["https:\/\/lavocedelpaese.info\/index.php\/2023\/02\/21\/nuovo-direttore-sanitario-per-la-asl-bari\/#respond"]}]},{"@type":"WebPage","@id":"https:\/\/lavocedelpaese.info\/index.php\/2023\/02\/21\/nuovo-direttore-sanitario-per-la-asl-bari\/","url":"https:\/\/lavocedelpaese.info\/index.php\/2023\/02\/21\/nuovo-direttore-sanitario-per-la-asl-bari\/","name":"Nuovo direttore sanitario per la ASL Bari - La Voce del Paese","isPartOf":{"@id":"https:\/\/lavocedelpaese.info\/#website"},"primaryImageOfPage":{"@id":"https:\/\/lavocedelpaese.info\/index.php\/2023\/02\/21\/nuovo-direttore-sanitario-per-la-asl-bari\/#primaryimage"},"image":{"@id":"https:\/\/lavocedelpaese.info\/index.php\/2023\/02\/21\/nuovo-direttore-sanitario-per-la-asl-bari\/#primaryimage"},"thumbnailUrl":"https:\/\/lavocedelpaese.info\/wp-content\/uploads\/2023\/02\/Luigi-Rossi.jpeg","datePublished":"2023-02-21T13:05:58+00:00","dateModified":"2023-02-21T13:05:59+00:00","breadcrumb":{"@id":"https:\/\/lavocedelpaese.info\/index.php\/2023\/02\/21\/nuovo-direttore-sanitario-per-la-asl-bari\/#breadcrumb"},"inLanguage":"it-IT","potentialAction":[{"@type":"ReadAction","target":["https:\/\/lavocedelpaese.info\/index.php\/2023\/02\/21\/nuovo-direttore-sanitario-per-la-asl-bari\/"]}]},{"@type":"ImageObject","inLanguage":"it-IT","@id":"https:\/\/lavocedelpaese.info\/index.php\/2023\/02\/21\/nuovo-direttore-sanitario-per-la-asl-bari\/#primaryimage","url":"https:\/\/lavocedelpaese.info\/wp-content\/uploads\/2023\/02\/Luigi-Rossi.jpeg","contentUrl":"https:\/\/lavocedelpaese.info\/wp-content\/uploads\/2023\/02\/Luigi-Rossi.jpeg","width":1000,"height":553},{"@type":"BreadcrumbList","@id":"https:\/\/lavocedelpaese.info\/index.php\/2023\/02\/21\/nuovo-direttore-sanitario-per-la-asl-bari\/#breadcrumb","itemListElement":[{"@type":"ListItem","position":1,"name":"Home","item":"https:\/\/lavocedelpaese.info\/"},{"@type":"ListItem","position":2,"name":"Nuovo direttore sanitario per la ASL Bari"}]},{"@type":"WebSite","@id":"https:\/\/lavocedelpaese.info\/#website","url":"https:\/\/lavocedelpaese.info\/","name":"La Voce del Paese","description":"Un network di idee","publisher":{"@id":"https:\/\/lavocedelpaese.info\/#organization"},"potentialAction":[{"@type":"SearchAction","target":{"@type":"EntryPoint","urlTemplate":"https:\/\/lavocedelpaese.info\/?s={search_term_string}"},"query-input":{"@type":"PropertyValueSpecification","valueRequired":true,"valueName":"search_term_string"}}],"inLanguage":"it-IT"},{"@type":"Organization","@id":"https:\/\/lavocedelpaese.info\/#organization","name":"La Voce del Paese","url":"https:\/\/lavocedelpaese.info\/","logo":{"@type":"ImageObject","inLanguage":"it-IT","@id":"https:\/\/lavocedelpaese.info\/#\/schema\/logo\/image\/","url":"https:\/\/lavocedelpaese.info\/wp-content\/uploads\/2023\/01\/cropped-logo-150-127.png","contentUrl":"https:\/\/lavocedelpaese.info\/wp-content\/uploads\/2023\/01\/cropped-logo-150-127.png","width":137,"height":119,"caption":"La Voce del Paese"},"image":{"@id":"https:\/\/lavocedelpaese.info\/#\/schema\/logo\/image\/"},"sameAs":["https:\/\/www.facebook.com\/lavocedelpaese.info"]},{"@type":"Person","@id":"https:\/\/lavocedelpaese.info\/#\/schema\/person\/ab94aca56f9d1bb6fc898990a7998bda","name":"admin_voce","image":{"@type":"ImageObject","inLanguage":"it-IT","@id":"https:\/\/secure.gravatar.com\/avatar\/0389d2e4ee5fe5beea65785e1b739e8791eb8fb05bff0baad8409158664db351?s=96&d=mm&r=g","url":"https:\/\/secure.gravatar.com\/avatar\/0389d2e4ee5fe5beea65785e1b739e8791eb8fb05bff0baad8409158664db351?s=96&d=mm&r=g","contentUrl":"https:\/\/secure.gravatar.com\/avatar\/0389d2e4ee5fe5beea65785e1b739e8791eb8fb05bff0baad8409158664db351?s=96&d=mm&r=g","caption":"admin_voce"},"url":"https:\/\/lavocedelpaese.info\/index.php\/author\/admin_voce\/"}]}},"_links":{"self":[{"href":"https:\/\/lavocedelpaese.info\/index.php\/wp-json\/wp\/v2\/posts\/1143","targetHints":{"allow":["GET"]}}],"collection":[{"href":"https:\/\/lavocedelpaese.info\/index.php\/wp-json\/wp\/v2\/posts"}],"about":[{"href":"https:\/\/lavocedelpaese.info\/index.php\/wp-json\/wp\/v2\/types\/post"}],"author":[{"embeddable":true,"href":"https:\/\/lavocedelpaese.info\/index.php\/wp-json\/wp\/v2\/users\/4"}],"replies":[{"embeddable":true,"href":"https:\/\/lavocedelpaese.info\/index.php\/wp-json\/wp\/v2\/comments?post=1143"}],"version-history":[{"count":1,"href":"https:\/\/lavocedelpaese.info\/index.php\/wp-json\/wp\/v2\/posts\/1143\/revisions"}],"predecessor-version":[{"id":1145,"href":"https:\/\/lavocedelpaese.info\/index.php\/wp-json\/wp\/v2\/posts\/1143\/revisions\/1145"}],"wp:featuredmedia":[{"embeddable":true,"href":"https:\/\/lavocedelpaese.info\/index.php\/wp-json\/wp\/v2\/media\/1144"}],"wp:attachment":[{"href":"https:\/\/lavocedelpaese.info\/index.php\/wp-json\/wp\/v2\/media?parent=1143"}],"wp:term":[{"taxonomy":"category","embeddable":true,"href":"https:\/\/lavocedelpaese.info\/index.php\/wp-json\/wp\/v2\/categories?post=1143"},{"taxonomy":"post_tag","embeddable":true,"href":"https:\/\/lavocedelpaese.info\/index.php\/wp-json\/wp\/v2\/tags?post=1143"}],"curies":[{"name":"wp","href":"https:\/\/api.w.org\/{rel}","templated":true}]}}