{"id":1134,"date":"2023-02-20T07:38:35","date_gmt":"2023-02-20T07:38:35","guid":{"rendered":"https:\/\/lavocedelpaese.info\/index.php\/2023\/02\/20\/rubato-a-cassano-materiale-vegetale-della-pera-eden\/"},"modified":"2023-02-20T07:38:35","modified_gmt":"2023-02-20T07:38:35","slug":"rubato-a-cassano-materiale-vegetale-della-pera-eden","status":"publish","type":"post","link":"https:\/\/lavocedelpaese.info\/index.php\/2023\/02\/20\/rubato-a-cassano-materiale-vegetale-della-pera-eden\/","title":{"rendered":"Rubato a Cassano materiale vegetale della pera Eden"},"content":{"rendered":"<p>\u00a0<\/p>\n<p>\u200b\u00a0<\/p>\n<p>\u200bCassano \u2013 La Voce del Paese\u00a0<\/p>\n<p>Furto di materiale vegetale della variet\u00e0 di pera Eden (TP 15- 41) a Casano delle Murge. Il furto \u00e8 stato prontamente denunciato alle autorit\u00e0 competenti. Questa variet\u00e0 \u00e8 protetta da privativa vegetale e il distributore esclusivo per il territorio italiano risulta essere la societ\u00e0 agricola Cairo&amp;Doutcher di Cairo Uzi e C. s.s., con sede a Copertino, in provincia di Lecce.<\/p>\n<p>Ogni moltiplicazione illegale del materiale vegetale sar\u00e0 pertanto perseguita nei termini di legge. Occorre specificare che anche la vendita del frutto avviene solo ed esclusivamente attraverso distributori autorizzati e anche il commercio del prodotto proveniente da coltivazioni illegali, cos\u00ec come il commercio eseguito attraverso canali di vendita differenti da quelli autorizzati, \u00e8 perseguito a norma di legge.<\/p>\n<p>Al fine di tutelare la propriet\u00e0 intellettuale e al fine di tutelare gli interessi di tutti i produttori che a vario titolo risultano coinvolti in tale progetto (in considerazione del fatto che ad oggi risultano messe a dimora oltre 80.000 piante della cultivar Eden TP 15-41), si invitano tutti coloro i quali possano venire a conoscenza dell\u2019uso improprio di tale materiale vegetale a segnalare immediatamente dette attivit\u00e0, ovviamente in forma anonima (che sar\u00e0 garantita).<\/p>\n<p><strong>Per maggiori informazioni:<\/strong><br \/><strong>Vivai Cairo&amp;Doutcher di Uzi Cairo e figli<\/strong><br \/>+39 328 9863911<br \/><a href=\"mailto:cairodoutcher@gmail.com?subject=Articolo%20su%20FreshPlaza.it\">cairodoutcher@gmail.com<\/a><\/p>\n\n<p><a class=\"a2a_button_facebook\" href=\"https:\/\/www.addtoany.com\/add_to\/facebook?linkurl=https%3A%2F%2Fcassano.lavocedelpaese.info%2Findex.php%2F2023%2F02%2F20%2Frubato-a-cassano-materiale-vegetale-della-pera-eden%2F&amp;linkname=Rubato%20a%20Cassano%20materiale%20vegetale%20della%20pera%20Eden\" title=\"Facebook\" target=\"_blank\" rel=\"noopener\"><\/a><a class=\"a2a_button_twitter\" href=\"https:\/\/www.addtoany.com\/add_to\/twitter?linkurl=https%3A%2F%2Fcassano.lavocedelpaese.info%2Findex.php%2F2023%2F02%2F20%2Frubato-a-cassano-materiale-vegetale-della-pera-eden%2F&amp;linkname=Rubato%20a%20Cassano%20materiale%20vegetale%20della%20pera%20Eden\" title=\"Twitter\" target=\"_blank\" rel=\"noopener\"><\/a><a class=\"a2a_button_whatsapp\" href=\"https:\/\/www.addtoany.com\/add_to\/whatsapp?linkurl=https%3A%2F%2Fcassano.lavocedelpaese.info%2Findex.php%2F2023%2F02%2F20%2Frubato-a-cassano-materiale-vegetale-della-pera-eden%2F&amp;linkname=Rubato%20a%20Cassano%20materiale%20vegetale%20della%20pera%20Eden\" title=\"WhatsApp\" target=\"_blank\" rel=\"noopener\"><\/a><a class=\"a2a_button_telegram\" href=\"https:\/\/www.addtoany.com\/add_to\/telegram?linkurl=https%3A%2F%2Fcassano.lavocedelpaese.info%2Findex.php%2F2023%2F02%2F20%2Frubato-a-cassano-materiale-vegetale-della-pera-eden%2F&amp;linkname=Rubato%20a%20Cassano%20materiale%20vegetale%20della%20pera%20Eden\" title=\"Telegram\" target=\"_blank\" rel=\"noopener\"><\/a><a class=\"a2a_button_email\" href=\"https:\/\/www.addtoany.com\/add_to\/email?linkurl=https%3A%2F%2Fcassano.lavocedelpaese.info%2Findex.php%2F2023%2F02%2F20%2Frubato-a-cassano-materiale-vegetale-della-pera-eden%2F&amp;linkname=Rubato%20a%20Cassano%20materiale%20vegetale%20della%20pera%20Eden\" title=\"Email\" target=\"_blank\" rel=\"noopener\"><\/a><\/p>\n<p>\u00a0<\/p>","protected":false},"excerpt":{"rendered":"<p>\u00a0 \u200b\u00a0 \u200bCassano \u2013 La Voce del Paese\u00a0 Furto di materiale vegetale della variet\u00e0 di pera Eden (TP 15- 41)<\/p>\n","protected":false},"author":0,"featured_media":0,"comment_status":"open","ping_status":"closed","sticky":false,"template":"","format":"standard","meta":{"colormag_page_container_layout":"default_layout","colormag_page_sidebar_layout":"default_layout","footnotes":""},"categories":[33],"tags":[],"class_list":["post-1134","post","type-post","status-publish","format-standard","hentry","category-network"],"yoast_head":"<!-- This site is optimized with the Yoast SEO plugin v27.5 - https:\/\/yoast.com\/product\/yoast-seo-wordpress\/ -->\n<title>Rubato a Cassano materiale vegetale della pera Eden - La Voce del Paese<\/title>\n<meta name=\"robots\" content=\"index, follow, max-snippet:-1, max-image-preview:large, max-video-preview:-1\" \/>\n<link rel=\"canonical\" href=\"https:\/\/lavocedelpaese.info\/index.php\/2023\/02\/20\/rubato-a-cassano-materiale-vegetale-della-pera-eden\/\" \/>\n<meta property=\"og:locale\" content=\"it_IT\" \/>\n<meta property=\"og:type\" content=\"article\" \/>\n<meta property=\"og:title\" content=\"Rubato a Cassano materiale vegetale della pera Eden - La Voce del Paese\" \/>\n<meta property=\"og:description\" content=\"\u00a0 \u200b\u00a0 \u200bCassano \u2013 La Voce del Paese\u00a0 Furto di materiale vegetale della variet\u00e0 di pera Eden (TP 15- 41)\" \/>\n<meta property=\"og:url\" content=\"https:\/\/lavocedelpaese.info\/index.php\/2023\/02\/20\/rubato-a-cassano-materiale-vegetale-della-pera-eden\/\" \/>\n<meta property=\"og:site_name\" content=\"La Voce del Paese\" \/>\n<meta property=\"article:publisher\" content=\"https:\/\/www.facebook.com\/lavocedelpaese.info\" \/>\n<meta property=\"article:published_time\" content=\"2023-02-20T07:38:35+00:00\" \/>\n<meta name=\"twitter:card\" content=\"summary_large_image\" \/>\n<meta name=\"twitter:label1\" content=\"Tempo di lettura stimato\" \/>\n\t<meta name=\"twitter:data1\" content=\"1 minuto\" \/>\n<script type=\"application\/ld+json\" class=\"yoast-schema-graph\">{\"@context\":\"https:\\\/\\\/schema.org\",\"@graph\":[{\"@type\":\"Article\",\"@id\":\"https:\\\/\\\/lavocedelpaese.info\\\/index.php\\\/2023\\\/02\\\/20\\\/rubato-a-cassano-materiale-vegetale-della-pera-eden\\\/#article\",\"isPartOf\":{\"@id\":\"https:\\\/\\\/lavocedelpaese.info\\\/index.php\\\/2023\\\/02\\\/20\\\/rubato-a-cassano-materiale-vegetale-della-pera-eden\\\/\"},\"author\":{\"name\":\"\",\"@id\":\"\"},\"headline\":\"Rubato a Cassano materiale vegetale della pera Eden\",\"datePublished\":\"2023-02-20T07:38:35+00:00\",\"mainEntityOfPage\":{\"@id\":\"https:\\\/\\\/lavocedelpaese.info\\\/index.php\\\/2023\\\/02\\\/20\\\/rubato-a-cassano-materiale-vegetale-della-pera-eden\\\/\"},\"wordCount\":218,\"commentCount\":0,\"publisher\":{\"@id\":\"https:\\\/\\\/lavocedelpaese.info\\\/#organization\"},\"articleSection\":[\"network\"],\"inLanguage\":\"it-IT\",\"potentialAction\":[{\"@type\":\"CommentAction\",\"name\":\"Comment\",\"target\":[\"https:\\\/\\\/lavocedelpaese.info\\\/index.php\\\/2023\\\/02\\\/20\\\/rubato-a-cassano-materiale-vegetale-della-pera-eden\\\/#respond\"]}]},{\"@type\":\"WebPage\",\"@id\":\"https:\\\/\\\/lavocedelpaese.info\\\/index.php\\\/2023\\\/02\\\/20\\\/rubato-a-cassano-materiale-vegetale-della-pera-eden\\\/\",\"url\":\"https:\\\/\\\/lavocedelpaese.info\\\/index.php\\\/2023\\\/02\\\/20\\\/rubato-a-cassano-materiale-vegetale-della-pera-eden\\\/\",\"name\":\"Rubato a Cassano materiale vegetale della pera Eden - La Voce del Paese\",\"isPartOf\":{\"@id\":\"https:\\\/\\\/lavocedelpaese.info\\\/#website\"},\"datePublished\":\"2023-02-20T07:38:35+00:00\",\"breadcrumb\":{\"@id\":\"https:\\\/\\\/lavocedelpaese.info\\\/index.php\\\/2023\\\/02\\\/20\\\/rubato-a-cassano-materiale-vegetale-della-pera-eden\\\/#breadcrumb\"},\"inLanguage\":\"it-IT\",\"potentialAction\":[{\"@type\":\"ReadAction\",\"target\":[\"https:\\\/\\\/lavocedelpaese.info\\\/index.php\\\/2023\\\/02\\\/20\\\/rubato-a-cassano-materiale-vegetale-della-pera-eden\\\/\"]}]},{\"@type\":\"BreadcrumbList\",\"@id\":\"https:\\\/\\\/lavocedelpaese.info\\\/index.php\\\/2023\\\/02\\\/20\\\/rubato-a-cassano-materiale-vegetale-della-pera-eden\\\/#breadcrumb\",\"itemListElement\":[{\"@type\":\"ListItem\",\"position\":1,\"name\":\"Home\",\"item\":\"https:\\\/\\\/lavocedelpaese.info\\\/\"},{\"@type\":\"ListItem\",\"position\":2,\"name\":\"Rubato a Cassano materiale vegetale della pera Eden\"}]},{\"@type\":\"WebSite\",\"@id\":\"https:\\\/\\\/lavocedelpaese.info\\\/#website\",\"url\":\"https:\\\/\\\/lavocedelpaese.info\\\/\",\"name\":\"La Voce del Paese\",\"description\":\"Un network di idee\",\"publisher\":{\"@id\":\"https:\\\/\\\/lavocedelpaese.info\\\/#organization\"},\"potentialAction\":[{\"@type\":\"SearchAction\",\"target\":{\"@type\":\"EntryPoint\",\"urlTemplate\":\"https:\\\/\\\/lavocedelpaese.info\\\/?s={search_term_string}\"},\"query-input\":{\"@type\":\"PropertyValueSpecification\",\"valueRequired\":true,\"valueName\":\"search_term_string\"}}],\"inLanguage\":\"it-IT\"},{\"@type\":\"Organization\",\"@id\":\"https:\\\/\\\/lavocedelpaese.info\\\/#organization\",\"name\":\"La Voce del Paese\",\"url\":\"https:\\\/\\\/lavocedelpaese.info\\\/\",\"logo\":{\"@type\":\"ImageObject\",\"inLanguage\":\"it-IT\",\"@id\":\"https:\\\/\\\/lavocedelpaese.info\\\/#\\\/schema\\\/logo\\\/image\\\/\",\"url\":\"https:\\\/\\\/lavocedelpaese.info\\\/wp-content\\\/uploads\\\/2023\\\/01\\\/cropped-logo-150-127.png\",\"contentUrl\":\"https:\\\/\\\/lavocedelpaese.info\\\/wp-content\\\/uploads\\\/2023\\\/01\\\/cropped-logo-150-127.png\",\"width\":137,\"height\":119,\"caption\":\"La Voce del Paese\"},\"image\":{\"@id\":\"https:\\\/\\\/lavocedelpaese.info\\\/#\\\/schema\\\/logo\\\/image\\\/\"},\"sameAs\":[\"https:\\\/\\\/www.facebook.com\\\/lavocedelpaese.info\"]}]}<\/script>\n<!-- \/ Yoast SEO plugin. -->","yoast_head_json":{"title":"Rubato a Cassano materiale vegetale della pera Eden - La Voce del Paese","robots":{"index":"index","follow":"follow","max-snippet":"max-snippet:-1","max-image-preview":"max-image-preview:large","max-video-preview":"max-video-preview:-1"},"canonical":"https:\/\/lavocedelpaese.info\/index.php\/2023\/02\/20\/rubato-a-cassano-materiale-vegetale-della-pera-eden\/","og_locale":"it_IT","og_type":"article","og_title":"Rubato a Cassano materiale vegetale della pera Eden - La Voce del Paese","og_description":"\u00a0 \u200b\u00a0 \u200bCassano \u2013 La Voce del Paese\u00a0 Furto di materiale vegetale della variet\u00e0 di pera Eden (TP 15- 41)","og_url":"https:\/\/lavocedelpaese.info\/index.php\/2023\/02\/20\/rubato-a-cassano-materiale-vegetale-della-pera-eden\/","og_site_name":"La Voce del Paese","article_publisher":"https:\/\/www.facebook.com\/lavocedelpaese.info","article_published_time":"2023-02-20T07:38:35+00:00","twitter_card":"summary_large_image","twitter_misc":{"Tempo di lettura stimato":"1 minuto"},"schema":{"@context":"https:\/\/schema.org","@graph":[{"@type":"Article","@id":"https:\/\/lavocedelpaese.info\/index.php\/2023\/02\/20\/rubato-a-cassano-materiale-vegetale-della-pera-eden\/#article","isPartOf":{"@id":"https:\/\/lavocedelpaese.info\/index.php\/2023\/02\/20\/rubato-a-cassano-materiale-vegetale-della-pera-eden\/"},"author":{"name":"","@id":""},"headline":"Rubato a Cassano materiale vegetale della pera Eden","datePublished":"2023-02-20T07:38:35+00:00","mainEntityOfPage":{"@id":"https:\/\/lavocedelpaese.info\/index.php\/2023\/02\/20\/rubato-a-cassano-materiale-vegetale-della-pera-eden\/"},"wordCount":218,"commentCount":0,"publisher":{"@id":"https:\/\/lavocedelpaese.info\/#organization"},"articleSection":["network"],"inLanguage":"it-IT","potentialAction":[{"@type":"CommentAction","name":"Comment","target":["https:\/\/lavocedelpaese.info\/index.php\/2023\/02\/20\/rubato-a-cassano-materiale-vegetale-della-pera-eden\/#respond"]}]},{"@type":"WebPage","@id":"https:\/\/lavocedelpaese.info\/index.php\/2023\/02\/20\/rubato-a-cassano-materiale-vegetale-della-pera-eden\/","url":"https:\/\/lavocedelpaese.info\/index.php\/2023\/02\/20\/rubato-a-cassano-materiale-vegetale-della-pera-eden\/","name":"Rubato a Cassano materiale vegetale della pera Eden - La Voce del Paese","isPartOf":{"@id":"https:\/\/lavocedelpaese.info\/#website"},"datePublished":"2023-02-20T07:38:35+00:00","breadcrumb":{"@id":"https:\/\/lavocedelpaese.info\/index.php\/2023\/02\/20\/rubato-a-cassano-materiale-vegetale-della-pera-eden\/#breadcrumb"},"inLanguage":"it-IT","potentialAction":[{"@type":"ReadAction","target":["https:\/\/lavocedelpaese.info\/index.php\/2023\/02\/20\/rubato-a-cassano-materiale-vegetale-della-pera-eden\/"]}]},{"@type":"BreadcrumbList","@id":"https:\/\/lavocedelpaese.info\/index.php\/2023\/02\/20\/rubato-a-cassano-materiale-vegetale-della-pera-eden\/#breadcrumb","itemListElement":[{"@type":"ListItem","position":1,"name":"Home","item":"https:\/\/lavocedelpaese.info\/"},{"@type":"ListItem","position":2,"name":"Rubato a Cassano materiale vegetale della pera Eden"}]},{"@type":"WebSite","@id":"https:\/\/lavocedelpaese.info\/#website","url":"https:\/\/lavocedelpaese.info\/","name":"La Voce del Paese","description":"Un network di idee","publisher":{"@id":"https:\/\/lavocedelpaese.info\/#organization"},"potentialAction":[{"@type":"SearchAction","target":{"@type":"EntryPoint","urlTemplate":"https:\/\/lavocedelpaese.info\/?s={search_term_string}"},"query-input":{"@type":"PropertyValueSpecification","valueRequired":true,"valueName":"search_term_string"}}],"inLanguage":"it-IT"},{"@type":"Organization","@id":"https:\/\/lavocedelpaese.info\/#organization","name":"La Voce del Paese","url":"https:\/\/lavocedelpaese.info\/","logo":{"@type":"ImageObject","inLanguage":"it-IT","@id":"https:\/\/lavocedelpaese.info\/#\/schema\/logo\/image\/","url":"https:\/\/lavocedelpaese.info\/wp-content\/uploads\/2023\/01\/cropped-logo-150-127.png","contentUrl":"https:\/\/lavocedelpaese.info\/wp-content\/uploads\/2023\/01\/cropped-logo-150-127.png","width":137,"height":119,"caption":"La Voce del Paese"},"image":{"@id":"https:\/\/lavocedelpaese.info\/#\/schema\/logo\/image\/"},"sameAs":["https:\/\/www.facebook.com\/lavocedelpaese.info"]}]}},"_links":{"self":[{"href":"https:\/\/lavocedelpaese.info\/index.php\/wp-json\/wp\/v2\/posts\/1134","targetHints":{"allow":["GET"]}}],"collection":[{"href":"https:\/\/lavocedelpaese.info\/index.php\/wp-json\/wp\/v2\/posts"}],"about":[{"href":"https:\/\/lavocedelpaese.info\/index.php\/wp-json\/wp\/v2\/types\/post"}],"replies":[{"embeddable":true,"href":"https:\/\/lavocedelpaese.info\/index.php\/wp-json\/wp\/v2\/comments?post=1134"}],"version-history":[{"count":0,"href":"https:\/\/lavocedelpaese.info\/index.php\/wp-json\/wp\/v2\/posts\/1134\/revisions"}],"wp:attachment":[{"href":"https:\/\/lavocedelpaese.info\/index.php\/wp-json\/wp\/v2\/media?parent=1134"}],"wp:term":[{"taxonomy":"category","embeddable":true,"href":"https:\/\/lavocedelpaese.info\/index.php\/wp-json\/wp\/v2\/categories?post=1134"},{"taxonomy":"post_tag","embeddable":true,"href":"https:\/\/lavocedelpaese.info\/index.php\/wp-json\/wp\/v2\/tags?post=1134"}],"curies":[{"name":"wp","href":"https:\/\/api.w.org\/{rel}","templated":true}]}}