{"id":11304,"date":"2026-09-02T21:45:47","date_gmt":"2026-09-02T21:45:47","guid":{"rendered":"https:\/\/lavocedelpaese.info\/?p=11304"},"modified":"2026-09-02T21:45:47","modified_gmt":"2026-09-02T21:45:47","slug":"record-go-punta-sullitalia-e-raggiungera-11-uffici-nel-paese-entro-il-2026","status":"publish","type":"post","link":"https:\/\/lavocedelpaese.info\/index.php\/2026\/09\/02\/record-go-punta-sullitalia-e-raggiungera-11-uffici-nel-paese-entro-il-2026\/","title":{"rendered":"Record go punta sull&#8217;Italia e raggiunger\u00e0 11 uffici nel Paese entro il 2026"},"content":{"rendered":"\n<p class=\"wp-block-paragraph\"><em>L&#8217;azienda prosegue il consolidamento della crescita in uno dei suoi mercati strategici in Europa, con le nuove aperture di Bologna, Venezia e Bari gi\u00e0 operative e quelle di Milano Malpensa e Napoli in arrivo entro l&#8217;anno<\/em><\/p>\n\n\n\n<p class=\"wp-block-paragraph\">L&#8217;Italia si conferma uno dei mercati strategici per la crescita e l&#8217;espansione internazionale di Record go, societ\u00e0 specializzata in mobilit\u00e0 e noleggio veicoli, che rafforza la presenza nel Paese con un piano di sviluppo per <strong>raggiungere 11 uffici operativi entro il 2026.<\/strong><\/p>\n\n\n\n<p class=\"wp-block-paragraph\">Alle sedi gi\u00e0 operative a <strong>Milano Bergamo, Roma, Palermo, Catania, Cagliari e Olbia<\/strong> si sono affiancate quest&#8217;anno <strong>Bologna, Venezia e Bari,<\/strong> mentre entro fine 2026 apriranno anche <strong>Milano Malpensa e Napoli,<\/strong> ampliando la copertura in Italia e avvicinando i servizi a milioni di viaggiatori.<\/p>\n\n\n\n<p class=\"wp-block-paragraph\">Con un totale d<strong>i 11 uffici, l&#8217;Italia diventa un pilastro della strategia di crescita europea dell&#8217;azienda:<\/strong> l&#8217;espansione rafforzer\u00e0 la presenza del marchio nelle principali destinazioni turistiche e business del continente, rendendo le soluzioni di mobilit\u00e0 pi\u00f9 vicine, flessibili e adatte alle esigenze degli utenti.<\/p>\n\n\n\n<p class=\"wp-block-paragraph\">Il consolidamento di Record go in Italia \u00e8 sostenuto anche dalla <strong>crescente accettazione del marchio tra gli utenti italiani:<\/strong> il cliente domestico rappresenta una quota rilevante dell&#8217;attivit\u00e0 nel Paese, a testimonianza della fiducia riposta dai guidatori locali nell&#8217;offerta di Record go e della capacit\u00e0 del marchio di andare oltre il noleggio legato al solo turismo internazionale.<\/p>\n\n\n\n<p class=\"wp-block-paragraph\">Questa evoluzione conferma il ruolo sempre pi\u00f9 centrale dell&#8217;Italia nella rete internazionale di Record go e rafforza l&#8217;impegno verso un modello di crescita fondato su prossimit\u00e0, innovazione e miglioramento continuo dell&#8217;esperienza del cliente.<\/p>\n\n\n\n<p class=\"wp-block-paragraph\">Con l&#8217;apertura di questi nuovi uffici, Record go prosegue nell&#8217;obiettivo di offrire una <strong>mobilit\u00e0 semplice, trasparente e accessibile<\/strong> a sempre pi\u00f9 persone, rafforzando il posizionamento come azienda di riferimento del settore nel Sud Europa.<\/p>\n\n\n\n<h4 class=\"wp-block-heading\"><strong>Su Record go<\/strong><\/h4>\n\n\n\n<p class=\"wp-block-paragraph\">Record go \u00e8 una societ\u00e0 internazionale specializzata in mobilit\u00e0 e noleggio veicoli, con presenza in Spagna, Italia, Grecia e Portogallo. Punta su un&#8217;esperienza semplice, digitale e trasparente, offrendo ai clienti la libert\u00e0 di muoversi con comodit\u00e0 nelle principali destinazioni turistiche e urbane d&#8217;Europa.<\/p>\n\n\n\n<p class=\"wp-block-paragraph\">Fondata in Spagna oltre vent&#8217;anni fa, ha conosciuto una crescita basata sull&#8217;innovazione, la vicinanza al cliente e il miglioramento continuo dei servizi, con un&#8217;ampia rete di uffici diretti e una flotta moderna e diversificata per viaggiatori leisure, business e locali.<\/p>\n\n\n\n<p class=\"wp-block-paragraph\">Sotto il motto \u00abEasy drive, easy go\u00bb, offre una mobilit\u00e0 agile e senza complicazioni, combinando tecnologia, assistenza personalizzata e processi efficienti per adattarsi ai nuovi stili di viaggio. Scopri di pi\u00f9 su <a href=\"https:\/\/www.recordrentacar.com\/it\/?utm_source=prensa_it&amp;utm_medium=pr&amp;utm_campaign=pr_italia_aperture_2026&amp;utm_id=Activaci%C3%B3n+PR+Italia\" target=\"_blank\" rel=\"noreferrer noopener\"><strong>recordrentacar.com\/it<\/strong><\/a>.<\/p>\n","protected":false},"excerpt":{"rendered":"<p>L&#8217;azienda prosegue il consolidamento della crescita in uno dei suoi mercati strategici in Europa, con le nuove aperture di Bologna,<\/p>\n","protected":false},"author":6,"featured_media":11305,"comment_status":"open","ping_status":"closed","sticky":false,"template":"","format":"standard","meta":{"colormag_page_container_layout":"default_layout","colormag_page_sidebar_layout":"default_layout","footnotes":""},"categories":[2],"tags":[],"class_list":["post-11304","post","type-post","status-publish","format-standard","has-post-thumbnail","hentry","category-attualita"],"yoast_head":"<!-- This site is optimized with the Yoast SEO plugin v28.4 - https:\/\/yoast.com\/product\/yoast-seo-wordpress\/ -->\n<title>Record go punta sull&#039;Italia e raggiunger\u00e0 11 uffici nel Paese entro il 2026 - La Voce del Paese<\/title>\n<meta name=\"robots\" content=\"index, follow, max-snippet:-1, max-image-preview:large, max-video-preview:-1\" \/>\n<link rel=\"canonical\" href=\"https:\/\/lavocedelpaese.info\/index.php\/2026\/09\/02\/record-go-punta-sullitalia-e-raggiungera-11-uffici-nel-paese-entro-il-2026\/\" \/>\n<meta property=\"og:locale\" content=\"it_IT\" \/>\n<meta property=\"og:type\" content=\"article\" \/>\n<meta property=\"og:title\" content=\"Record go punta sull&#039;Italia e raggiunger\u00e0 11 uffici nel Paese entro il 2026 - La Voce del Paese\" \/>\n<meta property=\"og:description\" content=\"L&#8217;azienda prosegue il consolidamento della crescita in uno dei suoi mercati strategici in Europa, con le nuove aperture di Bologna,\" \/>\n<meta property=\"og:url\" content=\"https:\/\/lavocedelpaese.info\/index.php\/2026\/09\/02\/record-go-punta-sullitalia-e-raggiungera-11-uffici-nel-paese-entro-il-2026\/\" \/>\n<meta property=\"og:site_name\" content=\"La Voce del Paese\" \/>\n<meta property=\"article:publisher\" content=\"https:\/\/www.facebook.com\/lavocedelpaese.info\" \/>\n<meta property=\"article:published_time\" content=\"2026-09-02T21:45:47+00:00\" \/>\n<meta property=\"og:image\" content=\"https:\/\/lavocedelpaese.info\/wp-content\/uploads\/2026\/09\/1608_295_oficina-Roma-Record-go.jpg\" \/>\n\t<meta property=\"og:image:width\" content=\"1000\" \/>\n\t<meta property=\"og:image:height\" content=\"562\" \/>\n\t<meta property=\"og:image:type\" content=\"image\/jpeg\" \/>\n<meta name=\"author\" content=\"admin\" \/>\n<meta name=\"twitter:card\" content=\"summary_large_image\" \/>\n<meta name=\"twitter:label1\" content=\"Scritto da\" \/>\n\t<meta name=\"twitter:data1\" content=\"admin\" \/>\n\t<meta name=\"twitter:label2\" content=\"Tempo di lettura stimato\" \/>\n\t<meta name=\"twitter:data2\" content=\"3 minuti\" \/>\n<script type=\"application\/ld+json\" class=\"yoast-schema-graph\">{\"@context\":\"https:\\\/\\\/schema.org\",\"@graph\":[{\"@type\":\"Article\",\"@id\":\"https:\\\/\\\/lavocedelpaese.info\\\/index.php\\\/2026\\\/09\\\/02\\\/record-go-punta-sullitalia-e-raggiungera-11-uffici-nel-paese-entro-il-2026\\\/#article\",\"isPartOf\":{\"@id\":\"https:\\\/\\\/lavocedelpaese.info\\\/index.php\\\/2026\\\/09\\\/02\\\/record-go-punta-sullitalia-e-raggiungera-11-uffici-nel-paese-entro-il-2026\\\/\"},\"author\":{\"name\":\"admin\",\"@id\":\"https:\\\/\\\/lavocedelpaese.info\\\/#\\\/schema\\\/person\\\/ec151d321306bd7591f7a061abf72d88\"},\"headline\":\"Record go punta sull&#8217;Italia e raggiunger\u00e0 11 uffici nel Paese entro il 2026\",\"datePublished\":\"2026-09-02T21:45:47+00:00\",\"mainEntityOfPage\":{\"@id\":\"https:\\\/\\\/lavocedelpaese.info\\\/index.php\\\/2026\\\/09\\\/02\\\/record-go-punta-sullitalia-e-raggiungera-11-uffici-nel-paese-entro-il-2026\\\/\"},\"wordCount\":436,\"commentCount\":0,\"publisher\":{\"@id\":\"https:\\\/\\\/lavocedelpaese.info\\\/#organization\"},\"image\":{\"@id\":\"https:\\\/\\\/lavocedelpaese.info\\\/index.php\\\/2026\\\/09\\\/02\\\/record-go-punta-sullitalia-e-raggiungera-11-uffici-nel-paese-entro-il-2026\\\/#primaryimage\"},\"thumbnailUrl\":\"https:\\\/\\\/lavocedelpaese.info\\\/wp-content\\\/uploads\\\/2026\\\/09\\\/1608_295_oficina-Roma-Record-go.jpg\",\"articleSection\":[\"Attualit\u00e0\"],\"inLanguage\":\"it-IT\",\"potentialAction\":[{\"@type\":\"CommentAction\",\"name\":\"Comment\",\"target\":[\"https:\\\/\\\/lavocedelpaese.info\\\/index.php\\\/2026\\\/09\\\/02\\\/record-go-punta-sullitalia-e-raggiungera-11-uffici-nel-paese-entro-il-2026\\\/#respond\"]}]},{\"@type\":\"WebPage\",\"@id\":\"https:\\\/\\\/lavocedelpaese.info\\\/index.php\\\/2026\\\/09\\\/02\\\/record-go-punta-sullitalia-e-raggiungera-11-uffici-nel-paese-entro-il-2026\\\/\",\"url\":\"https:\\\/\\\/lavocedelpaese.info\\\/index.php\\\/2026\\\/09\\\/02\\\/record-go-punta-sullitalia-e-raggiungera-11-uffici-nel-paese-entro-il-2026\\\/\",\"name\":\"Record go punta sull'Italia e raggiunger\u00e0 11 uffici nel Paese entro il 2026 - La Voce del Paese\",\"isPartOf\":{\"@id\":\"https:\\\/\\\/lavocedelpaese.info\\\/#website\"},\"primaryImageOfPage\":{\"@id\":\"https:\\\/\\\/lavocedelpaese.info\\\/index.php\\\/2026\\\/09\\\/02\\\/record-go-punta-sullitalia-e-raggiungera-11-uffici-nel-paese-entro-il-2026\\\/#primaryimage\"},\"image\":{\"@id\":\"https:\\\/\\\/lavocedelpaese.info\\\/index.php\\\/2026\\\/09\\\/02\\\/record-go-punta-sullitalia-e-raggiungera-11-uffici-nel-paese-entro-il-2026\\\/#primaryimage\"},\"thumbnailUrl\":\"https:\\\/\\\/lavocedelpaese.info\\\/wp-content\\\/uploads\\\/2026\\\/09\\\/1608_295_oficina-Roma-Record-go.jpg\",\"datePublished\":\"2026-09-02T21:45:47+00:00\",\"breadcrumb\":{\"@id\":\"https:\\\/\\\/lavocedelpaese.info\\\/index.php\\\/2026\\\/09\\\/02\\\/record-go-punta-sullitalia-e-raggiungera-11-uffici-nel-paese-entro-il-2026\\\/#breadcrumb\"},\"inLanguage\":\"it-IT\",\"potentialAction\":[{\"@type\":\"ReadAction\",\"target\":[\"https:\\\/\\\/lavocedelpaese.info\\\/index.php\\\/2026\\\/09\\\/02\\\/record-go-punta-sullitalia-e-raggiungera-11-uffici-nel-paese-entro-il-2026\\\/\"]}]},{\"@type\":\"ImageObject\",\"inLanguage\":\"it-IT\",\"@id\":\"https:\\\/\\\/lavocedelpaese.info\\\/index.php\\\/2026\\\/09\\\/02\\\/record-go-punta-sullitalia-e-raggiungera-11-uffici-nel-paese-entro-il-2026\\\/#primaryimage\",\"url\":\"https:\\\/\\\/lavocedelpaese.info\\\/wp-content\\\/uploads\\\/2026\\\/09\\\/1608_295_oficina-Roma-Record-go.jpg\",\"contentUrl\":\"https:\\\/\\\/lavocedelpaese.info\\\/wp-content\\\/uploads\\\/2026\\\/09\\\/1608_295_oficina-Roma-Record-go.jpg\",\"width\":1000,\"height\":562},{\"@type\":\"BreadcrumbList\",\"@id\":\"https:\\\/\\\/lavocedelpaese.info\\\/index.php\\\/2026\\\/09\\\/02\\\/record-go-punta-sullitalia-e-raggiungera-11-uffici-nel-paese-entro-il-2026\\\/#breadcrumb\",\"itemListElement\":[{\"@type\":\"ListItem\",\"position\":1,\"name\":\"Home\",\"item\":\"https:\\\/\\\/lavocedelpaese.info\\\/\"},{\"@type\":\"ListItem\",\"position\":2,\"name\":\"Record go punta sull&#8217;Italia e raggiunger\u00e0 11 uffici nel Paese entro il 2026\"}]},{\"@type\":\"WebSite\",\"@id\":\"https:\\\/\\\/lavocedelpaese.info\\\/#website\",\"url\":\"https:\\\/\\\/lavocedelpaese.info\\\/\",\"name\":\"La Voce del Paese\",\"description\":\"Un network di idee\",\"publisher\":{\"@id\":\"https:\\\/\\\/lavocedelpaese.info\\\/#organization\"},\"potentialAction\":[{\"@type\":\"SearchAction\",\"target\":{\"@type\":\"EntryPoint\",\"urlTemplate\":\"https:\\\/\\\/lavocedelpaese.info\\\/?s={search_term_string}\"},\"query-input\":{\"@type\":\"PropertyValueSpecification\",\"valueRequired\":true,\"valueName\":\"search_term_string\"}}],\"inLanguage\":\"it-IT\"},{\"@type\":\"Organization\",\"@id\":\"https:\\\/\\\/lavocedelpaese.info\\\/#organization\",\"name\":\"La Voce del Paese\",\"url\":\"https:\\\/\\\/lavocedelpaese.info\\\/\",\"logo\":{\"@type\":\"ImageObject\",\"inLanguage\":\"it-IT\",\"@id\":\"https:\\\/\\\/lavocedelpaese.info\\\/#\\\/schema\\\/logo\\\/image\\\/\",\"url\":\"https:\\\/\\\/lavocedelpaese.info\\\/wp-content\\\/uploads\\\/2023\\\/01\\\/cropped-logo-150-127.png\",\"contentUrl\":\"https:\\\/\\\/lavocedelpaese.info\\\/wp-content\\\/uploads\\\/2023\\\/01\\\/cropped-logo-150-127.png\",\"width\":137,\"height\":119,\"caption\":\"La Voce del Paese\"},\"image\":{\"@id\":\"https:\\\/\\\/lavocedelpaese.info\\\/#\\\/schema\\\/logo\\\/image\\\/\"},\"sameAs\":[\"https:\\\/\\\/www.facebook.com\\\/lavocedelpaese.info\"]},{\"@type\":\"Person\",\"@id\":\"https:\\\/\\\/lavocedelpaese.info\\\/#\\\/schema\\\/person\\\/ec151d321306bd7591f7a061abf72d88\",\"name\":\"admin\",\"image\":{\"@type\":\"ImageObject\",\"inLanguage\":\"it-IT\",\"@id\":\"https:\\\/\\\/secure.gravatar.com\\\/avatar\\\/af8f2caf0663124588de48a9380e07cbc95a74ef15b8062d0d39106c32fe3023?s=96&d=mm&r=g\",\"url\":\"https:\\\/\\\/secure.gravatar.com\\\/avatar\\\/af8f2caf0663124588de48a9380e07cbc95a74ef15b8062d0d39106c32fe3023?s=96&d=mm&r=g\",\"contentUrl\":\"https:\\\/\\\/secure.gravatar.com\\\/avatar\\\/af8f2caf0663124588de48a9380e07cbc95a74ef15b8062d0d39106c32fe3023?s=96&d=mm&r=g\",\"caption\":\"admin\"},\"sameAs\":[\"https:\\\/\\\/lavocedelpaese.info\"],\"url\":\"https:\\\/\\\/lavocedelpaese.info\\\/index.php\\\/author\\\/admin\\\/\"}]}<\/script>\n<!-- \/ Yoast SEO plugin. -->","yoast_head_json":{"title":"Record go punta sull'Italia e raggiunger\u00e0 11 uffici nel Paese entro il 2026 - La Voce del Paese","robots":{"index":"index","follow":"follow","max-snippet":"max-snippet:-1","max-image-preview":"max-image-preview:large","max-video-preview":"max-video-preview:-1"},"canonical":"https:\/\/lavocedelpaese.info\/index.php\/2026\/09\/02\/record-go-punta-sullitalia-e-raggiungera-11-uffici-nel-paese-entro-il-2026\/","og_locale":"it_IT","og_type":"article","og_title":"Record go punta sull'Italia e raggiunger\u00e0 11 uffici nel Paese entro il 2026 - La Voce del Paese","og_description":"L&#8217;azienda prosegue il consolidamento della crescita in uno dei suoi mercati strategici in Europa, con le nuove aperture di Bologna,","og_url":"https:\/\/lavocedelpaese.info\/index.php\/2026\/09\/02\/record-go-punta-sullitalia-e-raggiungera-11-uffici-nel-paese-entro-il-2026\/","og_site_name":"La Voce del Paese","article_publisher":"https:\/\/www.facebook.com\/lavocedelpaese.info","article_published_time":"2026-09-02T21:45:47+00:00","og_image":[{"width":1000,"height":562,"url":"https:\/\/lavocedelpaese.info\/wp-content\/uploads\/2026\/09\/1608_295_oficina-Roma-Record-go.jpg","type":"image\/jpeg"}],"author":"admin","twitter_card":"summary_large_image","twitter_misc":{"Scritto da":"admin","Tempo di lettura stimato":"3 minuti"},"schema":{"@context":"https:\/\/schema.org","@graph":[{"@type":"Article","@id":"https:\/\/lavocedelpaese.info\/index.php\/2026\/09\/02\/record-go-punta-sullitalia-e-raggiungera-11-uffici-nel-paese-entro-il-2026\/#article","isPartOf":{"@id":"https:\/\/lavocedelpaese.info\/index.php\/2026\/09\/02\/record-go-punta-sullitalia-e-raggiungera-11-uffici-nel-paese-entro-il-2026\/"},"author":{"name":"admin","@id":"https:\/\/lavocedelpaese.info\/#\/schema\/person\/ec151d321306bd7591f7a061abf72d88"},"headline":"Record go punta sull&#8217;Italia e raggiunger\u00e0 11 uffici nel Paese entro il 2026","datePublished":"2026-09-02T21:45:47+00:00","mainEntityOfPage":{"@id":"https:\/\/lavocedelpaese.info\/index.php\/2026\/09\/02\/record-go-punta-sullitalia-e-raggiungera-11-uffici-nel-paese-entro-il-2026\/"},"wordCount":436,"commentCount":0,"publisher":{"@id":"https:\/\/lavocedelpaese.info\/#organization"},"image":{"@id":"https:\/\/lavocedelpaese.info\/index.php\/2026\/09\/02\/record-go-punta-sullitalia-e-raggiungera-11-uffici-nel-paese-entro-il-2026\/#primaryimage"},"thumbnailUrl":"https:\/\/lavocedelpaese.info\/wp-content\/uploads\/2026\/09\/1608_295_oficina-Roma-Record-go.jpg","articleSection":["Attualit\u00e0"],"inLanguage":"it-IT","potentialAction":[{"@type":"CommentAction","name":"Comment","target":["https:\/\/lavocedelpaese.info\/index.php\/2026\/09\/02\/record-go-punta-sullitalia-e-raggiungera-11-uffici-nel-paese-entro-il-2026\/#respond"]}]},{"@type":"WebPage","@id":"https:\/\/lavocedelpaese.info\/index.php\/2026\/09\/02\/record-go-punta-sullitalia-e-raggiungera-11-uffici-nel-paese-entro-il-2026\/","url":"https:\/\/lavocedelpaese.info\/index.php\/2026\/09\/02\/record-go-punta-sullitalia-e-raggiungera-11-uffici-nel-paese-entro-il-2026\/","name":"Record go punta sull'Italia e raggiunger\u00e0 11 uffici nel Paese entro il 2026 - La Voce del Paese","isPartOf":{"@id":"https:\/\/lavocedelpaese.info\/#website"},"primaryImageOfPage":{"@id":"https:\/\/lavocedelpaese.info\/index.php\/2026\/09\/02\/record-go-punta-sullitalia-e-raggiungera-11-uffici-nel-paese-entro-il-2026\/#primaryimage"},"image":{"@id":"https:\/\/lavocedelpaese.info\/index.php\/2026\/09\/02\/record-go-punta-sullitalia-e-raggiungera-11-uffici-nel-paese-entro-il-2026\/#primaryimage"},"thumbnailUrl":"https:\/\/lavocedelpaese.info\/wp-content\/uploads\/2026\/09\/1608_295_oficina-Roma-Record-go.jpg","datePublished":"2026-09-02T21:45:47+00:00","breadcrumb":{"@id":"https:\/\/lavocedelpaese.info\/index.php\/2026\/09\/02\/record-go-punta-sullitalia-e-raggiungera-11-uffici-nel-paese-entro-il-2026\/#breadcrumb"},"inLanguage":"it-IT","potentialAction":[{"@type":"ReadAction","target":["https:\/\/lavocedelpaese.info\/index.php\/2026\/09\/02\/record-go-punta-sullitalia-e-raggiungera-11-uffici-nel-paese-entro-il-2026\/"]}]},{"@type":"ImageObject","inLanguage":"it-IT","@id":"https:\/\/lavocedelpaese.info\/index.php\/2026\/09\/02\/record-go-punta-sullitalia-e-raggiungera-11-uffici-nel-paese-entro-il-2026\/#primaryimage","url":"https:\/\/lavocedelpaese.info\/wp-content\/uploads\/2026\/09\/1608_295_oficina-Roma-Record-go.jpg","contentUrl":"https:\/\/lavocedelpaese.info\/wp-content\/uploads\/2026\/09\/1608_295_oficina-Roma-Record-go.jpg","width":1000,"height":562},{"@type":"BreadcrumbList","@id":"https:\/\/lavocedelpaese.info\/index.php\/2026\/09\/02\/record-go-punta-sullitalia-e-raggiungera-11-uffici-nel-paese-entro-il-2026\/#breadcrumb","itemListElement":[{"@type":"ListItem","position":1,"name":"Home","item":"https:\/\/lavocedelpaese.info\/"},{"@type":"ListItem","position":2,"name":"Record go punta sull&#8217;Italia e raggiunger\u00e0 11 uffici nel Paese entro il 2026"}]},{"@type":"WebSite","@id":"https:\/\/lavocedelpaese.info\/#website","url":"https:\/\/lavocedelpaese.info\/","name":"La Voce del Paese","description":"Un network di idee","publisher":{"@id":"https:\/\/lavocedelpaese.info\/#organization"},"potentialAction":[{"@type":"SearchAction","target":{"@type":"EntryPoint","urlTemplate":"https:\/\/lavocedelpaese.info\/?s={search_term_string}"},"query-input":{"@type":"PropertyValueSpecification","valueRequired":true,"valueName":"search_term_string"}}],"inLanguage":"it-IT"},{"@type":"Organization","@id":"https:\/\/lavocedelpaese.info\/#organization","name":"La Voce del Paese","url":"https:\/\/lavocedelpaese.info\/","logo":{"@type":"ImageObject","inLanguage":"it-IT","@id":"https:\/\/lavocedelpaese.info\/#\/schema\/logo\/image\/","url":"https:\/\/lavocedelpaese.info\/wp-content\/uploads\/2023\/01\/cropped-logo-150-127.png","contentUrl":"https:\/\/lavocedelpaese.info\/wp-content\/uploads\/2023\/01\/cropped-logo-150-127.png","width":137,"height":119,"caption":"La Voce del Paese"},"image":{"@id":"https:\/\/lavocedelpaese.info\/#\/schema\/logo\/image\/"},"sameAs":["https:\/\/www.facebook.com\/lavocedelpaese.info"]},{"@type":"Person","@id":"https:\/\/lavocedelpaese.info\/#\/schema\/person\/ec151d321306bd7591f7a061abf72d88","name":"admin","image":{"@type":"ImageObject","inLanguage":"it-IT","@id":"https:\/\/secure.gravatar.com\/avatar\/af8f2caf0663124588de48a9380e07cbc95a74ef15b8062d0d39106c32fe3023?s=96&d=mm&r=g","url":"https:\/\/secure.gravatar.com\/avatar\/af8f2caf0663124588de48a9380e07cbc95a74ef15b8062d0d39106c32fe3023?s=96&d=mm&r=g","contentUrl":"https:\/\/secure.gravatar.com\/avatar\/af8f2caf0663124588de48a9380e07cbc95a74ef15b8062d0d39106c32fe3023?s=96&d=mm&r=g","caption":"admin"},"sameAs":["https:\/\/lavocedelpaese.info"],"url":"https:\/\/lavocedelpaese.info\/index.php\/author\/admin\/"}]}},"_links":{"self":[{"href":"https:\/\/lavocedelpaese.info\/index.php\/wp-json\/wp\/v2\/posts\/11304","targetHints":{"allow":["GET"]}}],"collection":[{"href":"https:\/\/lavocedelpaese.info\/index.php\/wp-json\/wp\/v2\/posts"}],"about":[{"href":"https:\/\/lavocedelpaese.info\/index.php\/wp-json\/wp\/v2\/types\/post"}],"author":[{"embeddable":true,"href":"https:\/\/lavocedelpaese.info\/index.php\/wp-json\/wp\/v2\/users\/6"}],"replies":[{"embeddable":true,"href":"https:\/\/lavocedelpaese.info\/index.php\/wp-json\/wp\/v2\/comments?post=11304"}],"version-history":[{"count":1,"href":"https:\/\/lavocedelpaese.info\/index.php\/wp-json\/wp\/v2\/posts\/11304\/revisions"}],"predecessor-version":[{"id":11306,"href":"https:\/\/lavocedelpaese.info\/index.php\/wp-json\/wp\/v2\/posts\/11304\/revisions\/11306"}],"wp:featuredmedia":[{"embeddable":true,"href":"https:\/\/lavocedelpaese.info\/index.php\/wp-json\/wp\/v2\/media\/11305"}],"wp:attachment":[{"href":"https:\/\/lavocedelpaese.info\/index.php\/wp-json\/wp\/v2\/media?parent=11304"}],"wp:term":[{"taxonomy":"category","embeddable":true,"href":"https:\/\/lavocedelpaese.info\/index.php\/wp-json\/wp\/v2\/categories?post=11304"},{"taxonomy":"post_tag","embeddable":true,"href":"https:\/\/lavocedelpaese.info\/index.php\/wp-json\/wp\/v2\/tags?post=11304"}],"curies":[{"name":"wp","href":"https:\/\/api.w.org\/{rel}","templated":true}]}}