{"id":11298,"date":"2026-09-01T09:15:30","date_gmt":"2026-09-01T09:15:30","guid":{"rendered":"https:\/\/lavocedelpaese.info\/index.php\/2026\/09\/01\/al-via-la-presentazione-del-bando-start-up-del-gal-terre-di-murgia\/"},"modified":"2026-09-01T09:15:30","modified_gmt":"2026-09-01T09:15:30","slug":"al-via-la-presentazione-del-bando-start-up-del-gal-terre-di-murgia","status":"publish","type":"post","link":"https:\/\/lavocedelpaese.info\/index.php\/2026\/09\/01\/al-via-la-presentazione-del-bando-start-up-del-gal-terre-di-murgia\/","title":{"rendered":"Al via la presentazione del Bando Start Up del GAL Terre di Murgia\u00a0\u200b"},"content":{"rendered":"<p>\u00a0<\/p>\n<p>\u200b\u00a0<\/p>\n<p>\u200b\u00a0<\/p>\n<p class=\"wp-block-paragraph\">Riprendono le attivit\u00e0 di promozione e animazione territoriale del GAL Terre di Murgia per la programmazione 2023-2027: l\u2019occasione \u00e8 offerta dalla presentazione al pubblico del Bando Start Up, misura SRE04-SRD14, che sostiene l\u2019avvio di nuove attivit\u00e0 imprenditoriali nei sei Comuni del partenariato.<br \/>L\u2019iniziativa rientra nel Complemento per lo Sviluppo Rurale (CSR) del Piano Strategico della PAC 2023-2027 per la Regione Puglia, nell\u2019ambito dell\u2019Intervento SRG06 \u2013 LEADER, \u201cAttuazione delle Strategie di Sviluppo Locale\u201d \u2013 Sotto-intervento B, \u201cGestione e animazione delle Strategie di Sviluppo Locale\u201d.<\/p>\n<p class=\"wp-block-paragraph\">Con questo bando il GAL intende invitare chi vive e lavora nel territorio a candidare la propria idea imprenditoriale, mettendo a disposizione risorse e strumenti per trasformarla in un\u2019attivit\u00e0 concreta: un\u2019occasione per rafforzare il tessuto economico locale e per far crescere il territorio attraverso il contributo diretto di chi lo abita. Non \u00e8 la prima volta che il GAL punta su questo strumento: nella precedente programmazione, misure analoghe hanno permesso a numerose idee imprenditoriali di prendere forma, contribuendo in modo concreto alla crescita e alla diversificazione economica del territorio.<\/p>\n<p class=\"wp-block-paragraph\">Per illustrare nel dettaglio finalit\u00e0, requisiti e modalit\u00e0 di partecipazione, il GAL ha organizzato sei incontri pubblici nei Comuni del partenariato. Si comincia luned\u00ec 7 settembre a Cassano delle Murge, nella Sala Consiliare, e si prosegue gioved\u00ec 10 settembre a Toritto, sempre in Sala Consiliare. Il terzo appuntamento \u00e8 marted\u00ec 15 settembre ad Altamura, in Sala Consiliare; il quarto, gioved\u00ec 17 settembre, porta il ciclo a Santeramo in Colle, presso la Biblioteca Giovanni Colonna. Gli incontri riprendono luned\u00ec 21 settembre a Bitetto, in Sala Consiliare, e si chiudono marted\u00ec 22 settembre a Sannicandro di Bari, nella cornice del Castello Normanno Svevo. Tutti gli appuntamenti, a ingresso libero, sono in programma a partire dalle ore 17.30.<\/p>\n<p class=\"wp-block-paragraph\">Gli incontri rappresentano un passaggio informativo importante per chi intende partecipare al bando: solo una conoscenza puntuale dei requisiti e delle procedure consente di presentare una candidatura solida e di cogliere appieno le opportunit\u00e0 messe a disposizione. Durante ciascun appuntamento saranno illustrati le finalit\u00e0 del bando, i requisiti di accesso, le modalit\u00e0 e i termini di presentazione delle candidature, offrendo a quanti parteciperanno l\u2019occasione di un confronto diretto sulle opportunit\u00e0 offerte dalla nuova programmazione.<\/p>\n<p class=\"wp-block-paragraph\">Per ulteriori informazioni sul calendario e per consultare la documentazione inerente al bando \u00e8 possibile <strong><a href=\"https:\/\/galterredimurgia.it\/2020\/slide-informative\/\">visitare il seguente link.<\/a><\/strong><\/p>\n<p><a class=\"a2a_button_facebook\" href=\"https:\/\/www.addtoany.com\/add_to\/facebook?linkurl=https%3A%2F%2Fcassano.lavocedelpaese.info%2Fal-via-la-presentazione-del-bando-start-up-del-gal-terre-di-murgia%2F&amp;linkname=Al%20via%20la%20presentazione%20del%20Bando%20Start%20Up%20del%20GAL%20Terre%20di%20Murgia\" title=\"Facebook\" rel=\"nofollow noopener\" target=\"_blank\"><\/a><a class=\"a2a_button_twitter\" href=\"https:\/\/www.addtoany.com\/add_to\/twitter?linkurl=https%3A%2F%2Fcassano.lavocedelpaese.info%2Fal-via-la-presentazione-del-bando-start-up-del-gal-terre-di-murgia%2F&amp;linkname=Al%20via%20la%20presentazione%20del%20Bando%20Start%20Up%20del%20GAL%20Terre%20di%20Murgia\" title=\"Twitter\" rel=\"nofollow noopener\" target=\"_blank\"><\/a><a class=\"a2a_button_whatsapp\" href=\"https:\/\/www.addtoany.com\/add_to\/whatsapp?linkurl=https%3A%2F%2Fcassano.lavocedelpaese.info%2Fal-via-la-presentazione-del-bando-start-up-del-gal-terre-di-murgia%2F&amp;linkname=Al%20via%20la%20presentazione%20del%20Bando%20Start%20Up%20del%20GAL%20Terre%20di%20Murgia\" title=\"WhatsApp\" rel=\"nofollow noopener\" target=\"_blank\"><\/a><a class=\"a2a_button_telegram\" href=\"https:\/\/www.addtoany.com\/add_to\/telegram?linkurl=https%3A%2F%2Fcassano.lavocedelpaese.info%2Fal-via-la-presentazione-del-bando-start-up-del-gal-terre-di-murgia%2F&amp;linkname=Al%20via%20la%20presentazione%20del%20Bando%20Start%20Up%20del%20GAL%20Terre%20di%20Murgia\" title=\"Telegram\" rel=\"nofollow noopener\" target=\"_blank\"><\/a><a class=\"a2a_button_email\" href=\"https:\/\/www.addtoany.com\/add_to\/email?linkurl=https%3A%2F%2Fcassano.lavocedelpaese.info%2Fal-via-la-presentazione-del-bando-start-up-del-gal-terre-di-murgia%2F&amp;linkname=Al%20via%20la%20presentazione%20del%20Bando%20Start%20Up%20del%20GAL%20Terre%20di%20Murgia\" title=\"Email\" rel=\"nofollow noopener\" target=\"_blank\"><\/a><\/p>\n<p>\u00a0<\/p>\n<p>\u00a0<\/p>\n<p>\u200b\u00a0\u00a0\u00a0<\/p>","protected":false},"excerpt":{"rendered":"<p>\u00a0 \u200b\u00a0 \u200b\u00a0 Riprendono le attivit\u00e0 di promozione e animazione territoriale del GAL Terre di Murgia per la programmazione 2023-2027:<\/p>\n","protected":false},"author":6,"featured_media":730,"comment_status":"open","ping_status":"closed","sticky":false,"template":"","format":"standard","meta":{"colormag_page_container_layout":"default_layout","colormag_page_sidebar_layout":"default_layout","footnotes":""},"categories":[33],"tags":[],"class_list":["post-11298","post","type-post","status-publish","format-standard","has-post-thumbnail","hentry","category-network"],"yoast_head":"<!-- This site is optimized with the Yoast SEO plugin v28.4 - https:\/\/yoast.com\/product\/yoast-seo-wordpress\/ -->\n<title>Al via la presentazione del Bando Start Up del GAL Terre di Murgia\u00a0\u200b - La Voce del Paese<\/title>\n<meta name=\"robots\" content=\"index, follow, max-snippet:-1, max-image-preview:large, max-video-preview:-1\" \/>\n<link rel=\"canonical\" href=\"https:\/\/lavocedelpaese.info\/index.php\/2026\/09\/01\/al-via-la-presentazione-del-bando-start-up-del-gal-terre-di-murgia\/\" \/>\n<meta property=\"og:locale\" content=\"it_IT\" \/>\n<meta property=\"og:type\" content=\"article\" \/>\n<meta property=\"og:title\" content=\"Al via la presentazione del Bando Start Up del GAL Terre di Murgia\u00a0\u200b - La Voce del Paese\" \/>\n<meta property=\"og:description\" content=\"\u00a0 \u200b\u00a0 \u200b\u00a0 Riprendono le attivit\u00e0 di promozione e animazione territoriale del GAL Terre di Murgia per la programmazione 2023-2027:\" \/>\n<meta property=\"og:url\" content=\"https:\/\/lavocedelpaese.info\/index.php\/2026\/09\/01\/al-via-la-presentazione-del-bando-start-up-del-gal-terre-di-murgia\/\" \/>\n<meta property=\"og:site_name\" content=\"La Voce del Paese\" \/>\n<meta property=\"article:publisher\" content=\"https:\/\/www.facebook.com\/lavocedelpaese.info\" \/>\n<meta property=\"article:published_time\" content=\"2026-09-01T09:15:30+00:00\" \/>\n<meta name=\"author\" content=\"admin\" \/>\n<meta name=\"twitter:card\" content=\"summary_large_image\" \/>\n<meta name=\"twitter:label1\" content=\"Scritto da\" \/>\n\t<meta name=\"twitter:data1\" content=\"admin\" \/>\n\t<meta name=\"twitter:label2\" content=\"Tempo di lettura stimato\" \/>\n\t<meta name=\"twitter:data2\" content=\"2 minuti\" \/>\n<script type=\"application\/ld+json\" class=\"yoast-schema-graph\">{\"@context\":\"https:\\\/\\\/schema.org\",\"@graph\":[{\"@type\":\"Article\",\"@id\":\"https:\\\/\\\/lavocedelpaese.info\\\/index.php\\\/2026\\\/09\\\/01\\\/al-via-la-presentazione-del-bando-start-up-del-gal-terre-di-murgia\\\/#article\",\"isPartOf\":{\"@id\":\"https:\\\/\\\/lavocedelpaese.info\\\/index.php\\\/2026\\\/09\\\/01\\\/al-via-la-presentazione-del-bando-start-up-del-gal-terre-di-murgia\\\/\"},\"author\":{\"name\":\"admin\",\"@id\":\"https:\\\/\\\/lavocedelpaese.info\\\/#\\\/schema\\\/person\\\/ec151d321306bd7591f7a061abf72d88\"},\"headline\":\"Al via la presentazione del Bando Start Up del GAL Terre di Murgia\u00a0\u200b\",\"datePublished\":\"2026-09-01T09:15:30+00:00\",\"mainEntityOfPage\":{\"@id\":\"https:\\\/\\\/lavocedelpaese.info\\\/index.php\\\/2026\\\/09\\\/01\\\/al-via-la-presentazione-del-bando-start-up-del-gal-terre-di-murgia\\\/\"},\"wordCount\":389,\"commentCount\":0,\"publisher\":{\"@id\":\"https:\\\/\\\/lavocedelpaese.info\\\/#organization\"},\"image\":{\"@id\":\"https:\\\/\\\/lavocedelpaese.info\\\/index.php\\\/2026\\\/09\\\/01\\\/al-via-la-presentazione-del-bando-start-up-del-gal-terre-di-murgia\\\/#primaryimage\"},\"thumbnailUrl\":\"https:\\\/\\\/lavocedelpaese.info\\\/wp-content\\\/uploads\\\/2023\\\/01\\\/logo-150-127.png\",\"articleSection\":[\"network\"],\"inLanguage\":\"it-IT\",\"potentialAction\":[{\"@type\":\"CommentAction\",\"name\":\"Comment\",\"target\":[\"https:\\\/\\\/lavocedelpaese.info\\\/index.php\\\/2026\\\/09\\\/01\\\/al-via-la-presentazione-del-bando-start-up-del-gal-terre-di-murgia\\\/#respond\"]}]},{\"@type\":\"WebPage\",\"@id\":\"https:\\\/\\\/lavocedelpaese.info\\\/index.php\\\/2026\\\/09\\\/01\\\/al-via-la-presentazione-del-bando-start-up-del-gal-terre-di-murgia\\\/\",\"url\":\"https:\\\/\\\/lavocedelpaese.info\\\/index.php\\\/2026\\\/09\\\/01\\\/al-via-la-presentazione-del-bando-start-up-del-gal-terre-di-murgia\\\/\",\"name\":\"Al via la presentazione del Bando Start Up del GAL Terre di Murgia\u00a0\u200b - La Voce del Paese\",\"isPartOf\":{\"@id\":\"https:\\\/\\\/lavocedelpaese.info\\\/#website\"},\"primaryImageOfPage\":{\"@id\":\"https:\\\/\\\/lavocedelpaese.info\\\/index.php\\\/2026\\\/09\\\/01\\\/al-via-la-presentazione-del-bando-start-up-del-gal-terre-di-murgia\\\/#primaryimage\"},\"image\":{\"@id\":\"https:\\\/\\\/lavocedelpaese.info\\\/index.php\\\/2026\\\/09\\\/01\\\/al-via-la-presentazione-del-bando-start-up-del-gal-terre-di-murgia\\\/#primaryimage\"},\"thumbnailUrl\":\"https:\\\/\\\/lavocedelpaese.info\\\/wp-content\\\/uploads\\\/2023\\\/01\\\/logo-150-127.png\",\"datePublished\":\"2026-09-01T09:15:30+00:00\",\"breadcrumb\":{\"@id\":\"https:\\\/\\\/lavocedelpaese.info\\\/index.php\\\/2026\\\/09\\\/01\\\/al-via-la-presentazione-del-bando-start-up-del-gal-terre-di-murgia\\\/#breadcrumb\"},\"inLanguage\":\"it-IT\",\"potentialAction\":[{\"@type\":\"ReadAction\",\"target\":[\"https:\\\/\\\/lavocedelpaese.info\\\/index.php\\\/2026\\\/09\\\/01\\\/al-via-la-presentazione-del-bando-start-up-del-gal-terre-di-murgia\\\/\"]}]},{\"@type\":\"ImageObject\",\"inLanguage\":\"it-IT\",\"@id\":\"https:\\\/\\\/lavocedelpaese.info\\\/index.php\\\/2026\\\/09\\\/01\\\/al-via-la-presentazione-del-bando-start-up-del-gal-terre-di-murgia\\\/#primaryimage\",\"url\":\"https:\\\/\\\/lavocedelpaese.info\\\/wp-content\\\/uploads\\\/2023\\\/01\\\/logo-150-127.png\",\"contentUrl\":\"https:\\\/\\\/lavocedelpaese.info\\\/wp-content\\\/uploads\\\/2023\\\/01\\\/logo-150-127.png\",\"width\":150,\"height\":127},{\"@type\":\"BreadcrumbList\",\"@id\":\"https:\\\/\\\/lavocedelpaese.info\\\/index.php\\\/2026\\\/09\\\/01\\\/al-via-la-presentazione-del-bando-start-up-del-gal-terre-di-murgia\\\/#breadcrumb\",\"itemListElement\":[{\"@type\":\"ListItem\",\"position\":1,\"name\":\"Home\",\"item\":\"https:\\\/\\\/lavocedelpaese.info\\\/\"},{\"@type\":\"ListItem\",\"position\":2,\"name\":\"Al via la presentazione del Bando Start Up del GAL Terre di Murgia\u00a0\u200b\"}]},{\"@type\":\"WebSite\",\"@id\":\"https:\\\/\\\/lavocedelpaese.info\\\/#website\",\"url\":\"https:\\\/\\\/lavocedelpaese.info\\\/\",\"name\":\"La Voce del Paese\",\"description\":\"Un network di idee\",\"publisher\":{\"@id\":\"https:\\\/\\\/lavocedelpaese.info\\\/#organization\"},\"potentialAction\":[{\"@type\":\"SearchAction\",\"target\":{\"@type\":\"EntryPoint\",\"urlTemplate\":\"https:\\\/\\\/lavocedelpaese.info\\\/?s={search_term_string}\"},\"query-input\":{\"@type\":\"PropertyValueSpecification\",\"valueRequired\":true,\"valueName\":\"search_term_string\"}}],\"inLanguage\":\"it-IT\"},{\"@type\":\"Organization\",\"@id\":\"https:\\\/\\\/lavocedelpaese.info\\\/#organization\",\"name\":\"La Voce del Paese\",\"url\":\"https:\\\/\\\/lavocedelpaese.info\\\/\",\"logo\":{\"@type\":\"ImageObject\",\"inLanguage\":\"it-IT\",\"@id\":\"https:\\\/\\\/lavocedelpaese.info\\\/#\\\/schema\\\/logo\\\/image\\\/\",\"url\":\"https:\\\/\\\/lavocedelpaese.info\\\/wp-content\\\/uploads\\\/2023\\\/01\\\/cropped-logo-150-127.png\",\"contentUrl\":\"https:\\\/\\\/lavocedelpaese.info\\\/wp-content\\\/uploads\\\/2023\\\/01\\\/cropped-logo-150-127.png\",\"width\":137,\"height\":119,\"caption\":\"La Voce del Paese\"},\"image\":{\"@id\":\"https:\\\/\\\/lavocedelpaese.info\\\/#\\\/schema\\\/logo\\\/image\\\/\"},\"sameAs\":[\"https:\\\/\\\/www.facebook.com\\\/lavocedelpaese.info\"]},{\"@type\":\"Person\",\"@id\":\"https:\\\/\\\/lavocedelpaese.info\\\/#\\\/schema\\\/person\\\/ec151d321306bd7591f7a061abf72d88\",\"name\":\"admin\",\"image\":{\"@type\":\"ImageObject\",\"inLanguage\":\"it-IT\",\"@id\":\"https:\\\/\\\/secure.gravatar.com\\\/avatar\\\/af8f2caf0663124588de48a9380e07cbc95a74ef15b8062d0d39106c32fe3023?s=96&d=mm&r=g\",\"url\":\"https:\\\/\\\/secure.gravatar.com\\\/avatar\\\/af8f2caf0663124588de48a9380e07cbc95a74ef15b8062d0d39106c32fe3023?s=96&d=mm&r=g\",\"contentUrl\":\"https:\\\/\\\/secure.gravatar.com\\\/avatar\\\/af8f2caf0663124588de48a9380e07cbc95a74ef15b8062d0d39106c32fe3023?s=96&d=mm&r=g\",\"caption\":\"admin\"},\"sameAs\":[\"https:\\\/\\\/lavocedelpaese.info\"],\"url\":\"https:\\\/\\\/lavocedelpaese.info\\\/index.php\\\/author\\\/admin\\\/\"}]}<\/script>\n<!-- \/ Yoast SEO plugin. -->","yoast_head_json":{"title":"Al via la presentazione del Bando Start Up del GAL Terre di Murgia\u00a0\u200b - La Voce del Paese","robots":{"index":"index","follow":"follow","max-snippet":"max-snippet:-1","max-image-preview":"max-image-preview:large","max-video-preview":"max-video-preview:-1"},"canonical":"https:\/\/lavocedelpaese.info\/index.php\/2026\/09\/01\/al-via-la-presentazione-del-bando-start-up-del-gal-terre-di-murgia\/","og_locale":"it_IT","og_type":"article","og_title":"Al via la presentazione del Bando Start Up del GAL Terre di Murgia\u00a0\u200b - La Voce del Paese","og_description":"\u00a0 \u200b\u00a0 \u200b\u00a0 Riprendono le attivit\u00e0 di promozione e animazione territoriale del GAL Terre di Murgia per la programmazione 2023-2027:","og_url":"https:\/\/lavocedelpaese.info\/index.php\/2026\/09\/01\/al-via-la-presentazione-del-bando-start-up-del-gal-terre-di-murgia\/","og_site_name":"La Voce del Paese","article_publisher":"https:\/\/www.facebook.com\/lavocedelpaese.info","article_published_time":"2026-09-01T09:15:30+00:00","author":"admin","twitter_card":"summary_large_image","twitter_misc":{"Scritto da":"admin","Tempo di lettura stimato":"2 minuti"},"schema":{"@context":"https:\/\/schema.org","@graph":[{"@type":"Article","@id":"https:\/\/lavocedelpaese.info\/index.php\/2026\/09\/01\/al-via-la-presentazione-del-bando-start-up-del-gal-terre-di-murgia\/#article","isPartOf":{"@id":"https:\/\/lavocedelpaese.info\/index.php\/2026\/09\/01\/al-via-la-presentazione-del-bando-start-up-del-gal-terre-di-murgia\/"},"author":{"name":"admin","@id":"https:\/\/lavocedelpaese.info\/#\/schema\/person\/ec151d321306bd7591f7a061abf72d88"},"headline":"Al via la presentazione del Bando Start Up del GAL Terre di Murgia\u00a0\u200b","datePublished":"2026-09-01T09:15:30+00:00","mainEntityOfPage":{"@id":"https:\/\/lavocedelpaese.info\/index.php\/2026\/09\/01\/al-via-la-presentazione-del-bando-start-up-del-gal-terre-di-murgia\/"},"wordCount":389,"commentCount":0,"publisher":{"@id":"https:\/\/lavocedelpaese.info\/#organization"},"image":{"@id":"https:\/\/lavocedelpaese.info\/index.php\/2026\/09\/01\/al-via-la-presentazione-del-bando-start-up-del-gal-terre-di-murgia\/#primaryimage"},"thumbnailUrl":"https:\/\/lavocedelpaese.info\/wp-content\/uploads\/2023\/01\/logo-150-127.png","articleSection":["network"],"inLanguage":"it-IT","potentialAction":[{"@type":"CommentAction","name":"Comment","target":["https:\/\/lavocedelpaese.info\/index.php\/2026\/09\/01\/al-via-la-presentazione-del-bando-start-up-del-gal-terre-di-murgia\/#respond"]}]},{"@type":"WebPage","@id":"https:\/\/lavocedelpaese.info\/index.php\/2026\/09\/01\/al-via-la-presentazione-del-bando-start-up-del-gal-terre-di-murgia\/","url":"https:\/\/lavocedelpaese.info\/index.php\/2026\/09\/01\/al-via-la-presentazione-del-bando-start-up-del-gal-terre-di-murgia\/","name":"Al via la presentazione del Bando Start Up del GAL Terre di Murgia\u00a0\u200b - La Voce del Paese","isPartOf":{"@id":"https:\/\/lavocedelpaese.info\/#website"},"primaryImageOfPage":{"@id":"https:\/\/lavocedelpaese.info\/index.php\/2026\/09\/01\/al-via-la-presentazione-del-bando-start-up-del-gal-terre-di-murgia\/#primaryimage"},"image":{"@id":"https:\/\/lavocedelpaese.info\/index.php\/2026\/09\/01\/al-via-la-presentazione-del-bando-start-up-del-gal-terre-di-murgia\/#primaryimage"},"thumbnailUrl":"https:\/\/lavocedelpaese.info\/wp-content\/uploads\/2023\/01\/logo-150-127.png","datePublished":"2026-09-01T09:15:30+00:00","breadcrumb":{"@id":"https:\/\/lavocedelpaese.info\/index.php\/2026\/09\/01\/al-via-la-presentazione-del-bando-start-up-del-gal-terre-di-murgia\/#breadcrumb"},"inLanguage":"it-IT","potentialAction":[{"@type":"ReadAction","target":["https:\/\/lavocedelpaese.info\/index.php\/2026\/09\/01\/al-via-la-presentazione-del-bando-start-up-del-gal-terre-di-murgia\/"]}]},{"@type":"ImageObject","inLanguage":"it-IT","@id":"https:\/\/lavocedelpaese.info\/index.php\/2026\/09\/01\/al-via-la-presentazione-del-bando-start-up-del-gal-terre-di-murgia\/#primaryimage","url":"https:\/\/lavocedelpaese.info\/wp-content\/uploads\/2023\/01\/logo-150-127.png","contentUrl":"https:\/\/lavocedelpaese.info\/wp-content\/uploads\/2023\/01\/logo-150-127.png","width":150,"height":127},{"@type":"BreadcrumbList","@id":"https:\/\/lavocedelpaese.info\/index.php\/2026\/09\/01\/al-via-la-presentazione-del-bando-start-up-del-gal-terre-di-murgia\/#breadcrumb","itemListElement":[{"@type":"ListItem","position":1,"name":"Home","item":"https:\/\/lavocedelpaese.info\/"},{"@type":"ListItem","position":2,"name":"Al via la presentazione del Bando Start Up del GAL Terre di Murgia\u00a0\u200b"}]},{"@type":"WebSite","@id":"https:\/\/lavocedelpaese.info\/#website","url":"https:\/\/lavocedelpaese.info\/","name":"La Voce del Paese","description":"Un network di idee","publisher":{"@id":"https:\/\/lavocedelpaese.info\/#organization"},"potentialAction":[{"@type":"SearchAction","target":{"@type":"EntryPoint","urlTemplate":"https:\/\/lavocedelpaese.info\/?s={search_term_string}"},"query-input":{"@type":"PropertyValueSpecification","valueRequired":true,"valueName":"search_term_string"}}],"inLanguage":"it-IT"},{"@type":"Organization","@id":"https:\/\/lavocedelpaese.info\/#organization","name":"La Voce del Paese","url":"https:\/\/lavocedelpaese.info\/","logo":{"@type":"ImageObject","inLanguage":"it-IT","@id":"https:\/\/lavocedelpaese.info\/#\/schema\/logo\/image\/","url":"https:\/\/lavocedelpaese.info\/wp-content\/uploads\/2023\/01\/cropped-logo-150-127.png","contentUrl":"https:\/\/lavocedelpaese.info\/wp-content\/uploads\/2023\/01\/cropped-logo-150-127.png","width":137,"height":119,"caption":"La Voce del Paese"},"image":{"@id":"https:\/\/lavocedelpaese.info\/#\/schema\/logo\/image\/"},"sameAs":["https:\/\/www.facebook.com\/lavocedelpaese.info"]},{"@type":"Person","@id":"https:\/\/lavocedelpaese.info\/#\/schema\/person\/ec151d321306bd7591f7a061abf72d88","name":"admin","image":{"@type":"ImageObject","inLanguage":"it-IT","@id":"https:\/\/secure.gravatar.com\/avatar\/af8f2caf0663124588de48a9380e07cbc95a74ef15b8062d0d39106c32fe3023?s=96&d=mm&r=g","url":"https:\/\/secure.gravatar.com\/avatar\/af8f2caf0663124588de48a9380e07cbc95a74ef15b8062d0d39106c32fe3023?s=96&d=mm&r=g","contentUrl":"https:\/\/secure.gravatar.com\/avatar\/af8f2caf0663124588de48a9380e07cbc95a74ef15b8062d0d39106c32fe3023?s=96&d=mm&r=g","caption":"admin"},"sameAs":["https:\/\/lavocedelpaese.info"],"url":"https:\/\/lavocedelpaese.info\/index.php\/author\/admin\/"}]}},"_links":{"self":[{"href":"https:\/\/lavocedelpaese.info\/index.php\/wp-json\/wp\/v2\/posts\/11298","targetHints":{"allow":["GET"]}}],"collection":[{"href":"https:\/\/lavocedelpaese.info\/index.php\/wp-json\/wp\/v2\/posts"}],"about":[{"href":"https:\/\/lavocedelpaese.info\/index.php\/wp-json\/wp\/v2\/types\/post"}],"author":[{"embeddable":true,"href":"https:\/\/lavocedelpaese.info\/index.php\/wp-json\/wp\/v2\/users\/6"}],"replies":[{"embeddable":true,"href":"https:\/\/lavocedelpaese.info\/index.php\/wp-json\/wp\/v2\/comments?post=11298"}],"version-history":[{"count":0,"href":"https:\/\/lavocedelpaese.info\/index.php\/wp-json\/wp\/v2\/posts\/11298\/revisions"}],"wp:featuredmedia":[{"embeddable":true,"href":"https:\/\/lavocedelpaese.info\/index.php\/wp-json\/wp\/v2\/media\/730"}],"wp:attachment":[{"href":"https:\/\/lavocedelpaese.info\/index.php\/wp-json\/wp\/v2\/media?parent=11298"}],"wp:term":[{"taxonomy":"category","embeddable":true,"href":"https:\/\/lavocedelpaese.info\/index.php\/wp-json\/wp\/v2\/categories?post=11298"},{"taxonomy":"post_tag","embeddable":true,"href":"https:\/\/lavocedelpaese.info\/index.php\/wp-json\/wp\/v2\/tags?post=11298"}],"curies":[{"name":"wp","href":"https:\/\/api.w.org\/{rel}","templated":true}]}}