{"id":11296,"date":"2026-09-01T09:15:26","date_gmt":"2026-09-01T09:15:26","guid":{"rendered":"https:\/\/lavocedelpaese.info\/index.php\/2026\/09\/01\/una-rete-di-inclusione-per-alunni-ipovedenti\/"},"modified":"2026-09-01T09:15:26","modified_gmt":"2026-09-01T09:15:26","slug":"una-rete-di-inclusione-per-alunni-ipovedenti","status":"publish","type":"post","link":"https:\/\/lavocedelpaese.info\/index.php\/2026\/09\/01\/una-rete-di-inclusione-per-alunni-ipovedenti\/","title":{"rendered":"Una rete di inclusione per alunni ipovedenti\u00a0\u200b"},"content":{"rendered":"<p>\u00a0<\/p>\n<p>\u200b\u00a0<\/p>\n<p>\u200b\u00a0<\/p>\n<p class=\"wp-block-paragraph\">Un tavolo di lavoro permanente per l\u2019inclusione scolastica degli studenti con disabilit\u00e0 visiva prende forma a Rutigliano. Nella seconda settimana di settembre, scuole, famiglie, docenti ed esperti si incontreranno al Centro educativo riabilitativo per videolesi \u201cMesseni-Localzo\u201d, struttura della Citt\u00e0 metropolitana di Bari, per un\u2019iniziativa organizzata alla vigilia del nuovo anno scolastico.<\/p>\n<p class=\"wp-block-paragraph\">L\u2019obiettivo \u00e8 raccogliere le esigenze degli alunni non vedenti e ipovedenti e programmare interventi condivisi per favorirne l\u2019inclusione. Saranno coinvolti docenti curriculari e di sostegno, esperti tiflologi, operatori dell\u2019assistenza specialistica, famiglie e rappresentanti dell\u2019Unione italiana dei ciechi e degli ipovedenti.<\/p>\n<p class=\"wp-block-paragraph\">Tra le attivit\u00e0 che potranno essere sviluppate figurano la prevenzione delle patologie visive in et\u00e0 pediatrica, la valutazione visivo-funzionale degli studenti ipovedenti e la consulenza tifloeducativa, tiflodidattica e riabilitativa. Il Centro metter\u00e0 inoltre a disposizione percorsi di formazione e aggiornamento per insegnanti di sostegno e operatori, servizi di orientamento e mobilit\u00e0, assistenza educativa e riabilitativa e la fornitura di testi scolastici adattati.<\/p>\n<p class=\"wp-block-paragraph\"><em>\u201cL\u2019inclusione scolastica non pu\u00f2 essere affidata alla buona volont\u00e0 dei singoli, ma deve essere costruita attraverso una rete stabile di competenze, professionalit\u00e0 e collaborazione\u201d<\/em>, <strong>sottolinea Raffaella Casamassima, consigliera metropolitana delegata al Centro.<\/strong> <em>\u201cVogliamo ascoltare i bisogni, condividere le esperienze e trasformarli in interventi concreti, perch\u00e9 ogni studente con disabilit\u00e0 visiva possa affrontare il proprio percorso scolastico con gli strumenti e il sostegno necessari\u201d<\/em>, aggiunge la Consigliera.<\/p>\n<figure class=\"wp-block-image size-full\"><img decoding=\"async\" width=\"649\" height=\"719\" src=\"https:\/\/cassano.lavocedelpaese.info\/wp-content\/uploads\/2026\/08\/WhatsApp-Image-2024-10-24-at-12.04.40.jpeg\" alt=\"\" class=\"wp-image-8780\" \/><\/figure>\n<p class=\"wp-block-paragraph\">Il calendario dettagliato degli incontri sar\u00e0 trasmesso nei primi giorni di settembre alle scuole e agli altri soggetti coinvolti. L\u2019iniziativa \u00e8 organizzata in collaborazione con il Centro di consulenza tiflodidattica della Federazione nazionale delle istituzioni pro ciechi.<\/p>\n<p><a class=\"a2a_button_facebook\" href=\"https:\/\/www.addtoany.com\/add_to\/facebook?linkurl=https%3A%2F%2Fcassano.lavocedelpaese.info%2Funa-rete-di-inclusione-per-alunni-ipovedenti%2F&amp;linkname=Una%20rete%20di%20inclusione%20per%20alunni%20ipovedenti\" title=\"Facebook\" rel=\"nofollow noopener\" target=\"_blank\"><\/a><a class=\"a2a_button_twitter\" href=\"https:\/\/www.addtoany.com\/add_to\/twitter?linkurl=https%3A%2F%2Fcassano.lavocedelpaese.info%2Funa-rete-di-inclusione-per-alunni-ipovedenti%2F&amp;linkname=Una%20rete%20di%20inclusione%20per%20alunni%20ipovedenti\" title=\"Twitter\" rel=\"nofollow noopener\" target=\"_blank\"><\/a><a class=\"a2a_button_whatsapp\" href=\"https:\/\/www.addtoany.com\/add_to\/whatsapp?linkurl=https%3A%2F%2Fcassano.lavocedelpaese.info%2Funa-rete-di-inclusione-per-alunni-ipovedenti%2F&amp;linkname=Una%20rete%20di%20inclusione%20per%20alunni%20ipovedenti\" title=\"WhatsApp\" rel=\"nofollow noopener\" target=\"_blank\"><\/a><a class=\"a2a_button_telegram\" href=\"https:\/\/www.addtoany.com\/add_to\/telegram?linkurl=https%3A%2F%2Fcassano.lavocedelpaese.info%2Funa-rete-di-inclusione-per-alunni-ipovedenti%2F&amp;linkname=Una%20rete%20di%20inclusione%20per%20alunni%20ipovedenti\" title=\"Telegram\" rel=\"nofollow noopener\" target=\"_blank\"><\/a><a class=\"a2a_button_email\" href=\"https:\/\/www.addtoany.com\/add_to\/email?linkurl=https%3A%2F%2Fcassano.lavocedelpaese.info%2Funa-rete-di-inclusione-per-alunni-ipovedenti%2F&amp;linkname=Una%20rete%20di%20inclusione%20per%20alunni%20ipovedenti\" title=\"Email\" rel=\"nofollow noopener\" target=\"_blank\"><\/a><\/p>\n<p>\u00a0<\/p>\n<p>\u00a0<\/p>\n<p>\u200b\u00a0\u00a0\u00a0<\/p>","protected":false},"excerpt":{"rendered":"<p>\u00a0 \u200b\u00a0 \u200b\u00a0 Un tavolo di lavoro permanente per l\u2019inclusione scolastica degli studenti con disabilit\u00e0 visiva prende forma a Rutigliano.<\/p>\n","protected":false},"author":6,"featured_media":11297,"comment_status":"open","ping_status":"closed","sticky":false,"template":"","format":"standard","meta":{"colormag_page_container_layout":"default_layout","colormag_page_sidebar_layout":"default_layout","footnotes":""},"categories":[33],"tags":[],"class_list":["post-11296","post","type-post","status-publish","format-standard","has-post-thumbnail","hentry","category-network"],"yoast_head":"<!-- This site is optimized with the Yoast SEO plugin v28.4 - https:\/\/yoast.com\/product\/yoast-seo-wordpress\/ -->\n<title>Una rete di inclusione per alunni ipovedenti\u00a0\u200b - La Voce del Paese<\/title>\n<meta name=\"robots\" content=\"index, follow, max-snippet:-1, max-image-preview:large, max-video-preview:-1\" \/>\n<link rel=\"canonical\" href=\"https:\/\/lavocedelpaese.info\/index.php\/2026\/09\/01\/una-rete-di-inclusione-per-alunni-ipovedenti\/\" \/>\n<meta property=\"og:locale\" content=\"it_IT\" \/>\n<meta property=\"og:type\" content=\"article\" \/>\n<meta property=\"og:title\" content=\"Una rete di inclusione per alunni ipovedenti\u00a0\u200b - La Voce del Paese\" \/>\n<meta property=\"og:description\" content=\"\u00a0 \u200b\u00a0 \u200b\u00a0 Un tavolo di lavoro permanente per l\u2019inclusione scolastica degli studenti con disabilit\u00e0 visiva prende forma a Rutigliano.\" \/>\n<meta property=\"og:url\" content=\"https:\/\/lavocedelpaese.info\/index.php\/2026\/09\/01\/una-rete-di-inclusione-per-alunni-ipovedenti\/\" \/>\n<meta property=\"og:site_name\" content=\"La Voce del Paese\" \/>\n<meta property=\"article:publisher\" content=\"https:\/\/www.facebook.com\/lavocedelpaese.info\" \/>\n<meta property=\"article:published_time\" content=\"2026-09-01T09:15:26+00:00\" \/>\n<meta property=\"og:image\" content=\"https:\/\/lavocedelpaese.info\/wp-content\/uploads\/2025\/01\/manifesto-40-ore-M1ByW0.jpeg\" \/>\n\t<meta property=\"og:image:width\" content=\"571\" \/>\n\t<meta property=\"og:image:height\" content=\"800\" \/>\n\t<meta property=\"og:image:type\" content=\"image\/jpeg\" \/>\n<meta name=\"author\" content=\"admin\" \/>\n<meta name=\"twitter:card\" content=\"summary_large_image\" \/>\n<meta name=\"twitter:label1\" content=\"Scritto da\" \/>\n\t<meta name=\"twitter:data1\" content=\"admin\" \/>\n\t<meta name=\"twitter:label2\" content=\"Tempo di lettura stimato\" \/>\n\t<meta name=\"twitter:data2\" content=\"1 minuto\" \/>\n<script type=\"application\/ld+json\" class=\"yoast-schema-graph\">{\"@context\":\"https:\\\/\\\/schema.org\",\"@graph\":[{\"@type\":\"Article\",\"@id\":\"https:\\\/\\\/lavocedelpaese.info\\\/index.php\\\/2026\\\/09\\\/01\\\/una-rete-di-inclusione-per-alunni-ipovedenti\\\/#article\",\"isPartOf\":{\"@id\":\"https:\\\/\\\/lavocedelpaese.info\\\/index.php\\\/2026\\\/09\\\/01\\\/una-rete-di-inclusione-per-alunni-ipovedenti\\\/\"},\"author\":{\"name\":\"admin\",\"@id\":\"https:\\\/\\\/lavocedelpaese.info\\\/#\\\/schema\\\/person\\\/ec151d321306bd7591f7a061abf72d88\"},\"headline\":\"Una rete di inclusione per alunni ipovedenti\u00a0\u200b\",\"datePublished\":\"2026-09-01T09:15:26+00:00\",\"mainEntityOfPage\":{\"@id\":\"https:\\\/\\\/lavocedelpaese.info\\\/index.php\\\/2026\\\/09\\\/01\\\/una-rete-di-inclusione-per-alunni-ipovedenti\\\/\"},\"wordCount\":269,\"commentCount\":0,\"publisher\":{\"@id\":\"https:\\\/\\\/lavocedelpaese.info\\\/#organization\"},\"image\":{\"@id\":\"https:\\\/\\\/lavocedelpaese.info\\\/index.php\\\/2026\\\/09\\\/01\\\/una-rete-di-inclusione-per-alunni-ipovedenti\\\/#primaryimage\"},\"thumbnailUrl\":\"https:\\\/\\\/lavocedelpaese.info\\\/wp-content\\\/uploads\\\/2026\\\/09\\\/WhatsApp-Image-2024-10-24-at-12.04.40-qySVO0.jpg\",\"articleSection\":[\"network\"],\"inLanguage\":\"it-IT\",\"potentialAction\":[{\"@type\":\"CommentAction\",\"name\":\"Comment\",\"target\":[\"https:\\\/\\\/lavocedelpaese.info\\\/index.php\\\/2026\\\/09\\\/01\\\/una-rete-di-inclusione-per-alunni-ipovedenti\\\/#respond\"]}]},{\"@type\":\"WebPage\",\"@id\":\"https:\\\/\\\/lavocedelpaese.info\\\/index.php\\\/2026\\\/09\\\/01\\\/una-rete-di-inclusione-per-alunni-ipovedenti\\\/\",\"url\":\"https:\\\/\\\/lavocedelpaese.info\\\/index.php\\\/2026\\\/09\\\/01\\\/una-rete-di-inclusione-per-alunni-ipovedenti\\\/\",\"name\":\"Una rete di inclusione per alunni ipovedenti\u00a0\u200b - La Voce del Paese\",\"isPartOf\":{\"@id\":\"https:\\\/\\\/lavocedelpaese.info\\\/#website\"},\"primaryImageOfPage\":{\"@id\":\"https:\\\/\\\/lavocedelpaese.info\\\/index.php\\\/2026\\\/09\\\/01\\\/una-rete-di-inclusione-per-alunni-ipovedenti\\\/#primaryimage\"},\"image\":{\"@id\":\"https:\\\/\\\/lavocedelpaese.info\\\/index.php\\\/2026\\\/09\\\/01\\\/una-rete-di-inclusione-per-alunni-ipovedenti\\\/#primaryimage\"},\"thumbnailUrl\":\"https:\\\/\\\/lavocedelpaese.info\\\/wp-content\\\/uploads\\\/2026\\\/09\\\/WhatsApp-Image-2024-10-24-at-12.04.40-qySVO0.jpg\",\"datePublished\":\"2026-09-01T09:15:26+00:00\",\"breadcrumb\":{\"@id\":\"https:\\\/\\\/lavocedelpaese.info\\\/index.php\\\/2026\\\/09\\\/01\\\/una-rete-di-inclusione-per-alunni-ipovedenti\\\/#breadcrumb\"},\"inLanguage\":\"it-IT\",\"potentialAction\":[{\"@type\":\"ReadAction\",\"target\":[\"https:\\\/\\\/lavocedelpaese.info\\\/index.php\\\/2026\\\/09\\\/01\\\/una-rete-di-inclusione-per-alunni-ipovedenti\\\/\"]}]},{\"@type\":\"ImageObject\",\"inLanguage\":\"it-IT\",\"@id\":\"https:\\\/\\\/lavocedelpaese.info\\\/index.php\\\/2026\\\/09\\\/01\\\/una-rete-di-inclusione-per-alunni-ipovedenti\\\/#primaryimage\",\"url\":\"https:\\\/\\\/lavocedelpaese.info\\\/wp-content\\\/uploads\\\/2026\\\/09\\\/WhatsApp-Image-2024-10-24-at-12.04.40-qySVO0.jpg\",\"contentUrl\":\"https:\\\/\\\/lavocedelpaese.info\\\/wp-content\\\/uploads\\\/2026\\\/09\\\/WhatsApp-Image-2024-10-24-at-12.04.40-qySVO0.jpg\",\"width\":649,\"height\":719},{\"@type\":\"BreadcrumbList\",\"@id\":\"https:\\\/\\\/lavocedelpaese.info\\\/index.php\\\/2026\\\/09\\\/01\\\/una-rete-di-inclusione-per-alunni-ipovedenti\\\/#breadcrumb\",\"itemListElement\":[{\"@type\":\"ListItem\",\"position\":1,\"name\":\"Home\",\"item\":\"https:\\\/\\\/lavocedelpaese.info\\\/\"},{\"@type\":\"ListItem\",\"position\":2,\"name\":\"Una rete di inclusione per alunni ipovedenti\u00a0\u200b\"}]},{\"@type\":\"WebSite\",\"@id\":\"https:\\\/\\\/lavocedelpaese.info\\\/#website\",\"url\":\"https:\\\/\\\/lavocedelpaese.info\\\/\",\"name\":\"La Voce del Paese\",\"description\":\"Un network di idee\",\"publisher\":{\"@id\":\"https:\\\/\\\/lavocedelpaese.info\\\/#organization\"},\"potentialAction\":[{\"@type\":\"SearchAction\",\"target\":{\"@type\":\"EntryPoint\",\"urlTemplate\":\"https:\\\/\\\/lavocedelpaese.info\\\/?s={search_term_string}\"},\"query-input\":{\"@type\":\"PropertyValueSpecification\",\"valueRequired\":true,\"valueName\":\"search_term_string\"}}],\"inLanguage\":\"it-IT\"},{\"@type\":\"Organization\",\"@id\":\"https:\\\/\\\/lavocedelpaese.info\\\/#organization\",\"name\":\"La Voce del Paese\",\"url\":\"https:\\\/\\\/lavocedelpaese.info\\\/\",\"logo\":{\"@type\":\"ImageObject\",\"inLanguage\":\"it-IT\",\"@id\":\"https:\\\/\\\/lavocedelpaese.info\\\/#\\\/schema\\\/logo\\\/image\\\/\",\"url\":\"https:\\\/\\\/lavocedelpaese.info\\\/wp-content\\\/uploads\\\/2023\\\/01\\\/cropped-logo-150-127.png\",\"contentUrl\":\"https:\\\/\\\/lavocedelpaese.info\\\/wp-content\\\/uploads\\\/2023\\\/01\\\/cropped-logo-150-127.png\",\"width\":137,\"height\":119,\"caption\":\"La Voce del Paese\"},\"image\":{\"@id\":\"https:\\\/\\\/lavocedelpaese.info\\\/#\\\/schema\\\/logo\\\/image\\\/\"},\"sameAs\":[\"https:\\\/\\\/www.facebook.com\\\/lavocedelpaese.info\"]},{\"@type\":\"Person\",\"@id\":\"https:\\\/\\\/lavocedelpaese.info\\\/#\\\/schema\\\/person\\\/ec151d321306bd7591f7a061abf72d88\",\"name\":\"admin\",\"image\":{\"@type\":\"ImageObject\",\"inLanguage\":\"it-IT\",\"@id\":\"https:\\\/\\\/secure.gravatar.com\\\/avatar\\\/af8f2caf0663124588de48a9380e07cbc95a74ef15b8062d0d39106c32fe3023?s=96&d=mm&r=g\",\"url\":\"https:\\\/\\\/secure.gravatar.com\\\/avatar\\\/af8f2caf0663124588de48a9380e07cbc95a74ef15b8062d0d39106c32fe3023?s=96&d=mm&r=g\",\"contentUrl\":\"https:\\\/\\\/secure.gravatar.com\\\/avatar\\\/af8f2caf0663124588de48a9380e07cbc95a74ef15b8062d0d39106c32fe3023?s=96&d=mm&r=g\",\"caption\":\"admin\"},\"sameAs\":[\"https:\\\/\\\/lavocedelpaese.info\"],\"url\":\"https:\\\/\\\/lavocedelpaese.info\\\/index.php\\\/author\\\/admin\\\/\"}]}<\/script>\n<!-- \/ Yoast SEO plugin. -->","yoast_head_json":{"title":"Una rete di inclusione per alunni ipovedenti\u00a0\u200b - La Voce del Paese","robots":{"index":"index","follow":"follow","max-snippet":"max-snippet:-1","max-image-preview":"max-image-preview:large","max-video-preview":"max-video-preview:-1"},"canonical":"https:\/\/lavocedelpaese.info\/index.php\/2026\/09\/01\/una-rete-di-inclusione-per-alunni-ipovedenti\/","og_locale":"it_IT","og_type":"article","og_title":"Una rete di inclusione per alunni ipovedenti\u00a0\u200b - La Voce del Paese","og_description":"\u00a0 \u200b\u00a0 \u200b\u00a0 Un tavolo di lavoro permanente per l\u2019inclusione scolastica degli studenti con disabilit\u00e0 visiva prende forma a Rutigliano.","og_url":"https:\/\/lavocedelpaese.info\/index.php\/2026\/09\/01\/una-rete-di-inclusione-per-alunni-ipovedenti\/","og_site_name":"La Voce del Paese","article_publisher":"https:\/\/www.facebook.com\/lavocedelpaese.info","article_published_time":"2026-09-01T09:15:26+00:00","og_image":[{"width":571,"height":800,"url":"https:\/\/lavocedelpaese.info\/wp-content\/uploads\/2025\/01\/manifesto-40-ore-M1ByW0.jpeg","type":"image\/jpeg"}],"author":"admin","twitter_card":"summary_large_image","twitter_misc":{"Scritto da":"admin","Tempo di lettura stimato":"1 minuto"},"schema":{"@context":"https:\/\/schema.org","@graph":[{"@type":"Article","@id":"https:\/\/lavocedelpaese.info\/index.php\/2026\/09\/01\/una-rete-di-inclusione-per-alunni-ipovedenti\/#article","isPartOf":{"@id":"https:\/\/lavocedelpaese.info\/index.php\/2026\/09\/01\/una-rete-di-inclusione-per-alunni-ipovedenti\/"},"author":{"name":"admin","@id":"https:\/\/lavocedelpaese.info\/#\/schema\/person\/ec151d321306bd7591f7a061abf72d88"},"headline":"Una rete di inclusione per alunni ipovedenti\u00a0\u200b","datePublished":"2026-09-01T09:15:26+00:00","mainEntityOfPage":{"@id":"https:\/\/lavocedelpaese.info\/index.php\/2026\/09\/01\/una-rete-di-inclusione-per-alunni-ipovedenti\/"},"wordCount":269,"commentCount":0,"publisher":{"@id":"https:\/\/lavocedelpaese.info\/#organization"},"image":{"@id":"https:\/\/lavocedelpaese.info\/index.php\/2026\/09\/01\/una-rete-di-inclusione-per-alunni-ipovedenti\/#primaryimage"},"thumbnailUrl":"https:\/\/lavocedelpaese.info\/wp-content\/uploads\/2026\/09\/WhatsApp-Image-2024-10-24-at-12.04.40-qySVO0.jpg","articleSection":["network"],"inLanguage":"it-IT","potentialAction":[{"@type":"CommentAction","name":"Comment","target":["https:\/\/lavocedelpaese.info\/index.php\/2026\/09\/01\/una-rete-di-inclusione-per-alunni-ipovedenti\/#respond"]}]},{"@type":"WebPage","@id":"https:\/\/lavocedelpaese.info\/index.php\/2026\/09\/01\/una-rete-di-inclusione-per-alunni-ipovedenti\/","url":"https:\/\/lavocedelpaese.info\/index.php\/2026\/09\/01\/una-rete-di-inclusione-per-alunni-ipovedenti\/","name":"Una rete di inclusione per alunni ipovedenti\u00a0\u200b - La Voce del Paese","isPartOf":{"@id":"https:\/\/lavocedelpaese.info\/#website"},"primaryImageOfPage":{"@id":"https:\/\/lavocedelpaese.info\/index.php\/2026\/09\/01\/una-rete-di-inclusione-per-alunni-ipovedenti\/#primaryimage"},"image":{"@id":"https:\/\/lavocedelpaese.info\/index.php\/2026\/09\/01\/una-rete-di-inclusione-per-alunni-ipovedenti\/#primaryimage"},"thumbnailUrl":"https:\/\/lavocedelpaese.info\/wp-content\/uploads\/2026\/09\/WhatsApp-Image-2024-10-24-at-12.04.40-qySVO0.jpg","datePublished":"2026-09-01T09:15:26+00:00","breadcrumb":{"@id":"https:\/\/lavocedelpaese.info\/index.php\/2026\/09\/01\/una-rete-di-inclusione-per-alunni-ipovedenti\/#breadcrumb"},"inLanguage":"it-IT","potentialAction":[{"@type":"ReadAction","target":["https:\/\/lavocedelpaese.info\/index.php\/2026\/09\/01\/una-rete-di-inclusione-per-alunni-ipovedenti\/"]}]},{"@type":"ImageObject","inLanguage":"it-IT","@id":"https:\/\/lavocedelpaese.info\/index.php\/2026\/09\/01\/una-rete-di-inclusione-per-alunni-ipovedenti\/#primaryimage","url":"https:\/\/lavocedelpaese.info\/wp-content\/uploads\/2026\/09\/WhatsApp-Image-2024-10-24-at-12.04.40-qySVO0.jpg","contentUrl":"https:\/\/lavocedelpaese.info\/wp-content\/uploads\/2026\/09\/WhatsApp-Image-2024-10-24-at-12.04.40-qySVO0.jpg","width":649,"height":719},{"@type":"BreadcrumbList","@id":"https:\/\/lavocedelpaese.info\/index.php\/2026\/09\/01\/una-rete-di-inclusione-per-alunni-ipovedenti\/#breadcrumb","itemListElement":[{"@type":"ListItem","position":1,"name":"Home","item":"https:\/\/lavocedelpaese.info\/"},{"@type":"ListItem","position":2,"name":"Una rete di inclusione per alunni ipovedenti\u00a0\u200b"}]},{"@type":"WebSite","@id":"https:\/\/lavocedelpaese.info\/#website","url":"https:\/\/lavocedelpaese.info\/","name":"La Voce del Paese","description":"Un network di idee","publisher":{"@id":"https:\/\/lavocedelpaese.info\/#organization"},"potentialAction":[{"@type":"SearchAction","target":{"@type":"EntryPoint","urlTemplate":"https:\/\/lavocedelpaese.info\/?s={search_term_string}"},"query-input":{"@type":"PropertyValueSpecification","valueRequired":true,"valueName":"search_term_string"}}],"inLanguage":"it-IT"},{"@type":"Organization","@id":"https:\/\/lavocedelpaese.info\/#organization","name":"La Voce del Paese","url":"https:\/\/lavocedelpaese.info\/","logo":{"@type":"ImageObject","inLanguage":"it-IT","@id":"https:\/\/lavocedelpaese.info\/#\/schema\/logo\/image\/","url":"https:\/\/lavocedelpaese.info\/wp-content\/uploads\/2023\/01\/cropped-logo-150-127.png","contentUrl":"https:\/\/lavocedelpaese.info\/wp-content\/uploads\/2023\/01\/cropped-logo-150-127.png","width":137,"height":119,"caption":"La Voce del Paese"},"image":{"@id":"https:\/\/lavocedelpaese.info\/#\/schema\/logo\/image\/"},"sameAs":["https:\/\/www.facebook.com\/lavocedelpaese.info"]},{"@type":"Person","@id":"https:\/\/lavocedelpaese.info\/#\/schema\/person\/ec151d321306bd7591f7a061abf72d88","name":"admin","image":{"@type":"ImageObject","inLanguage":"it-IT","@id":"https:\/\/secure.gravatar.com\/avatar\/af8f2caf0663124588de48a9380e07cbc95a74ef15b8062d0d39106c32fe3023?s=96&d=mm&r=g","url":"https:\/\/secure.gravatar.com\/avatar\/af8f2caf0663124588de48a9380e07cbc95a74ef15b8062d0d39106c32fe3023?s=96&d=mm&r=g","contentUrl":"https:\/\/secure.gravatar.com\/avatar\/af8f2caf0663124588de48a9380e07cbc95a74ef15b8062d0d39106c32fe3023?s=96&d=mm&r=g","caption":"admin"},"sameAs":["https:\/\/lavocedelpaese.info"],"url":"https:\/\/lavocedelpaese.info\/index.php\/author\/admin\/"}]}},"_links":{"self":[{"href":"https:\/\/lavocedelpaese.info\/index.php\/wp-json\/wp\/v2\/posts\/11296","targetHints":{"allow":["GET"]}}],"collection":[{"href":"https:\/\/lavocedelpaese.info\/index.php\/wp-json\/wp\/v2\/posts"}],"about":[{"href":"https:\/\/lavocedelpaese.info\/index.php\/wp-json\/wp\/v2\/types\/post"}],"author":[{"embeddable":true,"href":"https:\/\/lavocedelpaese.info\/index.php\/wp-json\/wp\/v2\/users\/6"}],"replies":[{"embeddable":true,"href":"https:\/\/lavocedelpaese.info\/index.php\/wp-json\/wp\/v2\/comments?post=11296"}],"version-history":[{"count":0,"href":"https:\/\/lavocedelpaese.info\/index.php\/wp-json\/wp\/v2\/posts\/11296\/revisions"}],"wp:featuredmedia":[{"embeddable":true,"href":"https:\/\/lavocedelpaese.info\/index.php\/wp-json\/wp\/v2\/media\/11297"}],"wp:attachment":[{"href":"https:\/\/lavocedelpaese.info\/index.php\/wp-json\/wp\/v2\/media?parent=11296"}],"wp:term":[{"taxonomy":"category","embeddable":true,"href":"https:\/\/lavocedelpaese.info\/index.php\/wp-json\/wp\/v2\/categories?post=11296"},{"taxonomy":"post_tag","embeddable":true,"href":"https:\/\/lavocedelpaese.info\/index.php\/wp-json\/wp\/v2\/tags?post=11296"}],"curies":[{"name":"wp","href":"https:\/\/api.w.org\/{rel}","templated":true}]}}