{"id":11286,"date":"2026-08-30T05:14:55","date_gmt":"2026-08-30T05:14:55","guid":{"rendered":"https:\/\/lavocedelpaese.info\/index.php\/2026\/08\/30\/non-restero-invisibile-il-sogno-di-una-mamma-per-tutti-i-bambini\/"},"modified":"2026-08-30T05:14:55","modified_gmt":"2026-08-30T05:14:55","slug":"non-restero-invisibile-il-sogno-di-una-mamma-per-tutti-i-bambini","status":"publish","type":"post","link":"https:\/\/lavocedelpaese.info\/index.php\/2026\/08\/30\/non-restero-invisibile-il-sogno-di-una-mamma-per-tutti-i-bambini\/","title":{"rendered":"\u201cNon rester\u00f2 invisibile\u201d: il sogno di una mamma per tutti i bambini\u00a0\u200b"},"content":{"rendered":"<p>\u00a0<\/p>\n<p>\u200b\u00a0<\/p>\n<p>\u200b\u00a0<\/p>\n<div><\/div>\n<h4 class=\"wp-block-heading\"><strong>Pianeta Azzurro APS porta alla festa di Sant\u2019Oronzo un messaggio di inclusione, autonomia e futuro. Tra i progetti, la ristrutturazione della sede e l\u2019acquisto di un pulmino a nove posti<\/strong><\/h4>\n<p class=\"wp-block-paragraph\">Inclusione, autonomia, famiglia e futuro: sono le parole che guidano Pianeta Azzurro APS, l\u2019associazione che ha partecipato alla festa patronale di Sant\u2019Oronzo con uno spazio dedicato all\u2019incontro, al gioco e alla sensibilizzazione.<\/p>\n<p class=\"wp-block-paragraph\">Presieduta da Maria Grazia Mezzapesa, mamma di Piercarlo, un bambino autistico di quasi quattro anni, l\u2019associazione \u00e8 nata il 2 aprile 2025 dal desiderio di trasformare un\u2019esperienza personale e familiare in un progetto utile alla comunit\u00e0. L\u2019obiettivo \u00e8 creare una rete tra famiglie, professionisti, scuole, istituzioni, imprese e volontari, affinch\u00e9 bambini e ragazzi con disabilit\u00e0 possano sviluppare capacit\u00e0, autonomie, relazioni e partecipazione sociale.<\/p>\n<h4 class=\"wp-block-heading\"><strong>Alla festa di Sant\u2019Oronzo, l\u2019inclusione passa dal gioco<\/strong><\/h4>\n<p class=\"wp-block-paragraph\">Durante la festa, Pianeta Azzurro APS ha coinvolto i pi\u00f9 piccoli con attivit\u00e0 ludiche pensate per trasmettere, attraverso il gioco e la partecipazione, i valori dell\u2019inclusione, dell\u2019accoglienza e della condivisione. Un momento di divertimento e sensibilizzazione che ha coinvolto bambini, famiglie e cittadini, offrendo un\u2019occasione per avvicinarsi in maniera semplice e spontanea al tema della diversit\u00e0.<\/p>\n<figure class=\"wp-block-image size-full\"><img decoding=\"async\" width=\"891\" height=\"1337\" src=\"https:\/\/turi.lavocedelpaese.info\/wp-content\/uploads\/2026\/08\/immagine.png\" alt=\"\" class=\"wp-image-9095\" \/><\/figure>\n<h4 class=\"wp-block-heading\"><strong>Quattordici percorsi per bambini, ragazzi e famiglie<\/strong><\/h4>\n<p class=\"wp-block-paragraph\">L\u2019associazione si rivolge a bambini e ragazzi autistici, giovani con disabilit\u00e0, ragazzi nei percorsi di autonomia, famiglie e caregiver, ma anche alle scuole e alla comunit\u00e0 del territorio. Sono quattordici i percorsi progettuali avviati o in programma: dal centro inclusivo alle attivit\u00e0 di arte, musica, natura e pet therapy; dai laboratori sulle autonomie ai percorsi per la vita adulta e il lavoro; fino al sostegno alle famiglie, agli incontri nelle scuole, alla rete territoriale e ai progetti legati al \u201cDopo di noi\u201d.<\/p>\n<h4 class=\"wp-block-heading\"><strong>Un pulmino a nove posti, \u00abponte verso l\u2019inclusione\u00bb<\/strong><\/h4>\n<p class=\"wp-block-paragraph\">Tra le iniziative pi\u00f9 concrete figura il servizio di accompagnamento e trasporto sociale, pensato per favorire l\u2019accesso alle attivit\u00e0 associative e sostenere gli spostamenti di persone nello spettro autistico, persone con disabilit\u00e0, anziani, pazienti oncologici e cittadini in condizioni di temporanea fragilit\u00e0.<\/p>\n<p class=\"wp-block-paragraph\">Nell\u2019ambito del progetto \u00e8 previsto anche l\u2019acquisto di un pulmino a nove posti, definito dall\u2019associazione \u00abun ponte verso l\u2019inclusione\u00bb, che consentir\u00e0 di rendere pi\u00f9 accessibili gli spostamenti e la partecipazione alle attivit\u00e0.<\/p>\n<figure class=\"wp-block-image size-full\"><img decoding=\"async\" width=\"740\" height=\"435\" src=\"https:\/\/turi.lavocedelpaese.info\/wp-content\/uploads\/2026\/08\/immagine-1.png\" alt=\"\" class=\"wp-image-9097\" \/><figcaption class=\"wp-element-caption\"><em>Il servizio di accompagnamento e trasporto sociale promosso dall\u2019associazione<\/em><\/figcaption><\/figure>\n<h4 class=\"wp-block-heading\"><strong>Una \u201cseconda casa\u201d da costruire insieme<\/strong><\/h4>\n<p class=\"wp-block-paragraph\">Nel corso della festa patronale \u00e8 stata inoltre promossa una raccolta fondi per la ristrutturazione della sede, con l\u2019obiettivo di realizzare un luogo accessibile e accogliente, una \u201cseconda casa\u201d in cui crescere, imparare e partecipare insieme.<\/p>\n<h4 class=\"wp-block-heading\"><strong>Il 27 settembre il \u201cPranzo in blu \u2013 Insieme per l\u2019autismo\u201d<\/strong><\/h4>\n<p class=\"wp-block-paragraph\">A sostegno di questo progetto, Pianeta Azzurro APS organizza, in collaborazione con Enotria Ricevimenti, il \u201cPranzo in blu \u2013 Insieme per l\u2019autismo\u201d, in programma il 27 settembre 2026 alle ore 12.30, presso Enotria Ricevimenti, in via Putignano 112 a Turi. Il ricavato dell\u2019iniziativa sar\u00e0 destinato alla ristrutturazione della sede dell\u2019associazione. Il pranzo solidale sar\u00e0 accompagnato da musica, ballo e animazione, per trasformare un momento conviviale in un gesto concreto di solidariet\u00e0.<\/p>\n<figure class=\"wp-block-image size-full\"><img decoding=\"async\" width=\"740\" height=\"1111\" src=\"https:\/\/turi.lavocedelpaese.info\/wp-content\/uploads\/2026\/08\/immagine-2.png\" alt=\"\" class=\"wp-image-9098\" \/><\/figure>\n<h4 class=\"wp-block-heading\"><strong>Dal rapporto con Piercarlo nasce anche un libro<\/strong><\/h4>\n<p class=\"wp-block-paragraph\">Maria Grazia Mezzapesa ha anche scritto un libro nel quale racconta la storia dell\u2019associazione: un cammino nato dall\u2019amore per suo figlio e diventato un impegno per tante famiglie.<\/p>\n<blockquote class=\"wp-block-quote is-style-plain has-cm-color-3-color has-cm-color-3-background-color has-text-color has-background has-link-color wp-elements-3 is-layout-flow wp-block-quote-is-layout-flow\">\n<p class=\"has-cm-color-5-color has-cm-color-3-background-color has-text-color has-background has-link-color wp-elements-4 wp-block-paragraph\"><strong>\u00abNon rester\u00f2 invisibile. Combatter\u00f2 affinch\u00e9 il sogno di realizzare qualcosa di importante per mio figlio e per tutti i bambini possa diventare realt\u00e0\u00bb<\/strong>.<\/p>\n<\/blockquote>\n<figure class=\"wp-block-image size-full\"><img decoding=\"async\" loading=\"lazy\" width=\"740\" height=\"740\" src=\"https:\/\/turi.lavocedelpaese.info\/wp-content\/uploads\/2026\/08\/immagine-3.png\" alt=\"\" class=\"wp-image-9099\" \/><\/figure>\n<h4 class=\"wp-block-heading\">L\u2019inclusione come responsabilit\u00e0 di tutti<\/h4>\n<p class=\"wp-block-paragraph\">Un messaggio che Pianeta Azzurro APS ha scelto di affidare alla comunit\u00e0 di Turi: l\u2019inclusione non \u00e8 solo un principio, ma una responsabilit\u00e0 condivisa e un impegno quotidiano, da costruire insieme attraverso partecipazione, solidariet\u00e0 e gesti concreti.<\/p>\n<p class=\"wp-block-paragraph\">Dietro un pulmino da acquistare, una sede da ristrutturare, un laboratorio da avviare o un pranzo solidale da organizzare c\u2019\u00e8 un obiettivo pi\u00f9 grande: costruire opportunit\u00e0, autonomia e futuro. Un sogno nato dall\u2019amore di una mamma per suo figlio e diventato un progetto rivolto a tutti i bambini.<\/p>\n<p class=\"wp-block-paragraph\">\n<\/p><p><a class=\"a2a_button_facebook\" href=\"https:\/\/www.addtoany.com\/add_to\/facebook?linkurl=https%3A%2F%2Fturi.lavocedelpaese.info%2Fnon-restero-invisibile-il-sogno-di-una-mamma-per-tutti-i-bambini%2F&amp;linkname=%E2%80%9CNon%20rester%C3%B2%20invisibile%E2%80%9D%3A%20il%20sogno%20di%20una%20mamma%20per%20tutti%20i%20bambini\" title=\"Facebook\" rel=\"nofollow noopener\" target=\"_blank\"><\/a><a class=\"a2a_button_twitter\" href=\"https:\/\/www.addtoany.com\/add_to\/twitter?linkurl=https%3A%2F%2Fturi.lavocedelpaese.info%2Fnon-restero-invisibile-il-sogno-di-una-mamma-per-tutti-i-bambini%2F&amp;linkname=%E2%80%9CNon%20rester%C3%B2%20invisibile%E2%80%9D%3A%20il%20sogno%20di%20una%20mamma%20per%20tutti%20i%20bambini\" title=\"Twitter\" rel=\"nofollow noopener\" target=\"_blank\"><\/a><a class=\"a2a_button_whatsapp\" href=\"https:\/\/www.addtoany.com\/add_to\/whatsapp?linkurl=https%3A%2F%2Fturi.lavocedelpaese.info%2Fnon-restero-invisibile-il-sogno-di-una-mamma-per-tutti-i-bambini%2F&amp;linkname=%E2%80%9CNon%20rester%C3%B2%20invisibile%E2%80%9D%3A%20il%20sogno%20di%20una%20mamma%20per%20tutti%20i%20bambini\" title=\"WhatsApp\" rel=\"nofollow noopener\" target=\"_blank\"><\/a><a class=\"a2a_button_telegram\" href=\"https:\/\/www.addtoany.com\/add_to\/telegram?linkurl=https%3A%2F%2Fturi.lavocedelpaese.info%2Fnon-restero-invisibile-il-sogno-di-una-mamma-per-tutti-i-bambini%2F&amp;linkname=%E2%80%9CNon%20rester%C3%B2%20invisibile%E2%80%9D%3A%20il%20sogno%20di%20una%20mamma%20per%20tutti%20i%20bambini\" title=\"Telegram\" rel=\"nofollow noopener\" target=\"_blank\"><\/a><a class=\"a2a_button_email\" href=\"https:\/\/www.addtoany.com\/add_to\/email?linkurl=https%3A%2F%2Fturi.lavocedelpaese.info%2Fnon-restero-invisibile-il-sogno-di-una-mamma-per-tutti-i-bambini%2F&amp;linkname=%E2%80%9CNon%20rester%C3%B2%20invisibile%E2%80%9D%3A%20il%20sogno%20di%20una%20mamma%20per%20tutti%20i%20bambini\" title=\"Email\" rel=\"nofollow noopener\" target=\"_blank\"><\/a><\/p>\n<p>L&#8217;articolo <a href=\"https:\/\/turi.lavocedelpaese.info\/non-restero-invisibile-il-sogno-di-una-mamma-per-tutti-i-bambini\/\">\u201cNon rester\u00f2 invisibile\u201d: il sogno di una mamma per tutti i bambini<\/a> proviene da <a href=\"https:\/\/turi.lavocedelpaese.info\/\">Turi &#8211; La Voce del Paese<\/a>.<\/p>\n<p>\u00a0<\/p>\n<p>\u00a0<\/p>\n<p>\u200b\u00a0\u00a0\u00a0<\/p>","protected":false},"excerpt":{"rendered":"<p>\u00a0 \u200b\u00a0 \u200b\u00a0 Pianeta Azzurro APS porta alla festa di Sant\u2019Oronzo un messaggio di inclusione, autonomia e futuro. Tra i<\/p>\n","protected":false},"author":6,"featured_media":11287,"comment_status":"open","ping_status":"closed","sticky":false,"template":"","format":"standard","meta":{"colormag_page_container_layout":"default_layout","colormag_page_sidebar_layout":"default_layout","footnotes":""},"categories":[33],"tags":[],"class_list":["post-11286","post","type-post","status-publish","format-standard","has-post-thumbnail","hentry","category-network"],"yoast_head":"<!-- This site is optimized with the Yoast SEO plugin v28.3 - https:\/\/yoast.com\/product\/yoast-seo-wordpress\/ -->\n<title>\u201cNon rester\u00f2 invisibile\u201d: il sogno di una mamma per tutti i bambini\u00a0\u200b - La Voce del Paese<\/title>\n<meta name=\"robots\" content=\"index, follow, max-snippet:-1, max-image-preview:large, max-video-preview:-1\" \/>\n<link rel=\"canonical\" href=\"https:\/\/lavocedelpaese.info\/index.php\/2026\/08\/30\/non-restero-invisibile-il-sogno-di-una-mamma-per-tutti-i-bambini\/\" \/>\n<meta property=\"og:locale\" content=\"it_IT\" \/>\n<meta property=\"og:type\" content=\"article\" \/>\n<meta property=\"og:title\" content=\"\u201cNon rester\u00f2 invisibile\u201d: il sogno di una mamma per tutti i bambini\u00a0\u200b - La Voce del Paese\" \/>\n<meta property=\"og:description\" content=\"\u00a0 \u200b\u00a0 \u200b\u00a0 Pianeta Azzurro APS porta alla festa di Sant\u2019Oronzo un messaggio di inclusione, autonomia e futuro. Tra i\" \/>\n<meta property=\"og:url\" content=\"https:\/\/lavocedelpaese.info\/index.php\/2026\/08\/30\/non-restero-invisibile-il-sogno-di-una-mamma-per-tutti-i-bambini\/\" \/>\n<meta property=\"og:site_name\" content=\"La Voce del Paese\" \/>\n<meta property=\"article:publisher\" content=\"https:\/\/www.facebook.com\/lavocedelpaese.info\" \/>\n<meta property=\"article:published_time\" content=\"2026-08-30T05:14:55+00:00\" \/>\n<meta name=\"author\" content=\"admin\" \/>\n<meta name=\"twitter:card\" content=\"summary_large_image\" \/>\n<meta name=\"twitter:label1\" content=\"Scritto da\" \/>\n\t<meta name=\"twitter:data1\" content=\"admin\" \/>\n\t<meta name=\"twitter:label2\" content=\"Tempo di lettura stimato\" \/>\n\t<meta name=\"twitter:data2\" content=\"3 minuti\" \/>\n<script type=\"application\/ld+json\" class=\"yoast-schema-graph\">{\"@context\":\"https:\\\/\\\/schema.org\",\"@graph\":[{\"@type\":\"Article\",\"@id\":\"https:\\\/\\\/lavocedelpaese.info\\\/index.php\\\/2026\\\/08\\\/30\\\/non-restero-invisibile-il-sogno-di-una-mamma-per-tutti-i-bambini\\\/#article\",\"isPartOf\":{\"@id\":\"https:\\\/\\\/lavocedelpaese.info\\\/index.php\\\/2026\\\/08\\\/30\\\/non-restero-invisibile-il-sogno-di-una-mamma-per-tutti-i-bambini\\\/\"},\"author\":{\"name\":\"admin\",\"@id\":\"https:\\\/\\\/lavocedelpaese.info\\\/#\\\/schema\\\/person\\\/ec151d321306bd7591f7a061abf72d88\"},\"headline\":\"\u201cNon rester\u00f2 invisibile\u201d: il sogno di una mamma per tutti i bambini\u00a0\u200b\",\"datePublished\":\"2026-08-30T05:14:55+00:00\",\"mainEntityOfPage\":{\"@id\":\"https:\\\/\\\/lavocedelpaese.info\\\/index.php\\\/2026\\\/08\\\/30\\\/non-restero-invisibile-il-sogno-di-una-mamma-per-tutti-i-bambini\\\/\"},\"wordCount\":693,\"commentCount\":0,\"publisher\":{\"@id\":\"https:\\\/\\\/lavocedelpaese.info\\\/#organization\"},\"image\":{\"@id\":\"https:\\\/\\\/lavocedelpaese.info\\\/index.php\\\/2026\\\/08\\\/30\\\/non-restero-invisibile-il-sogno-di-una-mamma-per-tutti-i-bambini\\\/#primaryimage\"},\"thumbnailUrl\":\"https:\\\/\\\/lavocedelpaese.info\\\/wp-content\\\/uploads\\\/2026\\\/08\\\/immagine-zevUdY.png\",\"articleSection\":[\"network\"],\"inLanguage\":\"it-IT\",\"potentialAction\":[{\"@type\":\"CommentAction\",\"name\":\"Comment\",\"target\":[\"https:\\\/\\\/lavocedelpaese.info\\\/index.php\\\/2026\\\/08\\\/30\\\/non-restero-invisibile-il-sogno-di-una-mamma-per-tutti-i-bambini\\\/#respond\"]}]},{\"@type\":\"WebPage\",\"@id\":\"https:\\\/\\\/lavocedelpaese.info\\\/index.php\\\/2026\\\/08\\\/30\\\/non-restero-invisibile-il-sogno-di-una-mamma-per-tutti-i-bambini\\\/\",\"url\":\"https:\\\/\\\/lavocedelpaese.info\\\/index.php\\\/2026\\\/08\\\/30\\\/non-restero-invisibile-il-sogno-di-una-mamma-per-tutti-i-bambini\\\/\",\"name\":\"\u201cNon rester\u00f2 invisibile\u201d: il sogno di una mamma per tutti i bambini\u00a0\u200b - La Voce del Paese\",\"isPartOf\":{\"@id\":\"https:\\\/\\\/lavocedelpaese.info\\\/#website\"},\"primaryImageOfPage\":{\"@id\":\"https:\\\/\\\/lavocedelpaese.info\\\/index.php\\\/2026\\\/08\\\/30\\\/non-restero-invisibile-il-sogno-di-una-mamma-per-tutti-i-bambini\\\/#primaryimage\"},\"image\":{\"@id\":\"https:\\\/\\\/lavocedelpaese.info\\\/index.php\\\/2026\\\/08\\\/30\\\/non-restero-invisibile-il-sogno-di-una-mamma-per-tutti-i-bambini\\\/#primaryimage\"},\"thumbnailUrl\":\"https:\\\/\\\/lavocedelpaese.info\\\/wp-content\\\/uploads\\\/2026\\\/08\\\/immagine-zevUdY.png\",\"datePublished\":\"2026-08-30T05:14:55+00:00\",\"breadcrumb\":{\"@id\":\"https:\\\/\\\/lavocedelpaese.info\\\/index.php\\\/2026\\\/08\\\/30\\\/non-restero-invisibile-il-sogno-di-una-mamma-per-tutti-i-bambini\\\/#breadcrumb\"},\"inLanguage\":\"it-IT\",\"potentialAction\":[{\"@type\":\"ReadAction\",\"target\":[\"https:\\\/\\\/lavocedelpaese.info\\\/index.php\\\/2026\\\/08\\\/30\\\/non-restero-invisibile-il-sogno-di-una-mamma-per-tutti-i-bambini\\\/\"]}]},{\"@type\":\"ImageObject\",\"inLanguage\":\"it-IT\",\"@id\":\"https:\\\/\\\/lavocedelpaese.info\\\/index.php\\\/2026\\\/08\\\/30\\\/non-restero-invisibile-il-sogno-di-una-mamma-per-tutti-i-bambini\\\/#primaryimage\",\"url\":\"https:\\\/\\\/lavocedelpaese.info\\\/wp-content\\\/uploads\\\/2026\\\/08\\\/immagine-zevUdY.png\",\"contentUrl\":\"https:\\\/\\\/lavocedelpaese.info\\\/wp-content\\\/uploads\\\/2026\\\/08\\\/immagine-zevUdY.png\",\"width\":533,\"height\":800},{\"@type\":\"BreadcrumbList\",\"@id\":\"https:\\\/\\\/lavocedelpaese.info\\\/index.php\\\/2026\\\/08\\\/30\\\/non-restero-invisibile-il-sogno-di-una-mamma-per-tutti-i-bambini\\\/#breadcrumb\",\"itemListElement\":[{\"@type\":\"ListItem\",\"position\":1,\"name\":\"Home\",\"item\":\"https:\\\/\\\/lavocedelpaese.info\\\/\"},{\"@type\":\"ListItem\",\"position\":2,\"name\":\"\u201cNon rester\u00f2 invisibile\u201d: il sogno di una mamma per tutti i bambini\u00a0\u200b\"}]},{\"@type\":\"WebSite\",\"@id\":\"https:\\\/\\\/lavocedelpaese.info\\\/#website\",\"url\":\"https:\\\/\\\/lavocedelpaese.info\\\/\",\"name\":\"La Voce del Paese\",\"description\":\"Un network di idee\",\"publisher\":{\"@id\":\"https:\\\/\\\/lavocedelpaese.info\\\/#organization\"},\"potentialAction\":[{\"@type\":\"SearchAction\",\"target\":{\"@type\":\"EntryPoint\",\"urlTemplate\":\"https:\\\/\\\/lavocedelpaese.info\\\/?s={search_term_string}\"},\"query-input\":{\"@type\":\"PropertyValueSpecification\",\"valueRequired\":true,\"valueName\":\"search_term_string\"}}],\"inLanguage\":\"it-IT\"},{\"@type\":\"Organization\",\"@id\":\"https:\\\/\\\/lavocedelpaese.info\\\/#organization\",\"name\":\"La Voce del Paese\",\"url\":\"https:\\\/\\\/lavocedelpaese.info\\\/\",\"logo\":{\"@type\":\"ImageObject\",\"inLanguage\":\"it-IT\",\"@id\":\"https:\\\/\\\/lavocedelpaese.info\\\/#\\\/schema\\\/logo\\\/image\\\/\",\"url\":\"https:\\\/\\\/lavocedelpaese.info\\\/wp-content\\\/uploads\\\/2023\\\/01\\\/cropped-logo-150-127.png\",\"contentUrl\":\"https:\\\/\\\/lavocedelpaese.info\\\/wp-content\\\/uploads\\\/2023\\\/01\\\/cropped-logo-150-127.png\",\"width\":137,\"height\":119,\"caption\":\"La Voce del Paese\"},\"image\":{\"@id\":\"https:\\\/\\\/lavocedelpaese.info\\\/#\\\/schema\\\/logo\\\/image\\\/\"},\"sameAs\":[\"https:\\\/\\\/www.facebook.com\\\/lavocedelpaese.info\"]},{\"@type\":\"Person\",\"@id\":\"https:\\\/\\\/lavocedelpaese.info\\\/#\\\/schema\\\/person\\\/ec151d321306bd7591f7a061abf72d88\",\"name\":\"admin\",\"image\":{\"@type\":\"ImageObject\",\"inLanguage\":\"it-IT\",\"@id\":\"https:\\\/\\\/secure.gravatar.com\\\/avatar\\\/af8f2caf0663124588de48a9380e07cbc95a74ef15b8062d0d39106c32fe3023?s=96&d=mm&r=g\",\"url\":\"https:\\\/\\\/secure.gravatar.com\\\/avatar\\\/af8f2caf0663124588de48a9380e07cbc95a74ef15b8062d0d39106c32fe3023?s=96&d=mm&r=g\",\"contentUrl\":\"https:\\\/\\\/secure.gravatar.com\\\/avatar\\\/af8f2caf0663124588de48a9380e07cbc95a74ef15b8062d0d39106c32fe3023?s=96&d=mm&r=g\",\"caption\":\"admin\"},\"sameAs\":[\"https:\\\/\\\/lavocedelpaese.info\"],\"url\":\"https:\\\/\\\/lavocedelpaese.info\\\/index.php\\\/author\\\/admin\\\/\"}]}<\/script>\n<!-- \/ Yoast SEO plugin. -->","yoast_head_json":{"title":"\u201cNon rester\u00f2 invisibile\u201d: il sogno di una mamma per tutti i bambini\u00a0\u200b - La Voce del Paese","robots":{"index":"index","follow":"follow","max-snippet":"max-snippet:-1","max-image-preview":"max-image-preview:large","max-video-preview":"max-video-preview:-1"},"canonical":"https:\/\/lavocedelpaese.info\/index.php\/2026\/08\/30\/non-restero-invisibile-il-sogno-di-una-mamma-per-tutti-i-bambini\/","og_locale":"it_IT","og_type":"article","og_title":"\u201cNon rester\u00f2 invisibile\u201d: il sogno di una mamma per tutti i bambini\u00a0\u200b - La Voce del Paese","og_description":"\u00a0 \u200b\u00a0 \u200b\u00a0 Pianeta Azzurro APS porta alla festa di Sant\u2019Oronzo un messaggio di inclusione, autonomia e futuro. Tra i","og_url":"https:\/\/lavocedelpaese.info\/index.php\/2026\/08\/30\/non-restero-invisibile-il-sogno-di-una-mamma-per-tutti-i-bambini\/","og_site_name":"La Voce del Paese","article_publisher":"https:\/\/www.facebook.com\/lavocedelpaese.info","article_published_time":"2026-08-30T05:14:55+00:00","author":"admin","twitter_card":"summary_large_image","twitter_misc":{"Scritto da":"admin","Tempo di lettura stimato":"3 minuti"},"schema":{"@context":"https:\/\/schema.org","@graph":[{"@type":"Article","@id":"https:\/\/lavocedelpaese.info\/index.php\/2026\/08\/30\/non-restero-invisibile-il-sogno-di-una-mamma-per-tutti-i-bambini\/#article","isPartOf":{"@id":"https:\/\/lavocedelpaese.info\/index.php\/2026\/08\/30\/non-restero-invisibile-il-sogno-di-una-mamma-per-tutti-i-bambini\/"},"author":{"name":"admin","@id":"https:\/\/lavocedelpaese.info\/#\/schema\/person\/ec151d321306bd7591f7a061abf72d88"},"headline":"\u201cNon rester\u00f2 invisibile\u201d: il sogno di una mamma per tutti i bambini\u00a0\u200b","datePublished":"2026-08-30T05:14:55+00:00","mainEntityOfPage":{"@id":"https:\/\/lavocedelpaese.info\/index.php\/2026\/08\/30\/non-restero-invisibile-il-sogno-di-una-mamma-per-tutti-i-bambini\/"},"wordCount":693,"commentCount":0,"publisher":{"@id":"https:\/\/lavocedelpaese.info\/#organization"},"image":{"@id":"https:\/\/lavocedelpaese.info\/index.php\/2026\/08\/30\/non-restero-invisibile-il-sogno-di-una-mamma-per-tutti-i-bambini\/#primaryimage"},"thumbnailUrl":"https:\/\/lavocedelpaese.info\/wp-content\/uploads\/2026\/08\/immagine-zevUdY.png","articleSection":["network"],"inLanguage":"it-IT","potentialAction":[{"@type":"CommentAction","name":"Comment","target":["https:\/\/lavocedelpaese.info\/index.php\/2026\/08\/30\/non-restero-invisibile-il-sogno-di-una-mamma-per-tutti-i-bambini\/#respond"]}]},{"@type":"WebPage","@id":"https:\/\/lavocedelpaese.info\/index.php\/2026\/08\/30\/non-restero-invisibile-il-sogno-di-una-mamma-per-tutti-i-bambini\/","url":"https:\/\/lavocedelpaese.info\/index.php\/2026\/08\/30\/non-restero-invisibile-il-sogno-di-una-mamma-per-tutti-i-bambini\/","name":"\u201cNon rester\u00f2 invisibile\u201d: il sogno di una mamma per tutti i bambini\u00a0\u200b - La Voce del Paese","isPartOf":{"@id":"https:\/\/lavocedelpaese.info\/#website"},"primaryImageOfPage":{"@id":"https:\/\/lavocedelpaese.info\/index.php\/2026\/08\/30\/non-restero-invisibile-il-sogno-di-una-mamma-per-tutti-i-bambini\/#primaryimage"},"image":{"@id":"https:\/\/lavocedelpaese.info\/index.php\/2026\/08\/30\/non-restero-invisibile-il-sogno-di-una-mamma-per-tutti-i-bambini\/#primaryimage"},"thumbnailUrl":"https:\/\/lavocedelpaese.info\/wp-content\/uploads\/2026\/08\/immagine-zevUdY.png","datePublished":"2026-08-30T05:14:55+00:00","breadcrumb":{"@id":"https:\/\/lavocedelpaese.info\/index.php\/2026\/08\/30\/non-restero-invisibile-il-sogno-di-una-mamma-per-tutti-i-bambini\/#breadcrumb"},"inLanguage":"it-IT","potentialAction":[{"@type":"ReadAction","target":["https:\/\/lavocedelpaese.info\/index.php\/2026\/08\/30\/non-restero-invisibile-il-sogno-di-una-mamma-per-tutti-i-bambini\/"]}]},{"@type":"ImageObject","inLanguage":"it-IT","@id":"https:\/\/lavocedelpaese.info\/index.php\/2026\/08\/30\/non-restero-invisibile-il-sogno-di-una-mamma-per-tutti-i-bambini\/#primaryimage","url":"https:\/\/lavocedelpaese.info\/wp-content\/uploads\/2026\/08\/immagine-zevUdY.png","contentUrl":"https:\/\/lavocedelpaese.info\/wp-content\/uploads\/2026\/08\/immagine-zevUdY.png","width":533,"height":800},{"@type":"BreadcrumbList","@id":"https:\/\/lavocedelpaese.info\/index.php\/2026\/08\/30\/non-restero-invisibile-il-sogno-di-una-mamma-per-tutti-i-bambini\/#breadcrumb","itemListElement":[{"@type":"ListItem","position":1,"name":"Home","item":"https:\/\/lavocedelpaese.info\/"},{"@type":"ListItem","position":2,"name":"\u201cNon rester\u00f2 invisibile\u201d: il sogno di una mamma per tutti i bambini\u00a0\u200b"}]},{"@type":"WebSite","@id":"https:\/\/lavocedelpaese.info\/#website","url":"https:\/\/lavocedelpaese.info\/","name":"La Voce del Paese","description":"Un network di idee","publisher":{"@id":"https:\/\/lavocedelpaese.info\/#organization"},"potentialAction":[{"@type":"SearchAction","target":{"@type":"EntryPoint","urlTemplate":"https:\/\/lavocedelpaese.info\/?s={search_term_string}"},"query-input":{"@type":"PropertyValueSpecification","valueRequired":true,"valueName":"search_term_string"}}],"inLanguage":"it-IT"},{"@type":"Organization","@id":"https:\/\/lavocedelpaese.info\/#organization","name":"La Voce del Paese","url":"https:\/\/lavocedelpaese.info\/","logo":{"@type":"ImageObject","inLanguage":"it-IT","@id":"https:\/\/lavocedelpaese.info\/#\/schema\/logo\/image\/","url":"https:\/\/lavocedelpaese.info\/wp-content\/uploads\/2023\/01\/cropped-logo-150-127.png","contentUrl":"https:\/\/lavocedelpaese.info\/wp-content\/uploads\/2023\/01\/cropped-logo-150-127.png","width":137,"height":119,"caption":"La Voce del Paese"},"image":{"@id":"https:\/\/lavocedelpaese.info\/#\/schema\/logo\/image\/"},"sameAs":["https:\/\/www.facebook.com\/lavocedelpaese.info"]},{"@type":"Person","@id":"https:\/\/lavocedelpaese.info\/#\/schema\/person\/ec151d321306bd7591f7a061abf72d88","name":"admin","image":{"@type":"ImageObject","inLanguage":"it-IT","@id":"https:\/\/secure.gravatar.com\/avatar\/af8f2caf0663124588de48a9380e07cbc95a74ef15b8062d0d39106c32fe3023?s=96&d=mm&r=g","url":"https:\/\/secure.gravatar.com\/avatar\/af8f2caf0663124588de48a9380e07cbc95a74ef15b8062d0d39106c32fe3023?s=96&d=mm&r=g","contentUrl":"https:\/\/secure.gravatar.com\/avatar\/af8f2caf0663124588de48a9380e07cbc95a74ef15b8062d0d39106c32fe3023?s=96&d=mm&r=g","caption":"admin"},"sameAs":["https:\/\/lavocedelpaese.info"],"url":"https:\/\/lavocedelpaese.info\/index.php\/author\/admin\/"}]}},"_links":{"self":[{"href":"https:\/\/lavocedelpaese.info\/index.php\/wp-json\/wp\/v2\/posts\/11286","targetHints":{"allow":["GET"]}}],"collection":[{"href":"https:\/\/lavocedelpaese.info\/index.php\/wp-json\/wp\/v2\/posts"}],"about":[{"href":"https:\/\/lavocedelpaese.info\/index.php\/wp-json\/wp\/v2\/types\/post"}],"author":[{"embeddable":true,"href":"https:\/\/lavocedelpaese.info\/index.php\/wp-json\/wp\/v2\/users\/6"}],"replies":[{"embeddable":true,"href":"https:\/\/lavocedelpaese.info\/index.php\/wp-json\/wp\/v2\/comments?post=11286"}],"version-history":[{"count":0,"href":"https:\/\/lavocedelpaese.info\/index.php\/wp-json\/wp\/v2\/posts\/11286\/revisions"}],"wp:featuredmedia":[{"embeddable":true,"href":"https:\/\/lavocedelpaese.info\/index.php\/wp-json\/wp\/v2\/media\/11287"}],"wp:attachment":[{"href":"https:\/\/lavocedelpaese.info\/index.php\/wp-json\/wp\/v2\/media?parent=11286"}],"wp:term":[{"taxonomy":"category","embeddable":true,"href":"https:\/\/lavocedelpaese.info\/index.php\/wp-json\/wp\/v2\/categories?post=11286"},{"taxonomy":"post_tag","embeddable":true,"href":"https:\/\/lavocedelpaese.info\/index.php\/wp-json\/wp\/v2\/tags?post=11286"}],"curies":[{"name":"wp","href":"https:\/\/api.w.org\/{rel}","templated":true}]}}