{"id":1128,"date":"2023-02-17T19:33:48","date_gmt":"2023-02-17T19:33:48","guid":{"rendered":"https:\/\/lavocedelpaese.info\/index.php\/2023\/02\/17\/benemerenza-per-i-20-anni-di-attivita-di-l-nd-al-segretario-a-s-d-atletico-acquaviva-raffaele-barberio\/"},"modified":"2023-02-17T19:33:48","modified_gmt":"2023-02-17T19:33:48","slug":"benemerenza-per-i-20-anni-di-attivita-di-l-nd-al-segretario-a-s-d-atletico-acquaviva-raffaele-barberio","status":"publish","type":"post","link":"https:\/\/lavocedelpaese.info\/index.php\/2023\/02\/17\/benemerenza-per-i-20-anni-di-attivita-di-l-nd-al-segretario-a-s-d-atletico-acquaviva-raffaele-barberio\/","title":{"rendered":"Benemerenza per i 20 anni di attivit\u00e0 di L.ND al segretario A.S.D. Atletico Acquaviva Raffaele Barberio"},"content":{"rendered":"<p>\u00a0<\/p>\n<p>\u200b\u00a0<\/p>\n<p>\u200bAcquaviva \u2013 La Voce del Paese\u00a0<\/p>\n<p>L\u2019<strong>Assemblea Ordinaria Biennale e Straordinaria Elettiva\u00a0<\/strong>del\u00a0<strong>C.R. Puglia L.N.D.\u00a0<\/strong>riservata alle Societ\u00e0 Dilettantistiche pugliesi avr\u00e0 luogo domani\u00a0<strong>18 febbraio 2023<\/strong>, presso il\u00a0<strong>Centro Congressi \u201cThe Nicolaus Hotel\u201d\u00a0<\/strong>di\u00a0<strong>Bari\u00a0<\/strong><em>(Via Cardinale Ciasca, n. 15)<\/em>\u00a0con\u00a0<strong>inizio\u00a0alle ore 16<\/strong>. Hanno confermato la partecipazione i vertici della Lega Nazionale Dilettanti e le massime autorit\u00e0 sportive del calcio dilettantistico pugliese.<\/p>\n<p>Fra gli ospiti in sala ci sar\u00e0 il Presidente della LND\u00a0<strong>Giancarlo Abete<\/strong>, per la prima volta in Puglia da quando \u00e8 stato eletto alla guida della LND lo scorso 21 marzo 2022 a Roma. Presenti anche i vertici della Lega Nazionale Dilettanti: il Vice Presidente Vicario\u00a0<strong>Christian Mossino<\/strong>, il Vice Presidente dell\u2019Area Nord\u00a0<strong>Giulio Ivaldi<\/strong>, e la Consigliera Federale\u00a0<strong>Stella Frasc\u00e0<\/strong>. Ospite anche il Presidente del CONI Puglia\u00a0<strong>Angelo Giliberto<\/strong>. A fare gli onori di casa sar\u00e0 come sempre il Presidente del C.R. Puglia LND\u00a0<strong>Vito Tisci<\/strong>.<\/p>\n<p>Per quanto riguarda i premi speciali, il C.R. Puglia ha predisposto la consegna delle Benemerenze a\u00a0Giuseppe Pomes\u00a0(Delegazione Provinciale di Bari) e\u00a0Cosimo Trullo\u00a0(Delegazione Provinciale di Lecce), entrambi Dirigenti Federali con almeno 20 anni di attivit\u00e0.\u00a0<strong>Raffaele Barberio<\/strong>\u00a0(A.S.D. Atletico Acquaviva) e\u00a0Domenico Nicolazzo\u00a0(A.S.D. Citt\u00e0 di Otranto) riceveranno invece l\u2019onorificenza in qualit\u00e0 di Dirigenti di Societ\u00e0 con almeno 20 anni di attivit\u00e0. I premi speciali saranno consegnati dal Presidente della Lega Nazionale Dilettanti,\u00a0<strong>Giancarlo Abete<\/strong>.<\/p>\n<p><a href=\"http:\/\/www.lndpuglia.it\/index.php\/it\/all-news\/organizzazione2\/domani-a-bari-l-assemblea-delle-societa-dilettantistiche-pugliesi-con-i-vertici-della-lega-nazionale-dilettanti\" target=\"_blank\" rel=\"noopener\">http:\/\/www.lndpuglia.it\/index.php\/it\/all-news\/organizzazione2\/domani-a-bari-l-assemblea-delle-societa-dilettantistiche-pugliesi-con-i-vertici-della-lega-nazionale-dilettanti<\/a><\/p>\n<p><a href=\"https:\/\/www.facebook.com\/ASDAtleticoAcquavivaofficialteam\">https:\/\/www.facebook.com\/ASDAtleticoAcquavivaofficialteam<\/a><\/p>\n<p>\u00a0<strong>Asd Atletico Acquaviva<\/strong><\/p>\n<p>Matr. FIGC \u2013 LND 935049<\/p>\n<p><a class=\"a2a_button_facebook\" href=\"https:\/\/www.addtoany.com\/add_to\/facebook?linkurl=https%3A%2F%2Facquaviva.lavocedelpaese.info%2Findex.php%2F2023%2F02%2F17%2Fbenemerenza-per-i-20-anni-di-attivita-di-l-nd-al-segretario-a-s-d-atletico-acquaviva-raffaele-barberio%2F&amp;linkname=Benemerenza%20per%20i%2020%20anni%20di%20attivit%C3%A0%20di%20L.ND%20al%20segretario%20A.S.D.%20Atletico%20Acquaviva%20Raffaele%20Barberio\" title=\"Facebook\" target=\"_blank\" rel=\"noopener\"><\/a><a class=\"a2a_button_twitter\" href=\"https:\/\/www.addtoany.com\/add_to\/twitter?linkurl=https%3A%2F%2Facquaviva.lavocedelpaese.info%2Findex.php%2F2023%2F02%2F17%2Fbenemerenza-per-i-20-anni-di-attivita-di-l-nd-al-segretario-a-s-d-atletico-acquaviva-raffaele-barberio%2F&amp;linkname=Benemerenza%20per%20i%2020%20anni%20di%20attivit%C3%A0%20di%20L.ND%20al%20segretario%20A.S.D.%20Atletico%20Acquaviva%20Raffaele%20Barberio\" title=\"Twitter\" target=\"_blank\" rel=\"noopener\"><\/a><a class=\"a2a_button_whatsapp\" href=\"https:\/\/www.addtoany.com\/add_to\/whatsapp?linkurl=https%3A%2F%2Facquaviva.lavocedelpaese.info%2Findex.php%2F2023%2F02%2F17%2Fbenemerenza-per-i-20-anni-di-attivita-di-l-nd-al-segretario-a-s-d-atletico-acquaviva-raffaele-barberio%2F&amp;linkname=Benemerenza%20per%20i%2020%20anni%20di%20attivit%C3%A0%20di%20L.ND%20al%20segretario%20A.S.D.%20Atletico%20Acquaviva%20Raffaele%20Barberio\" title=\"WhatsApp\" target=\"_blank\" rel=\"noopener\"><\/a><a class=\"a2a_button_telegram\" href=\"https:\/\/www.addtoany.com\/add_to\/telegram?linkurl=https%3A%2F%2Facquaviva.lavocedelpaese.info%2Findex.php%2F2023%2F02%2F17%2Fbenemerenza-per-i-20-anni-di-attivita-di-l-nd-al-segretario-a-s-d-atletico-acquaviva-raffaele-barberio%2F&amp;linkname=Benemerenza%20per%20i%2020%20anni%20di%20attivit%C3%A0%20di%20L.ND%20al%20segretario%20A.S.D.%20Atletico%20Acquaviva%20Raffaele%20Barberio\" title=\"Telegram\" target=\"_blank\" rel=\"noopener\"><\/a><a class=\"a2a_button_email\" href=\"https:\/\/www.addtoany.com\/add_to\/email?linkurl=https%3A%2F%2Facquaviva.lavocedelpaese.info%2Findex.php%2F2023%2F02%2F17%2Fbenemerenza-per-i-20-anni-di-attivita-di-l-nd-al-segretario-a-s-d-atletico-acquaviva-raffaele-barberio%2F&amp;linkname=Benemerenza%20per%20i%2020%20anni%20di%20attivit%C3%A0%20di%20L.ND%20al%20segretario%20A.S.D.%20Atletico%20Acquaviva%20Raffaele%20Barberio\" title=\"Email\" target=\"_blank\" rel=\"noopener\"><\/a><\/p>\n<p>\u00a0<\/p>","protected":false},"excerpt":{"rendered":"<p>\u00a0 \u200b\u00a0 \u200bAcquaviva \u2013 La Voce del Paese\u00a0 L\u2019Assemblea Ordinaria Biennale e Straordinaria Elettiva\u00a0del\u00a0C.R. Puglia L.N.D.\u00a0riservata alle Societ\u00e0 Dilettantistiche pugliesi<\/p>\n","protected":false},"author":0,"featured_media":0,"comment_status":"open","ping_status":"closed","sticky":false,"template":"","format":"standard","meta":{"colormag_page_container_layout":"default_layout","colormag_page_sidebar_layout":"default_layout","footnotes":""},"categories":[33],"tags":[],"class_list":["post-1128","post","type-post","status-publish","format-standard","hentry","category-network"],"yoast_head":"<!-- This site is optimized with the Yoast SEO plugin v27.5 - https:\/\/yoast.com\/product\/yoast-seo-wordpress\/ -->\n<title>Benemerenza per i 20 anni di attivit\u00e0 di L.ND al segretario A.S.D. Atletico Acquaviva Raffaele Barberio - La Voce del Paese<\/title>\n<meta name=\"robots\" content=\"index, follow, max-snippet:-1, max-image-preview:large, max-video-preview:-1\" \/>\n<link rel=\"canonical\" href=\"https:\/\/lavocedelpaese.info\/index.php\/2023\/02\/17\/benemerenza-per-i-20-anni-di-attivita-di-l-nd-al-segretario-a-s-d-atletico-acquaviva-raffaele-barberio\/\" \/>\n<meta property=\"og:locale\" content=\"it_IT\" \/>\n<meta property=\"og:type\" content=\"article\" \/>\n<meta property=\"og:title\" content=\"Benemerenza per i 20 anni di attivit\u00e0 di L.ND al segretario A.S.D. Atletico Acquaviva Raffaele Barberio - La Voce del Paese\" \/>\n<meta property=\"og:description\" content=\"\u00a0 \u200b\u00a0 \u200bAcquaviva \u2013 La Voce del Paese\u00a0 L\u2019Assemblea Ordinaria Biennale e Straordinaria Elettiva\u00a0del\u00a0C.R. Puglia L.N.D.\u00a0riservata alle Societ\u00e0 Dilettantistiche pugliesi\" \/>\n<meta property=\"og:url\" content=\"https:\/\/lavocedelpaese.info\/index.php\/2023\/02\/17\/benemerenza-per-i-20-anni-di-attivita-di-l-nd-al-segretario-a-s-d-atletico-acquaviva-raffaele-barberio\/\" \/>\n<meta property=\"og:site_name\" content=\"La Voce del Paese\" \/>\n<meta property=\"article:publisher\" content=\"https:\/\/www.facebook.com\/lavocedelpaese.info\" \/>\n<meta property=\"article:published_time\" content=\"2023-02-17T19:33:48+00:00\" \/>\n<meta name=\"twitter:card\" content=\"summary_large_image\" \/>\n<meta name=\"twitter:label1\" content=\"Tempo di lettura stimato\" \/>\n\t<meta name=\"twitter:data1\" content=\"1 minuto\" \/>\n<script type=\"application\/ld+json\" class=\"yoast-schema-graph\">{\"@context\":\"https:\\\/\\\/schema.org\",\"@graph\":[{\"@type\":\"Article\",\"@id\":\"https:\\\/\\\/lavocedelpaese.info\\\/index.php\\\/2023\\\/02\\\/17\\\/benemerenza-per-i-20-anni-di-attivita-di-l-nd-al-segretario-a-s-d-atletico-acquaviva-raffaele-barberio\\\/#article\",\"isPartOf\":{\"@id\":\"https:\\\/\\\/lavocedelpaese.info\\\/index.php\\\/2023\\\/02\\\/17\\\/benemerenza-per-i-20-anni-di-attivita-di-l-nd-al-segretario-a-s-d-atletico-acquaviva-raffaele-barberio\\\/\"},\"author\":{\"name\":\"\",\"@id\":\"\"},\"headline\":\"Benemerenza per i 20 anni di attivit\u00e0 di L.ND al segretario A.S.D. Atletico Acquaviva Raffaele Barberio\",\"datePublished\":\"2023-02-17T19:33:48+00:00\",\"mainEntityOfPage\":{\"@id\":\"https:\\\/\\\/lavocedelpaese.info\\\/index.php\\\/2023\\\/02\\\/17\\\/benemerenza-per-i-20-anni-di-attivita-di-l-nd-al-segretario-a-s-d-atletico-acquaviva-raffaele-barberio\\\/\"},\"wordCount\":272,\"commentCount\":0,\"publisher\":{\"@id\":\"https:\\\/\\\/lavocedelpaese.info\\\/#organization\"},\"articleSection\":[\"network\"],\"inLanguage\":\"it-IT\",\"potentialAction\":[{\"@type\":\"CommentAction\",\"name\":\"Comment\",\"target\":[\"https:\\\/\\\/lavocedelpaese.info\\\/index.php\\\/2023\\\/02\\\/17\\\/benemerenza-per-i-20-anni-di-attivita-di-l-nd-al-segretario-a-s-d-atletico-acquaviva-raffaele-barberio\\\/#respond\"]}]},{\"@type\":\"WebPage\",\"@id\":\"https:\\\/\\\/lavocedelpaese.info\\\/index.php\\\/2023\\\/02\\\/17\\\/benemerenza-per-i-20-anni-di-attivita-di-l-nd-al-segretario-a-s-d-atletico-acquaviva-raffaele-barberio\\\/\",\"url\":\"https:\\\/\\\/lavocedelpaese.info\\\/index.php\\\/2023\\\/02\\\/17\\\/benemerenza-per-i-20-anni-di-attivita-di-l-nd-al-segretario-a-s-d-atletico-acquaviva-raffaele-barberio\\\/\",\"name\":\"Benemerenza per i 20 anni di attivit\u00e0 di L.ND al segretario A.S.D. Atletico Acquaviva Raffaele Barberio - La Voce del Paese\",\"isPartOf\":{\"@id\":\"https:\\\/\\\/lavocedelpaese.info\\\/#website\"},\"datePublished\":\"2023-02-17T19:33:48+00:00\",\"breadcrumb\":{\"@id\":\"https:\\\/\\\/lavocedelpaese.info\\\/index.php\\\/2023\\\/02\\\/17\\\/benemerenza-per-i-20-anni-di-attivita-di-l-nd-al-segretario-a-s-d-atletico-acquaviva-raffaele-barberio\\\/#breadcrumb\"},\"inLanguage\":\"it-IT\",\"potentialAction\":[{\"@type\":\"ReadAction\",\"target\":[\"https:\\\/\\\/lavocedelpaese.info\\\/index.php\\\/2023\\\/02\\\/17\\\/benemerenza-per-i-20-anni-di-attivita-di-l-nd-al-segretario-a-s-d-atletico-acquaviva-raffaele-barberio\\\/\"]}]},{\"@type\":\"BreadcrumbList\",\"@id\":\"https:\\\/\\\/lavocedelpaese.info\\\/index.php\\\/2023\\\/02\\\/17\\\/benemerenza-per-i-20-anni-di-attivita-di-l-nd-al-segretario-a-s-d-atletico-acquaviva-raffaele-barberio\\\/#breadcrumb\",\"itemListElement\":[{\"@type\":\"ListItem\",\"position\":1,\"name\":\"Home\",\"item\":\"https:\\\/\\\/lavocedelpaese.info\\\/\"},{\"@type\":\"ListItem\",\"position\":2,\"name\":\"Benemerenza per i 20 anni di attivit\u00e0 di L.ND al segretario A.S.D. Atletico Acquaviva Raffaele Barberio\"}]},{\"@type\":\"WebSite\",\"@id\":\"https:\\\/\\\/lavocedelpaese.info\\\/#website\",\"url\":\"https:\\\/\\\/lavocedelpaese.info\\\/\",\"name\":\"La Voce del Paese\",\"description\":\"Un network di idee\",\"publisher\":{\"@id\":\"https:\\\/\\\/lavocedelpaese.info\\\/#organization\"},\"potentialAction\":[{\"@type\":\"SearchAction\",\"target\":{\"@type\":\"EntryPoint\",\"urlTemplate\":\"https:\\\/\\\/lavocedelpaese.info\\\/?s={search_term_string}\"},\"query-input\":{\"@type\":\"PropertyValueSpecification\",\"valueRequired\":true,\"valueName\":\"search_term_string\"}}],\"inLanguage\":\"it-IT\"},{\"@type\":\"Organization\",\"@id\":\"https:\\\/\\\/lavocedelpaese.info\\\/#organization\",\"name\":\"La Voce del Paese\",\"url\":\"https:\\\/\\\/lavocedelpaese.info\\\/\",\"logo\":{\"@type\":\"ImageObject\",\"inLanguage\":\"it-IT\",\"@id\":\"https:\\\/\\\/lavocedelpaese.info\\\/#\\\/schema\\\/logo\\\/image\\\/\",\"url\":\"https:\\\/\\\/lavocedelpaese.info\\\/wp-content\\\/uploads\\\/2023\\\/01\\\/cropped-logo-150-127.png\",\"contentUrl\":\"https:\\\/\\\/lavocedelpaese.info\\\/wp-content\\\/uploads\\\/2023\\\/01\\\/cropped-logo-150-127.png\",\"width\":137,\"height\":119,\"caption\":\"La Voce del Paese\"},\"image\":{\"@id\":\"https:\\\/\\\/lavocedelpaese.info\\\/#\\\/schema\\\/logo\\\/image\\\/\"},\"sameAs\":[\"https:\\\/\\\/www.facebook.com\\\/lavocedelpaese.info\"]}]}<\/script>\n<!-- \/ Yoast SEO plugin. -->","yoast_head_json":{"title":"Benemerenza per i 20 anni di attivit\u00e0 di L.ND al segretario A.S.D. Atletico Acquaviva Raffaele Barberio - La Voce del Paese","robots":{"index":"index","follow":"follow","max-snippet":"max-snippet:-1","max-image-preview":"max-image-preview:large","max-video-preview":"max-video-preview:-1"},"canonical":"https:\/\/lavocedelpaese.info\/index.php\/2023\/02\/17\/benemerenza-per-i-20-anni-di-attivita-di-l-nd-al-segretario-a-s-d-atletico-acquaviva-raffaele-barberio\/","og_locale":"it_IT","og_type":"article","og_title":"Benemerenza per i 20 anni di attivit\u00e0 di L.ND al segretario A.S.D. Atletico Acquaviva Raffaele Barberio - La Voce del Paese","og_description":"\u00a0 \u200b\u00a0 \u200bAcquaviva \u2013 La Voce del Paese\u00a0 L\u2019Assemblea Ordinaria Biennale e Straordinaria Elettiva\u00a0del\u00a0C.R. Puglia L.N.D.\u00a0riservata alle Societ\u00e0 Dilettantistiche pugliesi","og_url":"https:\/\/lavocedelpaese.info\/index.php\/2023\/02\/17\/benemerenza-per-i-20-anni-di-attivita-di-l-nd-al-segretario-a-s-d-atletico-acquaviva-raffaele-barberio\/","og_site_name":"La Voce del Paese","article_publisher":"https:\/\/www.facebook.com\/lavocedelpaese.info","article_published_time":"2023-02-17T19:33:48+00:00","twitter_card":"summary_large_image","twitter_misc":{"Tempo di lettura stimato":"1 minuto"},"schema":{"@context":"https:\/\/schema.org","@graph":[{"@type":"Article","@id":"https:\/\/lavocedelpaese.info\/index.php\/2023\/02\/17\/benemerenza-per-i-20-anni-di-attivita-di-l-nd-al-segretario-a-s-d-atletico-acquaviva-raffaele-barberio\/#article","isPartOf":{"@id":"https:\/\/lavocedelpaese.info\/index.php\/2023\/02\/17\/benemerenza-per-i-20-anni-di-attivita-di-l-nd-al-segretario-a-s-d-atletico-acquaviva-raffaele-barberio\/"},"author":{"name":"","@id":""},"headline":"Benemerenza per i 20 anni di attivit\u00e0 di L.ND al segretario A.S.D. Atletico Acquaviva Raffaele Barberio","datePublished":"2023-02-17T19:33:48+00:00","mainEntityOfPage":{"@id":"https:\/\/lavocedelpaese.info\/index.php\/2023\/02\/17\/benemerenza-per-i-20-anni-di-attivita-di-l-nd-al-segretario-a-s-d-atletico-acquaviva-raffaele-barberio\/"},"wordCount":272,"commentCount":0,"publisher":{"@id":"https:\/\/lavocedelpaese.info\/#organization"},"articleSection":["network"],"inLanguage":"it-IT","potentialAction":[{"@type":"CommentAction","name":"Comment","target":["https:\/\/lavocedelpaese.info\/index.php\/2023\/02\/17\/benemerenza-per-i-20-anni-di-attivita-di-l-nd-al-segretario-a-s-d-atletico-acquaviva-raffaele-barberio\/#respond"]}]},{"@type":"WebPage","@id":"https:\/\/lavocedelpaese.info\/index.php\/2023\/02\/17\/benemerenza-per-i-20-anni-di-attivita-di-l-nd-al-segretario-a-s-d-atletico-acquaviva-raffaele-barberio\/","url":"https:\/\/lavocedelpaese.info\/index.php\/2023\/02\/17\/benemerenza-per-i-20-anni-di-attivita-di-l-nd-al-segretario-a-s-d-atletico-acquaviva-raffaele-barberio\/","name":"Benemerenza per i 20 anni di attivit\u00e0 di L.ND al segretario A.S.D. Atletico Acquaviva Raffaele Barberio - La Voce del Paese","isPartOf":{"@id":"https:\/\/lavocedelpaese.info\/#website"},"datePublished":"2023-02-17T19:33:48+00:00","breadcrumb":{"@id":"https:\/\/lavocedelpaese.info\/index.php\/2023\/02\/17\/benemerenza-per-i-20-anni-di-attivita-di-l-nd-al-segretario-a-s-d-atletico-acquaviva-raffaele-barberio\/#breadcrumb"},"inLanguage":"it-IT","potentialAction":[{"@type":"ReadAction","target":["https:\/\/lavocedelpaese.info\/index.php\/2023\/02\/17\/benemerenza-per-i-20-anni-di-attivita-di-l-nd-al-segretario-a-s-d-atletico-acquaviva-raffaele-barberio\/"]}]},{"@type":"BreadcrumbList","@id":"https:\/\/lavocedelpaese.info\/index.php\/2023\/02\/17\/benemerenza-per-i-20-anni-di-attivita-di-l-nd-al-segretario-a-s-d-atletico-acquaviva-raffaele-barberio\/#breadcrumb","itemListElement":[{"@type":"ListItem","position":1,"name":"Home","item":"https:\/\/lavocedelpaese.info\/"},{"@type":"ListItem","position":2,"name":"Benemerenza per i 20 anni di attivit\u00e0 di L.ND al segretario A.S.D. Atletico Acquaviva Raffaele Barberio"}]},{"@type":"WebSite","@id":"https:\/\/lavocedelpaese.info\/#website","url":"https:\/\/lavocedelpaese.info\/","name":"La Voce del Paese","description":"Un network di idee","publisher":{"@id":"https:\/\/lavocedelpaese.info\/#organization"},"potentialAction":[{"@type":"SearchAction","target":{"@type":"EntryPoint","urlTemplate":"https:\/\/lavocedelpaese.info\/?s={search_term_string}"},"query-input":{"@type":"PropertyValueSpecification","valueRequired":true,"valueName":"search_term_string"}}],"inLanguage":"it-IT"},{"@type":"Organization","@id":"https:\/\/lavocedelpaese.info\/#organization","name":"La Voce del Paese","url":"https:\/\/lavocedelpaese.info\/","logo":{"@type":"ImageObject","inLanguage":"it-IT","@id":"https:\/\/lavocedelpaese.info\/#\/schema\/logo\/image\/","url":"https:\/\/lavocedelpaese.info\/wp-content\/uploads\/2023\/01\/cropped-logo-150-127.png","contentUrl":"https:\/\/lavocedelpaese.info\/wp-content\/uploads\/2023\/01\/cropped-logo-150-127.png","width":137,"height":119,"caption":"La Voce del Paese"},"image":{"@id":"https:\/\/lavocedelpaese.info\/#\/schema\/logo\/image\/"},"sameAs":["https:\/\/www.facebook.com\/lavocedelpaese.info"]}]}},"_links":{"self":[{"href":"https:\/\/lavocedelpaese.info\/index.php\/wp-json\/wp\/v2\/posts\/1128","targetHints":{"allow":["GET"]}}],"collection":[{"href":"https:\/\/lavocedelpaese.info\/index.php\/wp-json\/wp\/v2\/posts"}],"about":[{"href":"https:\/\/lavocedelpaese.info\/index.php\/wp-json\/wp\/v2\/types\/post"}],"replies":[{"embeddable":true,"href":"https:\/\/lavocedelpaese.info\/index.php\/wp-json\/wp\/v2\/comments?post=1128"}],"version-history":[{"count":0,"href":"https:\/\/lavocedelpaese.info\/index.php\/wp-json\/wp\/v2\/posts\/1128\/revisions"}],"wp:attachment":[{"href":"https:\/\/lavocedelpaese.info\/index.php\/wp-json\/wp\/v2\/media?parent=1128"}],"wp:term":[{"taxonomy":"category","embeddable":true,"href":"https:\/\/lavocedelpaese.info\/index.php\/wp-json\/wp\/v2\/categories?post=1128"},{"taxonomy":"post_tag","embeddable":true,"href":"https:\/\/lavocedelpaese.info\/index.php\/wp-json\/wp\/v2\/tags?post=1128"}],"curies":[{"name":"wp","href":"https:\/\/api.w.org\/{rel}","templated":true}]}}