{"id":1124,"date":"2023-02-17T08:48:59","date_gmt":"2023-02-17T08:48:59","guid":{"rendered":"https:\/\/lavocedelpaese.info\/index.php\/2023\/02\/17\/a-civitanova-marche-arriva-per-il-turi-il-terzo-3-0-di-fila\/"},"modified":"2023-02-17T08:48:59","modified_gmt":"2023-02-17T08:48:59","slug":"a-civitanova-marche-arriva-per-il-turi-il-terzo-3-0-di-fila","status":"publish","type":"post","link":"https:\/\/lavocedelpaese.info\/index.php\/2023\/02\/17\/a-civitanova-marche-arriva-per-il-turi-il-terzo-3-0-di-fila\/","title":{"rendered":"A Civitanova Marche arriva per il Turi il terzo 3-0 di fila"},"content":{"rendered":"<p>\u00a0<\/p>\n<p>\u200b\u00a0<\/p>\n<p>\u200bTuri \u2013 La Voce del Paese\u00a0<\/p>\n<p>Trasferta stagionale nelle Marche numero cinque e quinta vittoria per i biancoazzurri che passano sul parquet di gioco dell\u2019U.S. Volley \u201879 Civitanova con l\u2019ottavo massimo distacco per set stagionale.<\/p>\n<p>Capitan Scio e compagni impongono ai padroni di casa il proprio ritmo sin da subito, giocano bene e si divertono, con pochi errori, un reparto offensivo costante con Matheus ancora top scorer ed Incampo (letale con il suo 55% in attacco), aggiudicandosi anche la sfida a muro con ben dieci (di cui cinque eretti da Manginelli) contro i sei dei locali. I rossobl\u00f9 dal canto loro lottano affidandosi alla propria fase di seconda linea e al servizio cercando di contrastare la formazione di mister Castellaneta.<\/p>\n<p>Dopo i risultati del quindicesimo turno il Turi conserva il +4 sul gruppetto Potenza Picena-Osimo mentre riduce a cinque lunghezze il ritardo dalla battistrada Molfetta al primo stop stagionale sul campo dell\u2019Ancona.<\/p>\n<h4><strong>La cronaca<\/strong><\/h4>\n<p>Il Turi, partito per le Marche con dieci atleti arruolabili, si schiera con Manginelli in regia, Matheus opposto, capitan Scio e Incampo sono i martelli, Taccone e Ruggiero i centrali, Dammacco libero. L\u2019US Volley \u201879 risponde con Faini al palleggio e Palazzesi fuorimano, Leoni e Caciorgna laterali, C. Areni libero.<\/p>\n<div class=\"wp-block-embed__wrapper\">\n<a href=\"https:\/\/www.flickr.com\/photos\/91470992@N02\/52694285758\/in\/dateposted\/\"><\/a>\n<\/div>\n<p>Il match inizia con un minuto di raccoglimento decretato dalla Fipav in ricordo delle tantissime vittime del terremoto in Turchia e Siria.<\/p>\n<p>Il set inizia subito con gli ospiti in palla, 0-2 (pipe di Incampo) e 2-5 (block out Matheus). La prima accelerata arriva con la doppietta di Taccone, prima in attacco e poi a muro, 3-8. Lo strappo \u00e8 definitivo, Manginelli mura Caciorgna per il +8 (7-15) ed il Turi ora gestisce la reazione dei padroni di casa con belle giocate come il pallonetto di Matheus (15-22) e la pipe di Incampo per il 17-24. Out il servizio di Caciorgna che chiude il primo parziale sul 19-25.<\/p>\n<p>Break civitanovese in avvio secondo set (0-2) e contro break biancoazzurro che porta il punteggio dal 3-1 al 3-5 (Taccone da centro). Ancora montagne russe nella fase centrale con Palazzesi e compagni che impattano sul 9-9 complice qualche incomprensione nel muro turese. Scio mette la doppia freccia sul 10-12 ma i marchigiani si affidano al proprio servizio per restare aggrappati, 16-16. Scio inizia la fuga decisiva con il lungolinea del 18-19, Matheus la consolida con il muro su Caciorgna (18-20) e lo stesso laterale la certifica sul 18-21 dopo una gran difesa di Manginelli. Incampo mura il 19-23, Scio dai nove metri (19-24) mentre Taccone da centro sentenzia il 20-25.<\/p>\n<p>Equilibrio ad inizio terzo set, 2-2 e 4-4. Ci prova l\u2019 Arr\u00e8 Formaggi con Matheus sul 5-7 ma Leoni pareggia subito, 7-7. Ruggiero a muro per il 7-9 ma i locali al tutto per tutto con Palazzesi trovano il pari al punto numero 12 ed il sorpasso con l\u2019ace del 13-12. Out Leoni per il 15-15 che sar\u00e0 l\u2019ultimo punto di contatto tra le due squadre. Manginelli \u00e8 invalicabile a muro prima sul 16-17 e poco dopo il 16-18 di Incampo con il doppio block imposto a Leoni con il 16-19 ed il 16-20. Bernacchini dimezza in diagonale (18-20) ma Ruggiero (18-21) e la fucilata dalla linea dei nove metri di Incampo (18-22) guidano il monologo turese finale chiuso da Matheus con il 19-25.<\/p>\n<h4><strong>Classifica<\/strong><\/h4>\n<p>Molfetta <strong>42 p.ti, <\/strong>TURI <strong>37<\/strong>, Potenza Picena e Osimo<strong> 33<\/strong>, Macerata <strong>28<\/strong>,Ancona <strong>25<\/strong>, Castelferretti <strong>23<\/strong>, Montorio <strong>21<\/strong>,Loreto <strong>16, <\/strong>Modugno e San Giovanni in M. <strong>15<\/strong>, Lube Volley <strong>12<\/strong>,Civitanova M. <strong>8<\/strong>,Castellana <strong>7<\/strong>.<\/p>\n<div class=\"wp-block-embed__wrapper\">\n<a href=\"https:\/\/www.flickr.com\/photos\/91470992@N02\/52693796921\/in\/dateposted\/\"><\/a>\n<\/div>\n<div class=\"wp-block-spacer\"><\/div>\n<h4 class=\"has-text-align-center\"><strong>16 giornata: L\u2019Arr\u00e8 Formaggi ospita il S.G. in Marignano per riscattare il 3-2 in terra romagnola dell\u2019andata<\/strong><\/h4>\n<p>Con lo scontro vittorioso contro il Civitanova si \u00e8 aperta una serie di cinque partite che vedr\u00e0 il sodalizio turese del presidente Domenico D\u2019Aprile e del dg Daniele Marotta affrontare squadre, agguerrite e battagliere, impegnate nella corsa salvezza.<\/p>\n<p>Sabato 18 il Palazzetto di via Cisterna aprir\u00e0 le porte per la sfida tra l\u2019Arr\u00e8 Formaggi ed i romagnoli della Ventil System di San Giovanni in Marignano (RN), squadra che insieme al Molfetta sono state le uniche sino ad oggi a fermare i biancoazzurri di mister Castellaneta. Un girone fa infatti in un match combattuto e ad emozioni alterne Matheus e soci cedettero in rimonta alla squadra di mister Della Balda al tie break, in una gara condizionata tra le altre cose da qualche assenza e dalle scorie della lunga trasferta in terra riminese per un match giocato in tarda serata. Rispetto al match d\u2019andata nel roster della Nuova Consolini non c\u2019\u00e8 pi\u00f9 il centrale Mario Ferraro, andato in A3 a Fano, mentre in cabina di regia \u00e8 arrivato Luca Scrollavezza, lo scorso anno in A3 nel Med Store Macerata che vanta anche una stagione in A2 come secondo con il Gioia del Colle (2018-2019).<\/p>\n<p>Il Turi cerca l\u2019ottavo successo consecutivo per continuare la sua corsa mentre gli ospiti, reduci dal successo contro il Modugno che li ha permesso di agganciare proprio quest\u2019ultimi in classifica a 15 punti ma ancora in zona rossa per via di un peggior quoziente set, vorranno conquistare punti preziosi come fatto all\u2019andata.<\/p>\n<p>Appuntamento per sabato 18 febbraio con prima battuta fissata per le 18:30. A dirigere il match sono stati designati Salvatore Mele e Claudio Rossi entrambi di Napoli.<\/p>\n<p><a class=\"a2a_button_facebook\" href=\"https:\/\/www.addtoany.com\/add_to\/facebook?linkurl=https%3A%2F%2Fturi.lavocedelpaese.info%2Fa-civitanova-marche-arriva-per-il-turi-il-terzo-3-0-di-fila%2F&amp;linkname=A%20Civitanova%20Marche%20arriva%20per%20il%20Turi%20il%20terzo%203-0%20di%20fila\" title=\"Facebook\" target=\"_blank\" rel=\"noopener\"><\/a><a class=\"a2a_button_twitter\" href=\"https:\/\/www.addtoany.com\/add_to\/twitter?linkurl=https%3A%2F%2Fturi.lavocedelpaese.info%2Fa-civitanova-marche-arriva-per-il-turi-il-terzo-3-0-di-fila%2F&amp;linkname=A%20Civitanova%20Marche%20arriva%20per%20il%20Turi%20il%20terzo%203-0%20di%20fila\" title=\"Twitter\" target=\"_blank\" rel=\"noopener\"><\/a><a class=\"a2a_button_whatsapp\" href=\"https:\/\/www.addtoany.com\/add_to\/whatsapp?linkurl=https%3A%2F%2Fturi.lavocedelpaese.info%2Fa-civitanova-marche-arriva-per-il-turi-il-terzo-3-0-di-fila%2F&amp;linkname=A%20Civitanova%20Marche%20arriva%20per%20il%20Turi%20il%20terzo%203-0%20di%20fila\" title=\"WhatsApp\" target=\"_blank\" rel=\"noopener\"><\/a><a class=\"a2a_button_telegram\" href=\"https:\/\/www.addtoany.com\/add_to\/telegram?linkurl=https%3A%2F%2Fturi.lavocedelpaese.info%2Fa-civitanova-marche-arriva-per-il-turi-il-terzo-3-0-di-fila%2F&amp;linkname=A%20Civitanova%20Marche%20arriva%20per%20il%20Turi%20il%20terzo%203-0%20di%20fila\" title=\"Telegram\" target=\"_blank\" rel=\"noopener\"><\/a><a class=\"a2a_button_email\" href=\"https:\/\/www.addtoany.com\/add_to\/email?linkurl=https%3A%2F%2Fturi.lavocedelpaese.info%2Fa-civitanova-marche-arriva-per-il-turi-il-terzo-3-0-di-fila%2F&amp;linkname=A%20Civitanova%20Marche%20arriva%20per%20il%20Turi%20il%20terzo%203-0%20di%20fila\" title=\"Email\" target=\"_blank\" rel=\"noopener\"><\/a><\/p>\n<p>\u00a0<\/p>","protected":false},"excerpt":{"rendered":"<p>\u00a0 \u200b\u00a0 \u200bTuri \u2013 La Voce del Paese\u00a0 Trasferta stagionale nelle Marche numero cinque e quinta vittoria per i biancoazzurri<\/p>\n","protected":false},"author":0,"featured_media":0,"comment_status":"open","ping_status":"closed","sticky":false,"template":"","format":"standard","meta":{"colormag_page_container_layout":"default_layout","colormag_page_sidebar_layout":"default_layout","footnotes":""},"categories":[33],"tags":[],"class_list":["post-1124","post","type-post","status-publish","format-standard","hentry","category-network"],"yoast_head":"<!-- This site is optimized with the Yoast SEO plugin v27.5 - https:\/\/yoast.com\/product\/yoast-seo-wordpress\/ -->\n<title>A Civitanova Marche arriva per il Turi il terzo 3-0 di fila - La Voce del Paese<\/title>\n<meta name=\"robots\" content=\"index, follow, max-snippet:-1, max-image-preview:large, max-video-preview:-1\" \/>\n<link rel=\"canonical\" href=\"https:\/\/lavocedelpaese.info\/index.php\/2023\/02\/17\/a-civitanova-marche-arriva-per-il-turi-il-terzo-3-0-di-fila\/\" \/>\n<meta property=\"og:locale\" content=\"it_IT\" \/>\n<meta property=\"og:type\" content=\"article\" \/>\n<meta property=\"og:title\" content=\"A Civitanova Marche arriva per il Turi il terzo 3-0 di fila - La Voce del Paese\" \/>\n<meta property=\"og:description\" content=\"\u00a0 \u200b\u00a0 \u200bTuri \u2013 La Voce del Paese\u00a0 Trasferta stagionale nelle Marche numero cinque e quinta vittoria per i biancoazzurri\" \/>\n<meta property=\"og:url\" content=\"https:\/\/lavocedelpaese.info\/index.php\/2023\/02\/17\/a-civitanova-marche-arriva-per-il-turi-il-terzo-3-0-di-fila\/\" \/>\n<meta property=\"og:site_name\" content=\"La Voce del Paese\" \/>\n<meta property=\"article:publisher\" content=\"https:\/\/www.facebook.com\/lavocedelpaese.info\" \/>\n<meta property=\"article:published_time\" content=\"2023-02-17T08:48:59+00:00\" \/>\n<meta name=\"twitter:card\" content=\"summary_large_image\" \/>\n<meta name=\"twitter:label1\" content=\"Tempo di lettura stimato\" \/>\n\t<meta name=\"twitter:data1\" content=\"4 minuti\" \/>\n<script type=\"application\/ld+json\" class=\"yoast-schema-graph\">{\"@context\":\"https:\\\/\\\/schema.org\",\"@graph\":[{\"@type\":\"Article\",\"@id\":\"https:\\\/\\\/lavocedelpaese.info\\\/index.php\\\/2023\\\/02\\\/17\\\/a-civitanova-marche-arriva-per-il-turi-il-terzo-3-0-di-fila\\\/#article\",\"isPartOf\":{\"@id\":\"https:\\\/\\\/lavocedelpaese.info\\\/index.php\\\/2023\\\/02\\\/17\\\/a-civitanova-marche-arriva-per-il-turi-il-terzo-3-0-di-fila\\\/\"},\"author\":{\"name\":\"\",\"@id\":\"\"},\"headline\":\"A Civitanova Marche arriva per il Turi il terzo 3-0 di fila\",\"datePublished\":\"2023-02-17T08:48:59+00:00\",\"mainEntityOfPage\":{\"@id\":\"https:\\\/\\\/lavocedelpaese.info\\\/index.php\\\/2023\\\/02\\\/17\\\/a-civitanova-marche-arriva-per-il-turi-il-terzo-3-0-di-fila\\\/\"},\"wordCount\":872,\"commentCount\":0,\"publisher\":{\"@id\":\"https:\\\/\\\/lavocedelpaese.info\\\/#organization\"},\"articleSection\":[\"network\"],\"inLanguage\":\"it-IT\",\"potentialAction\":[{\"@type\":\"CommentAction\",\"name\":\"Comment\",\"target\":[\"https:\\\/\\\/lavocedelpaese.info\\\/index.php\\\/2023\\\/02\\\/17\\\/a-civitanova-marche-arriva-per-il-turi-il-terzo-3-0-di-fila\\\/#respond\"]}]},{\"@type\":\"WebPage\",\"@id\":\"https:\\\/\\\/lavocedelpaese.info\\\/index.php\\\/2023\\\/02\\\/17\\\/a-civitanova-marche-arriva-per-il-turi-il-terzo-3-0-di-fila\\\/\",\"url\":\"https:\\\/\\\/lavocedelpaese.info\\\/index.php\\\/2023\\\/02\\\/17\\\/a-civitanova-marche-arriva-per-il-turi-il-terzo-3-0-di-fila\\\/\",\"name\":\"A Civitanova Marche arriva per il Turi il terzo 3-0 di fila - La Voce del Paese\",\"isPartOf\":{\"@id\":\"https:\\\/\\\/lavocedelpaese.info\\\/#website\"},\"datePublished\":\"2023-02-17T08:48:59+00:00\",\"breadcrumb\":{\"@id\":\"https:\\\/\\\/lavocedelpaese.info\\\/index.php\\\/2023\\\/02\\\/17\\\/a-civitanova-marche-arriva-per-il-turi-il-terzo-3-0-di-fila\\\/#breadcrumb\"},\"inLanguage\":\"it-IT\",\"potentialAction\":[{\"@type\":\"ReadAction\",\"target\":[\"https:\\\/\\\/lavocedelpaese.info\\\/index.php\\\/2023\\\/02\\\/17\\\/a-civitanova-marche-arriva-per-il-turi-il-terzo-3-0-di-fila\\\/\"]}]},{\"@type\":\"BreadcrumbList\",\"@id\":\"https:\\\/\\\/lavocedelpaese.info\\\/index.php\\\/2023\\\/02\\\/17\\\/a-civitanova-marche-arriva-per-il-turi-il-terzo-3-0-di-fila\\\/#breadcrumb\",\"itemListElement\":[{\"@type\":\"ListItem\",\"position\":1,\"name\":\"Home\",\"item\":\"https:\\\/\\\/lavocedelpaese.info\\\/\"},{\"@type\":\"ListItem\",\"position\":2,\"name\":\"A Civitanova Marche arriva per il Turi il terzo 3-0 di fila\"}]},{\"@type\":\"WebSite\",\"@id\":\"https:\\\/\\\/lavocedelpaese.info\\\/#website\",\"url\":\"https:\\\/\\\/lavocedelpaese.info\\\/\",\"name\":\"La Voce del Paese\",\"description\":\"Un network di idee\",\"publisher\":{\"@id\":\"https:\\\/\\\/lavocedelpaese.info\\\/#organization\"},\"potentialAction\":[{\"@type\":\"SearchAction\",\"target\":{\"@type\":\"EntryPoint\",\"urlTemplate\":\"https:\\\/\\\/lavocedelpaese.info\\\/?s={search_term_string}\"},\"query-input\":{\"@type\":\"PropertyValueSpecification\",\"valueRequired\":true,\"valueName\":\"search_term_string\"}}],\"inLanguage\":\"it-IT\"},{\"@type\":\"Organization\",\"@id\":\"https:\\\/\\\/lavocedelpaese.info\\\/#organization\",\"name\":\"La Voce del Paese\",\"url\":\"https:\\\/\\\/lavocedelpaese.info\\\/\",\"logo\":{\"@type\":\"ImageObject\",\"inLanguage\":\"it-IT\",\"@id\":\"https:\\\/\\\/lavocedelpaese.info\\\/#\\\/schema\\\/logo\\\/image\\\/\",\"url\":\"https:\\\/\\\/lavocedelpaese.info\\\/wp-content\\\/uploads\\\/2023\\\/01\\\/cropped-logo-150-127.png\",\"contentUrl\":\"https:\\\/\\\/lavocedelpaese.info\\\/wp-content\\\/uploads\\\/2023\\\/01\\\/cropped-logo-150-127.png\",\"width\":137,\"height\":119,\"caption\":\"La Voce del Paese\"},\"image\":{\"@id\":\"https:\\\/\\\/lavocedelpaese.info\\\/#\\\/schema\\\/logo\\\/image\\\/\"},\"sameAs\":[\"https:\\\/\\\/www.facebook.com\\\/lavocedelpaese.info\"]}]}<\/script>\n<!-- \/ Yoast SEO plugin. -->","yoast_head_json":{"title":"A Civitanova Marche arriva per il Turi il terzo 3-0 di fila - La Voce del Paese","robots":{"index":"index","follow":"follow","max-snippet":"max-snippet:-1","max-image-preview":"max-image-preview:large","max-video-preview":"max-video-preview:-1"},"canonical":"https:\/\/lavocedelpaese.info\/index.php\/2023\/02\/17\/a-civitanova-marche-arriva-per-il-turi-il-terzo-3-0-di-fila\/","og_locale":"it_IT","og_type":"article","og_title":"A Civitanova Marche arriva per il Turi il terzo 3-0 di fila - La Voce del Paese","og_description":"\u00a0 \u200b\u00a0 \u200bTuri \u2013 La Voce del Paese\u00a0 Trasferta stagionale nelle Marche numero cinque e quinta vittoria per i biancoazzurri","og_url":"https:\/\/lavocedelpaese.info\/index.php\/2023\/02\/17\/a-civitanova-marche-arriva-per-il-turi-il-terzo-3-0-di-fila\/","og_site_name":"La Voce del Paese","article_publisher":"https:\/\/www.facebook.com\/lavocedelpaese.info","article_published_time":"2023-02-17T08:48:59+00:00","twitter_card":"summary_large_image","twitter_misc":{"Tempo di lettura stimato":"4 minuti"},"schema":{"@context":"https:\/\/schema.org","@graph":[{"@type":"Article","@id":"https:\/\/lavocedelpaese.info\/index.php\/2023\/02\/17\/a-civitanova-marche-arriva-per-il-turi-il-terzo-3-0-di-fila\/#article","isPartOf":{"@id":"https:\/\/lavocedelpaese.info\/index.php\/2023\/02\/17\/a-civitanova-marche-arriva-per-il-turi-il-terzo-3-0-di-fila\/"},"author":{"name":"","@id":""},"headline":"A Civitanova Marche arriva per il Turi il terzo 3-0 di fila","datePublished":"2023-02-17T08:48:59+00:00","mainEntityOfPage":{"@id":"https:\/\/lavocedelpaese.info\/index.php\/2023\/02\/17\/a-civitanova-marche-arriva-per-il-turi-il-terzo-3-0-di-fila\/"},"wordCount":872,"commentCount":0,"publisher":{"@id":"https:\/\/lavocedelpaese.info\/#organization"},"articleSection":["network"],"inLanguage":"it-IT","potentialAction":[{"@type":"CommentAction","name":"Comment","target":["https:\/\/lavocedelpaese.info\/index.php\/2023\/02\/17\/a-civitanova-marche-arriva-per-il-turi-il-terzo-3-0-di-fila\/#respond"]}]},{"@type":"WebPage","@id":"https:\/\/lavocedelpaese.info\/index.php\/2023\/02\/17\/a-civitanova-marche-arriva-per-il-turi-il-terzo-3-0-di-fila\/","url":"https:\/\/lavocedelpaese.info\/index.php\/2023\/02\/17\/a-civitanova-marche-arriva-per-il-turi-il-terzo-3-0-di-fila\/","name":"A Civitanova Marche arriva per il Turi il terzo 3-0 di fila - La Voce del Paese","isPartOf":{"@id":"https:\/\/lavocedelpaese.info\/#website"},"datePublished":"2023-02-17T08:48:59+00:00","breadcrumb":{"@id":"https:\/\/lavocedelpaese.info\/index.php\/2023\/02\/17\/a-civitanova-marche-arriva-per-il-turi-il-terzo-3-0-di-fila\/#breadcrumb"},"inLanguage":"it-IT","potentialAction":[{"@type":"ReadAction","target":["https:\/\/lavocedelpaese.info\/index.php\/2023\/02\/17\/a-civitanova-marche-arriva-per-il-turi-il-terzo-3-0-di-fila\/"]}]},{"@type":"BreadcrumbList","@id":"https:\/\/lavocedelpaese.info\/index.php\/2023\/02\/17\/a-civitanova-marche-arriva-per-il-turi-il-terzo-3-0-di-fila\/#breadcrumb","itemListElement":[{"@type":"ListItem","position":1,"name":"Home","item":"https:\/\/lavocedelpaese.info\/"},{"@type":"ListItem","position":2,"name":"A Civitanova Marche arriva per il Turi il terzo 3-0 di fila"}]},{"@type":"WebSite","@id":"https:\/\/lavocedelpaese.info\/#website","url":"https:\/\/lavocedelpaese.info\/","name":"La Voce del Paese","description":"Un network di idee","publisher":{"@id":"https:\/\/lavocedelpaese.info\/#organization"},"potentialAction":[{"@type":"SearchAction","target":{"@type":"EntryPoint","urlTemplate":"https:\/\/lavocedelpaese.info\/?s={search_term_string}"},"query-input":{"@type":"PropertyValueSpecification","valueRequired":true,"valueName":"search_term_string"}}],"inLanguage":"it-IT"},{"@type":"Organization","@id":"https:\/\/lavocedelpaese.info\/#organization","name":"La Voce del Paese","url":"https:\/\/lavocedelpaese.info\/","logo":{"@type":"ImageObject","inLanguage":"it-IT","@id":"https:\/\/lavocedelpaese.info\/#\/schema\/logo\/image\/","url":"https:\/\/lavocedelpaese.info\/wp-content\/uploads\/2023\/01\/cropped-logo-150-127.png","contentUrl":"https:\/\/lavocedelpaese.info\/wp-content\/uploads\/2023\/01\/cropped-logo-150-127.png","width":137,"height":119,"caption":"La Voce del Paese"},"image":{"@id":"https:\/\/lavocedelpaese.info\/#\/schema\/logo\/image\/"},"sameAs":["https:\/\/www.facebook.com\/lavocedelpaese.info"]}]}},"_links":{"self":[{"href":"https:\/\/lavocedelpaese.info\/index.php\/wp-json\/wp\/v2\/posts\/1124","targetHints":{"allow":["GET"]}}],"collection":[{"href":"https:\/\/lavocedelpaese.info\/index.php\/wp-json\/wp\/v2\/posts"}],"about":[{"href":"https:\/\/lavocedelpaese.info\/index.php\/wp-json\/wp\/v2\/types\/post"}],"replies":[{"embeddable":true,"href":"https:\/\/lavocedelpaese.info\/index.php\/wp-json\/wp\/v2\/comments?post=1124"}],"version-history":[{"count":0,"href":"https:\/\/lavocedelpaese.info\/index.php\/wp-json\/wp\/v2\/posts\/1124\/revisions"}],"wp:attachment":[{"href":"https:\/\/lavocedelpaese.info\/index.php\/wp-json\/wp\/v2\/media?parent=1124"}],"wp:term":[{"taxonomy":"category","embeddable":true,"href":"https:\/\/lavocedelpaese.info\/index.php\/wp-json\/wp\/v2\/categories?post=1124"},{"taxonomy":"post_tag","embeddable":true,"href":"https:\/\/lavocedelpaese.info\/index.php\/wp-json\/wp\/v2\/tags?post=1124"}],"curies":[{"name":"wp","href":"https:\/\/api.w.org\/{rel}","templated":true}]}}