{"id":1100,"date":"2023-02-17T03:11:52","date_gmt":"2023-02-17T03:11:52","guid":{"rendered":"https:\/\/lavocedelpaese.info\/?p=1100"},"modified":"2023-02-17T03:44:22","modified_gmt":"2023-02-17T03:44:22","slug":"qualita-dellaria-in-puglia-larpa-fa-il-punto-dellanno-2022","status":"publish","type":"post","link":"https:\/\/lavocedelpaese.info\/index.php\/2023\/02\/17\/qualita-dellaria-in-puglia-larpa-fa-il-punto-dellanno-2022\/","title":{"rendered":"<strong>Qualit\u00e0 dell\u2019aria in Puglia: l\u2019Arpa fa il punto dell\u2019anno 2022<\/strong>"},"content":{"rendered":"<p>Tra le attivit\u00e0 delle Agenzie regionali per la Prevenzione e la Protezione dell\u2019Ambiente c\u2019\u00e8 quella di monitorare i parametri caratteristici della qualit\u00e0 dell\u2019aria ambienti, fra cui il PM10, il PM2.5, il biossido di azoto, l\u2019ozono e il benzene, attraverso l\u2019utilizzo di centraline. In linea con quanto fatto anche dalle altre Agenzie d\u2019Italia e dal Sistema Nazionale per la Protezione dell\u2019Ambiente, l\u2019Arpa regionale ha raccolto i dati e fatto il punto su quanto osservato nel 2022, in particolare sulla presenza in Puglia di polveri sottili (PM10 e PM2.5).<\/p>\n<p>A differenza del quadriennio 2018-2021 durante il quale la rete regionale di monitoraggio della qualit\u00e0 dell\u2019aria della Puglia non aveva registrato superamenti dei limiti di legge (indicati dal Decreto Lgs. 155\/10), nel 2022, nel sito di monitoraggio Torchiarolo-Don Minzoni, in provincia di Brindisi, per il PM10 \u00e8 stato oltrepassato il numero massimo di superamenti giornalieri del valore di 50 microgrammi al metro cubo (\u00b5g\/m<sup>3<\/sup>), con 46 superamenti contro i 35 consentiti. Tale dato include anche il contributo naturale delle avvezioni di polvere desertiche alle concentrazioni misurate. Scorporando tale contributo, come previsto dalla Direttiva Europea sulla qualit\u00e0 dell\u2019aria 2008\/50\/CE, il numero di superamenti si riduce a 38, valore comunque superiore al massimo consentito.<br \/>\nQuesto superamento \u00e8 attribuibile alla nota fenomenologia delle emissioni da combustione di biomassa, certificata dalle relazioni prodotte negli anni da Arpa Puglia e che, negli anni pi\u00f9 recenti, aveva fatto di Torchiarolo-Don Minzoni il sito con i valori di PM10 pi\u00f9 elevati dell\u2019intera regione, seppur in assenza di superamenti dei limiti di legge.<\/p>\n<p>Un ulteriore superamento del limite giornaliero di concentrazione del PM10 \u00e8 stato registrato nel sito Andria &#8211; Vaccina. Tuttavia nel 2022 questo sito \u00e8 stato interessato dalla contiguit\u00e0 a un cantiere edile di grandi dimensioni e di lunga durata, le cui attivit\u00e0 hanno sensibilmente alterato le concentrazioni di inquinanti in aria ambiente. Dato che l\u2019allegato III, punto 4, comma 2 del Decreto Lgs. 155\/10 prescrive l\u2019assenza di fonti di interferenza nei pressi delle stazioni di monitoraggio, i valori di PM10 e PM2.5 rilevati in questo sito, non possono considerarsi conformi alla norma vigente, n\u00e9 tantomeno essere utilizzati per la valutazione del rispetto dei limiti normativi e la conseguente adozione di piani di risanamento della qualit\u00e0 dell\u2019aria.<\/p>\n<p>Per il PM10 la concentrazione annuale pi\u00f9 elevata (29 \u00b5g\/m<sup>3<\/sup>) \u00e8 stata registrata sempre nel sito Torchiarolo-Don Minzoni (Brindisi). Il valore medio registrato di PM10 sul territorio regionale \u00e8 stato di 22 \u00b5g\/m<sup>3<\/sup>, in linea con il dato del 2021.<\/p>\n<p>Per il PM2.5, nel 2022 il limite di concentrazione annuale di 25 \u00b5g\/m<sup>3 <\/sup>non \u00e8 stato superato in nessun sito. Il valore pi\u00f9 elevato (18 \u00b5g\/m<sup>3<\/sup>) \u00e8 stato registrato nel sito di Torchiarolo-Don Minzoni, mentre la media regionale \u00e8 stata di 12 \u00b5g\/m<sup>3<\/sup>, anche in questo caso in linea con il dato del 2021.<\/p>\n<p>Per l\u2019NO2 (Biossido di Azoto), la concentrazione annua pi\u00f9 alta (30 mg\/m<sup>3<\/sup>) \u00e8 stata registrata nella stazione di Bari-Cavour, come gi\u00e0 negli anni precedenti. La media regionale \u00e8 stata di 14 \u00b5g\/m<sup>3<\/sup> in analogia a quanto registrato nel 2021.<\/p>\n<p>Per l\u2019O3 (Ozono), il valore obiettivo a lungo termine \u00e8 stato superato in quasi tutti i siti di monitoraggio, a conferma del fatto che la Puglia, per collocazione geografica, \u00e8 soggetta ad elevati valori di questo inquinante.<\/p>\n<p>Per il benzene, in nessun sito di monitoraggio \u00e8 stata registrata una concentrazione superiore al limite annuale di 5 \u00b5g\/m<sup>3<\/sup>. La media delle concentrazioni \u00e8 stata di 0,7 \u00b5g\/m<sup>3<\/sup>. La concentrazione pi\u00f9 alta della Rete Regionale di Monitoraggio della Qualit\u00e0 dell&#8217;Aria (RRQA) \u00e8 stata di 1,9 \u00b5g\/m<sup>3 <\/sup>ed \u00e8 stata registrata nel sito Taranto- Machiavelli. Si evidenzia il valore di 3,3 \u00b5g\/m<sup>3 <\/sup>misurato dalla stazione di interesse locale Taranto-Orsini situata nel quartiere Tamburi del capoluogo jonico, leggermente maggiore del valore del 2021 (3,1 \u00b5g\/m<sup>3<\/sup>) e che, sebbene inferiore al valore limite indicato dalla normativa, rappresenta una concentrazione degna di attenzione.<\/p>\n<p style=\"text-align: right;\"><strong>Francesca Lombardi<\/strong><br \/>\n<strong>Addetta stampa Arpa Puglia<\/strong><\/p>\n","protected":false},"excerpt":{"rendered":"<p>Tra le attivit\u00e0 delle Agenzie regionali per la Prevenzione e la Protezione dell\u2019Ambiente c\u2019\u00e8 quella di monitorare i parametri caratteristici<\/p>\n","protected":false},"author":6,"featured_media":1102,"comment_status":"open","ping_status":"closed","sticky":false,"template":"","format":"standard","meta":{"colormag_page_container_layout":"default_layout","colormag_page_sidebar_layout":"default_layout","footnotes":""},"categories":[2,7],"tags":[],"class_list":["post-1100","post","type-post","status-publish","format-standard","has-post-thumbnail","hentry","category-attualita","category-regione"],"yoast_head":"<!-- This site is optimized with the Yoast SEO plugin v27.5 - https:\/\/yoast.com\/product\/yoast-seo-wordpress\/ -->\n<title>Qualit\u00e0 dell\u2019aria in Puglia: l\u2019Arpa fa il punto dell\u2019anno 2022 - La Voce del Paese<\/title>\n<meta name=\"robots\" content=\"index, follow, max-snippet:-1, max-image-preview:large, max-video-preview:-1\" \/>\n<link rel=\"canonical\" href=\"https:\/\/lavocedelpaese.info\/index.php\/2023\/02\/17\/qualita-dellaria-in-puglia-larpa-fa-il-punto-dellanno-2022\/\" \/>\n<meta property=\"og:locale\" content=\"it_IT\" \/>\n<meta property=\"og:type\" content=\"article\" \/>\n<meta property=\"og:title\" content=\"Qualit\u00e0 dell\u2019aria in Puglia: l\u2019Arpa fa il punto dell\u2019anno 2022 - La Voce del Paese\" \/>\n<meta property=\"og:description\" content=\"Tra le attivit\u00e0 delle Agenzie regionali per la Prevenzione e la Protezione dell\u2019Ambiente c\u2019\u00e8 quella di monitorare i parametri caratteristici\" \/>\n<meta property=\"og:url\" content=\"https:\/\/lavocedelpaese.info\/index.php\/2023\/02\/17\/qualita-dellaria-in-puglia-larpa-fa-il-punto-dellanno-2022\/\" \/>\n<meta property=\"og:site_name\" content=\"La Voce del Paese\" \/>\n<meta property=\"article:publisher\" content=\"https:\/\/www.facebook.com\/lavocedelpaese.info\" \/>\n<meta property=\"article:published_time\" content=\"2023-02-17T03:11:52+00:00\" \/>\n<meta property=\"article:modified_time\" content=\"2023-02-17T03:44:22+00:00\" \/>\n<meta property=\"og:image\" content=\"https:\/\/lavocedelpaese.info\/wp-content\/uploads\/2023\/02\/stazione-automatica-controllo-ambientale.jpeg\" \/>\n\t<meta property=\"og:image:width\" content=\"1000\" \/>\n\t<meta property=\"og:image:height\" content=\"627\" \/>\n\t<meta property=\"og:image:type\" content=\"image\/jpeg\" \/>\n<meta name=\"author\" content=\"admin\" \/>\n<meta name=\"twitter:card\" content=\"summary_large_image\" \/>\n<meta name=\"twitter:label1\" content=\"Scritto da\" \/>\n\t<meta name=\"twitter:data1\" content=\"admin\" \/>\n\t<meta name=\"twitter:label2\" content=\"Tempo di lettura stimato\" \/>\n\t<meta name=\"twitter:data2\" content=\"3 minuti\" \/>\n<script type=\"application\/ld+json\" class=\"yoast-schema-graph\">{\"@context\":\"https:\\\/\\\/schema.org\",\"@graph\":[{\"@type\":\"Article\",\"@id\":\"https:\\\/\\\/lavocedelpaese.info\\\/index.php\\\/2023\\\/02\\\/17\\\/qualita-dellaria-in-puglia-larpa-fa-il-punto-dellanno-2022\\\/#article\",\"isPartOf\":{\"@id\":\"https:\\\/\\\/lavocedelpaese.info\\\/index.php\\\/2023\\\/02\\\/17\\\/qualita-dellaria-in-puglia-larpa-fa-il-punto-dellanno-2022\\\/\"},\"author\":{\"name\":\"admin\",\"@id\":\"https:\\\/\\\/lavocedelpaese.info\\\/#\\\/schema\\\/person\\\/ec151d321306bd7591f7a061abf72d88\"},\"headline\":\"Qualit\u00e0 dell\u2019aria in Puglia: l\u2019Arpa fa il punto dell\u2019anno 2022\",\"datePublished\":\"2023-02-17T03:11:52+00:00\",\"dateModified\":\"2023-02-17T03:44:22+00:00\",\"mainEntityOfPage\":{\"@id\":\"https:\\\/\\\/lavocedelpaese.info\\\/index.php\\\/2023\\\/02\\\/17\\\/qualita-dellaria-in-puglia-larpa-fa-il-punto-dellanno-2022\\\/\"},\"wordCount\":640,\"commentCount\":0,\"publisher\":{\"@id\":\"https:\\\/\\\/lavocedelpaese.info\\\/#organization\"},\"image\":{\"@id\":\"https:\\\/\\\/lavocedelpaese.info\\\/index.php\\\/2023\\\/02\\\/17\\\/qualita-dellaria-in-puglia-larpa-fa-il-punto-dellanno-2022\\\/#primaryimage\"},\"thumbnailUrl\":\"https:\\\/\\\/lavocedelpaese.info\\\/wp-content\\\/uploads\\\/2023\\\/02\\\/stazione-automatica-controllo-ambientale.jpeg\",\"articleSection\":[\"Attualit\u00e0\",\"Regione\"],\"inLanguage\":\"it-IT\",\"potentialAction\":[{\"@type\":\"CommentAction\",\"name\":\"Comment\",\"target\":[\"https:\\\/\\\/lavocedelpaese.info\\\/index.php\\\/2023\\\/02\\\/17\\\/qualita-dellaria-in-puglia-larpa-fa-il-punto-dellanno-2022\\\/#respond\"]}]},{\"@type\":\"WebPage\",\"@id\":\"https:\\\/\\\/lavocedelpaese.info\\\/index.php\\\/2023\\\/02\\\/17\\\/qualita-dellaria-in-puglia-larpa-fa-il-punto-dellanno-2022\\\/\",\"url\":\"https:\\\/\\\/lavocedelpaese.info\\\/index.php\\\/2023\\\/02\\\/17\\\/qualita-dellaria-in-puglia-larpa-fa-il-punto-dellanno-2022\\\/\",\"name\":\"Qualit\u00e0 dell\u2019aria in Puglia: l\u2019Arpa fa il punto dell\u2019anno 2022 - La Voce del Paese\",\"isPartOf\":{\"@id\":\"https:\\\/\\\/lavocedelpaese.info\\\/#website\"},\"primaryImageOfPage\":{\"@id\":\"https:\\\/\\\/lavocedelpaese.info\\\/index.php\\\/2023\\\/02\\\/17\\\/qualita-dellaria-in-puglia-larpa-fa-il-punto-dellanno-2022\\\/#primaryimage\"},\"image\":{\"@id\":\"https:\\\/\\\/lavocedelpaese.info\\\/index.php\\\/2023\\\/02\\\/17\\\/qualita-dellaria-in-puglia-larpa-fa-il-punto-dellanno-2022\\\/#primaryimage\"},\"thumbnailUrl\":\"https:\\\/\\\/lavocedelpaese.info\\\/wp-content\\\/uploads\\\/2023\\\/02\\\/stazione-automatica-controllo-ambientale.jpeg\",\"datePublished\":\"2023-02-17T03:11:52+00:00\",\"dateModified\":\"2023-02-17T03:44:22+00:00\",\"breadcrumb\":{\"@id\":\"https:\\\/\\\/lavocedelpaese.info\\\/index.php\\\/2023\\\/02\\\/17\\\/qualita-dellaria-in-puglia-larpa-fa-il-punto-dellanno-2022\\\/#breadcrumb\"},\"inLanguage\":\"it-IT\",\"potentialAction\":[{\"@type\":\"ReadAction\",\"target\":[\"https:\\\/\\\/lavocedelpaese.info\\\/index.php\\\/2023\\\/02\\\/17\\\/qualita-dellaria-in-puglia-larpa-fa-il-punto-dellanno-2022\\\/\"]}]},{\"@type\":\"ImageObject\",\"inLanguage\":\"it-IT\",\"@id\":\"https:\\\/\\\/lavocedelpaese.info\\\/index.php\\\/2023\\\/02\\\/17\\\/qualita-dellaria-in-puglia-larpa-fa-il-punto-dellanno-2022\\\/#primaryimage\",\"url\":\"https:\\\/\\\/lavocedelpaese.info\\\/wp-content\\\/uploads\\\/2023\\\/02\\\/stazione-automatica-controllo-ambientale.jpeg\",\"contentUrl\":\"https:\\\/\\\/lavocedelpaese.info\\\/wp-content\\\/uploads\\\/2023\\\/02\\\/stazione-automatica-controllo-ambientale.jpeg\",\"width\":1000,\"height\":627},{\"@type\":\"BreadcrumbList\",\"@id\":\"https:\\\/\\\/lavocedelpaese.info\\\/index.php\\\/2023\\\/02\\\/17\\\/qualita-dellaria-in-puglia-larpa-fa-il-punto-dellanno-2022\\\/#breadcrumb\",\"itemListElement\":[{\"@type\":\"ListItem\",\"position\":1,\"name\":\"Home\",\"item\":\"https:\\\/\\\/lavocedelpaese.info\\\/\"},{\"@type\":\"ListItem\",\"position\":2,\"name\":\"Qualit\u00e0 dell\u2019aria in Puglia: l\u2019Arpa fa il punto dell\u2019anno 2022\"}]},{\"@type\":\"WebSite\",\"@id\":\"https:\\\/\\\/lavocedelpaese.info\\\/#website\",\"url\":\"https:\\\/\\\/lavocedelpaese.info\\\/\",\"name\":\"La Voce del Paese\",\"description\":\"Un network di idee\",\"publisher\":{\"@id\":\"https:\\\/\\\/lavocedelpaese.info\\\/#organization\"},\"potentialAction\":[{\"@type\":\"SearchAction\",\"target\":{\"@type\":\"EntryPoint\",\"urlTemplate\":\"https:\\\/\\\/lavocedelpaese.info\\\/?s={search_term_string}\"},\"query-input\":{\"@type\":\"PropertyValueSpecification\",\"valueRequired\":true,\"valueName\":\"search_term_string\"}}],\"inLanguage\":\"it-IT\"},{\"@type\":\"Organization\",\"@id\":\"https:\\\/\\\/lavocedelpaese.info\\\/#organization\",\"name\":\"La Voce del Paese\",\"url\":\"https:\\\/\\\/lavocedelpaese.info\\\/\",\"logo\":{\"@type\":\"ImageObject\",\"inLanguage\":\"it-IT\",\"@id\":\"https:\\\/\\\/lavocedelpaese.info\\\/#\\\/schema\\\/logo\\\/image\\\/\",\"url\":\"https:\\\/\\\/lavocedelpaese.info\\\/wp-content\\\/uploads\\\/2023\\\/01\\\/cropped-logo-150-127.png\",\"contentUrl\":\"https:\\\/\\\/lavocedelpaese.info\\\/wp-content\\\/uploads\\\/2023\\\/01\\\/cropped-logo-150-127.png\",\"width\":137,\"height\":119,\"caption\":\"La Voce del Paese\"},\"image\":{\"@id\":\"https:\\\/\\\/lavocedelpaese.info\\\/#\\\/schema\\\/logo\\\/image\\\/\"},\"sameAs\":[\"https:\\\/\\\/www.facebook.com\\\/lavocedelpaese.info\"]},{\"@type\":\"Person\",\"@id\":\"https:\\\/\\\/lavocedelpaese.info\\\/#\\\/schema\\\/person\\\/ec151d321306bd7591f7a061abf72d88\",\"name\":\"admin\",\"image\":{\"@type\":\"ImageObject\",\"inLanguage\":\"it-IT\",\"@id\":\"https:\\\/\\\/secure.gravatar.com\\\/avatar\\\/af8f2caf0663124588de48a9380e07cbc95a74ef15b8062d0d39106c32fe3023?s=96&d=mm&r=g\",\"url\":\"https:\\\/\\\/secure.gravatar.com\\\/avatar\\\/af8f2caf0663124588de48a9380e07cbc95a74ef15b8062d0d39106c32fe3023?s=96&d=mm&r=g\",\"contentUrl\":\"https:\\\/\\\/secure.gravatar.com\\\/avatar\\\/af8f2caf0663124588de48a9380e07cbc95a74ef15b8062d0d39106c32fe3023?s=96&d=mm&r=g\",\"caption\":\"admin\"},\"sameAs\":[\"https:\\\/\\\/lavocedelpaese.info\"],\"url\":\"https:\\\/\\\/lavocedelpaese.info\\\/index.php\\\/author\\\/admin\\\/\"}]}<\/script>\n<!-- \/ Yoast SEO plugin. -->","yoast_head_json":{"title":"Qualit\u00e0 dell\u2019aria in Puglia: l\u2019Arpa fa il punto dell\u2019anno 2022 - La Voce del Paese","robots":{"index":"index","follow":"follow","max-snippet":"max-snippet:-1","max-image-preview":"max-image-preview:large","max-video-preview":"max-video-preview:-1"},"canonical":"https:\/\/lavocedelpaese.info\/index.php\/2023\/02\/17\/qualita-dellaria-in-puglia-larpa-fa-il-punto-dellanno-2022\/","og_locale":"it_IT","og_type":"article","og_title":"Qualit\u00e0 dell\u2019aria in Puglia: l\u2019Arpa fa il punto dell\u2019anno 2022 - La Voce del Paese","og_description":"Tra le attivit\u00e0 delle Agenzie regionali per la Prevenzione e la Protezione dell\u2019Ambiente c\u2019\u00e8 quella di monitorare i parametri caratteristici","og_url":"https:\/\/lavocedelpaese.info\/index.php\/2023\/02\/17\/qualita-dellaria-in-puglia-larpa-fa-il-punto-dellanno-2022\/","og_site_name":"La Voce del Paese","article_publisher":"https:\/\/www.facebook.com\/lavocedelpaese.info","article_published_time":"2023-02-17T03:11:52+00:00","article_modified_time":"2023-02-17T03:44:22+00:00","og_image":[{"width":1000,"height":627,"url":"https:\/\/lavocedelpaese.info\/wp-content\/uploads\/2023\/02\/stazione-automatica-controllo-ambientale.jpeg","type":"image\/jpeg"}],"author":"admin","twitter_card":"summary_large_image","twitter_misc":{"Scritto da":"admin","Tempo di lettura stimato":"3 minuti"},"schema":{"@context":"https:\/\/schema.org","@graph":[{"@type":"Article","@id":"https:\/\/lavocedelpaese.info\/index.php\/2023\/02\/17\/qualita-dellaria-in-puglia-larpa-fa-il-punto-dellanno-2022\/#article","isPartOf":{"@id":"https:\/\/lavocedelpaese.info\/index.php\/2023\/02\/17\/qualita-dellaria-in-puglia-larpa-fa-il-punto-dellanno-2022\/"},"author":{"name":"admin","@id":"https:\/\/lavocedelpaese.info\/#\/schema\/person\/ec151d321306bd7591f7a061abf72d88"},"headline":"Qualit\u00e0 dell\u2019aria in Puglia: l\u2019Arpa fa il punto dell\u2019anno 2022","datePublished":"2023-02-17T03:11:52+00:00","dateModified":"2023-02-17T03:44:22+00:00","mainEntityOfPage":{"@id":"https:\/\/lavocedelpaese.info\/index.php\/2023\/02\/17\/qualita-dellaria-in-puglia-larpa-fa-il-punto-dellanno-2022\/"},"wordCount":640,"commentCount":0,"publisher":{"@id":"https:\/\/lavocedelpaese.info\/#organization"},"image":{"@id":"https:\/\/lavocedelpaese.info\/index.php\/2023\/02\/17\/qualita-dellaria-in-puglia-larpa-fa-il-punto-dellanno-2022\/#primaryimage"},"thumbnailUrl":"https:\/\/lavocedelpaese.info\/wp-content\/uploads\/2023\/02\/stazione-automatica-controllo-ambientale.jpeg","articleSection":["Attualit\u00e0","Regione"],"inLanguage":"it-IT","potentialAction":[{"@type":"CommentAction","name":"Comment","target":["https:\/\/lavocedelpaese.info\/index.php\/2023\/02\/17\/qualita-dellaria-in-puglia-larpa-fa-il-punto-dellanno-2022\/#respond"]}]},{"@type":"WebPage","@id":"https:\/\/lavocedelpaese.info\/index.php\/2023\/02\/17\/qualita-dellaria-in-puglia-larpa-fa-il-punto-dellanno-2022\/","url":"https:\/\/lavocedelpaese.info\/index.php\/2023\/02\/17\/qualita-dellaria-in-puglia-larpa-fa-il-punto-dellanno-2022\/","name":"Qualit\u00e0 dell\u2019aria in Puglia: l\u2019Arpa fa il punto dell\u2019anno 2022 - La Voce del Paese","isPartOf":{"@id":"https:\/\/lavocedelpaese.info\/#website"},"primaryImageOfPage":{"@id":"https:\/\/lavocedelpaese.info\/index.php\/2023\/02\/17\/qualita-dellaria-in-puglia-larpa-fa-il-punto-dellanno-2022\/#primaryimage"},"image":{"@id":"https:\/\/lavocedelpaese.info\/index.php\/2023\/02\/17\/qualita-dellaria-in-puglia-larpa-fa-il-punto-dellanno-2022\/#primaryimage"},"thumbnailUrl":"https:\/\/lavocedelpaese.info\/wp-content\/uploads\/2023\/02\/stazione-automatica-controllo-ambientale.jpeg","datePublished":"2023-02-17T03:11:52+00:00","dateModified":"2023-02-17T03:44:22+00:00","breadcrumb":{"@id":"https:\/\/lavocedelpaese.info\/index.php\/2023\/02\/17\/qualita-dellaria-in-puglia-larpa-fa-il-punto-dellanno-2022\/#breadcrumb"},"inLanguage":"it-IT","potentialAction":[{"@type":"ReadAction","target":["https:\/\/lavocedelpaese.info\/index.php\/2023\/02\/17\/qualita-dellaria-in-puglia-larpa-fa-il-punto-dellanno-2022\/"]}]},{"@type":"ImageObject","inLanguage":"it-IT","@id":"https:\/\/lavocedelpaese.info\/index.php\/2023\/02\/17\/qualita-dellaria-in-puglia-larpa-fa-il-punto-dellanno-2022\/#primaryimage","url":"https:\/\/lavocedelpaese.info\/wp-content\/uploads\/2023\/02\/stazione-automatica-controllo-ambientale.jpeg","contentUrl":"https:\/\/lavocedelpaese.info\/wp-content\/uploads\/2023\/02\/stazione-automatica-controllo-ambientale.jpeg","width":1000,"height":627},{"@type":"BreadcrumbList","@id":"https:\/\/lavocedelpaese.info\/index.php\/2023\/02\/17\/qualita-dellaria-in-puglia-larpa-fa-il-punto-dellanno-2022\/#breadcrumb","itemListElement":[{"@type":"ListItem","position":1,"name":"Home","item":"https:\/\/lavocedelpaese.info\/"},{"@type":"ListItem","position":2,"name":"Qualit\u00e0 dell\u2019aria in Puglia: l\u2019Arpa fa il punto dell\u2019anno 2022"}]},{"@type":"WebSite","@id":"https:\/\/lavocedelpaese.info\/#website","url":"https:\/\/lavocedelpaese.info\/","name":"La Voce del Paese","description":"Un network di idee","publisher":{"@id":"https:\/\/lavocedelpaese.info\/#organization"},"potentialAction":[{"@type":"SearchAction","target":{"@type":"EntryPoint","urlTemplate":"https:\/\/lavocedelpaese.info\/?s={search_term_string}"},"query-input":{"@type":"PropertyValueSpecification","valueRequired":true,"valueName":"search_term_string"}}],"inLanguage":"it-IT"},{"@type":"Organization","@id":"https:\/\/lavocedelpaese.info\/#organization","name":"La Voce del Paese","url":"https:\/\/lavocedelpaese.info\/","logo":{"@type":"ImageObject","inLanguage":"it-IT","@id":"https:\/\/lavocedelpaese.info\/#\/schema\/logo\/image\/","url":"https:\/\/lavocedelpaese.info\/wp-content\/uploads\/2023\/01\/cropped-logo-150-127.png","contentUrl":"https:\/\/lavocedelpaese.info\/wp-content\/uploads\/2023\/01\/cropped-logo-150-127.png","width":137,"height":119,"caption":"La Voce del Paese"},"image":{"@id":"https:\/\/lavocedelpaese.info\/#\/schema\/logo\/image\/"},"sameAs":["https:\/\/www.facebook.com\/lavocedelpaese.info"]},{"@type":"Person","@id":"https:\/\/lavocedelpaese.info\/#\/schema\/person\/ec151d321306bd7591f7a061abf72d88","name":"admin","image":{"@type":"ImageObject","inLanguage":"it-IT","@id":"https:\/\/secure.gravatar.com\/avatar\/af8f2caf0663124588de48a9380e07cbc95a74ef15b8062d0d39106c32fe3023?s=96&d=mm&r=g","url":"https:\/\/secure.gravatar.com\/avatar\/af8f2caf0663124588de48a9380e07cbc95a74ef15b8062d0d39106c32fe3023?s=96&d=mm&r=g","contentUrl":"https:\/\/secure.gravatar.com\/avatar\/af8f2caf0663124588de48a9380e07cbc95a74ef15b8062d0d39106c32fe3023?s=96&d=mm&r=g","caption":"admin"},"sameAs":["https:\/\/lavocedelpaese.info"],"url":"https:\/\/lavocedelpaese.info\/index.php\/author\/admin\/"}]}},"_links":{"self":[{"href":"https:\/\/lavocedelpaese.info\/index.php\/wp-json\/wp\/v2\/posts\/1100","targetHints":{"allow":["GET"]}}],"collection":[{"href":"https:\/\/lavocedelpaese.info\/index.php\/wp-json\/wp\/v2\/posts"}],"about":[{"href":"https:\/\/lavocedelpaese.info\/index.php\/wp-json\/wp\/v2\/types\/post"}],"author":[{"embeddable":true,"href":"https:\/\/lavocedelpaese.info\/index.php\/wp-json\/wp\/v2\/users\/6"}],"replies":[{"embeddable":true,"href":"https:\/\/lavocedelpaese.info\/index.php\/wp-json\/wp\/v2\/comments?post=1100"}],"version-history":[{"count":2,"href":"https:\/\/lavocedelpaese.info\/index.php\/wp-json\/wp\/v2\/posts\/1100\/revisions"}],"predecessor-version":[{"id":1103,"href":"https:\/\/lavocedelpaese.info\/index.php\/wp-json\/wp\/v2\/posts\/1100\/revisions\/1103"}],"wp:featuredmedia":[{"embeddable":true,"href":"https:\/\/lavocedelpaese.info\/index.php\/wp-json\/wp\/v2\/media\/1102"}],"wp:attachment":[{"href":"https:\/\/lavocedelpaese.info\/index.php\/wp-json\/wp\/v2\/media?parent=1100"}],"wp:term":[{"taxonomy":"category","embeddable":true,"href":"https:\/\/lavocedelpaese.info\/index.php\/wp-json\/wp\/v2\/categories?post=1100"},{"taxonomy":"post_tag","embeddable":true,"href":"https:\/\/lavocedelpaese.info\/index.php\/wp-json\/wp\/v2\/tags?post=1100"}],"curies":[{"name":"wp","href":"https:\/\/api.w.org\/{rel}","templated":true}]}}