{"id":10916,"date":"2026-04-30T08:14:09","date_gmt":"2026-04-30T08:14:09","guid":{"rendered":"https:\/\/lavocedelpaese.info\/index.php\/2026\/04\/30\/resta-ancora-chiusa-la-corsia-del-cavalcavia-della-morte-ecco-perche\/"},"modified":"2026-04-30T08:14:09","modified_gmt":"2026-04-30T08:14:09","slug":"resta-ancora-chiusa-la-corsia-del-cavalcavia-della-morte-ecco-perche","status":"publish","type":"post","link":"https:\/\/lavocedelpaese.info\/index.php\/2026\/04\/30\/resta-ancora-chiusa-la-corsia-del-cavalcavia-della-morte-ecco-perche\/","title":{"rendered":"Resta ancora chiusa la corsia del \u201ccavalcavia della morte\u201d: ecco perch\u00e8\u00a0\u200b"},"content":{"rendered":"<p>\u00a0<\/p>\n<p>\u200b\u00a0<\/p>\n<p>\u200b\u00a0<\/p>\n<p>Il dissequestro c\u2019\u00e8, ma la strada resta chiusa questa volta per ordine della Citt\u00e0 Metropolitana di Bari.<\/p>\n<p>Parliamo ancora della rampa di accesso che dalla zona PIP di Cassano delle Murge raggiunge la SP 236 verso Sannicandro di Bari, meglio conosciuto come \u201ccavalcavia della morte\u201d dopo la tragedia dei due giovani morti a bordo della loro auto il 29 settembre 2024.<\/p>\n<p>Dopo l<a href=\"https:\/\/cassano.lavocedelpaese.info\/cavalcavia-della-morte-dissequestrato-il-ponte-in-viale-europa\/\" data-type=\"link\" data-id=\"https:\/\/cassano.lavocedelpaese.info\/cavalcavia-della-morte-dissequestrato-il-ponte-in-viale-europa\/\">a decisione del sostituto procuratore della Procura della Repubblica di Bari Ignazio Francesco Abbadessa, titolare dell\u2019inchiesta di dissequestrare la corsia destra della rampa<\/a>, ieri l\u2019Ufficio Tecnico della Citt\u00e0 Metropolitana di Bari ha preso atto del provvedimento della Procura barese ma nello stesso tempo ha emesso una Ordinanza che richiude al traffico la strada.<\/p>\n<p>Tutto, insomma, rimane cos\u00ec com\u2019\u00e8 da oltre un anno e mezzo, con gravi disagi per gli automobilisti che ogni giorno devono affrontare lunghi giri per immettersi sulla provinciale per poi raggiungere Bari.<\/p>\n<p>La Citt\u00e0 Metropolitana di Bari, nella Ordinanza, ribadisce che quella strada non \u00e8 sua propriet\u00e0 e che le opere di manutenzione e messa in sicurezza non sono state mai effettuate proprio in mancanza di un titolo di propriet\u00e0.<\/p>\n<p>Esattamente l\u2019opposto di quanto dice il Comune di Cassano delle Murge che invece afferma che quella strada \u00e8 dell\u2019ex Provincia, citando proprio il verbale di dissequestro dell\u2019arteria da parte della Procura.<\/p>\n<p>Che in realt\u00e0 ha solo \u201caffidato\u201d alla Citt\u00e0 Metropolitana di Bari quella strada, imponendole di effettuare i lavori di messa in sicurezza ma senza entrare nel merito della propriet\u00e0 e delle successive responsabilit\u00e0.<\/p>\n<p>L\u2019ente di via Spalato, dunque, ottemperer\u00e0 a quanto disposto dal magistrato ma per adesso la strada resta chiusa al traffico, almeno per quanto riguarda la corsia di destra.<\/p>\n<p>\u201c<em>L\u2019ordinanza pubblicata<\/em> \u2013 si legge in una nota della Consigliera comunale e Metropolitana Raffaella Casamassima (FdI) <em>\u2013 parla chiaramente di una situazione ancora oggetto di verifiche e richiama la necessit\u00e0 di accertamenti tecnici, oltre alla questione delle competenze tra enti interessati. Proprio per questo stupisce vedere chi, alla notizia del decreto di dissequestro, invece di attendere gli esiti ufficiali, ha preferito fare sciacallaggio politico. Si lasci lavorare la magistratura, con l\u2019auspicio che Comune e Citt\u00e0 Metropolitana definiscano propriet\u00e0 e competenze ad un solo ed unico fine: la sicurezza del ponte\u201d.<\/em><\/p>\n<p><a class=\"a2a_button_facebook\" href=\"https:\/\/www.addtoany.com\/add_to\/facebook?linkurl=https%3A%2F%2Fcassano.lavocedelpaese.info%2Fresta-ancora-chiusa-la-corsia-del-cavalcavia-della-morte-ecco-perche%2F&amp;linkname=Resta%20ancora%20chiusa%20la%20corsia%20del%20%E2%80%9Ccavalcavia%20della%20morte%E2%80%9D%3A%20ecco%20perch%C3%A8\" title=\"Facebook\" rel=\"nofollow noopener\" target=\"_blank\"><\/a><a class=\"a2a_button_twitter\" href=\"https:\/\/www.addtoany.com\/add_to\/twitter?linkurl=https%3A%2F%2Fcassano.lavocedelpaese.info%2Fresta-ancora-chiusa-la-corsia-del-cavalcavia-della-morte-ecco-perche%2F&amp;linkname=Resta%20ancora%20chiusa%20la%20corsia%20del%20%E2%80%9Ccavalcavia%20della%20morte%E2%80%9D%3A%20ecco%20perch%C3%A8\" title=\"Twitter\" rel=\"nofollow noopener\" target=\"_blank\"><\/a><a class=\"a2a_button_whatsapp\" href=\"https:\/\/www.addtoany.com\/add_to\/whatsapp?linkurl=https%3A%2F%2Fcassano.lavocedelpaese.info%2Fresta-ancora-chiusa-la-corsia-del-cavalcavia-della-morte-ecco-perche%2F&amp;linkname=Resta%20ancora%20chiusa%20la%20corsia%20del%20%E2%80%9Ccavalcavia%20della%20morte%E2%80%9D%3A%20ecco%20perch%C3%A8\" title=\"WhatsApp\" rel=\"nofollow noopener\" target=\"_blank\"><\/a><a class=\"a2a_button_telegram\" href=\"https:\/\/www.addtoany.com\/add_to\/telegram?linkurl=https%3A%2F%2Fcassano.lavocedelpaese.info%2Fresta-ancora-chiusa-la-corsia-del-cavalcavia-della-morte-ecco-perche%2F&amp;linkname=Resta%20ancora%20chiusa%20la%20corsia%20del%20%E2%80%9Ccavalcavia%20della%20morte%E2%80%9D%3A%20ecco%20perch%C3%A8\" title=\"Telegram\" rel=\"nofollow noopener\" target=\"_blank\"><\/a><a class=\"a2a_button_email\" href=\"https:\/\/www.addtoany.com\/add_to\/email?linkurl=https%3A%2F%2Fcassano.lavocedelpaese.info%2Fresta-ancora-chiusa-la-corsia-del-cavalcavia-della-morte-ecco-perche%2F&amp;linkname=Resta%20ancora%20chiusa%20la%20corsia%20del%20%E2%80%9Ccavalcavia%20della%20morte%E2%80%9D%3A%20ecco%20perch%C3%A8\" title=\"Email\" rel=\"nofollow noopener\" target=\"_blank\"><\/a><\/p>\n<p>\u00a0<\/p>\n<p>\u00a0<\/p>\n<p>\u200b\u00a0\u00a0\u00a0<\/p>","protected":false},"excerpt":{"rendered":"<p>\u00a0 \u200b\u00a0 \u200b\u00a0 Il dissequestro c\u2019\u00e8, ma la strada resta chiusa questa volta per ordine della Citt\u00e0 Metropolitana di Bari.<\/p>\n","protected":false},"author":6,"featured_media":730,"comment_status":"open","ping_status":"closed","sticky":false,"template":"","format":"standard","meta":{"colormag_page_container_layout":"default_layout","colormag_page_sidebar_layout":"default_layout","footnotes":""},"categories":[33],"tags":[],"class_list":["post-10916","post","type-post","status-publish","format-standard","has-post-thumbnail","hentry","category-network"],"yoast_head":"<!-- This site is optimized with the Yoast SEO plugin v27.5 - https:\/\/yoast.com\/product\/yoast-seo-wordpress\/ -->\n<title>Resta ancora chiusa la corsia del \u201ccavalcavia della morte\u201d: ecco perch\u00e8\u00a0\u200b - La Voce del Paese<\/title>\n<meta name=\"robots\" content=\"index, follow, max-snippet:-1, max-image-preview:large, max-video-preview:-1\" \/>\n<link rel=\"canonical\" href=\"https:\/\/lavocedelpaese.info\/index.php\/2026\/04\/30\/resta-ancora-chiusa-la-corsia-del-cavalcavia-della-morte-ecco-perche\/\" \/>\n<meta property=\"og:locale\" content=\"it_IT\" \/>\n<meta property=\"og:type\" content=\"article\" \/>\n<meta property=\"og:title\" content=\"Resta ancora chiusa la corsia del \u201ccavalcavia della morte\u201d: ecco perch\u00e8\u00a0\u200b - La Voce del Paese\" \/>\n<meta property=\"og:description\" content=\"\u00a0 \u200b\u00a0 \u200b\u00a0 Il dissequestro c\u2019\u00e8, ma la strada resta chiusa questa volta per ordine della Citt\u00e0 Metropolitana di Bari.\" \/>\n<meta property=\"og:url\" content=\"https:\/\/lavocedelpaese.info\/index.php\/2026\/04\/30\/resta-ancora-chiusa-la-corsia-del-cavalcavia-della-morte-ecco-perche\/\" \/>\n<meta property=\"og:site_name\" content=\"La Voce del Paese\" \/>\n<meta property=\"article:publisher\" content=\"https:\/\/www.facebook.com\/lavocedelpaese.info\" \/>\n<meta property=\"article:published_time\" content=\"2026-04-30T08:14:09+00:00\" \/>\n<meta name=\"author\" content=\"admin\" \/>\n<meta name=\"twitter:card\" content=\"summary_large_image\" \/>\n<meta name=\"twitter:label1\" content=\"Scritto da\" \/>\n\t<meta name=\"twitter:data1\" content=\"admin\" \/>\n\t<meta name=\"twitter:label2\" content=\"Tempo di lettura stimato\" \/>\n\t<meta name=\"twitter:data2\" content=\"2 minuti\" \/>\n<script type=\"application\/ld+json\" class=\"yoast-schema-graph\">{\"@context\":\"https:\\\/\\\/schema.org\",\"@graph\":[{\"@type\":\"Article\",\"@id\":\"https:\\\/\\\/lavocedelpaese.info\\\/index.php\\\/2026\\\/04\\\/30\\\/resta-ancora-chiusa-la-corsia-del-cavalcavia-della-morte-ecco-perche\\\/#article\",\"isPartOf\":{\"@id\":\"https:\\\/\\\/lavocedelpaese.info\\\/index.php\\\/2026\\\/04\\\/30\\\/resta-ancora-chiusa-la-corsia-del-cavalcavia-della-morte-ecco-perche\\\/\"},\"author\":{\"name\":\"admin\",\"@id\":\"https:\\\/\\\/lavocedelpaese.info\\\/#\\\/schema\\\/person\\\/ec151d321306bd7591f7a061abf72d88\"},\"headline\":\"Resta ancora chiusa la corsia del \u201ccavalcavia della morte\u201d: ecco perch\u00e8\u00a0\u200b\",\"datePublished\":\"2026-04-30T08:14:09+00:00\",\"mainEntityOfPage\":{\"@id\":\"https:\\\/\\\/lavocedelpaese.info\\\/index.php\\\/2026\\\/04\\\/30\\\/resta-ancora-chiusa-la-corsia-del-cavalcavia-della-morte-ecco-perche\\\/\"},\"wordCount\":379,\"commentCount\":0,\"publisher\":{\"@id\":\"https:\\\/\\\/lavocedelpaese.info\\\/#organization\"},\"image\":{\"@id\":\"https:\\\/\\\/lavocedelpaese.info\\\/index.php\\\/2026\\\/04\\\/30\\\/resta-ancora-chiusa-la-corsia-del-cavalcavia-della-morte-ecco-perche\\\/#primaryimage\"},\"thumbnailUrl\":\"https:\\\/\\\/lavocedelpaese.info\\\/wp-content\\\/uploads\\\/2023\\\/01\\\/logo-150-127.png\",\"articleSection\":[\"network\"],\"inLanguage\":\"it-IT\",\"potentialAction\":[{\"@type\":\"CommentAction\",\"name\":\"Comment\",\"target\":[\"https:\\\/\\\/lavocedelpaese.info\\\/index.php\\\/2026\\\/04\\\/30\\\/resta-ancora-chiusa-la-corsia-del-cavalcavia-della-morte-ecco-perche\\\/#respond\"]}]},{\"@type\":\"WebPage\",\"@id\":\"https:\\\/\\\/lavocedelpaese.info\\\/index.php\\\/2026\\\/04\\\/30\\\/resta-ancora-chiusa-la-corsia-del-cavalcavia-della-morte-ecco-perche\\\/\",\"url\":\"https:\\\/\\\/lavocedelpaese.info\\\/index.php\\\/2026\\\/04\\\/30\\\/resta-ancora-chiusa-la-corsia-del-cavalcavia-della-morte-ecco-perche\\\/\",\"name\":\"Resta ancora chiusa la corsia del \u201ccavalcavia della morte\u201d: ecco perch\u00e8\u00a0\u200b - La Voce del Paese\",\"isPartOf\":{\"@id\":\"https:\\\/\\\/lavocedelpaese.info\\\/#website\"},\"primaryImageOfPage\":{\"@id\":\"https:\\\/\\\/lavocedelpaese.info\\\/index.php\\\/2026\\\/04\\\/30\\\/resta-ancora-chiusa-la-corsia-del-cavalcavia-della-morte-ecco-perche\\\/#primaryimage\"},\"image\":{\"@id\":\"https:\\\/\\\/lavocedelpaese.info\\\/index.php\\\/2026\\\/04\\\/30\\\/resta-ancora-chiusa-la-corsia-del-cavalcavia-della-morte-ecco-perche\\\/#primaryimage\"},\"thumbnailUrl\":\"https:\\\/\\\/lavocedelpaese.info\\\/wp-content\\\/uploads\\\/2023\\\/01\\\/logo-150-127.png\",\"datePublished\":\"2026-04-30T08:14:09+00:00\",\"breadcrumb\":{\"@id\":\"https:\\\/\\\/lavocedelpaese.info\\\/index.php\\\/2026\\\/04\\\/30\\\/resta-ancora-chiusa-la-corsia-del-cavalcavia-della-morte-ecco-perche\\\/#breadcrumb\"},\"inLanguage\":\"it-IT\",\"potentialAction\":[{\"@type\":\"ReadAction\",\"target\":[\"https:\\\/\\\/lavocedelpaese.info\\\/index.php\\\/2026\\\/04\\\/30\\\/resta-ancora-chiusa-la-corsia-del-cavalcavia-della-morte-ecco-perche\\\/\"]}]},{\"@type\":\"ImageObject\",\"inLanguage\":\"it-IT\",\"@id\":\"https:\\\/\\\/lavocedelpaese.info\\\/index.php\\\/2026\\\/04\\\/30\\\/resta-ancora-chiusa-la-corsia-del-cavalcavia-della-morte-ecco-perche\\\/#primaryimage\",\"url\":\"https:\\\/\\\/lavocedelpaese.info\\\/wp-content\\\/uploads\\\/2023\\\/01\\\/logo-150-127.png\",\"contentUrl\":\"https:\\\/\\\/lavocedelpaese.info\\\/wp-content\\\/uploads\\\/2023\\\/01\\\/logo-150-127.png\",\"width\":150,\"height\":127},{\"@type\":\"BreadcrumbList\",\"@id\":\"https:\\\/\\\/lavocedelpaese.info\\\/index.php\\\/2026\\\/04\\\/30\\\/resta-ancora-chiusa-la-corsia-del-cavalcavia-della-morte-ecco-perche\\\/#breadcrumb\",\"itemListElement\":[{\"@type\":\"ListItem\",\"position\":1,\"name\":\"Home\",\"item\":\"https:\\\/\\\/lavocedelpaese.info\\\/\"},{\"@type\":\"ListItem\",\"position\":2,\"name\":\"Resta ancora chiusa la corsia del \u201ccavalcavia della morte\u201d: ecco perch\u00e8\u00a0\u200b\"}]},{\"@type\":\"WebSite\",\"@id\":\"https:\\\/\\\/lavocedelpaese.info\\\/#website\",\"url\":\"https:\\\/\\\/lavocedelpaese.info\\\/\",\"name\":\"La Voce del Paese\",\"description\":\"Un network di idee\",\"publisher\":{\"@id\":\"https:\\\/\\\/lavocedelpaese.info\\\/#organization\"},\"potentialAction\":[{\"@type\":\"SearchAction\",\"target\":{\"@type\":\"EntryPoint\",\"urlTemplate\":\"https:\\\/\\\/lavocedelpaese.info\\\/?s={search_term_string}\"},\"query-input\":{\"@type\":\"PropertyValueSpecification\",\"valueRequired\":true,\"valueName\":\"search_term_string\"}}],\"inLanguage\":\"it-IT\"},{\"@type\":\"Organization\",\"@id\":\"https:\\\/\\\/lavocedelpaese.info\\\/#organization\",\"name\":\"La Voce del Paese\",\"url\":\"https:\\\/\\\/lavocedelpaese.info\\\/\",\"logo\":{\"@type\":\"ImageObject\",\"inLanguage\":\"it-IT\",\"@id\":\"https:\\\/\\\/lavocedelpaese.info\\\/#\\\/schema\\\/logo\\\/image\\\/\",\"url\":\"https:\\\/\\\/lavocedelpaese.info\\\/wp-content\\\/uploads\\\/2023\\\/01\\\/cropped-logo-150-127.png\",\"contentUrl\":\"https:\\\/\\\/lavocedelpaese.info\\\/wp-content\\\/uploads\\\/2023\\\/01\\\/cropped-logo-150-127.png\",\"width\":137,\"height\":119,\"caption\":\"La Voce del Paese\"},\"image\":{\"@id\":\"https:\\\/\\\/lavocedelpaese.info\\\/#\\\/schema\\\/logo\\\/image\\\/\"},\"sameAs\":[\"https:\\\/\\\/www.facebook.com\\\/lavocedelpaese.info\"]},{\"@type\":\"Person\",\"@id\":\"https:\\\/\\\/lavocedelpaese.info\\\/#\\\/schema\\\/person\\\/ec151d321306bd7591f7a061abf72d88\",\"name\":\"admin\",\"image\":{\"@type\":\"ImageObject\",\"inLanguage\":\"it-IT\",\"@id\":\"https:\\\/\\\/secure.gravatar.com\\\/avatar\\\/af8f2caf0663124588de48a9380e07cbc95a74ef15b8062d0d39106c32fe3023?s=96&d=mm&r=g\",\"url\":\"https:\\\/\\\/secure.gravatar.com\\\/avatar\\\/af8f2caf0663124588de48a9380e07cbc95a74ef15b8062d0d39106c32fe3023?s=96&d=mm&r=g\",\"contentUrl\":\"https:\\\/\\\/secure.gravatar.com\\\/avatar\\\/af8f2caf0663124588de48a9380e07cbc95a74ef15b8062d0d39106c32fe3023?s=96&d=mm&r=g\",\"caption\":\"admin\"},\"sameAs\":[\"https:\\\/\\\/lavocedelpaese.info\"],\"url\":\"https:\\\/\\\/lavocedelpaese.info\\\/index.php\\\/author\\\/admin\\\/\"}]}<\/script>\n<!-- \/ Yoast SEO plugin. -->","yoast_head_json":{"title":"Resta ancora chiusa la corsia del \u201ccavalcavia della morte\u201d: ecco perch\u00e8\u00a0\u200b - La Voce del Paese","robots":{"index":"index","follow":"follow","max-snippet":"max-snippet:-1","max-image-preview":"max-image-preview:large","max-video-preview":"max-video-preview:-1"},"canonical":"https:\/\/lavocedelpaese.info\/index.php\/2026\/04\/30\/resta-ancora-chiusa-la-corsia-del-cavalcavia-della-morte-ecco-perche\/","og_locale":"it_IT","og_type":"article","og_title":"Resta ancora chiusa la corsia del \u201ccavalcavia della morte\u201d: ecco perch\u00e8\u00a0\u200b - La Voce del Paese","og_description":"\u00a0 \u200b\u00a0 \u200b\u00a0 Il dissequestro c\u2019\u00e8, ma la strada resta chiusa questa volta per ordine della Citt\u00e0 Metropolitana di Bari.","og_url":"https:\/\/lavocedelpaese.info\/index.php\/2026\/04\/30\/resta-ancora-chiusa-la-corsia-del-cavalcavia-della-morte-ecco-perche\/","og_site_name":"La Voce del Paese","article_publisher":"https:\/\/www.facebook.com\/lavocedelpaese.info","article_published_time":"2026-04-30T08:14:09+00:00","author":"admin","twitter_card":"summary_large_image","twitter_misc":{"Scritto da":"admin","Tempo di lettura stimato":"2 minuti"},"schema":{"@context":"https:\/\/schema.org","@graph":[{"@type":"Article","@id":"https:\/\/lavocedelpaese.info\/index.php\/2026\/04\/30\/resta-ancora-chiusa-la-corsia-del-cavalcavia-della-morte-ecco-perche\/#article","isPartOf":{"@id":"https:\/\/lavocedelpaese.info\/index.php\/2026\/04\/30\/resta-ancora-chiusa-la-corsia-del-cavalcavia-della-morte-ecco-perche\/"},"author":{"name":"admin","@id":"https:\/\/lavocedelpaese.info\/#\/schema\/person\/ec151d321306bd7591f7a061abf72d88"},"headline":"Resta ancora chiusa la corsia del \u201ccavalcavia della morte\u201d: ecco perch\u00e8\u00a0\u200b","datePublished":"2026-04-30T08:14:09+00:00","mainEntityOfPage":{"@id":"https:\/\/lavocedelpaese.info\/index.php\/2026\/04\/30\/resta-ancora-chiusa-la-corsia-del-cavalcavia-della-morte-ecco-perche\/"},"wordCount":379,"commentCount":0,"publisher":{"@id":"https:\/\/lavocedelpaese.info\/#organization"},"image":{"@id":"https:\/\/lavocedelpaese.info\/index.php\/2026\/04\/30\/resta-ancora-chiusa-la-corsia-del-cavalcavia-della-morte-ecco-perche\/#primaryimage"},"thumbnailUrl":"https:\/\/lavocedelpaese.info\/wp-content\/uploads\/2023\/01\/logo-150-127.png","articleSection":["network"],"inLanguage":"it-IT","potentialAction":[{"@type":"CommentAction","name":"Comment","target":["https:\/\/lavocedelpaese.info\/index.php\/2026\/04\/30\/resta-ancora-chiusa-la-corsia-del-cavalcavia-della-morte-ecco-perche\/#respond"]}]},{"@type":"WebPage","@id":"https:\/\/lavocedelpaese.info\/index.php\/2026\/04\/30\/resta-ancora-chiusa-la-corsia-del-cavalcavia-della-morte-ecco-perche\/","url":"https:\/\/lavocedelpaese.info\/index.php\/2026\/04\/30\/resta-ancora-chiusa-la-corsia-del-cavalcavia-della-morte-ecco-perche\/","name":"Resta ancora chiusa la corsia del \u201ccavalcavia della morte\u201d: ecco perch\u00e8\u00a0\u200b - La Voce del Paese","isPartOf":{"@id":"https:\/\/lavocedelpaese.info\/#website"},"primaryImageOfPage":{"@id":"https:\/\/lavocedelpaese.info\/index.php\/2026\/04\/30\/resta-ancora-chiusa-la-corsia-del-cavalcavia-della-morte-ecco-perche\/#primaryimage"},"image":{"@id":"https:\/\/lavocedelpaese.info\/index.php\/2026\/04\/30\/resta-ancora-chiusa-la-corsia-del-cavalcavia-della-morte-ecco-perche\/#primaryimage"},"thumbnailUrl":"https:\/\/lavocedelpaese.info\/wp-content\/uploads\/2023\/01\/logo-150-127.png","datePublished":"2026-04-30T08:14:09+00:00","breadcrumb":{"@id":"https:\/\/lavocedelpaese.info\/index.php\/2026\/04\/30\/resta-ancora-chiusa-la-corsia-del-cavalcavia-della-morte-ecco-perche\/#breadcrumb"},"inLanguage":"it-IT","potentialAction":[{"@type":"ReadAction","target":["https:\/\/lavocedelpaese.info\/index.php\/2026\/04\/30\/resta-ancora-chiusa-la-corsia-del-cavalcavia-della-morte-ecco-perche\/"]}]},{"@type":"ImageObject","inLanguage":"it-IT","@id":"https:\/\/lavocedelpaese.info\/index.php\/2026\/04\/30\/resta-ancora-chiusa-la-corsia-del-cavalcavia-della-morte-ecco-perche\/#primaryimage","url":"https:\/\/lavocedelpaese.info\/wp-content\/uploads\/2023\/01\/logo-150-127.png","contentUrl":"https:\/\/lavocedelpaese.info\/wp-content\/uploads\/2023\/01\/logo-150-127.png","width":150,"height":127},{"@type":"BreadcrumbList","@id":"https:\/\/lavocedelpaese.info\/index.php\/2026\/04\/30\/resta-ancora-chiusa-la-corsia-del-cavalcavia-della-morte-ecco-perche\/#breadcrumb","itemListElement":[{"@type":"ListItem","position":1,"name":"Home","item":"https:\/\/lavocedelpaese.info\/"},{"@type":"ListItem","position":2,"name":"Resta ancora chiusa la corsia del \u201ccavalcavia della morte\u201d: ecco perch\u00e8\u00a0\u200b"}]},{"@type":"WebSite","@id":"https:\/\/lavocedelpaese.info\/#website","url":"https:\/\/lavocedelpaese.info\/","name":"La Voce del Paese","description":"Un network di idee","publisher":{"@id":"https:\/\/lavocedelpaese.info\/#organization"},"potentialAction":[{"@type":"SearchAction","target":{"@type":"EntryPoint","urlTemplate":"https:\/\/lavocedelpaese.info\/?s={search_term_string}"},"query-input":{"@type":"PropertyValueSpecification","valueRequired":true,"valueName":"search_term_string"}}],"inLanguage":"it-IT"},{"@type":"Organization","@id":"https:\/\/lavocedelpaese.info\/#organization","name":"La Voce del Paese","url":"https:\/\/lavocedelpaese.info\/","logo":{"@type":"ImageObject","inLanguage":"it-IT","@id":"https:\/\/lavocedelpaese.info\/#\/schema\/logo\/image\/","url":"https:\/\/lavocedelpaese.info\/wp-content\/uploads\/2023\/01\/cropped-logo-150-127.png","contentUrl":"https:\/\/lavocedelpaese.info\/wp-content\/uploads\/2023\/01\/cropped-logo-150-127.png","width":137,"height":119,"caption":"La Voce del Paese"},"image":{"@id":"https:\/\/lavocedelpaese.info\/#\/schema\/logo\/image\/"},"sameAs":["https:\/\/www.facebook.com\/lavocedelpaese.info"]},{"@type":"Person","@id":"https:\/\/lavocedelpaese.info\/#\/schema\/person\/ec151d321306bd7591f7a061abf72d88","name":"admin","image":{"@type":"ImageObject","inLanguage":"it-IT","@id":"https:\/\/secure.gravatar.com\/avatar\/af8f2caf0663124588de48a9380e07cbc95a74ef15b8062d0d39106c32fe3023?s=96&d=mm&r=g","url":"https:\/\/secure.gravatar.com\/avatar\/af8f2caf0663124588de48a9380e07cbc95a74ef15b8062d0d39106c32fe3023?s=96&d=mm&r=g","contentUrl":"https:\/\/secure.gravatar.com\/avatar\/af8f2caf0663124588de48a9380e07cbc95a74ef15b8062d0d39106c32fe3023?s=96&d=mm&r=g","caption":"admin"},"sameAs":["https:\/\/lavocedelpaese.info"],"url":"https:\/\/lavocedelpaese.info\/index.php\/author\/admin\/"}]}},"_links":{"self":[{"href":"https:\/\/lavocedelpaese.info\/index.php\/wp-json\/wp\/v2\/posts\/10916","targetHints":{"allow":["GET"]}}],"collection":[{"href":"https:\/\/lavocedelpaese.info\/index.php\/wp-json\/wp\/v2\/posts"}],"about":[{"href":"https:\/\/lavocedelpaese.info\/index.php\/wp-json\/wp\/v2\/types\/post"}],"author":[{"embeddable":true,"href":"https:\/\/lavocedelpaese.info\/index.php\/wp-json\/wp\/v2\/users\/6"}],"replies":[{"embeddable":true,"href":"https:\/\/lavocedelpaese.info\/index.php\/wp-json\/wp\/v2\/comments?post=10916"}],"version-history":[{"count":0,"href":"https:\/\/lavocedelpaese.info\/index.php\/wp-json\/wp\/v2\/posts\/10916\/revisions"}],"wp:featuredmedia":[{"embeddable":true,"href":"https:\/\/lavocedelpaese.info\/index.php\/wp-json\/wp\/v2\/media\/730"}],"wp:attachment":[{"href":"https:\/\/lavocedelpaese.info\/index.php\/wp-json\/wp\/v2\/media?parent=10916"}],"wp:term":[{"taxonomy":"category","embeddable":true,"href":"https:\/\/lavocedelpaese.info\/index.php\/wp-json\/wp\/v2\/categories?post=10916"},{"taxonomy":"post_tag","embeddable":true,"href":"https:\/\/lavocedelpaese.info\/index.php\/wp-json\/wp\/v2\/tags?post=10916"}],"curies":[{"name":"wp","href":"https:\/\/api.w.org\/{rel}","templated":true}]}}