{"id":10913,"date":"2026-04-30T06:14:00","date_gmt":"2026-04-30T06:14:00","guid":{"rendered":"https:\/\/lavocedelpaese.info\/index.php\/2026\/04\/30\/turi-celebra-i-300-anni-dellapparizione-di-santoronzo\/"},"modified":"2026-04-30T06:14:00","modified_gmt":"2026-04-30T06:14:00","slug":"turi-celebra-i-300-anni-dellapparizione-di-santoronzo","status":"publish","type":"post","link":"https:\/\/lavocedelpaese.info\/index.php\/2026\/04\/30\/turi-celebra-i-300-anni-dellapparizione-di-santoronzo\/","title":{"rendered":"Turi celebra i 300 anni dell\u2019Apparizione di Sant\u2019Oronzo\u00a0\u200b"},"content":{"rendered":"<p>\u00a0<\/p>\n<p>\u200b\u00a0<\/p>\n<p>\u200b\u00a0<\/p>\n<div><\/div>\n<h4 class=\"wp-block-heading\"><strong>Tra fede, storia e il ritorno dei \u201ccantastorie\u201d<\/strong><\/h4>\n<p>La Chiesa Madre di Turi ha fatto da cornice, mercoled\u00ec 29 aprile, a un evento di straordinaria intensit\u00e0 emotiva e spirituale per celebrare il Terzo Centenario dell\u2019apparizione di Sant\u2019Oronzo, avvenuta nel 1726. Sotto il motto \u201cProtegger\u00f2 questa citt\u00e0\u201d, la comunit\u00e0 si \u00e8 riunita alla presenza di <strong>Mons. Giuseppe Favale<\/strong> e del parroco <strong>Don Luciano Rotolo<\/strong> per commemorare l\u2019evento miracoloso che ha segnato per sempre la storia locale.<\/p>\n<p>L\u2019evento \u00e8 stato realizzato in stretta collaborazione con l\u2019Associazione <strong>Cultura e Armonia<\/strong> e <strong>Willy Green Technology<\/strong>.<\/p>\n<p>Nell\u2019organizzare la ricorrenza, gli ideatori si sono trovati di fronte a un dilemma: una classica conferenza storica avrebbe rischiato di limitare l\u2019interesse solo a un pubblico di nicchia. Da qui l\u2019intuizione di recuperare l\u2019antica vocazione dei \u201ccantastorie\u201d, figure che un tempo viaggiavano di paese in paese per radunare il popolo e veicolare messaggi. La narrazione scenica \u00e8 stata cos\u00ec affidata alla voce dell\u2019attrice <strong>Ivana Pantaleo<\/strong>, magistralmente \u201caccarezzata\u201d dall\u2019accompagnamento musicale del <strong>Maestro Pasquale Maglione<\/strong>, una formula che ha reso il pubblico vero protagonista delle vicende narrate.<\/p>\n<p>Il cuore dell\u2019evento ha ripercorso la vita del \u201cvulcanico\u201d frate laico Tommaso da Carbonara, nato intorno al 1698, un uomo di umili origini divenuto francescano nel 1717. Fra Tommaso era noto in tutto il territorio per la sua estrema umilt\u00e0 e per una straordinaria capacit\u00e0 di raccogliere elemosine, con cui aiut\u00f2 i poveri durante la carestia e contribu\u00ec a edificare le celle del convento di Turi.<\/p>\n<p>Alla fine di aprile del 1726, Sant\u2019Oronzo apparve al frate dinanzi all\u2019altare della grotta. Il Santo, lamentando il raffreddamento della devozione cittadina, gli affid\u00f2 un compito inequivocabile: <em>\u201cDite al popolo di Turi che molto si \u00e8 raffreddata la loro devozione verso di me\u2026 e tu abbi cura di farmi portare una croce per inalberarsi in questo luogo che qui \u00e8 la mia casa\u201d<\/em>. Tormentato dal rischio di essere scambiato per un \u201cfolle visionario\u201d, Fra Tommaso confess\u00f2 infine l\u2019accaduto all\u2019arciprete <strong>Domenico Gonnella<\/strong>. Quest\u2019ultimo, conoscendo le virt\u00f9 del religioso, non esit\u00f2 a ordinare la realizzazione della croce che, il 3 maggio 1726, fu portata in solenne processione da tutto il clero e dal popolo fino alla grotta, ridando un duraturo fervore alla fede turese.<\/p>\n<p>La rievocazione ha permesso di riscoprire l\u2019importanza millenaria della Grotta di Sant\u2019Oronzo, un ipogeo carsico profondo circa 12 metri dove il Vescovo Oronzo e Giusto da Corinto trovarono rifugio durante le feroci persecuzioni neroniane. Il luogo, arricchito tra il 1727 e il 1728 da uno splendido pavimento di 238 mattonelle in maiolica di Laterza, fu teatro di un altro grande miracolo nel Seicento. Durante la drammatica peste del 1656-1658, il Santo apparve in sogno a una \u201cgiovane verginella\u201d per indicarle l\u2019esatta ubicazione della grotta, all\u2019epoca dimenticata e nascosta da una folta selva. Grazie a quella scoperta, la comunit\u00e0 turese fu in gran parte risparmiata dall\u2019epidemia e, il 1\u00b0 aprile 1657, il capitolo chiese ufficialmente che Sant\u2019Oronzo divenisse il patrono della citt\u00e0.<\/p>\n<p>Le riflessioni conclusive dei religiosi presenti hanno tracciato un parallelismo profondo tra la vita di Ges\u00f9 e quella di Sant\u2019Oronzo: entrambi predicarono nei loro luoghi d\u2019origine, furono arrestati per aver annunciato la Parola di Dio e condannati a morte. Sant\u2019Oronzo, decapitato per essersi rifiutato di adorare la statua di Giove, visse i suoi ultimi undici giorni di carcere non con disperazione, ma come un\u2019attesa gioiosa per il suo \u201csecondo battesimo\u201d, il martirio. \u00c8 stato definito un <em>\u201cuomo consumato da cuore per Cristo\u201d<\/em>, la cui esperienza spirituale \u00e8 chiamata a scuotere ancora le coscienze moderne.<\/p>\n<p>L\u2019evento non si \u00e8 limitato al solo ricordo storico, ma ha gettato le basi per iniziative future. L\u2019attrice Ivana Pantaleo si \u00e8 rivelata non solo una voce narrante, ma si \u00e8 anche interessata del nascente \u201cCammino Oronziano\u201d. Questo ambizioso progetto punta a unire spiritualit\u00e0 e territorio, proponendo un percorso che dovrebbe avere il suo ideale inizio proprio dalla storica grotta di Turi per poi snodarsi fino ai paesi del Salento, ripercorrendo fisicamente e spiritualmente i passi dell\u2019antico e amato patrono.<\/p>\n<p class=\"has-text-align-right\"><strong>Maria Pia Iurlaro<\/strong><\/p>\n<p class=\"has-text-align-right\"><strong><em>ph Nicola Castellana<\/em><\/strong><\/p>\n<figure class=\"wp-block-gallery has-nested-images columns-1 is-cropped wp-block-gallery-1 is-layout-flex wp-block-gallery-is-layout-flex\">\n<figure class=\"wp-block-image size-large\"><img decoding=\"async\" width=\"2048\" height=\"1368\" data-id=\"8742\" src=\"https:\/\/turi.lavocedelpaese.info\/wp-content\/uploads\/2026\/04\/DSC_6036-2048x1368.jpg\" alt=\"\" class=\"wp-image-8742\" \/><\/figure>\n<figure class=\"wp-block-image size-large\"><img decoding=\"async\" width=\"2048\" height=\"1368\" data-id=\"8730\" src=\"https:\/\/turi.lavocedelpaese.info\/wp-content\/uploads\/2026\/04\/DSC_5943-2048x1368.jpg\" alt=\"\" class=\"wp-image-8730\" \/><\/figure>\n<figure class=\"wp-block-image size-large\"><img decoding=\"async\" width=\"2048\" height=\"1368\" data-id=\"8741\" src=\"https:\/\/turi.lavocedelpaese.info\/wp-content\/uploads\/2026\/04\/DSC_6005-2048x1368.jpg\" alt=\"\" class=\"wp-image-8741\" \/><\/figure>\n<figure class=\"wp-block-image size-large\"><img decoding=\"async\" loading=\"lazy\" width=\"2048\" height=\"1368\" data-id=\"8735\" src=\"https:\/\/turi.lavocedelpaese.info\/wp-content\/uploads\/2026\/04\/DSC_5978-2048x1368.jpg\" alt=\"\" class=\"wp-image-8735\" \/><\/figure>\n<figure class=\"wp-block-image size-large\"><img decoding=\"async\" loading=\"lazy\" width=\"2048\" height=\"1368\" data-id=\"8746\" src=\"https:\/\/turi.lavocedelpaese.info\/wp-content\/uploads\/2026\/04\/DSC_6039-2048x1368.jpg\" alt=\"\" class=\"wp-image-8746\" \/><\/figure>\n<figure class=\"wp-block-image size-large\"><img decoding=\"async\" loading=\"lazy\" width=\"2048\" height=\"1368\" data-id=\"8732\" src=\"https:\/\/turi.lavocedelpaese.info\/wp-content\/uploads\/2026\/04\/DSC_5958-2048x1368.jpg\" alt=\"\" class=\"wp-image-8732\" \/><\/figure>\n<figure class=\"wp-block-image size-large\"><img decoding=\"async\" loading=\"lazy\" width=\"2048\" height=\"1368\" data-id=\"8740\" src=\"https:\/\/turi.lavocedelpaese.info\/wp-content\/uploads\/2026\/04\/DSC_6006-2048x1368.jpg\" alt=\"\" class=\"wp-image-8740\" \/><\/figure>\n<figure class=\"wp-block-image size-large\"><img decoding=\"async\" loading=\"lazy\" width=\"2048\" height=\"1368\" data-id=\"8739\" src=\"https:\/\/turi.lavocedelpaese.info\/wp-content\/uploads\/2026\/04\/DSC_6011-2048x1368.jpg\" alt=\"\" class=\"wp-image-8739\" \/><\/figure>\n<figure class=\"wp-block-image size-large\"><img decoding=\"async\" loading=\"lazy\" width=\"2048\" height=\"1368\" data-id=\"8728\" src=\"https:\/\/turi.lavocedelpaese.info\/wp-content\/uploads\/2026\/04\/DSC_5915-2048x1368.jpg\" alt=\"\" class=\"wp-image-8728\" \/><\/figure>\n<figure class=\"wp-block-image size-large\"><img decoding=\"async\" loading=\"lazy\" width=\"2048\" height=\"1368\" data-id=\"8733\" src=\"https:\/\/turi.lavocedelpaese.info\/wp-content\/uploads\/2026\/04\/DSC_5983-2048x1368.jpg\" alt=\"\" class=\"wp-image-8733\" \/><\/figure>\n<figure class=\"wp-block-image size-large\"><img decoding=\"async\" loading=\"lazy\" width=\"2048\" height=\"1368\" data-id=\"8734\" src=\"https:\/\/turi.lavocedelpaese.info\/wp-content\/uploads\/2026\/04\/DSC_5979-2048x1368.jpg\" alt=\"\" class=\"wp-image-8734\" \/><\/figure>\n<figure class=\"wp-block-image size-large\"><img decoding=\"async\" loading=\"lazy\" width=\"2048\" height=\"1368\" data-id=\"8736\" src=\"https:\/\/turi.lavocedelpaese.info\/wp-content\/uploads\/2026\/04\/DSC_5966-2048x1368.jpg\" alt=\"\" class=\"wp-image-8736\" \/><\/figure>\n<figure class=\"wp-block-image size-large\"><img decoding=\"async\" loading=\"lazy\" width=\"2048\" height=\"1368\" data-id=\"8745\" src=\"https:\/\/turi.lavocedelpaese.info\/wp-content\/uploads\/2026\/04\/DSC_6043-2048x1368.jpg\" alt=\"\" class=\"wp-image-8745\" \/><\/figure>\n<figure class=\"wp-block-image size-large\"><img decoding=\"async\" loading=\"lazy\" width=\"2048\" height=\"1368\" data-id=\"8729\" src=\"https:\/\/turi.lavocedelpaese.info\/wp-content\/uploads\/2026\/04\/DSC_5929-2048x1368.jpg\" alt=\"\" class=\"wp-image-8729\" \/><\/figure>\n<figure class=\"wp-block-image size-large\"><img decoding=\"async\" loading=\"lazy\" width=\"2048\" height=\"1368\" data-id=\"8744\" src=\"https:\/\/turi.lavocedelpaese.info\/wp-content\/uploads\/2026\/04\/DSC_6062-2048x1368.jpg\" alt=\"\" class=\"wp-image-8744\" \/><\/figure>\n<figure class=\"wp-block-image size-large\"><img decoding=\"async\" loading=\"lazy\" width=\"2048\" height=\"1368\" data-id=\"8743\" src=\"https:\/\/turi.lavocedelpaese.info\/wp-content\/uploads\/2026\/04\/DSC_6083-2048x1368.jpg\" alt=\"\" class=\"wp-image-8743\" \/><\/figure>\n<\/figure>\n<div aria-hidden=\"true\" class=\"wp-block-spacer\"><\/div>\n<figure class=\"wp-block-gallery has-nested-images columns-default is-cropped wp-block-gallery-2 is-layout-flex wp-block-gallery-is-layout-flex\">\n<figure class=\"wp-block-image size-large\"><img decoding=\"async\" loading=\"lazy\" width=\"1368\" height=\"2048\" data-id=\"8727\" src=\"https:\/\/turi.lavocedelpaese.info\/wp-content\/uploads\/2026\/04\/DSC_5894-1368x2048.jpg\" alt=\"\" class=\"wp-image-8727\" \/><\/figure>\n<figure class=\"wp-block-image size-large\"><img decoding=\"async\" loading=\"lazy\" width=\"1368\" height=\"2048\" data-id=\"8726\" src=\"https:\/\/turi.lavocedelpaese.info\/wp-content\/uploads\/2026\/04\/DSC_5889-1368x2048.jpg\" alt=\"\" class=\"wp-image-8726\" \/><\/figure>\n<\/figure>\n<p><a class=\"a2a_button_facebook\" href=\"https:\/\/www.addtoany.com\/add_to\/facebook?linkurl=https%3A%2F%2Fturi.lavocedelpaese.info%2Fturi-celebra-i-300-anni-dellapparizione-di-santoronzo%2F&amp;linkname=Turi%20celebra%20i%20300%20anni%20dell%E2%80%99Apparizione%20di%20Sant%E2%80%99Oronzo\" title=\"Facebook\" rel=\"nofollow noopener\" target=\"_blank\"><\/a><a class=\"a2a_button_twitter\" href=\"https:\/\/www.addtoany.com\/add_to\/twitter?linkurl=https%3A%2F%2Fturi.lavocedelpaese.info%2Fturi-celebra-i-300-anni-dellapparizione-di-santoronzo%2F&amp;linkname=Turi%20celebra%20i%20300%20anni%20dell%E2%80%99Apparizione%20di%20Sant%E2%80%99Oronzo\" title=\"Twitter\" rel=\"nofollow noopener\" target=\"_blank\"><\/a><a class=\"a2a_button_whatsapp\" href=\"https:\/\/www.addtoany.com\/add_to\/whatsapp?linkurl=https%3A%2F%2Fturi.lavocedelpaese.info%2Fturi-celebra-i-300-anni-dellapparizione-di-santoronzo%2F&amp;linkname=Turi%20celebra%20i%20300%20anni%20dell%E2%80%99Apparizione%20di%20Sant%E2%80%99Oronzo\" title=\"WhatsApp\" rel=\"nofollow noopener\" target=\"_blank\"><\/a><a class=\"a2a_button_telegram\" href=\"https:\/\/www.addtoany.com\/add_to\/telegram?linkurl=https%3A%2F%2Fturi.lavocedelpaese.info%2Fturi-celebra-i-300-anni-dellapparizione-di-santoronzo%2F&amp;linkname=Turi%20celebra%20i%20300%20anni%20dell%E2%80%99Apparizione%20di%20Sant%E2%80%99Oronzo\" title=\"Telegram\" rel=\"nofollow noopener\" target=\"_blank\"><\/a><a class=\"a2a_button_email\" href=\"https:\/\/www.addtoany.com\/add_to\/email?linkurl=https%3A%2F%2Fturi.lavocedelpaese.info%2Fturi-celebra-i-300-anni-dellapparizione-di-santoronzo%2F&amp;linkname=Turi%20celebra%20i%20300%20anni%20dell%E2%80%99Apparizione%20di%20Sant%E2%80%99Oronzo\" title=\"Email\" rel=\"nofollow noopener\" target=\"_blank\"><\/a><\/p>\n<p>L&#8217;articolo <a href=\"https:\/\/turi.lavocedelpaese.info\/turi-celebra-i-300-anni-dellapparizione-di-santoronzo\/\">Turi celebra i 300 anni dell\u2019Apparizione di Sant\u2019Oronzo<\/a> proviene da <a href=\"https:\/\/turi.lavocedelpaese.info\/\">Turi &#8211; La Voce del Paese<\/a>.<\/p>\n<p>\u00a0<\/p>\n<p>\u00a0<\/p>\n<p>\u200b\u00a0\u00a0\u00a0<\/p>","protected":false},"excerpt":{"rendered":"<p>\u00a0 \u200b\u00a0 \u200b\u00a0 Tra fede, storia e il ritorno dei \u201ccantastorie\u201d La Chiesa Madre di Turi ha fatto da cornice,<\/p>\n","protected":false},"author":6,"featured_media":10914,"comment_status":"open","ping_status":"closed","sticky":false,"template":"","format":"standard","meta":{"colormag_page_container_layout":"default_layout","colormag_page_sidebar_layout":"default_layout","footnotes":""},"categories":[33],"tags":[],"class_list":["post-10913","post","type-post","status-publish","format-standard","has-post-thumbnail","hentry","category-network"],"yoast_head":"<!-- This site is optimized with the Yoast SEO plugin v27.5 - https:\/\/yoast.com\/product\/yoast-seo-wordpress\/ -->\n<title>Turi celebra i 300 anni dell\u2019Apparizione di Sant\u2019Oronzo\u00a0\u200b - La Voce del Paese<\/title>\n<meta name=\"robots\" content=\"index, follow, max-snippet:-1, max-image-preview:large, max-video-preview:-1\" \/>\n<link rel=\"canonical\" href=\"https:\/\/lavocedelpaese.info\/index.php\/2026\/04\/30\/turi-celebra-i-300-anni-dellapparizione-di-santoronzo\/\" \/>\n<meta property=\"og:locale\" content=\"it_IT\" \/>\n<meta property=\"og:type\" content=\"article\" \/>\n<meta property=\"og:title\" content=\"Turi celebra i 300 anni dell\u2019Apparizione di Sant\u2019Oronzo\u00a0\u200b - La Voce del Paese\" \/>\n<meta property=\"og:description\" content=\"\u00a0 \u200b\u00a0 \u200b\u00a0 Tra fede, storia e il ritorno dei \u201ccantastorie\u201d La Chiesa Madre di Turi ha fatto da cornice,\" \/>\n<meta property=\"og:url\" content=\"https:\/\/lavocedelpaese.info\/index.php\/2026\/04\/30\/turi-celebra-i-300-anni-dellapparizione-di-santoronzo\/\" \/>\n<meta property=\"og:site_name\" content=\"La Voce del Paese\" \/>\n<meta property=\"article:publisher\" content=\"https:\/\/www.facebook.com\/lavocedelpaese.info\" \/>\n<meta property=\"article:published_time\" content=\"2026-04-30T06:14:00+00:00\" \/>\n<meta name=\"author\" content=\"admin\" \/>\n<meta name=\"twitter:card\" content=\"summary_large_image\" \/>\n<meta name=\"twitter:label1\" content=\"Scritto da\" \/>\n\t<meta name=\"twitter:data1\" content=\"admin\" \/>\n\t<meta name=\"twitter:label2\" content=\"Tempo di lettura stimato\" \/>\n\t<meta name=\"twitter:data2\" content=\"3 minuti\" \/>\n<script type=\"application\/ld+json\" class=\"yoast-schema-graph\">{\"@context\":\"https:\\\/\\\/schema.org\",\"@graph\":[{\"@type\":\"Article\",\"@id\":\"https:\\\/\\\/lavocedelpaese.info\\\/index.php\\\/2026\\\/04\\\/30\\\/turi-celebra-i-300-anni-dellapparizione-di-santoronzo\\\/#article\",\"isPartOf\":{\"@id\":\"https:\\\/\\\/lavocedelpaese.info\\\/index.php\\\/2026\\\/04\\\/30\\\/turi-celebra-i-300-anni-dellapparizione-di-santoronzo\\\/\"},\"author\":{\"name\":\"admin\",\"@id\":\"https:\\\/\\\/lavocedelpaese.info\\\/#\\\/schema\\\/person\\\/ec151d321306bd7591f7a061abf72d88\"},\"headline\":\"Turi celebra i 300 anni dell\u2019Apparizione di Sant\u2019Oronzo\u00a0\u200b\",\"datePublished\":\"2026-04-30T06:14:00+00:00\",\"mainEntityOfPage\":{\"@id\":\"https:\\\/\\\/lavocedelpaese.info\\\/index.php\\\/2026\\\/04\\\/30\\\/turi-celebra-i-300-anni-dellapparizione-di-santoronzo\\\/\"},\"wordCount\":700,\"commentCount\":0,\"publisher\":{\"@id\":\"https:\\\/\\\/lavocedelpaese.info\\\/#organization\"},\"image\":{\"@id\":\"https:\\\/\\\/lavocedelpaese.info\\\/index.php\\\/2026\\\/04\\\/30\\\/turi-celebra-i-300-anni-dellapparizione-di-santoronzo\\\/#primaryimage\"},\"thumbnailUrl\":\"https:\\\/\\\/lavocedelpaese.info\\\/wp-content\\\/uploads\\\/2026\\\/04\\\/DSC_6036-2048x1368-dPSgca.jpg\",\"articleSection\":[\"network\"],\"inLanguage\":\"it-IT\",\"potentialAction\":[{\"@type\":\"CommentAction\",\"name\":\"Comment\",\"target\":[\"https:\\\/\\\/lavocedelpaese.info\\\/index.php\\\/2026\\\/04\\\/30\\\/turi-celebra-i-300-anni-dellapparizione-di-santoronzo\\\/#respond\"]}]},{\"@type\":\"WebPage\",\"@id\":\"https:\\\/\\\/lavocedelpaese.info\\\/index.php\\\/2026\\\/04\\\/30\\\/turi-celebra-i-300-anni-dellapparizione-di-santoronzo\\\/\",\"url\":\"https:\\\/\\\/lavocedelpaese.info\\\/index.php\\\/2026\\\/04\\\/30\\\/turi-celebra-i-300-anni-dellapparizione-di-santoronzo\\\/\",\"name\":\"Turi celebra i 300 anni dell\u2019Apparizione di Sant\u2019Oronzo\u00a0\u200b - La Voce del Paese\",\"isPartOf\":{\"@id\":\"https:\\\/\\\/lavocedelpaese.info\\\/#website\"},\"primaryImageOfPage\":{\"@id\":\"https:\\\/\\\/lavocedelpaese.info\\\/index.php\\\/2026\\\/04\\\/30\\\/turi-celebra-i-300-anni-dellapparizione-di-santoronzo\\\/#primaryimage\"},\"image\":{\"@id\":\"https:\\\/\\\/lavocedelpaese.info\\\/index.php\\\/2026\\\/04\\\/30\\\/turi-celebra-i-300-anni-dellapparizione-di-santoronzo\\\/#primaryimage\"},\"thumbnailUrl\":\"https:\\\/\\\/lavocedelpaese.info\\\/wp-content\\\/uploads\\\/2026\\\/04\\\/DSC_6036-2048x1368-dPSgca.jpg\",\"datePublished\":\"2026-04-30T06:14:00+00:00\",\"breadcrumb\":{\"@id\":\"https:\\\/\\\/lavocedelpaese.info\\\/index.php\\\/2026\\\/04\\\/30\\\/turi-celebra-i-300-anni-dellapparizione-di-santoronzo\\\/#breadcrumb\"},\"inLanguage\":\"it-IT\",\"potentialAction\":[{\"@type\":\"ReadAction\",\"target\":[\"https:\\\/\\\/lavocedelpaese.info\\\/index.php\\\/2026\\\/04\\\/30\\\/turi-celebra-i-300-anni-dellapparizione-di-santoronzo\\\/\"]}]},{\"@type\":\"ImageObject\",\"inLanguage\":\"it-IT\",\"@id\":\"https:\\\/\\\/lavocedelpaese.info\\\/index.php\\\/2026\\\/04\\\/30\\\/turi-celebra-i-300-anni-dellapparizione-di-santoronzo\\\/#primaryimage\",\"url\":\"https:\\\/\\\/lavocedelpaese.info\\\/wp-content\\\/uploads\\\/2026\\\/04\\\/DSC_6036-2048x1368-dPSgca.jpg\",\"contentUrl\":\"https:\\\/\\\/lavocedelpaese.info\\\/wp-content\\\/uploads\\\/2026\\\/04\\\/DSC_6036-2048x1368-dPSgca.jpg\",\"width\":1000,\"height\":668},{\"@type\":\"BreadcrumbList\",\"@id\":\"https:\\\/\\\/lavocedelpaese.info\\\/index.php\\\/2026\\\/04\\\/30\\\/turi-celebra-i-300-anni-dellapparizione-di-santoronzo\\\/#breadcrumb\",\"itemListElement\":[{\"@type\":\"ListItem\",\"position\":1,\"name\":\"Home\",\"item\":\"https:\\\/\\\/lavocedelpaese.info\\\/\"},{\"@type\":\"ListItem\",\"position\":2,\"name\":\"Turi celebra i 300 anni dell\u2019Apparizione di Sant\u2019Oronzo\u00a0\u200b\"}]},{\"@type\":\"WebSite\",\"@id\":\"https:\\\/\\\/lavocedelpaese.info\\\/#website\",\"url\":\"https:\\\/\\\/lavocedelpaese.info\\\/\",\"name\":\"La Voce del Paese\",\"description\":\"Un network di idee\",\"publisher\":{\"@id\":\"https:\\\/\\\/lavocedelpaese.info\\\/#organization\"},\"potentialAction\":[{\"@type\":\"SearchAction\",\"target\":{\"@type\":\"EntryPoint\",\"urlTemplate\":\"https:\\\/\\\/lavocedelpaese.info\\\/?s={search_term_string}\"},\"query-input\":{\"@type\":\"PropertyValueSpecification\",\"valueRequired\":true,\"valueName\":\"search_term_string\"}}],\"inLanguage\":\"it-IT\"},{\"@type\":\"Organization\",\"@id\":\"https:\\\/\\\/lavocedelpaese.info\\\/#organization\",\"name\":\"La Voce del Paese\",\"url\":\"https:\\\/\\\/lavocedelpaese.info\\\/\",\"logo\":{\"@type\":\"ImageObject\",\"inLanguage\":\"it-IT\",\"@id\":\"https:\\\/\\\/lavocedelpaese.info\\\/#\\\/schema\\\/logo\\\/image\\\/\",\"url\":\"https:\\\/\\\/lavocedelpaese.info\\\/wp-content\\\/uploads\\\/2023\\\/01\\\/cropped-logo-150-127.png\",\"contentUrl\":\"https:\\\/\\\/lavocedelpaese.info\\\/wp-content\\\/uploads\\\/2023\\\/01\\\/cropped-logo-150-127.png\",\"width\":137,\"height\":119,\"caption\":\"La Voce del Paese\"},\"image\":{\"@id\":\"https:\\\/\\\/lavocedelpaese.info\\\/#\\\/schema\\\/logo\\\/image\\\/\"},\"sameAs\":[\"https:\\\/\\\/www.facebook.com\\\/lavocedelpaese.info\"]},{\"@type\":\"Person\",\"@id\":\"https:\\\/\\\/lavocedelpaese.info\\\/#\\\/schema\\\/person\\\/ec151d321306bd7591f7a061abf72d88\",\"name\":\"admin\",\"image\":{\"@type\":\"ImageObject\",\"inLanguage\":\"it-IT\",\"@id\":\"https:\\\/\\\/secure.gravatar.com\\\/avatar\\\/af8f2caf0663124588de48a9380e07cbc95a74ef15b8062d0d39106c32fe3023?s=96&d=mm&r=g\",\"url\":\"https:\\\/\\\/secure.gravatar.com\\\/avatar\\\/af8f2caf0663124588de48a9380e07cbc95a74ef15b8062d0d39106c32fe3023?s=96&d=mm&r=g\",\"contentUrl\":\"https:\\\/\\\/secure.gravatar.com\\\/avatar\\\/af8f2caf0663124588de48a9380e07cbc95a74ef15b8062d0d39106c32fe3023?s=96&d=mm&r=g\",\"caption\":\"admin\"},\"sameAs\":[\"https:\\\/\\\/lavocedelpaese.info\"],\"url\":\"https:\\\/\\\/lavocedelpaese.info\\\/index.php\\\/author\\\/admin\\\/\"}]}<\/script>\n<!-- \/ Yoast SEO plugin. -->","yoast_head_json":{"title":"Turi celebra i 300 anni dell\u2019Apparizione di Sant\u2019Oronzo\u00a0\u200b - La Voce del Paese","robots":{"index":"index","follow":"follow","max-snippet":"max-snippet:-1","max-image-preview":"max-image-preview:large","max-video-preview":"max-video-preview:-1"},"canonical":"https:\/\/lavocedelpaese.info\/index.php\/2026\/04\/30\/turi-celebra-i-300-anni-dellapparizione-di-santoronzo\/","og_locale":"it_IT","og_type":"article","og_title":"Turi celebra i 300 anni dell\u2019Apparizione di Sant\u2019Oronzo\u00a0\u200b - La Voce del Paese","og_description":"\u00a0 \u200b\u00a0 \u200b\u00a0 Tra fede, storia e il ritorno dei \u201ccantastorie\u201d La Chiesa Madre di Turi ha fatto da cornice,","og_url":"https:\/\/lavocedelpaese.info\/index.php\/2026\/04\/30\/turi-celebra-i-300-anni-dellapparizione-di-santoronzo\/","og_site_name":"La Voce del Paese","article_publisher":"https:\/\/www.facebook.com\/lavocedelpaese.info","article_published_time":"2026-04-30T06:14:00+00:00","author":"admin","twitter_card":"summary_large_image","twitter_misc":{"Scritto da":"admin","Tempo di lettura stimato":"3 minuti"},"schema":{"@context":"https:\/\/schema.org","@graph":[{"@type":"Article","@id":"https:\/\/lavocedelpaese.info\/index.php\/2026\/04\/30\/turi-celebra-i-300-anni-dellapparizione-di-santoronzo\/#article","isPartOf":{"@id":"https:\/\/lavocedelpaese.info\/index.php\/2026\/04\/30\/turi-celebra-i-300-anni-dellapparizione-di-santoronzo\/"},"author":{"name":"admin","@id":"https:\/\/lavocedelpaese.info\/#\/schema\/person\/ec151d321306bd7591f7a061abf72d88"},"headline":"Turi celebra i 300 anni dell\u2019Apparizione di Sant\u2019Oronzo\u00a0\u200b","datePublished":"2026-04-30T06:14:00+00:00","mainEntityOfPage":{"@id":"https:\/\/lavocedelpaese.info\/index.php\/2026\/04\/30\/turi-celebra-i-300-anni-dellapparizione-di-santoronzo\/"},"wordCount":700,"commentCount":0,"publisher":{"@id":"https:\/\/lavocedelpaese.info\/#organization"},"image":{"@id":"https:\/\/lavocedelpaese.info\/index.php\/2026\/04\/30\/turi-celebra-i-300-anni-dellapparizione-di-santoronzo\/#primaryimage"},"thumbnailUrl":"https:\/\/lavocedelpaese.info\/wp-content\/uploads\/2026\/04\/DSC_6036-2048x1368-dPSgca.jpg","articleSection":["network"],"inLanguage":"it-IT","potentialAction":[{"@type":"CommentAction","name":"Comment","target":["https:\/\/lavocedelpaese.info\/index.php\/2026\/04\/30\/turi-celebra-i-300-anni-dellapparizione-di-santoronzo\/#respond"]}]},{"@type":"WebPage","@id":"https:\/\/lavocedelpaese.info\/index.php\/2026\/04\/30\/turi-celebra-i-300-anni-dellapparizione-di-santoronzo\/","url":"https:\/\/lavocedelpaese.info\/index.php\/2026\/04\/30\/turi-celebra-i-300-anni-dellapparizione-di-santoronzo\/","name":"Turi celebra i 300 anni dell\u2019Apparizione di Sant\u2019Oronzo\u00a0\u200b - La Voce del Paese","isPartOf":{"@id":"https:\/\/lavocedelpaese.info\/#website"},"primaryImageOfPage":{"@id":"https:\/\/lavocedelpaese.info\/index.php\/2026\/04\/30\/turi-celebra-i-300-anni-dellapparizione-di-santoronzo\/#primaryimage"},"image":{"@id":"https:\/\/lavocedelpaese.info\/index.php\/2026\/04\/30\/turi-celebra-i-300-anni-dellapparizione-di-santoronzo\/#primaryimage"},"thumbnailUrl":"https:\/\/lavocedelpaese.info\/wp-content\/uploads\/2026\/04\/DSC_6036-2048x1368-dPSgca.jpg","datePublished":"2026-04-30T06:14:00+00:00","breadcrumb":{"@id":"https:\/\/lavocedelpaese.info\/index.php\/2026\/04\/30\/turi-celebra-i-300-anni-dellapparizione-di-santoronzo\/#breadcrumb"},"inLanguage":"it-IT","potentialAction":[{"@type":"ReadAction","target":["https:\/\/lavocedelpaese.info\/index.php\/2026\/04\/30\/turi-celebra-i-300-anni-dellapparizione-di-santoronzo\/"]}]},{"@type":"ImageObject","inLanguage":"it-IT","@id":"https:\/\/lavocedelpaese.info\/index.php\/2026\/04\/30\/turi-celebra-i-300-anni-dellapparizione-di-santoronzo\/#primaryimage","url":"https:\/\/lavocedelpaese.info\/wp-content\/uploads\/2026\/04\/DSC_6036-2048x1368-dPSgca.jpg","contentUrl":"https:\/\/lavocedelpaese.info\/wp-content\/uploads\/2026\/04\/DSC_6036-2048x1368-dPSgca.jpg","width":1000,"height":668},{"@type":"BreadcrumbList","@id":"https:\/\/lavocedelpaese.info\/index.php\/2026\/04\/30\/turi-celebra-i-300-anni-dellapparizione-di-santoronzo\/#breadcrumb","itemListElement":[{"@type":"ListItem","position":1,"name":"Home","item":"https:\/\/lavocedelpaese.info\/"},{"@type":"ListItem","position":2,"name":"Turi celebra i 300 anni dell\u2019Apparizione di Sant\u2019Oronzo\u00a0\u200b"}]},{"@type":"WebSite","@id":"https:\/\/lavocedelpaese.info\/#website","url":"https:\/\/lavocedelpaese.info\/","name":"La Voce del Paese","description":"Un network di idee","publisher":{"@id":"https:\/\/lavocedelpaese.info\/#organization"},"potentialAction":[{"@type":"SearchAction","target":{"@type":"EntryPoint","urlTemplate":"https:\/\/lavocedelpaese.info\/?s={search_term_string}"},"query-input":{"@type":"PropertyValueSpecification","valueRequired":true,"valueName":"search_term_string"}}],"inLanguage":"it-IT"},{"@type":"Organization","@id":"https:\/\/lavocedelpaese.info\/#organization","name":"La Voce del Paese","url":"https:\/\/lavocedelpaese.info\/","logo":{"@type":"ImageObject","inLanguage":"it-IT","@id":"https:\/\/lavocedelpaese.info\/#\/schema\/logo\/image\/","url":"https:\/\/lavocedelpaese.info\/wp-content\/uploads\/2023\/01\/cropped-logo-150-127.png","contentUrl":"https:\/\/lavocedelpaese.info\/wp-content\/uploads\/2023\/01\/cropped-logo-150-127.png","width":137,"height":119,"caption":"La Voce del Paese"},"image":{"@id":"https:\/\/lavocedelpaese.info\/#\/schema\/logo\/image\/"},"sameAs":["https:\/\/www.facebook.com\/lavocedelpaese.info"]},{"@type":"Person","@id":"https:\/\/lavocedelpaese.info\/#\/schema\/person\/ec151d321306bd7591f7a061abf72d88","name":"admin","image":{"@type":"ImageObject","inLanguage":"it-IT","@id":"https:\/\/secure.gravatar.com\/avatar\/af8f2caf0663124588de48a9380e07cbc95a74ef15b8062d0d39106c32fe3023?s=96&d=mm&r=g","url":"https:\/\/secure.gravatar.com\/avatar\/af8f2caf0663124588de48a9380e07cbc95a74ef15b8062d0d39106c32fe3023?s=96&d=mm&r=g","contentUrl":"https:\/\/secure.gravatar.com\/avatar\/af8f2caf0663124588de48a9380e07cbc95a74ef15b8062d0d39106c32fe3023?s=96&d=mm&r=g","caption":"admin"},"sameAs":["https:\/\/lavocedelpaese.info"],"url":"https:\/\/lavocedelpaese.info\/index.php\/author\/admin\/"}]}},"_links":{"self":[{"href":"https:\/\/lavocedelpaese.info\/index.php\/wp-json\/wp\/v2\/posts\/10913","targetHints":{"allow":["GET"]}}],"collection":[{"href":"https:\/\/lavocedelpaese.info\/index.php\/wp-json\/wp\/v2\/posts"}],"about":[{"href":"https:\/\/lavocedelpaese.info\/index.php\/wp-json\/wp\/v2\/types\/post"}],"author":[{"embeddable":true,"href":"https:\/\/lavocedelpaese.info\/index.php\/wp-json\/wp\/v2\/users\/6"}],"replies":[{"embeddable":true,"href":"https:\/\/lavocedelpaese.info\/index.php\/wp-json\/wp\/v2\/comments?post=10913"}],"version-history":[{"count":0,"href":"https:\/\/lavocedelpaese.info\/index.php\/wp-json\/wp\/v2\/posts\/10913\/revisions"}],"wp:featuredmedia":[{"embeddable":true,"href":"https:\/\/lavocedelpaese.info\/index.php\/wp-json\/wp\/v2\/media\/10914"}],"wp:attachment":[{"href":"https:\/\/lavocedelpaese.info\/index.php\/wp-json\/wp\/v2\/media?parent=10913"}],"wp:term":[{"taxonomy":"category","embeddable":true,"href":"https:\/\/lavocedelpaese.info\/index.php\/wp-json\/wp\/v2\/categories?post=10913"},{"taxonomy":"post_tag","embeddable":true,"href":"https:\/\/lavocedelpaese.info\/index.php\/wp-json\/wp\/v2\/tags?post=10913"}],"curies":[{"name":"wp","href":"https:\/\/api.w.org\/{rel}","templated":true}]}}