{"id":10907,"date":"2026-04-28T17:19:32","date_gmt":"2026-04-28T17:19:32","guid":{"rendered":"https:\/\/lavocedelpaese.info\/index.php\/2026\/04\/28\/cavalcavia-della-morte-dissequestrato-il-ponte-in-viale-europa\/"},"modified":"2026-04-28T17:19:32","modified_gmt":"2026-04-28T17:19:32","slug":"cavalcavia-della-morte-dissequestrato-il-ponte-in-viale-europa","status":"publish","type":"post","link":"https:\/\/lavocedelpaese.info\/index.php\/2026\/04\/28\/cavalcavia-della-morte-dissequestrato-il-ponte-in-viale-europa\/","title":{"rendered":"Cavalcavia della morte: dissequestrato il ponte in viale Europa\u00a0\u200b"},"content":{"rendered":"<p>\u00a0<\/p>\n<p>\u200b\u00a0<\/p>\n<p>\u200b\u00a0<\/p>\n<p>Dissequestrato il ponte su viale Europa, nella zona industriale di Cassano delle Murge, teatro di un tragico incidente automobilistico, lo scorso 29 settembre 2024 (<a href=\"https:\/\/cassano.lavocedelpaese.info\/tragico-incidente-a-cassano-morta-una-coppia-sul-cavalcavia\/\">leggi l\u2019articolo<\/a>) che cost\u00f2 la vita ad una coppia.<\/p>\n<p>Il pm che indaga sulla vicenda ha dato il via libera al ripristino della normale viabilit\u00e0, potendo riapre la seconda corsia dell\u2019arteria messa sotto sequestro dopo il balzo nel vuoto dell\u2019auto di Francesco Castellaneta che era alla guida con accanto la sua fidanzata, Greta Francone rispettivamente di 24 e 21 anni.<\/p>\n<p>Il cavalcavia \u00e8 stato affidato alla Citt\u00e0 Metropolitana di Bari per le opere di messa in sicurezza e per il ripristino della viabilit\u00e0 ordinaria.<\/p>\n<p>Occorrer\u00e0 adesso attendere la conclusione delle indagini, affidate ai Carabinieri della Stazione di Cassano delle Murge, per capire eventuali responsabilit\u00e0 in capo agli enti \u2013 Citt\u00e0 Metropolitana di Barie Comune di Cassano delle Murge \u2013 che si rimpallano la responsabilit\u00e0 della gestione di quella strada, con tutte le conseguenze del caso.<\/p>\n<figure class=\"wp-block-image size-full\"><img decoding=\"async\" width=\"1024\" height=\"576\" src=\"https:\/\/cassano.lavocedelpaese.info\/wp-content\/uploads\/2026\/04\/rilievi-incidente-cassano-delle-murge-1024x576-1.webp\" alt=\"\" class=\"wp-image-8334\" \/><\/figure>\n\n<p><a class=\"a2a_button_facebook\" href=\"https:\/\/www.addtoany.com\/add_to\/facebook?linkurl=https%3A%2F%2Fcassano.lavocedelpaese.info%2Fcavalcavia-della-morte-dissequestrato-il-ponte-in-viale-europa%2F&amp;linkname=Cavalcavia%20della%20morte%3A%20dissequestrato%20il%20ponte%20in%20viale%20Europa\" title=\"Facebook\" rel=\"nofollow noopener\" target=\"_blank\"><\/a><a class=\"a2a_button_twitter\" href=\"https:\/\/www.addtoany.com\/add_to\/twitter?linkurl=https%3A%2F%2Fcassano.lavocedelpaese.info%2Fcavalcavia-della-morte-dissequestrato-il-ponte-in-viale-europa%2F&amp;linkname=Cavalcavia%20della%20morte%3A%20dissequestrato%20il%20ponte%20in%20viale%20Europa\" title=\"Twitter\" rel=\"nofollow noopener\" target=\"_blank\"><\/a><a class=\"a2a_button_whatsapp\" href=\"https:\/\/www.addtoany.com\/add_to\/whatsapp?linkurl=https%3A%2F%2Fcassano.lavocedelpaese.info%2Fcavalcavia-della-morte-dissequestrato-il-ponte-in-viale-europa%2F&amp;linkname=Cavalcavia%20della%20morte%3A%20dissequestrato%20il%20ponte%20in%20viale%20Europa\" title=\"WhatsApp\" rel=\"nofollow noopener\" target=\"_blank\"><\/a><a class=\"a2a_button_telegram\" href=\"https:\/\/www.addtoany.com\/add_to\/telegram?linkurl=https%3A%2F%2Fcassano.lavocedelpaese.info%2Fcavalcavia-della-morte-dissequestrato-il-ponte-in-viale-europa%2F&amp;linkname=Cavalcavia%20della%20morte%3A%20dissequestrato%20il%20ponte%20in%20viale%20Europa\" title=\"Telegram\" rel=\"nofollow noopener\" target=\"_blank\"><\/a><a class=\"a2a_button_email\" href=\"https:\/\/www.addtoany.com\/add_to\/email?linkurl=https%3A%2F%2Fcassano.lavocedelpaese.info%2Fcavalcavia-della-morte-dissequestrato-il-ponte-in-viale-europa%2F&amp;linkname=Cavalcavia%20della%20morte%3A%20dissequestrato%20il%20ponte%20in%20viale%20Europa\" title=\"Email\" rel=\"nofollow noopener\" target=\"_blank\"><\/a><\/p>\n<p>\u00a0<\/p>\n<p>\u00a0<\/p>\n<p>\u200b\u00a0\u00a0\u00a0<\/p>","protected":false},"excerpt":{"rendered":"<p>\u00a0 \u200b\u00a0 \u200b\u00a0 Dissequestrato il ponte su viale Europa, nella zona industriale di Cassano delle Murge, teatro di un tragico<\/p>\n","protected":false},"author":6,"featured_media":10908,"comment_status":"open","ping_status":"closed","sticky":false,"template":"","format":"standard","meta":{"colormag_page_container_layout":"default_layout","colormag_page_sidebar_layout":"default_layout","footnotes":""},"categories":[33],"tags":[],"class_list":["post-10907","post","type-post","status-publish","format-standard","has-post-thumbnail","hentry","category-network"],"yoast_head":"<!-- This site is optimized with the Yoast SEO plugin v27.5 - https:\/\/yoast.com\/product\/yoast-seo-wordpress\/ -->\n<title>Cavalcavia della morte: dissequestrato il ponte in viale Europa\u00a0\u200b - La Voce del Paese<\/title>\n<meta name=\"robots\" content=\"index, follow, max-snippet:-1, max-image-preview:large, max-video-preview:-1\" \/>\n<link rel=\"canonical\" href=\"https:\/\/lavocedelpaese.info\/index.php\/2026\/04\/28\/cavalcavia-della-morte-dissequestrato-il-ponte-in-viale-europa\/\" \/>\n<meta property=\"og:locale\" content=\"it_IT\" \/>\n<meta property=\"og:type\" content=\"article\" \/>\n<meta property=\"og:title\" content=\"Cavalcavia della morte: dissequestrato il ponte in viale Europa\u00a0\u200b - La Voce del Paese\" \/>\n<meta property=\"og:description\" content=\"\u00a0 \u200b\u00a0 \u200b\u00a0 Dissequestrato il ponte su viale Europa, nella zona industriale di Cassano delle Murge, teatro di un tragico\" \/>\n<meta property=\"og:url\" content=\"https:\/\/lavocedelpaese.info\/index.php\/2026\/04\/28\/cavalcavia-della-morte-dissequestrato-il-ponte-in-viale-europa\/\" \/>\n<meta property=\"og:site_name\" content=\"La Voce del Paese\" \/>\n<meta property=\"article:publisher\" content=\"https:\/\/www.facebook.com\/lavocedelpaese.info\" \/>\n<meta property=\"article:published_time\" content=\"2026-04-28T17:19:32+00:00\" \/>\n<meta property=\"og:image\" content=\"https:\/\/lavocedelpaese.info\/wp-content\/uploads\/2024\/11\/DS1_2217-3smvSC.jpeg\" \/>\n\t<meta property=\"og:image:width\" content=\"1000\" \/>\n\t<meta property=\"og:image:height\" content=\"668\" \/>\n\t<meta property=\"og:image:type\" content=\"image\/jpeg\" \/>\n<meta name=\"author\" content=\"admin\" \/>\n<meta name=\"twitter:card\" content=\"summary_large_image\" \/>\n<meta name=\"twitter:label1\" content=\"Scritto da\" \/>\n\t<meta name=\"twitter:data1\" content=\"admin\" \/>\n\t<meta name=\"twitter:label2\" content=\"Tempo di lettura stimato\" \/>\n\t<meta name=\"twitter:data2\" content=\"1 minuto\" \/>\n<script type=\"application\/ld+json\" class=\"yoast-schema-graph\">{\"@context\":\"https:\\\/\\\/schema.org\",\"@graph\":[{\"@type\":\"Article\",\"@id\":\"https:\\\/\\\/lavocedelpaese.info\\\/index.php\\\/2026\\\/04\\\/28\\\/cavalcavia-della-morte-dissequestrato-il-ponte-in-viale-europa\\\/#article\",\"isPartOf\":{\"@id\":\"https:\\\/\\\/lavocedelpaese.info\\\/index.php\\\/2026\\\/04\\\/28\\\/cavalcavia-della-morte-dissequestrato-il-ponte-in-viale-europa\\\/\"},\"author\":{\"name\":\"admin\",\"@id\":\"https:\\\/\\\/lavocedelpaese.info\\\/#\\\/schema\\\/person\\\/ec151d321306bd7591f7a061abf72d88\"},\"headline\":\"Cavalcavia della morte: dissequestrato il ponte in viale Europa\u00a0\u200b\",\"datePublished\":\"2026-04-28T17:19:32+00:00\",\"mainEntityOfPage\":{\"@id\":\"https:\\\/\\\/lavocedelpaese.info\\\/index.php\\\/2026\\\/04\\\/28\\\/cavalcavia-della-morte-dissequestrato-il-ponte-in-viale-europa\\\/\"},\"wordCount\":164,\"commentCount\":0,\"publisher\":{\"@id\":\"https:\\\/\\\/lavocedelpaese.info\\\/#organization\"},\"image\":{\"@id\":\"https:\\\/\\\/lavocedelpaese.info\\\/index.php\\\/2026\\\/04\\\/28\\\/cavalcavia-della-morte-dissequestrato-il-ponte-in-viale-europa\\\/#primaryimage\"},\"thumbnailUrl\":\"https:\\\/\\\/lavocedelpaese.info\\\/wp-content\\\/uploads\\\/2026\\\/04\\\/rilievi-incidente-cassano-delle-murge-1024x576-1-RwrOJN.webp\",\"articleSection\":[\"network\"],\"inLanguage\":\"it-IT\",\"potentialAction\":[{\"@type\":\"CommentAction\",\"name\":\"Comment\",\"target\":[\"https:\\\/\\\/lavocedelpaese.info\\\/index.php\\\/2026\\\/04\\\/28\\\/cavalcavia-della-morte-dissequestrato-il-ponte-in-viale-europa\\\/#respond\"]}]},{\"@type\":\"WebPage\",\"@id\":\"https:\\\/\\\/lavocedelpaese.info\\\/index.php\\\/2026\\\/04\\\/28\\\/cavalcavia-della-morte-dissequestrato-il-ponte-in-viale-europa\\\/\",\"url\":\"https:\\\/\\\/lavocedelpaese.info\\\/index.php\\\/2026\\\/04\\\/28\\\/cavalcavia-della-morte-dissequestrato-il-ponte-in-viale-europa\\\/\",\"name\":\"Cavalcavia della morte: dissequestrato il ponte in viale Europa\u00a0\u200b - La Voce del Paese\",\"isPartOf\":{\"@id\":\"https:\\\/\\\/lavocedelpaese.info\\\/#website\"},\"primaryImageOfPage\":{\"@id\":\"https:\\\/\\\/lavocedelpaese.info\\\/index.php\\\/2026\\\/04\\\/28\\\/cavalcavia-della-morte-dissequestrato-il-ponte-in-viale-europa\\\/#primaryimage\"},\"image\":{\"@id\":\"https:\\\/\\\/lavocedelpaese.info\\\/index.php\\\/2026\\\/04\\\/28\\\/cavalcavia-della-morte-dissequestrato-il-ponte-in-viale-europa\\\/#primaryimage\"},\"thumbnailUrl\":\"https:\\\/\\\/lavocedelpaese.info\\\/wp-content\\\/uploads\\\/2026\\\/04\\\/rilievi-incidente-cassano-delle-murge-1024x576-1-RwrOJN.webp\",\"datePublished\":\"2026-04-28T17:19:32+00:00\",\"breadcrumb\":{\"@id\":\"https:\\\/\\\/lavocedelpaese.info\\\/index.php\\\/2026\\\/04\\\/28\\\/cavalcavia-della-morte-dissequestrato-il-ponte-in-viale-europa\\\/#breadcrumb\"},\"inLanguage\":\"it-IT\",\"potentialAction\":[{\"@type\":\"ReadAction\",\"target\":[\"https:\\\/\\\/lavocedelpaese.info\\\/index.php\\\/2026\\\/04\\\/28\\\/cavalcavia-della-morte-dissequestrato-il-ponte-in-viale-europa\\\/\"]}]},{\"@type\":\"ImageObject\",\"inLanguage\":\"it-IT\",\"@id\":\"https:\\\/\\\/lavocedelpaese.info\\\/index.php\\\/2026\\\/04\\\/28\\\/cavalcavia-della-morte-dissequestrato-il-ponte-in-viale-europa\\\/#primaryimage\",\"url\":\"https:\\\/\\\/lavocedelpaese.info\\\/wp-content\\\/uploads\\\/2026\\\/04\\\/rilievi-incidente-cassano-delle-murge-1024x576-1-RwrOJN.webp\",\"contentUrl\":\"https:\\\/\\\/lavocedelpaese.info\\\/wp-content\\\/uploads\\\/2026\\\/04\\\/rilievi-incidente-cassano-delle-murge-1024x576-1-RwrOJN.webp\",\"width\":1024,\"height\":576},{\"@type\":\"BreadcrumbList\",\"@id\":\"https:\\\/\\\/lavocedelpaese.info\\\/index.php\\\/2026\\\/04\\\/28\\\/cavalcavia-della-morte-dissequestrato-il-ponte-in-viale-europa\\\/#breadcrumb\",\"itemListElement\":[{\"@type\":\"ListItem\",\"position\":1,\"name\":\"Home\",\"item\":\"https:\\\/\\\/lavocedelpaese.info\\\/\"},{\"@type\":\"ListItem\",\"position\":2,\"name\":\"Cavalcavia della morte: dissequestrato il ponte in viale Europa\u00a0\u200b\"}]},{\"@type\":\"WebSite\",\"@id\":\"https:\\\/\\\/lavocedelpaese.info\\\/#website\",\"url\":\"https:\\\/\\\/lavocedelpaese.info\\\/\",\"name\":\"La Voce del Paese\",\"description\":\"Un network di idee\",\"publisher\":{\"@id\":\"https:\\\/\\\/lavocedelpaese.info\\\/#organization\"},\"potentialAction\":[{\"@type\":\"SearchAction\",\"target\":{\"@type\":\"EntryPoint\",\"urlTemplate\":\"https:\\\/\\\/lavocedelpaese.info\\\/?s={search_term_string}\"},\"query-input\":{\"@type\":\"PropertyValueSpecification\",\"valueRequired\":true,\"valueName\":\"search_term_string\"}}],\"inLanguage\":\"it-IT\"},{\"@type\":\"Organization\",\"@id\":\"https:\\\/\\\/lavocedelpaese.info\\\/#organization\",\"name\":\"La Voce del Paese\",\"url\":\"https:\\\/\\\/lavocedelpaese.info\\\/\",\"logo\":{\"@type\":\"ImageObject\",\"inLanguage\":\"it-IT\",\"@id\":\"https:\\\/\\\/lavocedelpaese.info\\\/#\\\/schema\\\/logo\\\/image\\\/\",\"url\":\"https:\\\/\\\/lavocedelpaese.info\\\/wp-content\\\/uploads\\\/2023\\\/01\\\/cropped-logo-150-127.png\",\"contentUrl\":\"https:\\\/\\\/lavocedelpaese.info\\\/wp-content\\\/uploads\\\/2023\\\/01\\\/cropped-logo-150-127.png\",\"width\":137,\"height\":119,\"caption\":\"La Voce del Paese\"},\"image\":{\"@id\":\"https:\\\/\\\/lavocedelpaese.info\\\/#\\\/schema\\\/logo\\\/image\\\/\"},\"sameAs\":[\"https:\\\/\\\/www.facebook.com\\\/lavocedelpaese.info\"]},{\"@type\":\"Person\",\"@id\":\"https:\\\/\\\/lavocedelpaese.info\\\/#\\\/schema\\\/person\\\/ec151d321306bd7591f7a061abf72d88\",\"name\":\"admin\",\"image\":{\"@type\":\"ImageObject\",\"inLanguage\":\"it-IT\",\"@id\":\"https:\\\/\\\/secure.gravatar.com\\\/avatar\\\/af8f2caf0663124588de48a9380e07cbc95a74ef15b8062d0d39106c32fe3023?s=96&d=mm&r=g\",\"url\":\"https:\\\/\\\/secure.gravatar.com\\\/avatar\\\/af8f2caf0663124588de48a9380e07cbc95a74ef15b8062d0d39106c32fe3023?s=96&d=mm&r=g\",\"contentUrl\":\"https:\\\/\\\/secure.gravatar.com\\\/avatar\\\/af8f2caf0663124588de48a9380e07cbc95a74ef15b8062d0d39106c32fe3023?s=96&d=mm&r=g\",\"caption\":\"admin\"},\"sameAs\":[\"https:\\\/\\\/lavocedelpaese.info\"],\"url\":\"https:\\\/\\\/lavocedelpaese.info\\\/index.php\\\/author\\\/admin\\\/\"}]}<\/script>\n<!-- \/ Yoast SEO plugin. -->","yoast_head_json":{"title":"Cavalcavia della morte: dissequestrato il ponte in viale Europa\u00a0\u200b - La Voce del Paese","robots":{"index":"index","follow":"follow","max-snippet":"max-snippet:-1","max-image-preview":"max-image-preview:large","max-video-preview":"max-video-preview:-1"},"canonical":"https:\/\/lavocedelpaese.info\/index.php\/2026\/04\/28\/cavalcavia-della-morte-dissequestrato-il-ponte-in-viale-europa\/","og_locale":"it_IT","og_type":"article","og_title":"Cavalcavia della morte: dissequestrato il ponte in viale Europa\u00a0\u200b - La Voce del Paese","og_description":"\u00a0 \u200b\u00a0 \u200b\u00a0 Dissequestrato il ponte su viale Europa, nella zona industriale di Cassano delle Murge, teatro di un tragico","og_url":"https:\/\/lavocedelpaese.info\/index.php\/2026\/04\/28\/cavalcavia-della-morte-dissequestrato-il-ponte-in-viale-europa\/","og_site_name":"La Voce del Paese","article_publisher":"https:\/\/www.facebook.com\/lavocedelpaese.info","article_published_time":"2026-04-28T17:19:32+00:00","og_image":[{"width":1000,"height":668,"url":"https:\/\/lavocedelpaese.info\/wp-content\/uploads\/2024\/11\/DS1_2217-3smvSC.jpeg","type":"image\/jpeg"}],"author":"admin","twitter_card":"summary_large_image","twitter_misc":{"Scritto da":"admin","Tempo di lettura stimato":"1 minuto"},"schema":{"@context":"https:\/\/schema.org","@graph":[{"@type":"Article","@id":"https:\/\/lavocedelpaese.info\/index.php\/2026\/04\/28\/cavalcavia-della-morte-dissequestrato-il-ponte-in-viale-europa\/#article","isPartOf":{"@id":"https:\/\/lavocedelpaese.info\/index.php\/2026\/04\/28\/cavalcavia-della-morte-dissequestrato-il-ponte-in-viale-europa\/"},"author":{"name":"admin","@id":"https:\/\/lavocedelpaese.info\/#\/schema\/person\/ec151d321306bd7591f7a061abf72d88"},"headline":"Cavalcavia della morte: dissequestrato il ponte in viale Europa\u00a0\u200b","datePublished":"2026-04-28T17:19:32+00:00","mainEntityOfPage":{"@id":"https:\/\/lavocedelpaese.info\/index.php\/2026\/04\/28\/cavalcavia-della-morte-dissequestrato-il-ponte-in-viale-europa\/"},"wordCount":164,"commentCount":0,"publisher":{"@id":"https:\/\/lavocedelpaese.info\/#organization"},"image":{"@id":"https:\/\/lavocedelpaese.info\/index.php\/2026\/04\/28\/cavalcavia-della-morte-dissequestrato-il-ponte-in-viale-europa\/#primaryimage"},"thumbnailUrl":"https:\/\/lavocedelpaese.info\/wp-content\/uploads\/2026\/04\/rilievi-incidente-cassano-delle-murge-1024x576-1-RwrOJN.webp","articleSection":["network"],"inLanguage":"it-IT","potentialAction":[{"@type":"CommentAction","name":"Comment","target":["https:\/\/lavocedelpaese.info\/index.php\/2026\/04\/28\/cavalcavia-della-morte-dissequestrato-il-ponte-in-viale-europa\/#respond"]}]},{"@type":"WebPage","@id":"https:\/\/lavocedelpaese.info\/index.php\/2026\/04\/28\/cavalcavia-della-morte-dissequestrato-il-ponte-in-viale-europa\/","url":"https:\/\/lavocedelpaese.info\/index.php\/2026\/04\/28\/cavalcavia-della-morte-dissequestrato-il-ponte-in-viale-europa\/","name":"Cavalcavia della morte: dissequestrato il ponte in viale Europa\u00a0\u200b - La Voce del Paese","isPartOf":{"@id":"https:\/\/lavocedelpaese.info\/#website"},"primaryImageOfPage":{"@id":"https:\/\/lavocedelpaese.info\/index.php\/2026\/04\/28\/cavalcavia-della-morte-dissequestrato-il-ponte-in-viale-europa\/#primaryimage"},"image":{"@id":"https:\/\/lavocedelpaese.info\/index.php\/2026\/04\/28\/cavalcavia-della-morte-dissequestrato-il-ponte-in-viale-europa\/#primaryimage"},"thumbnailUrl":"https:\/\/lavocedelpaese.info\/wp-content\/uploads\/2026\/04\/rilievi-incidente-cassano-delle-murge-1024x576-1-RwrOJN.webp","datePublished":"2026-04-28T17:19:32+00:00","breadcrumb":{"@id":"https:\/\/lavocedelpaese.info\/index.php\/2026\/04\/28\/cavalcavia-della-morte-dissequestrato-il-ponte-in-viale-europa\/#breadcrumb"},"inLanguage":"it-IT","potentialAction":[{"@type":"ReadAction","target":["https:\/\/lavocedelpaese.info\/index.php\/2026\/04\/28\/cavalcavia-della-morte-dissequestrato-il-ponte-in-viale-europa\/"]}]},{"@type":"ImageObject","inLanguage":"it-IT","@id":"https:\/\/lavocedelpaese.info\/index.php\/2026\/04\/28\/cavalcavia-della-morte-dissequestrato-il-ponte-in-viale-europa\/#primaryimage","url":"https:\/\/lavocedelpaese.info\/wp-content\/uploads\/2026\/04\/rilievi-incidente-cassano-delle-murge-1024x576-1-RwrOJN.webp","contentUrl":"https:\/\/lavocedelpaese.info\/wp-content\/uploads\/2026\/04\/rilievi-incidente-cassano-delle-murge-1024x576-1-RwrOJN.webp","width":1024,"height":576},{"@type":"BreadcrumbList","@id":"https:\/\/lavocedelpaese.info\/index.php\/2026\/04\/28\/cavalcavia-della-morte-dissequestrato-il-ponte-in-viale-europa\/#breadcrumb","itemListElement":[{"@type":"ListItem","position":1,"name":"Home","item":"https:\/\/lavocedelpaese.info\/"},{"@type":"ListItem","position":2,"name":"Cavalcavia della morte: dissequestrato il ponte in viale Europa\u00a0\u200b"}]},{"@type":"WebSite","@id":"https:\/\/lavocedelpaese.info\/#website","url":"https:\/\/lavocedelpaese.info\/","name":"La Voce del Paese","description":"Un network di idee","publisher":{"@id":"https:\/\/lavocedelpaese.info\/#organization"},"potentialAction":[{"@type":"SearchAction","target":{"@type":"EntryPoint","urlTemplate":"https:\/\/lavocedelpaese.info\/?s={search_term_string}"},"query-input":{"@type":"PropertyValueSpecification","valueRequired":true,"valueName":"search_term_string"}}],"inLanguage":"it-IT"},{"@type":"Organization","@id":"https:\/\/lavocedelpaese.info\/#organization","name":"La Voce del Paese","url":"https:\/\/lavocedelpaese.info\/","logo":{"@type":"ImageObject","inLanguage":"it-IT","@id":"https:\/\/lavocedelpaese.info\/#\/schema\/logo\/image\/","url":"https:\/\/lavocedelpaese.info\/wp-content\/uploads\/2023\/01\/cropped-logo-150-127.png","contentUrl":"https:\/\/lavocedelpaese.info\/wp-content\/uploads\/2023\/01\/cropped-logo-150-127.png","width":137,"height":119,"caption":"La Voce del Paese"},"image":{"@id":"https:\/\/lavocedelpaese.info\/#\/schema\/logo\/image\/"},"sameAs":["https:\/\/www.facebook.com\/lavocedelpaese.info"]},{"@type":"Person","@id":"https:\/\/lavocedelpaese.info\/#\/schema\/person\/ec151d321306bd7591f7a061abf72d88","name":"admin","image":{"@type":"ImageObject","inLanguage":"it-IT","@id":"https:\/\/secure.gravatar.com\/avatar\/af8f2caf0663124588de48a9380e07cbc95a74ef15b8062d0d39106c32fe3023?s=96&d=mm&r=g","url":"https:\/\/secure.gravatar.com\/avatar\/af8f2caf0663124588de48a9380e07cbc95a74ef15b8062d0d39106c32fe3023?s=96&d=mm&r=g","contentUrl":"https:\/\/secure.gravatar.com\/avatar\/af8f2caf0663124588de48a9380e07cbc95a74ef15b8062d0d39106c32fe3023?s=96&d=mm&r=g","caption":"admin"},"sameAs":["https:\/\/lavocedelpaese.info"],"url":"https:\/\/lavocedelpaese.info\/index.php\/author\/admin\/"}]}},"_links":{"self":[{"href":"https:\/\/lavocedelpaese.info\/index.php\/wp-json\/wp\/v2\/posts\/10907","targetHints":{"allow":["GET"]}}],"collection":[{"href":"https:\/\/lavocedelpaese.info\/index.php\/wp-json\/wp\/v2\/posts"}],"about":[{"href":"https:\/\/lavocedelpaese.info\/index.php\/wp-json\/wp\/v2\/types\/post"}],"author":[{"embeddable":true,"href":"https:\/\/lavocedelpaese.info\/index.php\/wp-json\/wp\/v2\/users\/6"}],"replies":[{"embeddable":true,"href":"https:\/\/lavocedelpaese.info\/index.php\/wp-json\/wp\/v2\/comments?post=10907"}],"version-history":[{"count":0,"href":"https:\/\/lavocedelpaese.info\/index.php\/wp-json\/wp\/v2\/posts\/10907\/revisions"}],"wp:featuredmedia":[{"embeddable":true,"href":"https:\/\/lavocedelpaese.info\/index.php\/wp-json\/wp\/v2\/media\/10908"}],"wp:attachment":[{"href":"https:\/\/lavocedelpaese.info\/index.php\/wp-json\/wp\/v2\/media?parent=10907"}],"wp:term":[{"taxonomy":"category","embeddable":true,"href":"https:\/\/lavocedelpaese.info\/index.php\/wp-json\/wp\/v2\/categories?post=10907"},{"taxonomy":"post_tag","embeddable":true,"href":"https:\/\/lavocedelpaese.info\/index.php\/wp-json\/wp\/v2\/tags?post=10907"}],"curies":[{"name":"wp","href":"https:\/\/api.w.org\/{rel}","templated":true}]}}