{"id":10892,"date":"2026-04-24T06:15:44","date_gmt":"2026-04-24T06:15:44","guid":{"rendered":"https:\/\/lavocedelpaese.info\/index.php\/2026\/04\/24\/crisi-natuzzi-il-30-aprile-consiglio-comunale-straordinario-a-santeramo\/"},"modified":"2026-04-24T06:15:44","modified_gmt":"2026-04-24T06:15:44","slug":"crisi-natuzzi-il-30-aprile-consiglio-comunale-straordinario-a-santeramo","status":"publish","type":"post","link":"https:\/\/lavocedelpaese.info\/index.php\/2026\/04\/24\/crisi-natuzzi-il-30-aprile-consiglio-comunale-straordinario-a-santeramo\/","title":{"rendered":"Crisi Natuzzi: il 30 aprile Consiglio Comunale straordinario a Santeramo\u00a0\u200b"},"content":{"rendered":"<p>\u00a0<\/p>\n<p>\u200b\u00a0<\/p>\n<p>\u200b\u00a0<\/p>\n<p>Si terr\u00e0 il 30 aprile alle ore 9.00, al teatro \u201cIl Saltimbanco\u201d dell\u2019Istituto Salesiano di Santeramo in Colle, il Consiglio comunale straordinario monotematico congiunto tra i Comuni di Santeramo in Colle e Altamura, dedicato alla vertenza Natuzzi. Il giorno precedente, 29 aprile, \u00e8 in programma il tavolo interregionale del mobile imbottito e dell\u2019arredo con Regione Puglia e Regione Basilicata.<\/p>\n<p>Il Consiglio comunale straordinario monotematico convocato per il 30 aprile nasce dalla crisi che interessa l\u2019azienda Natuzzi, realt\u00e0 produttiva di rilievo per il territorio murgiano. La seduta si svolger\u00e0 a Santeramo in Colle, in provincia di Bari, e sar\u00e0 aperta alla citt\u00e0.<\/p>\n<p>\u201cLa convocazione del Consiglio Comunale Straordinario \u2013 dichiara il sindaco di Santeramo in Colle, Vincenzo Luciano Casone \u2013 trae origine dalla perdurante crisi che sta interessando l\u2019industria Natuzzi, realt\u00e0 produttiva di primaria importanza per il nostro territorio il cui impatto si riflette in maniera significativa sulle nostre rispettive comunit\u00e0. Abbiamo voluto promuovere un momento di confronto istituzionale condiviso finalizzato a un\u2019analisi congiunta dello stato della situazione, alla valutazione di possibili azioni sinergiche e all\u2019individuazione di iniziative efficaci a sostegno dei lavoratori coinvolti e a tutela del sistema produttivo locale\u201d.<\/p>\n<p>La seduta sar\u00e0 preceduta, il 29 aprile, dal tavolo interregionale del mobile imbottito e dell\u2019arredo con la Regione Puglia e la Regione Basilicata.<\/p>\n<p>Sono stati invitati a partecipare parlamentari del territorio, i presidenti delle due Regioni, gli assessori regionali allo sviluppo economico e al lavoro, i consiglieri regionali, i sindaci e gli amministratori dei Comuni limitrofi \u2013 Laterza, Ginosa, Matera, Gravina in Puglia, Cassano delle Murge, Acquaviva delle Fonti e Gioia del Colle \u2013 oltre ai rappresentanti dell\u2019azienda e delle organizzazioni sindacali di categoria e ai lavoratori interessati. L\u2019obiettivo \u00e8 un confronto tra tutte le parti e una sollecitazione al Ministro dello Sviluppo Economico.<\/p>\n<p><a class=\"a2a_button_facebook\" href=\"https:\/\/www.addtoany.com\/add_to\/facebook?linkurl=https%3A%2F%2Fcassano.lavocedelpaese.info%2Fcrisi-natuzzi-il-30-aprile-consiglio-comunale-straordinario-a-santeramo%2F&amp;linkname=Crisi%20Natuzzi%3A%20il%2030%20aprile%20Consiglio%20Comunale%20straordinario%20a%20Santeramo\" title=\"Facebook\" rel=\"nofollow noopener\" target=\"_blank\"><\/a><a class=\"a2a_button_twitter\" href=\"https:\/\/www.addtoany.com\/add_to\/twitter?linkurl=https%3A%2F%2Fcassano.lavocedelpaese.info%2Fcrisi-natuzzi-il-30-aprile-consiglio-comunale-straordinario-a-santeramo%2F&amp;linkname=Crisi%20Natuzzi%3A%20il%2030%20aprile%20Consiglio%20Comunale%20straordinario%20a%20Santeramo\" title=\"Twitter\" rel=\"nofollow noopener\" target=\"_blank\"><\/a><a class=\"a2a_button_whatsapp\" href=\"https:\/\/www.addtoany.com\/add_to\/whatsapp?linkurl=https%3A%2F%2Fcassano.lavocedelpaese.info%2Fcrisi-natuzzi-il-30-aprile-consiglio-comunale-straordinario-a-santeramo%2F&amp;linkname=Crisi%20Natuzzi%3A%20il%2030%20aprile%20Consiglio%20Comunale%20straordinario%20a%20Santeramo\" title=\"WhatsApp\" rel=\"nofollow noopener\" target=\"_blank\"><\/a><a class=\"a2a_button_telegram\" href=\"https:\/\/www.addtoany.com\/add_to\/telegram?linkurl=https%3A%2F%2Fcassano.lavocedelpaese.info%2Fcrisi-natuzzi-il-30-aprile-consiglio-comunale-straordinario-a-santeramo%2F&amp;linkname=Crisi%20Natuzzi%3A%20il%2030%20aprile%20Consiglio%20Comunale%20straordinario%20a%20Santeramo\" title=\"Telegram\" rel=\"nofollow noopener\" target=\"_blank\"><\/a><a class=\"a2a_button_email\" href=\"https:\/\/www.addtoany.com\/add_to\/email?linkurl=https%3A%2F%2Fcassano.lavocedelpaese.info%2Fcrisi-natuzzi-il-30-aprile-consiglio-comunale-straordinario-a-santeramo%2F&amp;linkname=Crisi%20Natuzzi%3A%20il%2030%20aprile%20Consiglio%20Comunale%20straordinario%20a%20Santeramo\" title=\"Email\" rel=\"nofollow noopener\" target=\"_blank\"><\/a><\/p>\n<p>\u00a0<\/p>\n<p>\u00a0<\/p>\n<p>\u200b\u00a0\u00a0\u00a0<\/p>","protected":false},"excerpt":{"rendered":"<p>\u00a0 \u200b\u00a0 \u200b\u00a0 Si terr\u00e0 il 30 aprile alle ore 9.00, al teatro \u201cIl Saltimbanco\u201d dell\u2019Istituto Salesiano di Santeramo in<\/p>\n","protected":false},"author":6,"featured_media":730,"comment_status":"open","ping_status":"closed","sticky":false,"template":"","format":"standard","meta":{"colormag_page_container_layout":"default_layout","colormag_page_sidebar_layout":"default_layout","footnotes":""},"categories":[33],"tags":[],"class_list":["post-10892","post","type-post","status-publish","format-standard","has-post-thumbnail","hentry","category-network"],"yoast_head":"<!-- This site is optimized with the Yoast SEO plugin v27.4 - https:\/\/yoast.com\/product\/yoast-seo-wordpress\/ -->\n<title>Crisi Natuzzi: il 30 aprile Consiglio Comunale straordinario a Santeramo\u00a0\u200b - La Voce del Paese<\/title>\n<meta name=\"robots\" content=\"index, follow, max-snippet:-1, max-image-preview:large, max-video-preview:-1\" \/>\n<link rel=\"canonical\" href=\"https:\/\/lavocedelpaese.info\/index.php\/2026\/04\/24\/crisi-natuzzi-il-30-aprile-consiglio-comunale-straordinario-a-santeramo\/\" \/>\n<meta property=\"og:locale\" content=\"it_IT\" \/>\n<meta property=\"og:type\" content=\"article\" \/>\n<meta property=\"og:title\" content=\"Crisi Natuzzi: il 30 aprile Consiglio Comunale straordinario a Santeramo\u00a0\u200b - La Voce del Paese\" \/>\n<meta property=\"og:description\" content=\"\u00a0 \u200b\u00a0 \u200b\u00a0 Si terr\u00e0 il 30 aprile alle ore 9.00, al teatro \u201cIl Saltimbanco\u201d dell\u2019Istituto Salesiano di Santeramo in\" \/>\n<meta property=\"og:url\" content=\"https:\/\/lavocedelpaese.info\/index.php\/2026\/04\/24\/crisi-natuzzi-il-30-aprile-consiglio-comunale-straordinario-a-santeramo\/\" \/>\n<meta property=\"og:site_name\" content=\"La Voce del Paese\" \/>\n<meta property=\"article:publisher\" content=\"https:\/\/www.facebook.com\/lavocedelpaese.info\" \/>\n<meta property=\"article:published_time\" content=\"2026-04-24T06:15:44+00:00\" \/>\n<meta name=\"author\" content=\"admin\" \/>\n<meta name=\"twitter:card\" content=\"summary_large_image\" \/>\n<meta name=\"twitter:label1\" content=\"Scritto da\" \/>\n\t<meta name=\"twitter:data1\" content=\"admin\" \/>\n\t<meta name=\"twitter:label2\" content=\"Tempo di lettura stimato\" \/>\n\t<meta name=\"twitter:data2\" content=\"1 minuto\" \/>\n<script type=\"application\/ld+json\" class=\"yoast-schema-graph\">{\"@context\":\"https:\\\/\\\/schema.org\",\"@graph\":[{\"@type\":\"Article\",\"@id\":\"https:\\\/\\\/lavocedelpaese.info\\\/index.php\\\/2026\\\/04\\\/24\\\/crisi-natuzzi-il-30-aprile-consiglio-comunale-straordinario-a-santeramo\\\/#article\",\"isPartOf\":{\"@id\":\"https:\\\/\\\/lavocedelpaese.info\\\/index.php\\\/2026\\\/04\\\/24\\\/crisi-natuzzi-il-30-aprile-consiglio-comunale-straordinario-a-santeramo\\\/\"},\"author\":{\"name\":\"admin\",\"@id\":\"https:\\\/\\\/lavocedelpaese.info\\\/#\\\/schema\\\/person\\\/ec151d321306bd7591f7a061abf72d88\"},\"headline\":\"Crisi Natuzzi: il 30 aprile Consiglio Comunale straordinario a Santeramo\u00a0\u200b\",\"datePublished\":\"2026-04-24T06:15:44+00:00\",\"mainEntityOfPage\":{\"@id\":\"https:\\\/\\\/lavocedelpaese.info\\\/index.php\\\/2026\\\/04\\\/24\\\/crisi-natuzzi-il-30-aprile-consiglio-comunale-straordinario-a-santeramo\\\/\"},\"wordCount\":301,\"commentCount\":0,\"publisher\":{\"@id\":\"https:\\\/\\\/lavocedelpaese.info\\\/#organization\"},\"image\":{\"@id\":\"https:\\\/\\\/lavocedelpaese.info\\\/index.php\\\/2026\\\/04\\\/24\\\/crisi-natuzzi-il-30-aprile-consiglio-comunale-straordinario-a-santeramo\\\/#primaryimage\"},\"thumbnailUrl\":\"https:\\\/\\\/lavocedelpaese.info\\\/wp-content\\\/uploads\\\/2023\\\/01\\\/logo-150-127.png\",\"articleSection\":[\"network\"],\"inLanguage\":\"it-IT\",\"potentialAction\":[{\"@type\":\"CommentAction\",\"name\":\"Comment\",\"target\":[\"https:\\\/\\\/lavocedelpaese.info\\\/index.php\\\/2026\\\/04\\\/24\\\/crisi-natuzzi-il-30-aprile-consiglio-comunale-straordinario-a-santeramo\\\/#respond\"]}]},{\"@type\":\"WebPage\",\"@id\":\"https:\\\/\\\/lavocedelpaese.info\\\/index.php\\\/2026\\\/04\\\/24\\\/crisi-natuzzi-il-30-aprile-consiglio-comunale-straordinario-a-santeramo\\\/\",\"url\":\"https:\\\/\\\/lavocedelpaese.info\\\/index.php\\\/2026\\\/04\\\/24\\\/crisi-natuzzi-il-30-aprile-consiglio-comunale-straordinario-a-santeramo\\\/\",\"name\":\"Crisi Natuzzi: il 30 aprile Consiglio Comunale straordinario a Santeramo\u00a0\u200b - La Voce del Paese\",\"isPartOf\":{\"@id\":\"https:\\\/\\\/lavocedelpaese.info\\\/#website\"},\"primaryImageOfPage\":{\"@id\":\"https:\\\/\\\/lavocedelpaese.info\\\/index.php\\\/2026\\\/04\\\/24\\\/crisi-natuzzi-il-30-aprile-consiglio-comunale-straordinario-a-santeramo\\\/#primaryimage\"},\"image\":{\"@id\":\"https:\\\/\\\/lavocedelpaese.info\\\/index.php\\\/2026\\\/04\\\/24\\\/crisi-natuzzi-il-30-aprile-consiglio-comunale-straordinario-a-santeramo\\\/#primaryimage\"},\"thumbnailUrl\":\"https:\\\/\\\/lavocedelpaese.info\\\/wp-content\\\/uploads\\\/2023\\\/01\\\/logo-150-127.png\",\"datePublished\":\"2026-04-24T06:15:44+00:00\",\"breadcrumb\":{\"@id\":\"https:\\\/\\\/lavocedelpaese.info\\\/index.php\\\/2026\\\/04\\\/24\\\/crisi-natuzzi-il-30-aprile-consiglio-comunale-straordinario-a-santeramo\\\/#breadcrumb\"},\"inLanguage\":\"it-IT\",\"potentialAction\":[{\"@type\":\"ReadAction\",\"target\":[\"https:\\\/\\\/lavocedelpaese.info\\\/index.php\\\/2026\\\/04\\\/24\\\/crisi-natuzzi-il-30-aprile-consiglio-comunale-straordinario-a-santeramo\\\/\"]}]},{\"@type\":\"ImageObject\",\"inLanguage\":\"it-IT\",\"@id\":\"https:\\\/\\\/lavocedelpaese.info\\\/index.php\\\/2026\\\/04\\\/24\\\/crisi-natuzzi-il-30-aprile-consiglio-comunale-straordinario-a-santeramo\\\/#primaryimage\",\"url\":\"https:\\\/\\\/lavocedelpaese.info\\\/wp-content\\\/uploads\\\/2023\\\/01\\\/logo-150-127.png\",\"contentUrl\":\"https:\\\/\\\/lavocedelpaese.info\\\/wp-content\\\/uploads\\\/2023\\\/01\\\/logo-150-127.png\",\"width\":150,\"height\":127},{\"@type\":\"BreadcrumbList\",\"@id\":\"https:\\\/\\\/lavocedelpaese.info\\\/index.php\\\/2026\\\/04\\\/24\\\/crisi-natuzzi-il-30-aprile-consiglio-comunale-straordinario-a-santeramo\\\/#breadcrumb\",\"itemListElement\":[{\"@type\":\"ListItem\",\"position\":1,\"name\":\"Home\",\"item\":\"https:\\\/\\\/lavocedelpaese.info\\\/\"},{\"@type\":\"ListItem\",\"position\":2,\"name\":\"Crisi Natuzzi: il 30 aprile Consiglio Comunale straordinario a Santeramo\u00a0\u200b\"}]},{\"@type\":\"WebSite\",\"@id\":\"https:\\\/\\\/lavocedelpaese.info\\\/#website\",\"url\":\"https:\\\/\\\/lavocedelpaese.info\\\/\",\"name\":\"La Voce del Paese\",\"description\":\"Un network di idee\",\"publisher\":{\"@id\":\"https:\\\/\\\/lavocedelpaese.info\\\/#organization\"},\"potentialAction\":[{\"@type\":\"SearchAction\",\"target\":{\"@type\":\"EntryPoint\",\"urlTemplate\":\"https:\\\/\\\/lavocedelpaese.info\\\/?s={search_term_string}\"},\"query-input\":{\"@type\":\"PropertyValueSpecification\",\"valueRequired\":true,\"valueName\":\"search_term_string\"}}],\"inLanguage\":\"it-IT\"},{\"@type\":\"Organization\",\"@id\":\"https:\\\/\\\/lavocedelpaese.info\\\/#organization\",\"name\":\"La Voce del Paese\",\"url\":\"https:\\\/\\\/lavocedelpaese.info\\\/\",\"logo\":{\"@type\":\"ImageObject\",\"inLanguage\":\"it-IT\",\"@id\":\"https:\\\/\\\/lavocedelpaese.info\\\/#\\\/schema\\\/logo\\\/image\\\/\",\"url\":\"https:\\\/\\\/lavocedelpaese.info\\\/wp-content\\\/uploads\\\/2023\\\/01\\\/cropped-logo-150-127.png\",\"contentUrl\":\"https:\\\/\\\/lavocedelpaese.info\\\/wp-content\\\/uploads\\\/2023\\\/01\\\/cropped-logo-150-127.png\",\"width\":137,\"height\":119,\"caption\":\"La Voce del Paese\"},\"image\":{\"@id\":\"https:\\\/\\\/lavocedelpaese.info\\\/#\\\/schema\\\/logo\\\/image\\\/\"},\"sameAs\":[\"https:\\\/\\\/www.facebook.com\\\/lavocedelpaese.info\"]},{\"@type\":\"Person\",\"@id\":\"https:\\\/\\\/lavocedelpaese.info\\\/#\\\/schema\\\/person\\\/ec151d321306bd7591f7a061abf72d88\",\"name\":\"admin\",\"image\":{\"@type\":\"ImageObject\",\"inLanguage\":\"it-IT\",\"@id\":\"https:\\\/\\\/secure.gravatar.com\\\/avatar\\\/af8f2caf0663124588de48a9380e07cbc95a74ef15b8062d0d39106c32fe3023?s=96&d=mm&r=g\",\"url\":\"https:\\\/\\\/secure.gravatar.com\\\/avatar\\\/af8f2caf0663124588de48a9380e07cbc95a74ef15b8062d0d39106c32fe3023?s=96&d=mm&r=g\",\"contentUrl\":\"https:\\\/\\\/secure.gravatar.com\\\/avatar\\\/af8f2caf0663124588de48a9380e07cbc95a74ef15b8062d0d39106c32fe3023?s=96&d=mm&r=g\",\"caption\":\"admin\"},\"sameAs\":[\"https:\\\/\\\/lavocedelpaese.info\"],\"url\":\"https:\\\/\\\/lavocedelpaese.info\\\/index.php\\\/author\\\/admin\\\/\"}]}<\/script>\n<!-- \/ Yoast SEO plugin. -->","yoast_head_json":{"title":"Crisi Natuzzi: il 30 aprile Consiglio Comunale straordinario a Santeramo\u00a0\u200b - La Voce del Paese","robots":{"index":"index","follow":"follow","max-snippet":"max-snippet:-1","max-image-preview":"max-image-preview:large","max-video-preview":"max-video-preview:-1"},"canonical":"https:\/\/lavocedelpaese.info\/index.php\/2026\/04\/24\/crisi-natuzzi-il-30-aprile-consiglio-comunale-straordinario-a-santeramo\/","og_locale":"it_IT","og_type":"article","og_title":"Crisi Natuzzi: il 30 aprile Consiglio Comunale straordinario a Santeramo\u00a0\u200b - La Voce del Paese","og_description":"\u00a0 \u200b\u00a0 \u200b\u00a0 Si terr\u00e0 il 30 aprile alle ore 9.00, al teatro \u201cIl Saltimbanco\u201d dell\u2019Istituto Salesiano di Santeramo in","og_url":"https:\/\/lavocedelpaese.info\/index.php\/2026\/04\/24\/crisi-natuzzi-il-30-aprile-consiglio-comunale-straordinario-a-santeramo\/","og_site_name":"La Voce del Paese","article_publisher":"https:\/\/www.facebook.com\/lavocedelpaese.info","article_published_time":"2026-04-24T06:15:44+00:00","author":"admin","twitter_card":"summary_large_image","twitter_misc":{"Scritto da":"admin","Tempo di lettura stimato":"1 minuto"},"schema":{"@context":"https:\/\/schema.org","@graph":[{"@type":"Article","@id":"https:\/\/lavocedelpaese.info\/index.php\/2026\/04\/24\/crisi-natuzzi-il-30-aprile-consiglio-comunale-straordinario-a-santeramo\/#article","isPartOf":{"@id":"https:\/\/lavocedelpaese.info\/index.php\/2026\/04\/24\/crisi-natuzzi-il-30-aprile-consiglio-comunale-straordinario-a-santeramo\/"},"author":{"name":"admin","@id":"https:\/\/lavocedelpaese.info\/#\/schema\/person\/ec151d321306bd7591f7a061abf72d88"},"headline":"Crisi Natuzzi: il 30 aprile Consiglio Comunale straordinario a Santeramo\u00a0\u200b","datePublished":"2026-04-24T06:15:44+00:00","mainEntityOfPage":{"@id":"https:\/\/lavocedelpaese.info\/index.php\/2026\/04\/24\/crisi-natuzzi-il-30-aprile-consiglio-comunale-straordinario-a-santeramo\/"},"wordCount":301,"commentCount":0,"publisher":{"@id":"https:\/\/lavocedelpaese.info\/#organization"},"image":{"@id":"https:\/\/lavocedelpaese.info\/index.php\/2026\/04\/24\/crisi-natuzzi-il-30-aprile-consiglio-comunale-straordinario-a-santeramo\/#primaryimage"},"thumbnailUrl":"https:\/\/lavocedelpaese.info\/wp-content\/uploads\/2023\/01\/logo-150-127.png","articleSection":["network"],"inLanguage":"it-IT","potentialAction":[{"@type":"CommentAction","name":"Comment","target":["https:\/\/lavocedelpaese.info\/index.php\/2026\/04\/24\/crisi-natuzzi-il-30-aprile-consiglio-comunale-straordinario-a-santeramo\/#respond"]}]},{"@type":"WebPage","@id":"https:\/\/lavocedelpaese.info\/index.php\/2026\/04\/24\/crisi-natuzzi-il-30-aprile-consiglio-comunale-straordinario-a-santeramo\/","url":"https:\/\/lavocedelpaese.info\/index.php\/2026\/04\/24\/crisi-natuzzi-il-30-aprile-consiglio-comunale-straordinario-a-santeramo\/","name":"Crisi Natuzzi: il 30 aprile Consiglio Comunale straordinario a Santeramo\u00a0\u200b - La Voce del Paese","isPartOf":{"@id":"https:\/\/lavocedelpaese.info\/#website"},"primaryImageOfPage":{"@id":"https:\/\/lavocedelpaese.info\/index.php\/2026\/04\/24\/crisi-natuzzi-il-30-aprile-consiglio-comunale-straordinario-a-santeramo\/#primaryimage"},"image":{"@id":"https:\/\/lavocedelpaese.info\/index.php\/2026\/04\/24\/crisi-natuzzi-il-30-aprile-consiglio-comunale-straordinario-a-santeramo\/#primaryimage"},"thumbnailUrl":"https:\/\/lavocedelpaese.info\/wp-content\/uploads\/2023\/01\/logo-150-127.png","datePublished":"2026-04-24T06:15:44+00:00","breadcrumb":{"@id":"https:\/\/lavocedelpaese.info\/index.php\/2026\/04\/24\/crisi-natuzzi-il-30-aprile-consiglio-comunale-straordinario-a-santeramo\/#breadcrumb"},"inLanguage":"it-IT","potentialAction":[{"@type":"ReadAction","target":["https:\/\/lavocedelpaese.info\/index.php\/2026\/04\/24\/crisi-natuzzi-il-30-aprile-consiglio-comunale-straordinario-a-santeramo\/"]}]},{"@type":"ImageObject","inLanguage":"it-IT","@id":"https:\/\/lavocedelpaese.info\/index.php\/2026\/04\/24\/crisi-natuzzi-il-30-aprile-consiglio-comunale-straordinario-a-santeramo\/#primaryimage","url":"https:\/\/lavocedelpaese.info\/wp-content\/uploads\/2023\/01\/logo-150-127.png","contentUrl":"https:\/\/lavocedelpaese.info\/wp-content\/uploads\/2023\/01\/logo-150-127.png","width":150,"height":127},{"@type":"BreadcrumbList","@id":"https:\/\/lavocedelpaese.info\/index.php\/2026\/04\/24\/crisi-natuzzi-il-30-aprile-consiglio-comunale-straordinario-a-santeramo\/#breadcrumb","itemListElement":[{"@type":"ListItem","position":1,"name":"Home","item":"https:\/\/lavocedelpaese.info\/"},{"@type":"ListItem","position":2,"name":"Crisi Natuzzi: il 30 aprile Consiglio Comunale straordinario a Santeramo\u00a0\u200b"}]},{"@type":"WebSite","@id":"https:\/\/lavocedelpaese.info\/#website","url":"https:\/\/lavocedelpaese.info\/","name":"La Voce del Paese","description":"Un network di idee","publisher":{"@id":"https:\/\/lavocedelpaese.info\/#organization"},"potentialAction":[{"@type":"SearchAction","target":{"@type":"EntryPoint","urlTemplate":"https:\/\/lavocedelpaese.info\/?s={search_term_string}"},"query-input":{"@type":"PropertyValueSpecification","valueRequired":true,"valueName":"search_term_string"}}],"inLanguage":"it-IT"},{"@type":"Organization","@id":"https:\/\/lavocedelpaese.info\/#organization","name":"La Voce del Paese","url":"https:\/\/lavocedelpaese.info\/","logo":{"@type":"ImageObject","inLanguage":"it-IT","@id":"https:\/\/lavocedelpaese.info\/#\/schema\/logo\/image\/","url":"https:\/\/lavocedelpaese.info\/wp-content\/uploads\/2023\/01\/cropped-logo-150-127.png","contentUrl":"https:\/\/lavocedelpaese.info\/wp-content\/uploads\/2023\/01\/cropped-logo-150-127.png","width":137,"height":119,"caption":"La Voce del Paese"},"image":{"@id":"https:\/\/lavocedelpaese.info\/#\/schema\/logo\/image\/"},"sameAs":["https:\/\/www.facebook.com\/lavocedelpaese.info"]},{"@type":"Person","@id":"https:\/\/lavocedelpaese.info\/#\/schema\/person\/ec151d321306bd7591f7a061abf72d88","name":"admin","image":{"@type":"ImageObject","inLanguage":"it-IT","@id":"https:\/\/secure.gravatar.com\/avatar\/af8f2caf0663124588de48a9380e07cbc95a74ef15b8062d0d39106c32fe3023?s=96&d=mm&r=g","url":"https:\/\/secure.gravatar.com\/avatar\/af8f2caf0663124588de48a9380e07cbc95a74ef15b8062d0d39106c32fe3023?s=96&d=mm&r=g","contentUrl":"https:\/\/secure.gravatar.com\/avatar\/af8f2caf0663124588de48a9380e07cbc95a74ef15b8062d0d39106c32fe3023?s=96&d=mm&r=g","caption":"admin"},"sameAs":["https:\/\/lavocedelpaese.info"],"url":"https:\/\/lavocedelpaese.info\/index.php\/author\/admin\/"}]}},"_links":{"self":[{"href":"https:\/\/lavocedelpaese.info\/index.php\/wp-json\/wp\/v2\/posts\/10892","targetHints":{"allow":["GET"]}}],"collection":[{"href":"https:\/\/lavocedelpaese.info\/index.php\/wp-json\/wp\/v2\/posts"}],"about":[{"href":"https:\/\/lavocedelpaese.info\/index.php\/wp-json\/wp\/v2\/types\/post"}],"author":[{"embeddable":true,"href":"https:\/\/lavocedelpaese.info\/index.php\/wp-json\/wp\/v2\/users\/6"}],"replies":[{"embeddable":true,"href":"https:\/\/lavocedelpaese.info\/index.php\/wp-json\/wp\/v2\/comments?post=10892"}],"version-history":[{"count":0,"href":"https:\/\/lavocedelpaese.info\/index.php\/wp-json\/wp\/v2\/posts\/10892\/revisions"}],"wp:featuredmedia":[{"embeddable":true,"href":"https:\/\/lavocedelpaese.info\/index.php\/wp-json\/wp\/v2\/media\/730"}],"wp:attachment":[{"href":"https:\/\/lavocedelpaese.info\/index.php\/wp-json\/wp\/v2\/media?parent=10892"}],"wp:term":[{"taxonomy":"category","embeddable":true,"href":"https:\/\/lavocedelpaese.info\/index.php\/wp-json\/wp\/v2\/categories?post=10892"},{"taxonomy":"post_tag","embeddable":true,"href":"https:\/\/lavocedelpaese.info\/index.php\/wp-json\/wp\/v2\/tags?post=10892"}],"curies":[{"name":"wp","href":"https:\/\/api.w.org\/{rel}","templated":true}]}}