{"id":1086,"date":"2023-02-16T07:35:51","date_gmt":"2023-02-16T07:35:51","guid":{"rendered":"https:\/\/lavocedelpaese.info\/index.php\/2023\/02\/16\/nuovi-coordinatori-per-pd-e-m5s\/"},"modified":"2023-02-16T07:35:51","modified_gmt":"2023-02-16T07:35:51","slug":"nuovi-coordinatori-per-pd-e-m5s","status":"publish","type":"post","link":"https:\/\/lavocedelpaese.info\/index.php\/2023\/02\/16\/nuovi-coordinatori-per-pd-e-m5s\/","title":{"rendered":"Nuovi Coordinatori per PD e M5S"},"content":{"rendered":"<p>\u00a0<\/p>\n<p>\u200b\u00a0<\/p>\n<p>\u200bCassano \u2013 La Voce del Paese\u00a0<\/p>\n<p>Domenico De Santis<strong> \u00e8 il nuovo segretario regionale<\/strong> del Partito Democratico: ha potuto contare sull\u2019<strong>unanimit\u00e0 del partito<\/strong>\u00a0e sull\u2019<strong>acclamazione da parte di circa 20 mila iscritti,<\/strong>\u00a0l\u2019iter previsto si concluder\u00e0 con l\u2019assemblea gi\u00e0 convocata per met\u00e0 marzo, in seguito alla quale si aprir\u00e0 una nuova fase per il partito. <strong>Insieme a De Santis sono stati eletti i nuovi segretari provinciali: Pino Giulitto<\/strong>\u00a0per il PD Terra di Bari,\u00a0<strong>Luciano Marrocco<\/strong>\u00a0per Lecce,\u00a0<strong>Pierpaolo D\u2019Arienzo<\/strong>\u00a0per la Capitanata,\u00a0<strong>Anna Filippetti<\/strong>\u00a0per il PD Terra Jonica,\u00a0<strong>Francesco Rogoli<\/strong>\u00a0per Brindisi e\u00a0<strong>Lorenzo Marchio Rossi\u00a0<\/strong>per la BAT.<\/p>\n<p><strong>Raimondo Innamorato<\/strong>, Sindaco di Noicattaro, invece, \u00e8 il nuovo Coordinatore Territoriale della Provincia di Bari per il Movimento 5 Stelle, sempre meno \u201cmovimento\u201d e sempre pi\u00f9 partito strutturato sul territorio. \u201c<em>Ringrazio il Presidente Giuseppe Conte per la fiducia riposta sulla mia persona <\/em>\u2013 ha detto Innamorato \u2013 <em>Oggi, pi\u00f9 che mai, occorre ascoltare i territori per raccogliere le proposte e le istanze che pervengono dal basso. Serve un raccordo tra i vari livelli istituzionali e i costituendi gruppi locali, per risultare ancora pi\u00f9 capillari nella divulgazione dei programmi e delle azioni quotidiane. Lavorer\u00f2 assieme al Coordinatore territoriale regionale Leonardo Donno, al vicepresidente Mario Turco e agli altri Coordinatori Provinciali per affermare e consolidare i valori e i principi del Movimento 5 Stelle\u201d.<\/em><\/p>\n<p><a class=\"a2a_button_facebook\" href=\"https:\/\/www.addtoany.com\/add_to\/facebook?linkurl=https%3A%2F%2Fcassano.lavocedelpaese.info%2Findex.php%2F2023%2F02%2F16%2Fnuovi-coordinatori-per-pd-e-m5s%2F&amp;linkname=Nuovi%20Coordinatori%20per%20PD%20e%20M5S\" title=\"Facebook\" target=\"_blank\" rel=\"noopener\"><\/a><a class=\"a2a_button_twitter\" href=\"https:\/\/www.addtoany.com\/add_to\/twitter?linkurl=https%3A%2F%2Fcassano.lavocedelpaese.info%2Findex.php%2F2023%2F02%2F16%2Fnuovi-coordinatori-per-pd-e-m5s%2F&amp;linkname=Nuovi%20Coordinatori%20per%20PD%20e%20M5S\" title=\"Twitter\" target=\"_blank\" rel=\"noopener\"><\/a><a class=\"a2a_button_whatsapp\" href=\"https:\/\/www.addtoany.com\/add_to\/whatsapp?linkurl=https%3A%2F%2Fcassano.lavocedelpaese.info%2Findex.php%2F2023%2F02%2F16%2Fnuovi-coordinatori-per-pd-e-m5s%2F&amp;linkname=Nuovi%20Coordinatori%20per%20PD%20e%20M5S\" title=\"WhatsApp\" target=\"_blank\" rel=\"noopener\"><\/a><a class=\"a2a_button_telegram\" href=\"https:\/\/www.addtoany.com\/add_to\/telegram?linkurl=https%3A%2F%2Fcassano.lavocedelpaese.info%2Findex.php%2F2023%2F02%2F16%2Fnuovi-coordinatori-per-pd-e-m5s%2F&amp;linkname=Nuovi%20Coordinatori%20per%20PD%20e%20M5S\" title=\"Telegram\" target=\"_blank\" rel=\"noopener\"><\/a><a class=\"a2a_button_email\" href=\"https:\/\/www.addtoany.com\/add_to\/email?linkurl=https%3A%2F%2Fcassano.lavocedelpaese.info%2Findex.php%2F2023%2F02%2F16%2Fnuovi-coordinatori-per-pd-e-m5s%2F&amp;linkname=Nuovi%20Coordinatori%20per%20PD%20e%20M5S\" title=\"Email\" target=\"_blank\" rel=\"noopener\"><\/a><\/p>\n<p>\u00a0<\/p>","protected":false},"excerpt":{"rendered":"<p>\u00a0 \u200b\u00a0 \u200bCassano \u2013 La Voce del Paese\u00a0 Domenico De Santis \u00e8 il nuovo segretario regionale del Partito Democratico: ha<\/p>\n","protected":false},"author":0,"featured_media":0,"comment_status":"open","ping_status":"closed","sticky":false,"template":"","format":"standard","meta":{"colormag_page_container_layout":"default_layout","colormag_page_sidebar_layout":"default_layout","footnotes":""},"categories":[33],"tags":[],"class_list":["post-1086","post","type-post","status-publish","format-standard","hentry","category-network"],"yoast_head":"<!-- This site is optimized with the Yoast SEO plugin v27.5 - https:\/\/yoast.com\/product\/yoast-seo-wordpress\/ -->\n<title>Nuovi Coordinatori per PD e M5S - La Voce del Paese<\/title>\n<meta name=\"robots\" content=\"index, follow, max-snippet:-1, max-image-preview:large, max-video-preview:-1\" \/>\n<link rel=\"canonical\" href=\"https:\/\/lavocedelpaese.info\/index.php\/2023\/02\/16\/nuovi-coordinatori-per-pd-e-m5s\/\" \/>\n<meta property=\"og:locale\" content=\"it_IT\" \/>\n<meta property=\"og:type\" content=\"article\" \/>\n<meta property=\"og:title\" content=\"Nuovi Coordinatori per PD e M5S - La Voce del Paese\" \/>\n<meta property=\"og:description\" content=\"\u00a0 \u200b\u00a0 \u200bCassano \u2013 La Voce del Paese\u00a0 Domenico De Santis \u00e8 il nuovo segretario regionale del Partito Democratico: ha\" \/>\n<meta property=\"og:url\" content=\"https:\/\/lavocedelpaese.info\/index.php\/2023\/02\/16\/nuovi-coordinatori-per-pd-e-m5s\/\" \/>\n<meta property=\"og:site_name\" content=\"La Voce del Paese\" \/>\n<meta property=\"article:publisher\" content=\"https:\/\/www.facebook.com\/lavocedelpaese.info\" \/>\n<meta property=\"article:published_time\" content=\"2023-02-16T07:35:51+00:00\" \/>\n<meta name=\"twitter:card\" content=\"summary_large_image\" \/>\n<meta name=\"twitter:label1\" content=\"Tempo di lettura stimato\" \/>\n\t<meta name=\"twitter:data1\" content=\"1 minuto\" \/>\n<script type=\"application\/ld+json\" class=\"yoast-schema-graph\">{\"@context\":\"https:\\\/\\\/schema.org\",\"@graph\":[{\"@type\":\"Article\",\"@id\":\"https:\\\/\\\/lavocedelpaese.info\\\/index.php\\\/2023\\\/02\\\/16\\\/nuovi-coordinatori-per-pd-e-m5s\\\/#article\",\"isPartOf\":{\"@id\":\"https:\\\/\\\/lavocedelpaese.info\\\/index.php\\\/2023\\\/02\\\/16\\\/nuovi-coordinatori-per-pd-e-m5s\\\/\"},\"author\":{\"name\":\"\",\"@id\":\"\"},\"headline\":\"Nuovi Coordinatori per PD e M5S\",\"datePublished\":\"2023-02-16T07:35:51+00:00\",\"mainEntityOfPage\":{\"@id\":\"https:\\\/\\\/lavocedelpaese.info\\\/index.php\\\/2023\\\/02\\\/16\\\/nuovi-coordinatori-per-pd-e-m5s\\\/\"},\"wordCount\":227,\"commentCount\":0,\"publisher\":{\"@id\":\"https:\\\/\\\/lavocedelpaese.info\\\/#organization\"},\"articleSection\":[\"network\"],\"inLanguage\":\"it-IT\",\"potentialAction\":[{\"@type\":\"CommentAction\",\"name\":\"Comment\",\"target\":[\"https:\\\/\\\/lavocedelpaese.info\\\/index.php\\\/2023\\\/02\\\/16\\\/nuovi-coordinatori-per-pd-e-m5s\\\/#respond\"]}]},{\"@type\":\"WebPage\",\"@id\":\"https:\\\/\\\/lavocedelpaese.info\\\/index.php\\\/2023\\\/02\\\/16\\\/nuovi-coordinatori-per-pd-e-m5s\\\/\",\"url\":\"https:\\\/\\\/lavocedelpaese.info\\\/index.php\\\/2023\\\/02\\\/16\\\/nuovi-coordinatori-per-pd-e-m5s\\\/\",\"name\":\"Nuovi Coordinatori per PD e M5S - La Voce del Paese\",\"isPartOf\":{\"@id\":\"https:\\\/\\\/lavocedelpaese.info\\\/#website\"},\"datePublished\":\"2023-02-16T07:35:51+00:00\",\"breadcrumb\":{\"@id\":\"https:\\\/\\\/lavocedelpaese.info\\\/index.php\\\/2023\\\/02\\\/16\\\/nuovi-coordinatori-per-pd-e-m5s\\\/#breadcrumb\"},\"inLanguage\":\"it-IT\",\"potentialAction\":[{\"@type\":\"ReadAction\",\"target\":[\"https:\\\/\\\/lavocedelpaese.info\\\/index.php\\\/2023\\\/02\\\/16\\\/nuovi-coordinatori-per-pd-e-m5s\\\/\"]}]},{\"@type\":\"BreadcrumbList\",\"@id\":\"https:\\\/\\\/lavocedelpaese.info\\\/index.php\\\/2023\\\/02\\\/16\\\/nuovi-coordinatori-per-pd-e-m5s\\\/#breadcrumb\",\"itemListElement\":[{\"@type\":\"ListItem\",\"position\":1,\"name\":\"Home\",\"item\":\"https:\\\/\\\/lavocedelpaese.info\\\/\"},{\"@type\":\"ListItem\",\"position\":2,\"name\":\"Nuovi Coordinatori per PD e M5S\"}]},{\"@type\":\"WebSite\",\"@id\":\"https:\\\/\\\/lavocedelpaese.info\\\/#website\",\"url\":\"https:\\\/\\\/lavocedelpaese.info\\\/\",\"name\":\"La Voce del Paese\",\"description\":\"Un network di idee\",\"publisher\":{\"@id\":\"https:\\\/\\\/lavocedelpaese.info\\\/#organization\"},\"potentialAction\":[{\"@type\":\"SearchAction\",\"target\":{\"@type\":\"EntryPoint\",\"urlTemplate\":\"https:\\\/\\\/lavocedelpaese.info\\\/?s={search_term_string}\"},\"query-input\":{\"@type\":\"PropertyValueSpecification\",\"valueRequired\":true,\"valueName\":\"search_term_string\"}}],\"inLanguage\":\"it-IT\"},{\"@type\":\"Organization\",\"@id\":\"https:\\\/\\\/lavocedelpaese.info\\\/#organization\",\"name\":\"La Voce del Paese\",\"url\":\"https:\\\/\\\/lavocedelpaese.info\\\/\",\"logo\":{\"@type\":\"ImageObject\",\"inLanguage\":\"it-IT\",\"@id\":\"https:\\\/\\\/lavocedelpaese.info\\\/#\\\/schema\\\/logo\\\/image\\\/\",\"url\":\"https:\\\/\\\/lavocedelpaese.info\\\/wp-content\\\/uploads\\\/2023\\\/01\\\/cropped-logo-150-127.png\",\"contentUrl\":\"https:\\\/\\\/lavocedelpaese.info\\\/wp-content\\\/uploads\\\/2023\\\/01\\\/cropped-logo-150-127.png\",\"width\":137,\"height\":119,\"caption\":\"La Voce del Paese\"},\"image\":{\"@id\":\"https:\\\/\\\/lavocedelpaese.info\\\/#\\\/schema\\\/logo\\\/image\\\/\"},\"sameAs\":[\"https:\\\/\\\/www.facebook.com\\\/lavocedelpaese.info\"]}]}<\/script>\n<!-- \/ Yoast SEO plugin. -->","yoast_head_json":{"title":"Nuovi Coordinatori per PD e M5S - La Voce del Paese","robots":{"index":"index","follow":"follow","max-snippet":"max-snippet:-1","max-image-preview":"max-image-preview:large","max-video-preview":"max-video-preview:-1"},"canonical":"https:\/\/lavocedelpaese.info\/index.php\/2023\/02\/16\/nuovi-coordinatori-per-pd-e-m5s\/","og_locale":"it_IT","og_type":"article","og_title":"Nuovi Coordinatori per PD e M5S - La Voce del Paese","og_description":"\u00a0 \u200b\u00a0 \u200bCassano \u2013 La Voce del Paese\u00a0 Domenico De Santis \u00e8 il nuovo segretario regionale del Partito Democratico: ha","og_url":"https:\/\/lavocedelpaese.info\/index.php\/2023\/02\/16\/nuovi-coordinatori-per-pd-e-m5s\/","og_site_name":"La Voce del Paese","article_publisher":"https:\/\/www.facebook.com\/lavocedelpaese.info","article_published_time":"2023-02-16T07:35:51+00:00","twitter_card":"summary_large_image","twitter_misc":{"Tempo di lettura stimato":"1 minuto"},"schema":{"@context":"https:\/\/schema.org","@graph":[{"@type":"Article","@id":"https:\/\/lavocedelpaese.info\/index.php\/2023\/02\/16\/nuovi-coordinatori-per-pd-e-m5s\/#article","isPartOf":{"@id":"https:\/\/lavocedelpaese.info\/index.php\/2023\/02\/16\/nuovi-coordinatori-per-pd-e-m5s\/"},"author":{"name":"","@id":""},"headline":"Nuovi Coordinatori per PD e M5S","datePublished":"2023-02-16T07:35:51+00:00","mainEntityOfPage":{"@id":"https:\/\/lavocedelpaese.info\/index.php\/2023\/02\/16\/nuovi-coordinatori-per-pd-e-m5s\/"},"wordCount":227,"commentCount":0,"publisher":{"@id":"https:\/\/lavocedelpaese.info\/#organization"},"articleSection":["network"],"inLanguage":"it-IT","potentialAction":[{"@type":"CommentAction","name":"Comment","target":["https:\/\/lavocedelpaese.info\/index.php\/2023\/02\/16\/nuovi-coordinatori-per-pd-e-m5s\/#respond"]}]},{"@type":"WebPage","@id":"https:\/\/lavocedelpaese.info\/index.php\/2023\/02\/16\/nuovi-coordinatori-per-pd-e-m5s\/","url":"https:\/\/lavocedelpaese.info\/index.php\/2023\/02\/16\/nuovi-coordinatori-per-pd-e-m5s\/","name":"Nuovi Coordinatori per PD e M5S - La Voce del Paese","isPartOf":{"@id":"https:\/\/lavocedelpaese.info\/#website"},"datePublished":"2023-02-16T07:35:51+00:00","breadcrumb":{"@id":"https:\/\/lavocedelpaese.info\/index.php\/2023\/02\/16\/nuovi-coordinatori-per-pd-e-m5s\/#breadcrumb"},"inLanguage":"it-IT","potentialAction":[{"@type":"ReadAction","target":["https:\/\/lavocedelpaese.info\/index.php\/2023\/02\/16\/nuovi-coordinatori-per-pd-e-m5s\/"]}]},{"@type":"BreadcrumbList","@id":"https:\/\/lavocedelpaese.info\/index.php\/2023\/02\/16\/nuovi-coordinatori-per-pd-e-m5s\/#breadcrumb","itemListElement":[{"@type":"ListItem","position":1,"name":"Home","item":"https:\/\/lavocedelpaese.info\/"},{"@type":"ListItem","position":2,"name":"Nuovi Coordinatori per PD e M5S"}]},{"@type":"WebSite","@id":"https:\/\/lavocedelpaese.info\/#website","url":"https:\/\/lavocedelpaese.info\/","name":"La Voce del Paese","description":"Un network di idee","publisher":{"@id":"https:\/\/lavocedelpaese.info\/#organization"},"potentialAction":[{"@type":"SearchAction","target":{"@type":"EntryPoint","urlTemplate":"https:\/\/lavocedelpaese.info\/?s={search_term_string}"},"query-input":{"@type":"PropertyValueSpecification","valueRequired":true,"valueName":"search_term_string"}}],"inLanguage":"it-IT"},{"@type":"Organization","@id":"https:\/\/lavocedelpaese.info\/#organization","name":"La Voce del Paese","url":"https:\/\/lavocedelpaese.info\/","logo":{"@type":"ImageObject","inLanguage":"it-IT","@id":"https:\/\/lavocedelpaese.info\/#\/schema\/logo\/image\/","url":"https:\/\/lavocedelpaese.info\/wp-content\/uploads\/2023\/01\/cropped-logo-150-127.png","contentUrl":"https:\/\/lavocedelpaese.info\/wp-content\/uploads\/2023\/01\/cropped-logo-150-127.png","width":137,"height":119,"caption":"La Voce del Paese"},"image":{"@id":"https:\/\/lavocedelpaese.info\/#\/schema\/logo\/image\/"},"sameAs":["https:\/\/www.facebook.com\/lavocedelpaese.info"]}]}},"_links":{"self":[{"href":"https:\/\/lavocedelpaese.info\/index.php\/wp-json\/wp\/v2\/posts\/1086","targetHints":{"allow":["GET"]}}],"collection":[{"href":"https:\/\/lavocedelpaese.info\/index.php\/wp-json\/wp\/v2\/posts"}],"about":[{"href":"https:\/\/lavocedelpaese.info\/index.php\/wp-json\/wp\/v2\/types\/post"}],"replies":[{"embeddable":true,"href":"https:\/\/lavocedelpaese.info\/index.php\/wp-json\/wp\/v2\/comments?post=1086"}],"version-history":[{"count":0,"href":"https:\/\/lavocedelpaese.info\/index.php\/wp-json\/wp\/v2\/posts\/1086\/revisions"}],"wp:attachment":[{"href":"https:\/\/lavocedelpaese.info\/index.php\/wp-json\/wp\/v2\/media?parent=1086"}],"wp:term":[{"taxonomy":"category","embeddable":true,"href":"https:\/\/lavocedelpaese.info\/index.php\/wp-json\/wp\/v2\/categories?post=1086"},{"taxonomy":"post_tag","embeddable":true,"href":"https:\/\/lavocedelpaese.info\/index.php\/wp-json\/wp\/v2\/tags?post=1086"}],"curies":[{"name":"wp","href":"https:\/\/api.w.org\/{rel}","templated":true}]}}