{"id":10779,"date":"2026-03-18T08:13:50","date_gmt":"2026-03-18T08:13:50","guid":{"rendered":"https:\/\/lavocedelpaese.info\/index.php\/2026\/03\/18\/consiglio-sulle-zone-s-a-r-la-maggioranza-si-spacca-il-soccorso-della-destra\/"},"modified":"2026-03-18T08:13:50","modified_gmt":"2026-03-18T08:13:50","slug":"consiglio-sulle-zone-s-a-r-la-maggioranza-si-spacca-il-soccorso-della-destra","status":"publish","type":"post","link":"https:\/\/lavocedelpaese.info\/index.php\/2026\/03\/18\/consiglio-sulle-zone-s-a-r-la-maggioranza-si-spacca-il-soccorso-della-destra\/","title":{"rendered":"Consiglio, sulle zone S.A.R. la maggioranza si spacca. Il soccorso della destra\u00a0\u200b"},"content":{"rendered":"<p>\u00a0<\/p>\n<p>\u200b\u00a0<\/p>\n<p>\u200b\u00a0<\/p>\n<p>Va in pezzi la maggioranza politica che governa il Comune di Cassano delle Murge, nella seduta del Consiglio Comunale del 17 marzo: due Consiglieri \u2013 il capogruppo Francesco Petruzzellis assieme a Damiano Baldassarre \u2013 che lasciano l\u2019aula prima di affrontare l\u2019argomento e Linda Catucci che vota \u201cno\u201d al provvedimento. A destra, per\u00f2, tre Consiglieri \u2013 Giustino, Caprio e D\u2019Ambrosio \u2013 votano \u201cs\u00ec\u201d con la maggioranza mentre Raffaella Casamassima si astiene.<\/p>\n<p><strong>Bocciato il progetto per l\u2019ex \u201cVillaggio del Fanciullo\u201d.<\/strong><\/p>\n<p>I lavori si erano aperti con una brutta notizia per Cassano, rivelata dal Consigliere Angelo Giustino: il progetto relativo alla riqualificazione dell\u2019ex \u201cVillaggio del Fanciullo\u201d presentato alla Regione dal Comune, a valere su fondi comunitari FESR \u00e8 stato bocciato; la richiesta era di 3 milioni di euro per farne una \u201cCasa delle Associazioni\u201d assieme ad altri servizi. \u201cNonostante i roboanti comunicati su \u201cil Villaggio\u201d che torna ai cassanesi \u2013 ha detto Giustino \u2013 la realt\u00e0 \u00e8 che avete sbagliato obiettivo visto che quella struttura non rientrava fra le tipologie previste dal bando regionale; avreste potuto candidare altro (il Palazzo Miani-Perotti, ad esempio) e invece avete perso un\u2019occasione storica per Cassano\u201d, ha concluso il Consigliere di \u201cCassano Avanti\u201d.<\/p>\n<p><strong>Eletto il nuovo Presidente del Consiglio Comunale.<\/strong><\/p>\n<p>Entrando nel merito dei punti all\u2019ordine del giorno, elezione del nuovo Presidente del Consiglio Comunale dopo le dimissioni di Stefania Simonetti che ha preso il posto in Giunta di Marica Tassielli. <a href=\"https:\/\/cassano.lavocedelpaese.info\/giunta-comunale-la-simonetti-prende-il-posto-di-marica-tassielli\/\">Come ampiamente annunciato il nuovo Presidente \u00e8 Pasquale \u201cLino\u201d Angiulo,<\/a> eletto con i voti della maggioranza mentre l\u2019opposizione ha votato Vito Lionetti.<\/p>\n<figure class=\"wp-block-image size-large is-resized\"><img decoding=\"async\" width=\"1024\" height=\"768\" src=\"https:\/\/cassano.lavocedelpaese.info\/wp-content\/uploads\/2026\/03\/Consilgio-del-17_3_2026_1-1024x768.jpg\" alt=\"\" class=\"wp-image-8206\" \/><\/figure>\n<p>Ringraziamenti e congratulazioni, dai Consiglieri, al neo Presidente che scontando l\u2019inesperienza, ha preso subito una serie di scivoloni verbali e procedurali, segnando anche il record di sospensioni (ben 3) in una singola seduta di Consiglio, con Giustino che \u201cspiegava\u201d ad Angiulo che \u201cil Presidente\u201d pone in votazione e motiva i provvedimenti che il Consiglio vota e non \u00e8 il padrone dell\u2019aula n\u00e9 ne pu\u00f2 disporre a piacimento.<\/p>\n<p><strong>Le buone intenzioni di Stefania Simonetti.<\/strong><\/p>\n<p>Un breve intervento della neo-Assessora, ha segnato il suo esordio ufficiale alla guida dell\u2019Assessorato che si occuper\u00e0 di sport, politiche giovanili e rapporti con le Associazioni; l\u2019idea di Stefania Simonetti \u00e8 di valorizzare le eccellenze sportive locali, rilanciare le politiche giovanili a favore soprattutto delle fasce adolescenziali con attivit\u00e0 di inclusione e di identit\u00e0 e rilanciare la Consulta delle Associazioni ormai sepolta da anni di immobilismo e inattivit\u00e0.<\/p>\n<figure class=\"wp-block-image size-large is-resized\"><img decoding=\"async\" width=\"767\" height=\"1024\" src=\"https:\/\/cassano.lavocedelpaese.info\/wp-content\/uploads\/2026\/03\/Consilgio-del-17_3_2026_3-767x1024.jpg\" alt=\"\" class=\"wp-image-8203\" \/><\/figure>\n<p><strong>Variazioni al Bilancio: il Sindaco si assenta.<\/strong><\/p>\n<p>Un altro stano caso \u2013 durante i lavori \u2013 quello del Sindaco Davide Del Re che si \u00e8 assentato durante il voto su una variazione di Bilancio proposta dall\u2019Assessore Vito Lionetti. La variazione ha riguardato stanziamenti e finanziamenti vari: 155mila euro da destinare ai dipendenti comunali per arretrati e adeguamenti contrattuali; 110 mila euro da fondi Pnrr per rinnovare arredi e mobilio della Sala Consiliare e del Comune e 130mila euro per acquistare uno scuolabus ad alimentazione elettrica. Il problema \u00e8 sorto sull\u2019ultimo punto ovvero 34mila euro per la ristrutturazione del chiosco in piazza Merloni, un ex bar ormai chiuso da tempo. Il locale non \u00e8 nella disponibilit\u00e0 del Comune che tanti anni fa lo affitt\u00f2 ad un privato, innescando una serie di rivendicazioni tra lo stesso e l\u2019Ente che per\u00f2 \u00e8 solo proprietario dell\u2019immobile ma non ha le chiavi. Il Consigliere Angelo Giustino ha invece tirato fuori una dichiarazione ufficiale del Sindaco con la quale si certifica che quel locale \u00e8 nella disponibilit\u00e0 del Comune di Cassano e sulla base di tale documento \u00e8 stato concesso il finanziamento regionale. \u201cOra si rischia un grave danno erariale, se non di pi\u00f9\u201d ha detto in aula il Consigliere di minoranza mentre la collega Annamaria Caprio ribadiva che \u201cl\u00e0 dentro, in quel locale, il Comune non ci pu\u00f2 entrare\u2026\u201d. Richiesta di sospensione, lavori che si bloccano, tutti fuori dall\u2019aula e alla ripresa il Sindaco che non rientra per il voto, una assenza tattica in vista di una futura tutela legale sulla vicenda. Il punto passa a maggioranza.<\/p>\n<p><strong>Cura degli animali: maxi fattura da 17mila euro.<\/strong><\/p>\n<p>Sempre a maggioranza e con l\u2019astensione dei Consiglieri di opposizione \u00e8 passata un\u2019altra variazione di Bilancio riguardante una fattura da 17mila euro da parte della clinica veterinaria di Altamura convenzionata con il Comune per la cura degli animali randagi. L\u2019Assessore Ivan Aloisio ha spiegato che grazie alla minore spesa per i canili, con l\u2019aumento delle adozioni, si \u00e8 potuto investire di pi\u00f9 sulla cura dei randagi tant\u2019\u00e8 che gli interventi si sono quasi raddoppiati: dai 15 del 2024 ai 29 del 2025. Ovviamente anche la spesa \u00e8 lievitata. \u201cTroppo e senza controllo\u201d secondo la Consigliera Raffaella Casamassima: \u201cun gatto randagio \u00e8 stato ricoverato per quasi 6 mesi in clinica \u2013 ha rivelato la Consigliera \u2013 ed \u00e8 costato, al netto di altri interventi medici, ben 4.550 euro!\u201d. \u201cL\u2019approccio di una clinica \u00e8 totalmente diverso da quello di un medico veterinario \u2013 ha fatto presente la Consigliera Casamassima \u2013 perch\u00e9 spesso gli animali sono sottoposti a tutta una serie di esami costosi che con modalit\u00e0 diverse potrebbero essere evitati\u201d; la D\u2019Ambrosio, fra l\u2019altro, ha chiesto che fine fanno poi gli animali curati e dimessi, perch\u00e9 pare che non se ne abbia pi\u00f9 notizia. L\u2019Assessore Aloisio ha invece rivendicato l\u2019ottimo lavoro fatto dall\u2019Amministrazione Del Re sul tema del benessere degli animali, facendo presente che a decidere sugli affidamenti dei servizi sono i responsabili di settore (in questo caso la Polizia Locale) e non la politica.<\/p>\n<p><strong>Zone S.A.R., approvata la revisione e aggiornamento.<\/strong><\/p>\n<p>Le zone S.A.R. (il territorio comunale cassanese ne conta 23) sono aree per i servizi (parcheggi, edilizia scolastica, verde, ecc.) di cui si tiene conto quando si costruisce una zona residenziale. Un esempio classico \u00e8 la zona S.A.R. dove c\u2019\u00e8 il \u201cPenny Market\u201d su via Carafa: la realizzazione del supermercato ha permesso la costruzione del parcheggio antistante ad uso pubblico, utilizzato oggi per diversi scopi. L\u2019indirizzo dell\u2019Amministrazione Comunale \u2013 come ha spiegato il Sindaco \u2013 \u00e8 di rivedere e aggiornare le zone S.A.R. a circa 18 anni dall\u2019ultimo provvedimento del 2008, al fine di consentire uno sviluppo pi\u00f9 armonico dell\u2019abitato e dare una spinta all\u2019imprenditoria privata; nei pressi della Caserma dei Carabinieri, ad esempio, da diversi anni c\u2019\u00e8 un progetto per la realizzazione di un mini-centro commerciale proposto da un imprenditore cassanese che adesso potrebbe vedere la luce (forse!). Il provvedimento, per\u00f2, non \u00e8 piaciuto al Consigliere Damiano Baldassarre che in una lunga relazione in Commissione Consiliare ha messo nero su bianco tutte le criticit\u00e0 del caso; a lui si sono uniti \u2013 idealmente, visto che non ha partecipato al voto \u2013 anche le Consigliere Linda Catucci (che ha votato no) e Raffaella Casamassima (che si \u00e8 astenuta) mentre non ha partecipato ai lavori l\u2019ing. Petruzzellis, capogruppo di \u201cEvviva Cassano\u201d, evidentemente anch\u2019egli contrario al provvedimento.<\/p>\n<figure class=\"wp-block-image size-large is-resized\"><img decoding=\"async\" width=\"1024\" height=\"768\" src=\"https:\/\/cassano.lavocedelpaese.info\/wp-content\/uploads\/2026\/03\/Consilgio-del-17_3_2026_4-1024x768.jpg\" alt=\"\" class=\"wp-image-8201\" \/><\/figure>\n<p>\u201cOccorre ricucire i borghi extraurbani al paese\u201d ha ribadito il Sindaco Del Re durante i lavori ripresi dopo la terza sospensione della serata \u2013 \u201crilanciare l\u2019imprenditoria locale: mi spiace per Baldassarre di cui rispetto le idee e sono contento della prova di democrazia di questa maggioranza ma il geometra ha preso non una ma una serie di cantonate con quel documento!\u201d<\/p>\n<p>Del Re ha poi ribadito che nella zona di piazzale Tagariello \u2013 una delle pi\u00f9 contestate, su cui il Comune vuole fare un Parco Urbano \u2013 rimarranno sia il mercato del venerd\u00ec che il parcheggio per i mezzi, tenendo tutto assieme. Come si far\u00e0? Vedremo dal progetto definitivo, se dovesse arrivare il finanziamento regionale.<\/p>\n<p>Tre consiglieri di minoranza hanno, alla fine, votato favorevolmente sul punto assieme a 9 della maggioranza \u201cma non perch\u00e9 l\u2019atto sia giusto \u2013 ha della Caprio \u2013 bens\u00ec perch\u00e9 siamo stanchi della strumentalizzazione che la maggioranza fa dei nostri interventi e affinch\u00e8 non si dica che siamo contro lo sviluppo\u201d.<\/p>\n\n<p><a class=\"a2a_button_facebook\" href=\"https:\/\/www.addtoany.com\/add_to\/facebook?linkurl=https%3A%2F%2Fcassano.lavocedelpaese.info%2Fconsiglio-sulle-zone-s-a-r-la-maggioranza-si-spacca-il-soccorso-della-destra%2F&amp;linkname=Consiglio%2C%20sulle%20zone%20S.A.R.%20la%20maggioranza%20si%20spacca.%20Il%20soccorso%20della%20destra\" title=\"Facebook\" rel=\"nofollow noopener\" target=\"_blank\"><\/a><a class=\"a2a_button_twitter\" href=\"https:\/\/www.addtoany.com\/add_to\/twitter?linkurl=https%3A%2F%2Fcassano.lavocedelpaese.info%2Fconsiglio-sulle-zone-s-a-r-la-maggioranza-si-spacca-il-soccorso-della-destra%2F&amp;linkname=Consiglio%2C%20sulle%20zone%20S.A.R.%20la%20maggioranza%20si%20spacca.%20Il%20soccorso%20della%20destra\" title=\"Twitter\" rel=\"nofollow noopener\" target=\"_blank\"><\/a><a class=\"a2a_button_whatsapp\" href=\"https:\/\/www.addtoany.com\/add_to\/whatsapp?linkurl=https%3A%2F%2Fcassano.lavocedelpaese.info%2Fconsiglio-sulle-zone-s-a-r-la-maggioranza-si-spacca-il-soccorso-della-destra%2F&amp;linkname=Consiglio%2C%20sulle%20zone%20S.A.R.%20la%20maggioranza%20si%20spacca.%20Il%20soccorso%20della%20destra\" title=\"WhatsApp\" rel=\"nofollow noopener\" target=\"_blank\"><\/a><a class=\"a2a_button_telegram\" href=\"https:\/\/www.addtoany.com\/add_to\/telegram?linkurl=https%3A%2F%2Fcassano.lavocedelpaese.info%2Fconsiglio-sulle-zone-s-a-r-la-maggioranza-si-spacca-il-soccorso-della-destra%2F&amp;linkname=Consiglio%2C%20sulle%20zone%20S.A.R.%20la%20maggioranza%20si%20spacca.%20Il%20soccorso%20della%20destra\" title=\"Telegram\" rel=\"nofollow noopener\" target=\"_blank\"><\/a><a class=\"a2a_button_email\" href=\"https:\/\/www.addtoany.com\/add_to\/email?linkurl=https%3A%2F%2Fcassano.lavocedelpaese.info%2Fconsiglio-sulle-zone-s-a-r-la-maggioranza-si-spacca-il-soccorso-della-destra%2F&amp;linkname=Consiglio%2C%20sulle%20zone%20S.A.R.%20la%20maggioranza%20si%20spacca.%20Il%20soccorso%20della%20destra\" title=\"Email\" rel=\"nofollow noopener\" target=\"_blank\"><\/a><\/p>\n<p>\u00a0<\/p>\n<p>\u00a0<\/p>\n<p>\u200b\u00a0\u00a0\u00a0<\/p>","protected":false},"excerpt":{"rendered":"<p>\u00a0 \u200b\u00a0 \u200b\u00a0 Va in pezzi la maggioranza politica che governa il Comune di Cassano delle Murge, nella seduta del<\/p>\n","protected":false},"author":6,"featured_media":10780,"comment_status":"open","ping_status":"closed","sticky":false,"template":"","format":"standard","meta":{"colormag_page_container_layout":"default_layout","colormag_page_sidebar_layout":"default_layout","footnotes":""},"categories":[33],"tags":[],"class_list":["post-10779","post","type-post","status-publish","format-standard","has-post-thumbnail","hentry","category-network"],"yoast_head":"<!-- This site is optimized with the Yoast SEO plugin v27.5 - https:\/\/yoast.com\/product\/yoast-seo-wordpress\/ -->\n<title>Consiglio, sulle zone S.A.R. la maggioranza si spacca. Il soccorso della destra\u00a0\u200b - La Voce del Paese<\/title>\n<meta name=\"robots\" content=\"index, follow, max-snippet:-1, max-image-preview:large, max-video-preview:-1\" \/>\n<link rel=\"canonical\" href=\"https:\/\/lavocedelpaese.info\/index.php\/2026\/03\/18\/consiglio-sulle-zone-s-a-r-la-maggioranza-si-spacca-il-soccorso-della-destra\/\" \/>\n<meta property=\"og:locale\" content=\"it_IT\" \/>\n<meta property=\"og:type\" content=\"article\" \/>\n<meta property=\"og:title\" content=\"Consiglio, sulle zone S.A.R. la maggioranza si spacca. Il soccorso della destra\u00a0\u200b - La Voce del Paese\" \/>\n<meta property=\"og:description\" content=\"\u00a0 \u200b\u00a0 \u200b\u00a0 Va in pezzi la maggioranza politica che governa il Comune di Cassano delle Murge, nella seduta del\" \/>\n<meta property=\"og:url\" content=\"https:\/\/lavocedelpaese.info\/index.php\/2026\/03\/18\/consiglio-sulle-zone-s-a-r-la-maggioranza-si-spacca-il-soccorso-della-destra\/\" \/>\n<meta property=\"og:site_name\" content=\"La Voce del Paese\" \/>\n<meta property=\"article:publisher\" content=\"https:\/\/www.facebook.com\/lavocedelpaese.info\" \/>\n<meta property=\"article:published_time\" content=\"2026-03-18T08:13:50+00:00\" \/>\n<meta property=\"og:image\" content=\"https:\/\/lavocedelpaese.info\/wp-content\/uploads\/2024\/10\/Scuola-Luciani-NFwpjF.jpeg\" \/>\n\t<meta property=\"og:image:width\" content=\"566\" \/>\n\t<meta property=\"og:image:height\" content=\"800\" \/>\n\t<meta property=\"og:image:type\" content=\"image\/jpeg\" \/>\n<meta name=\"author\" content=\"admin\" \/>\n<meta name=\"twitter:card\" content=\"summary_large_image\" \/>\n<meta name=\"twitter:label1\" content=\"Scritto da\" \/>\n\t<meta name=\"twitter:data1\" content=\"admin\" \/>\n\t<meta name=\"twitter:label2\" content=\"Tempo di lettura stimato\" \/>\n\t<meta name=\"twitter:data2\" content=\"6 minuti\" \/>\n<script type=\"application\/ld+json\" class=\"yoast-schema-graph\">{\"@context\":\"https:\\\/\\\/schema.org\",\"@graph\":[{\"@type\":\"Article\",\"@id\":\"https:\\\/\\\/lavocedelpaese.info\\\/index.php\\\/2026\\\/03\\\/18\\\/consiglio-sulle-zone-s-a-r-la-maggioranza-si-spacca-il-soccorso-della-destra\\\/#article\",\"isPartOf\":{\"@id\":\"https:\\\/\\\/lavocedelpaese.info\\\/index.php\\\/2026\\\/03\\\/18\\\/consiglio-sulle-zone-s-a-r-la-maggioranza-si-spacca-il-soccorso-della-destra\\\/\"},\"author\":{\"name\":\"admin\",\"@id\":\"https:\\\/\\\/lavocedelpaese.info\\\/#\\\/schema\\\/person\\\/ec151d321306bd7591f7a061abf72d88\"},\"headline\":\"Consiglio, sulle zone S.A.R. la maggioranza si spacca. Il soccorso della destra\u00a0\u200b\",\"datePublished\":\"2026-03-18T08:13:50+00:00\",\"mainEntityOfPage\":{\"@id\":\"https:\\\/\\\/lavocedelpaese.info\\\/index.php\\\/2026\\\/03\\\/18\\\/consiglio-sulle-zone-s-a-r-la-maggioranza-si-spacca-il-soccorso-della-destra\\\/\"},\"wordCount\":1288,\"commentCount\":0,\"publisher\":{\"@id\":\"https:\\\/\\\/lavocedelpaese.info\\\/#organization\"},\"image\":{\"@id\":\"https:\\\/\\\/lavocedelpaese.info\\\/index.php\\\/2026\\\/03\\\/18\\\/consiglio-sulle-zone-s-a-r-la-maggioranza-si-spacca-il-soccorso-della-destra\\\/#primaryimage\"},\"thumbnailUrl\":\"https:\\\/\\\/lavocedelpaese.info\\\/wp-content\\\/uploads\\\/2026\\\/03\\\/Consilgio-del-17_3_2026_1-1024x768-zKrfRn.jpg\",\"articleSection\":[\"network\"],\"inLanguage\":\"it-IT\",\"potentialAction\":[{\"@type\":\"CommentAction\",\"name\":\"Comment\",\"target\":[\"https:\\\/\\\/lavocedelpaese.info\\\/index.php\\\/2026\\\/03\\\/18\\\/consiglio-sulle-zone-s-a-r-la-maggioranza-si-spacca-il-soccorso-della-destra\\\/#respond\"]}]},{\"@type\":\"WebPage\",\"@id\":\"https:\\\/\\\/lavocedelpaese.info\\\/index.php\\\/2026\\\/03\\\/18\\\/consiglio-sulle-zone-s-a-r-la-maggioranza-si-spacca-il-soccorso-della-destra\\\/\",\"url\":\"https:\\\/\\\/lavocedelpaese.info\\\/index.php\\\/2026\\\/03\\\/18\\\/consiglio-sulle-zone-s-a-r-la-maggioranza-si-spacca-il-soccorso-della-destra\\\/\",\"name\":\"Consiglio, sulle zone S.A.R. la maggioranza si spacca. Il soccorso della destra\u00a0\u200b - La Voce del Paese\",\"isPartOf\":{\"@id\":\"https:\\\/\\\/lavocedelpaese.info\\\/#website\"},\"primaryImageOfPage\":{\"@id\":\"https:\\\/\\\/lavocedelpaese.info\\\/index.php\\\/2026\\\/03\\\/18\\\/consiglio-sulle-zone-s-a-r-la-maggioranza-si-spacca-il-soccorso-della-destra\\\/#primaryimage\"},\"image\":{\"@id\":\"https:\\\/\\\/lavocedelpaese.info\\\/index.php\\\/2026\\\/03\\\/18\\\/consiglio-sulle-zone-s-a-r-la-maggioranza-si-spacca-il-soccorso-della-destra\\\/#primaryimage\"},\"thumbnailUrl\":\"https:\\\/\\\/lavocedelpaese.info\\\/wp-content\\\/uploads\\\/2026\\\/03\\\/Consilgio-del-17_3_2026_1-1024x768-zKrfRn.jpg\",\"datePublished\":\"2026-03-18T08:13:50+00:00\",\"breadcrumb\":{\"@id\":\"https:\\\/\\\/lavocedelpaese.info\\\/index.php\\\/2026\\\/03\\\/18\\\/consiglio-sulle-zone-s-a-r-la-maggioranza-si-spacca-il-soccorso-della-destra\\\/#breadcrumb\"},\"inLanguage\":\"it-IT\",\"potentialAction\":[{\"@type\":\"ReadAction\",\"target\":[\"https:\\\/\\\/lavocedelpaese.info\\\/index.php\\\/2026\\\/03\\\/18\\\/consiglio-sulle-zone-s-a-r-la-maggioranza-si-spacca-il-soccorso-della-destra\\\/\"]}]},{\"@type\":\"ImageObject\",\"inLanguage\":\"it-IT\",\"@id\":\"https:\\\/\\\/lavocedelpaese.info\\\/index.php\\\/2026\\\/03\\\/18\\\/consiglio-sulle-zone-s-a-r-la-maggioranza-si-spacca-il-soccorso-della-destra\\\/#primaryimage\",\"url\":\"https:\\\/\\\/lavocedelpaese.info\\\/wp-content\\\/uploads\\\/2026\\\/03\\\/Consilgio-del-17_3_2026_1-1024x768-zKrfRn.jpg\",\"contentUrl\":\"https:\\\/\\\/lavocedelpaese.info\\\/wp-content\\\/uploads\\\/2026\\\/03\\\/Consilgio-del-17_3_2026_1-1024x768-zKrfRn.jpg\",\"width\":1000,\"height\":750},{\"@type\":\"BreadcrumbList\",\"@id\":\"https:\\\/\\\/lavocedelpaese.info\\\/index.php\\\/2026\\\/03\\\/18\\\/consiglio-sulle-zone-s-a-r-la-maggioranza-si-spacca-il-soccorso-della-destra\\\/#breadcrumb\",\"itemListElement\":[{\"@type\":\"ListItem\",\"position\":1,\"name\":\"Home\",\"item\":\"https:\\\/\\\/lavocedelpaese.info\\\/\"},{\"@type\":\"ListItem\",\"position\":2,\"name\":\"Consiglio, sulle zone S.A.R. la maggioranza si spacca. Il soccorso della destra\u00a0\u200b\"}]},{\"@type\":\"WebSite\",\"@id\":\"https:\\\/\\\/lavocedelpaese.info\\\/#website\",\"url\":\"https:\\\/\\\/lavocedelpaese.info\\\/\",\"name\":\"La Voce del Paese\",\"description\":\"Un network di idee\",\"publisher\":{\"@id\":\"https:\\\/\\\/lavocedelpaese.info\\\/#organization\"},\"potentialAction\":[{\"@type\":\"SearchAction\",\"target\":{\"@type\":\"EntryPoint\",\"urlTemplate\":\"https:\\\/\\\/lavocedelpaese.info\\\/?s={search_term_string}\"},\"query-input\":{\"@type\":\"PropertyValueSpecification\",\"valueRequired\":true,\"valueName\":\"search_term_string\"}}],\"inLanguage\":\"it-IT\"},{\"@type\":\"Organization\",\"@id\":\"https:\\\/\\\/lavocedelpaese.info\\\/#organization\",\"name\":\"La Voce del Paese\",\"url\":\"https:\\\/\\\/lavocedelpaese.info\\\/\",\"logo\":{\"@type\":\"ImageObject\",\"inLanguage\":\"it-IT\",\"@id\":\"https:\\\/\\\/lavocedelpaese.info\\\/#\\\/schema\\\/logo\\\/image\\\/\",\"url\":\"https:\\\/\\\/lavocedelpaese.info\\\/wp-content\\\/uploads\\\/2023\\\/01\\\/cropped-logo-150-127.png\",\"contentUrl\":\"https:\\\/\\\/lavocedelpaese.info\\\/wp-content\\\/uploads\\\/2023\\\/01\\\/cropped-logo-150-127.png\",\"width\":137,\"height\":119,\"caption\":\"La Voce del Paese\"},\"image\":{\"@id\":\"https:\\\/\\\/lavocedelpaese.info\\\/#\\\/schema\\\/logo\\\/image\\\/\"},\"sameAs\":[\"https:\\\/\\\/www.facebook.com\\\/lavocedelpaese.info\"]},{\"@type\":\"Person\",\"@id\":\"https:\\\/\\\/lavocedelpaese.info\\\/#\\\/schema\\\/person\\\/ec151d321306bd7591f7a061abf72d88\",\"name\":\"admin\",\"image\":{\"@type\":\"ImageObject\",\"inLanguage\":\"it-IT\",\"@id\":\"https:\\\/\\\/secure.gravatar.com\\\/avatar\\\/af8f2caf0663124588de48a9380e07cbc95a74ef15b8062d0d39106c32fe3023?s=96&d=mm&r=g\",\"url\":\"https:\\\/\\\/secure.gravatar.com\\\/avatar\\\/af8f2caf0663124588de48a9380e07cbc95a74ef15b8062d0d39106c32fe3023?s=96&d=mm&r=g\",\"contentUrl\":\"https:\\\/\\\/secure.gravatar.com\\\/avatar\\\/af8f2caf0663124588de48a9380e07cbc95a74ef15b8062d0d39106c32fe3023?s=96&d=mm&r=g\",\"caption\":\"admin\"},\"sameAs\":[\"https:\\\/\\\/lavocedelpaese.info\"],\"url\":\"https:\\\/\\\/lavocedelpaese.info\\\/index.php\\\/author\\\/admin\\\/\"}]}<\/script>\n<!-- \/ Yoast SEO plugin. -->","yoast_head_json":{"title":"Consiglio, sulle zone S.A.R. la maggioranza si spacca. Il soccorso della destra\u00a0\u200b - La Voce del Paese","robots":{"index":"index","follow":"follow","max-snippet":"max-snippet:-1","max-image-preview":"max-image-preview:large","max-video-preview":"max-video-preview:-1"},"canonical":"https:\/\/lavocedelpaese.info\/index.php\/2026\/03\/18\/consiglio-sulle-zone-s-a-r-la-maggioranza-si-spacca-il-soccorso-della-destra\/","og_locale":"it_IT","og_type":"article","og_title":"Consiglio, sulle zone S.A.R. la maggioranza si spacca. Il soccorso della destra\u00a0\u200b - La Voce del Paese","og_description":"\u00a0 \u200b\u00a0 \u200b\u00a0 Va in pezzi la maggioranza politica che governa il Comune di Cassano delle Murge, nella seduta del","og_url":"https:\/\/lavocedelpaese.info\/index.php\/2026\/03\/18\/consiglio-sulle-zone-s-a-r-la-maggioranza-si-spacca-il-soccorso-della-destra\/","og_site_name":"La Voce del Paese","article_publisher":"https:\/\/www.facebook.com\/lavocedelpaese.info","article_published_time":"2026-03-18T08:13:50+00:00","og_image":[{"width":566,"height":800,"url":"https:\/\/lavocedelpaese.info\/wp-content\/uploads\/2024\/10\/Scuola-Luciani-NFwpjF.jpeg","type":"image\/jpeg"}],"author":"admin","twitter_card":"summary_large_image","twitter_misc":{"Scritto da":"admin","Tempo di lettura stimato":"6 minuti"},"schema":{"@context":"https:\/\/schema.org","@graph":[{"@type":"Article","@id":"https:\/\/lavocedelpaese.info\/index.php\/2026\/03\/18\/consiglio-sulle-zone-s-a-r-la-maggioranza-si-spacca-il-soccorso-della-destra\/#article","isPartOf":{"@id":"https:\/\/lavocedelpaese.info\/index.php\/2026\/03\/18\/consiglio-sulle-zone-s-a-r-la-maggioranza-si-spacca-il-soccorso-della-destra\/"},"author":{"name":"admin","@id":"https:\/\/lavocedelpaese.info\/#\/schema\/person\/ec151d321306bd7591f7a061abf72d88"},"headline":"Consiglio, sulle zone S.A.R. la maggioranza si spacca. Il soccorso della destra\u00a0\u200b","datePublished":"2026-03-18T08:13:50+00:00","mainEntityOfPage":{"@id":"https:\/\/lavocedelpaese.info\/index.php\/2026\/03\/18\/consiglio-sulle-zone-s-a-r-la-maggioranza-si-spacca-il-soccorso-della-destra\/"},"wordCount":1288,"commentCount":0,"publisher":{"@id":"https:\/\/lavocedelpaese.info\/#organization"},"image":{"@id":"https:\/\/lavocedelpaese.info\/index.php\/2026\/03\/18\/consiglio-sulle-zone-s-a-r-la-maggioranza-si-spacca-il-soccorso-della-destra\/#primaryimage"},"thumbnailUrl":"https:\/\/lavocedelpaese.info\/wp-content\/uploads\/2026\/03\/Consilgio-del-17_3_2026_1-1024x768-zKrfRn.jpg","articleSection":["network"],"inLanguage":"it-IT","potentialAction":[{"@type":"CommentAction","name":"Comment","target":["https:\/\/lavocedelpaese.info\/index.php\/2026\/03\/18\/consiglio-sulle-zone-s-a-r-la-maggioranza-si-spacca-il-soccorso-della-destra\/#respond"]}]},{"@type":"WebPage","@id":"https:\/\/lavocedelpaese.info\/index.php\/2026\/03\/18\/consiglio-sulle-zone-s-a-r-la-maggioranza-si-spacca-il-soccorso-della-destra\/","url":"https:\/\/lavocedelpaese.info\/index.php\/2026\/03\/18\/consiglio-sulle-zone-s-a-r-la-maggioranza-si-spacca-il-soccorso-della-destra\/","name":"Consiglio, sulle zone S.A.R. la maggioranza si spacca. Il soccorso della destra\u00a0\u200b - La Voce del Paese","isPartOf":{"@id":"https:\/\/lavocedelpaese.info\/#website"},"primaryImageOfPage":{"@id":"https:\/\/lavocedelpaese.info\/index.php\/2026\/03\/18\/consiglio-sulle-zone-s-a-r-la-maggioranza-si-spacca-il-soccorso-della-destra\/#primaryimage"},"image":{"@id":"https:\/\/lavocedelpaese.info\/index.php\/2026\/03\/18\/consiglio-sulle-zone-s-a-r-la-maggioranza-si-spacca-il-soccorso-della-destra\/#primaryimage"},"thumbnailUrl":"https:\/\/lavocedelpaese.info\/wp-content\/uploads\/2026\/03\/Consilgio-del-17_3_2026_1-1024x768-zKrfRn.jpg","datePublished":"2026-03-18T08:13:50+00:00","breadcrumb":{"@id":"https:\/\/lavocedelpaese.info\/index.php\/2026\/03\/18\/consiglio-sulle-zone-s-a-r-la-maggioranza-si-spacca-il-soccorso-della-destra\/#breadcrumb"},"inLanguage":"it-IT","potentialAction":[{"@type":"ReadAction","target":["https:\/\/lavocedelpaese.info\/index.php\/2026\/03\/18\/consiglio-sulle-zone-s-a-r-la-maggioranza-si-spacca-il-soccorso-della-destra\/"]}]},{"@type":"ImageObject","inLanguage":"it-IT","@id":"https:\/\/lavocedelpaese.info\/index.php\/2026\/03\/18\/consiglio-sulle-zone-s-a-r-la-maggioranza-si-spacca-il-soccorso-della-destra\/#primaryimage","url":"https:\/\/lavocedelpaese.info\/wp-content\/uploads\/2026\/03\/Consilgio-del-17_3_2026_1-1024x768-zKrfRn.jpg","contentUrl":"https:\/\/lavocedelpaese.info\/wp-content\/uploads\/2026\/03\/Consilgio-del-17_3_2026_1-1024x768-zKrfRn.jpg","width":1000,"height":750},{"@type":"BreadcrumbList","@id":"https:\/\/lavocedelpaese.info\/index.php\/2026\/03\/18\/consiglio-sulle-zone-s-a-r-la-maggioranza-si-spacca-il-soccorso-della-destra\/#breadcrumb","itemListElement":[{"@type":"ListItem","position":1,"name":"Home","item":"https:\/\/lavocedelpaese.info\/"},{"@type":"ListItem","position":2,"name":"Consiglio, sulle zone S.A.R. la maggioranza si spacca. Il soccorso della destra\u00a0\u200b"}]},{"@type":"WebSite","@id":"https:\/\/lavocedelpaese.info\/#website","url":"https:\/\/lavocedelpaese.info\/","name":"La Voce del Paese","description":"Un network di idee","publisher":{"@id":"https:\/\/lavocedelpaese.info\/#organization"},"potentialAction":[{"@type":"SearchAction","target":{"@type":"EntryPoint","urlTemplate":"https:\/\/lavocedelpaese.info\/?s={search_term_string}"},"query-input":{"@type":"PropertyValueSpecification","valueRequired":true,"valueName":"search_term_string"}}],"inLanguage":"it-IT"},{"@type":"Organization","@id":"https:\/\/lavocedelpaese.info\/#organization","name":"La Voce del Paese","url":"https:\/\/lavocedelpaese.info\/","logo":{"@type":"ImageObject","inLanguage":"it-IT","@id":"https:\/\/lavocedelpaese.info\/#\/schema\/logo\/image\/","url":"https:\/\/lavocedelpaese.info\/wp-content\/uploads\/2023\/01\/cropped-logo-150-127.png","contentUrl":"https:\/\/lavocedelpaese.info\/wp-content\/uploads\/2023\/01\/cropped-logo-150-127.png","width":137,"height":119,"caption":"La Voce del Paese"},"image":{"@id":"https:\/\/lavocedelpaese.info\/#\/schema\/logo\/image\/"},"sameAs":["https:\/\/www.facebook.com\/lavocedelpaese.info"]},{"@type":"Person","@id":"https:\/\/lavocedelpaese.info\/#\/schema\/person\/ec151d321306bd7591f7a061abf72d88","name":"admin","image":{"@type":"ImageObject","inLanguage":"it-IT","@id":"https:\/\/secure.gravatar.com\/avatar\/af8f2caf0663124588de48a9380e07cbc95a74ef15b8062d0d39106c32fe3023?s=96&d=mm&r=g","url":"https:\/\/secure.gravatar.com\/avatar\/af8f2caf0663124588de48a9380e07cbc95a74ef15b8062d0d39106c32fe3023?s=96&d=mm&r=g","contentUrl":"https:\/\/secure.gravatar.com\/avatar\/af8f2caf0663124588de48a9380e07cbc95a74ef15b8062d0d39106c32fe3023?s=96&d=mm&r=g","caption":"admin"},"sameAs":["https:\/\/lavocedelpaese.info"],"url":"https:\/\/lavocedelpaese.info\/index.php\/author\/admin\/"}]}},"_links":{"self":[{"href":"https:\/\/lavocedelpaese.info\/index.php\/wp-json\/wp\/v2\/posts\/10779","targetHints":{"allow":["GET"]}}],"collection":[{"href":"https:\/\/lavocedelpaese.info\/index.php\/wp-json\/wp\/v2\/posts"}],"about":[{"href":"https:\/\/lavocedelpaese.info\/index.php\/wp-json\/wp\/v2\/types\/post"}],"author":[{"embeddable":true,"href":"https:\/\/lavocedelpaese.info\/index.php\/wp-json\/wp\/v2\/users\/6"}],"replies":[{"embeddable":true,"href":"https:\/\/lavocedelpaese.info\/index.php\/wp-json\/wp\/v2\/comments?post=10779"}],"version-history":[{"count":0,"href":"https:\/\/lavocedelpaese.info\/index.php\/wp-json\/wp\/v2\/posts\/10779\/revisions"}],"wp:featuredmedia":[{"embeddable":true,"href":"https:\/\/lavocedelpaese.info\/index.php\/wp-json\/wp\/v2\/media\/10780"}],"wp:attachment":[{"href":"https:\/\/lavocedelpaese.info\/index.php\/wp-json\/wp\/v2\/media?parent=10779"}],"wp:term":[{"taxonomy":"category","embeddable":true,"href":"https:\/\/lavocedelpaese.info\/index.php\/wp-json\/wp\/v2\/categories?post=10779"},{"taxonomy":"post_tag","embeddable":true,"href":"https:\/\/lavocedelpaese.info\/index.php\/wp-json\/wp\/v2\/tags?post=10779"}],"curies":[{"name":"wp","href":"https:\/\/api.w.org\/{rel}","templated":true}]}}