{"id":10758,"date":"2026-03-13T09:16:07","date_gmt":"2026-03-13T09:16:07","guid":{"rendered":"https:\/\/lavocedelpaese.info\/index.php\/2026\/03\/13\/turi-sconfitto-sul-campo-della-vice-capolista\/"},"modified":"2026-03-13T09:16:07","modified_gmt":"2026-03-13T09:16:07","slug":"turi-sconfitto-sul-campo-della-vice-capolista","status":"publish","type":"post","link":"https:\/\/lavocedelpaese.info\/index.php\/2026\/03\/13\/turi-sconfitto-sul-campo-della-vice-capolista\/","title":{"rendered":"Turi sconfitto sul campo della vice capolista\u00a0\u200b"},"content":{"rendered":"<p>\u00a0<\/p>\n<p>\u200b\u00a0<\/p>\n<p>\u200b\u00a0<\/p>\n<div><\/div>\n<p>Non era certo la sfida sul campo della corazzata Cerignola, lanciata al possibile double promozione-coppa, la gara della svolta ma la Willy Green Technology rinuncia troppo facilmente ad opporre resistenza e consistenza. Una sconfitta che non fa drammi vedendo la caratura dell\u2019avversario, tuttavia resta il rammarico per non aver sfruttato con convinzione e consapevolezza le chances create e che il Cerignola ha concesso; dall\u2019altra parte della rete la vicecapolista ha sfruttato la propria superiorit\u00e0 non perdonando e capitalizzando al massimo gli errori dei biancoazzurri.<br \/>I numeri confermano un girone di ritorno nero per Bonfrate e soci che incassano la sesta sconfitta su sette gare.\u00a0<\/p>\n<figure class=\"wp-block-gallery has-nested-images columns-default is-cropped wp-block-gallery-2 is-layout-flex wp-block-gallery-is-layout-flex\">\n<figure class=\"wp-block-image size-large\"><img decoding=\"async\" width=\"1532\" height=\"2048\" data-id=\"8541\" src=\"https:\/\/turi.lavocedelpaese.info\/wp-content\/uploads\/2026\/03\/turi-28_2-2-1532x2048.jpeg\" alt=\"\" class=\"wp-image-8541\" \/><\/figure>\n<figure class=\"wp-block-image size-large\"><img decoding=\"async\" loading=\"lazy\" width=\"1536\" height=\"2048\" data-id=\"8540\" src=\"https:\/\/turi.lavocedelpaese.info\/wp-content\/uploads\/2026\/03\/turi-28_2-1-1536x2048.jpeg\" alt=\"\" class=\"wp-image-8540\" \/><\/figure>\n<\/figure>\n<div aria-hidden=\"true\" class=\"wp-block-spacer\"><\/div>\n<p>La Willy Green Technology di mister Difino scende in campo con Bonfrate play e Fuentes opposto, capitan Atene e N. Galluzzi laterali, Cupertino e G. Mancino centrali, M. Campana libero; i padroni di casa di mister Pepe rispondono con la diagonale maggiore formata da Ricco-Perrella, Nowakowski e Plastina in banda, Porro e Mancini al centro, Raffaele libero.<\/p>\n<p>L\u2019equilibrio di inizio gara viene rotto dall\u2019ace di Nowakowski (12-9) ma il Turi impatta subito, 13-13. Un muro subito ed un attacco out determinano il mini break per i locali (16-14) che sfruttano la situazione ed allungano agevolmente sui biancoazzurri, la cui reazione \u00e8 poco consistente per impensierire il forte avversario, 25-17.<\/p>\n<p>Riducendo gli errori in attacco \u00e8 la Willy Green a costringere i padroni di casa ad inseguire per met\u00e0 set, 12-14. Sul pi\u00f9 bello i turesi si smarriscono e tornano le solite amnesie che il Cerignola, da squadra esperta, sfrutta allungando sul 21-18 e chiudendo 25-21 il secondo set.<\/p>\n<p>Nel terzo parziale il Turi sembra provato moralmente e poco reattivo, la mazzata psicologica definitiva arriva da un paio di errori arbitrali grossolani (inesistente invasione fischiata al libero ospite e nella doppia beffa scaturita dal fallo di piede non visto nel servizio di un atleta di casa la cui palla termina out e che addirittura viene giudicata dentro) e dall\u2019infortunio di Fuentes alla caviglia. In balia dei propri errori e della poca lucidit\u00e0 gli ospiti cedono 25-16.<\/p>\n<h4 class=\"wp-block-heading\"><strong>Missione biancoazzurra: tornare al successo nella sfida con il\u00a0Palo\u00a0<\/strong><\/h4>\n<p>Sar\u00e0 una Willy Green Technology con l\u2019imperativo di vincere quella che affronter\u00e0 al Palazzetto di via Cisterna il Palo del Colle nella sfida valevole per la 19\u00aa giornata del girone A.<\/p>\n<p>I ragazzi di mister Difino sono chiamati al successo che manca ormai dalla quindicesima giornata a cui sono seguiti tre ko di fila col massimo distacco per set contro Triggiano, Gioia e Cerignola. Occorrer\u00e0 soprattutto energia mentale per invertire un girone di ritorno sotto tutti i punti di vista abulico di prestazioni e soddisfazioni che sino ad ora ha messo in cascina solo quattro punti, cancellando di fatto le belle cose e i promettenti spunti del girone di andata, determinando un graduale scivolamento in classifica sino ad arrivare nell\u2019attuale zona playout.<\/p>\n<p>L\u2019avversario sar\u00e0 la compagine del Palo dell\u2019ex libero biancoazzurro Dammacco, per lui sette indimenticabili stagioni, penultimo in graduatoria a quota nove punti e alla ricerca di punti preziosi per evitare l\u2019ultimo posto che vuol dire retrocessione, ora occupato dalla Mater a quota 7, migliorare allo stesso tempo la propria posizione nella griglia playout. Per gli ospiti ancora a secco di successi esterni, solo un punto raccolto, sono cinque i punti conquistati nel girone di ritorno. Rispetto alla gara di andata, dove il Turi fu protagonista di una delle prestazioni emblema della stagione trovandosi agevolmente avanti per 2-0 per poi cedere alla reazione dei palesi al quinto set, \u00e8 cambiata nelle ultime settimane la guida tecnica ora affidata a coach Antonio Masiello.<\/p>\n<p>Appuntamento alle 18:30 di sabato 14 marzo.<\/p>\n<h4 class=\"wp-block-heading\"><strong>CLASSIFICA<\/strong><\/h4>\n<p>Trivianum <strong>44 punti<\/strong>; Cerignola <strong>40<\/strong>; Altamura <strong>37<\/strong>; Andria e Terlizzi <strong>33<\/strong>; Gioia<strong> 30<\/strong>;Bitonto <strong>28<\/strong>; Valenzano <strong>26<\/strong>; <strong>TURI 24<\/strong>; Carbonara <strong>13<\/strong>; Palo del Colle <strong>9<\/strong>;Materdomini <strong>7<\/strong>.<\/p>\n<p><a class=\"a2a_button_facebook\" href=\"https:\/\/www.addtoany.com\/add_to\/facebook?linkurl=https%3A%2F%2Fturi.lavocedelpaese.info%2Fturi-sconfitto-sul-campo-della-vice-capolista%2F&amp;linkname=Turi%20sconfitto%20sul%20campo%20della%20vice%20capolista\" title=\"Facebook\" rel=\"nofollow noopener\" target=\"_blank\"><\/a><a class=\"a2a_button_twitter\" href=\"https:\/\/www.addtoany.com\/add_to\/twitter?linkurl=https%3A%2F%2Fturi.lavocedelpaese.info%2Fturi-sconfitto-sul-campo-della-vice-capolista%2F&amp;linkname=Turi%20sconfitto%20sul%20campo%20della%20vice%20capolista\" title=\"Twitter\" rel=\"nofollow noopener\" target=\"_blank\"><\/a><a class=\"a2a_button_whatsapp\" href=\"https:\/\/www.addtoany.com\/add_to\/whatsapp?linkurl=https%3A%2F%2Fturi.lavocedelpaese.info%2Fturi-sconfitto-sul-campo-della-vice-capolista%2F&amp;linkname=Turi%20sconfitto%20sul%20campo%20della%20vice%20capolista\" title=\"WhatsApp\" rel=\"nofollow noopener\" target=\"_blank\"><\/a><a class=\"a2a_button_telegram\" href=\"https:\/\/www.addtoany.com\/add_to\/telegram?linkurl=https%3A%2F%2Fturi.lavocedelpaese.info%2Fturi-sconfitto-sul-campo-della-vice-capolista%2F&amp;linkname=Turi%20sconfitto%20sul%20campo%20della%20vice%20capolista\" title=\"Telegram\" rel=\"nofollow noopener\" target=\"_blank\"><\/a><a class=\"a2a_button_email\" href=\"https:\/\/www.addtoany.com\/add_to\/email?linkurl=https%3A%2F%2Fturi.lavocedelpaese.info%2Fturi-sconfitto-sul-campo-della-vice-capolista%2F&amp;linkname=Turi%20sconfitto%20sul%20campo%20della%20vice%20capolista\" title=\"Email\" rel=\"nofollow noopener\" target=\"_blank\"><\/a><\/p>\n<p>L&#8217;articolo <a href=\"https:\/\/turi.lavocedelpaese.info\/turi-sconfitto-sul-campo-della-vice-capolista\/\">Turi sconfitto sul campo della vice capolista<\/a> proviene da <a href=\"https:\/\/turi.lavocedelpaese.info\/\">Turi &#8211; La Voce del Paese<\/a>.<\/p>\n<p>\u00a0<\/p>\n<p>\u00a0<\/p>\n<p>\u200b\u00a0\u00a0\u00a0<\/p>","protected":false},"excerpt":{"rendered":"<p>\u00a0 \u200b\u00a0 \u200b\u00a0 Non era certo la sfida sul campo della corazzata Cerignola, lanciata al possibile double promozione-coppa, la gara<\/p>\n","protected":false},"author":6,"featured_media":10759,"comment_status":"open","ping_status":"closed","sticky":false,"template":"","format":"standard","meta":{"colormag_page_container_layout":"default_layout","colormag_page_sidebar_layout":"default_layout","footnotes":""},"categories":[33],"tags":[],"class_list":["post-10758","post","type-post","status-publish","format-standard","has-post-thumbnail","hentry","category-network"],"yoast_head":"<!-- This site is optimized with the Yoast SEO plugin v27.5 - https:\/\/yoast.com\/product\/yoast-seo-wordpress\/ -->\n<title>Turi sconfitto sul campo della vice capolista\u00a0\u200b - La Voce del Paese<\/title>\n<meta name=\"robots\" content=\"index, follow, max-snippet:-1, max-image-preview:large, max-video-preview:-1\" \/>\n<link rel=\"canonical\" href=\"https:\/\/lavocedelpaese.info\/index.php\/2026\/03\/13\/turi-sconfitto-sul-campo-della-vice-capolista\/\" \/>\n<meta property=\"og:locale\" content=\"it_IT\" \/>\n<meta property=\"og:type\" content=\"article\" \/>\n<meta property=\"og:title\" content=\"Turi sconfitto sul campo della vice capolista\u00a0\u200b - La Voce del Paese\" \/>\n<meta property=\"og:description\" content=\"\u00a0 \u200b\u00a0 \u200b\u00a0 Non era certo la sfida sul campo della corazzata Cerignola, lanciata al possibile double promozione-coppa, la gara\" \/>\n<meta property=\"og:url\" content=\"https:\/\/lavocedelpaese.info\/index.php\/2026\/03\/13\/turi-sconfitto-sul-campo-della-vice-capolista\/\" \/>\n<meta property=\"og:site_name\" content=\"La Voce del Paese\" \/>\n<meta property=\"article:publisher\" content=\"https:\/\/www.facebook.com\/lavocedelpaese.info\" \/>\n<meta property=\"article:published_time\" content=\"2026-03-13T09:16:07+00:00\" \/>\n<meta name=\"author\" content=\"admin\" \/>\n<meta name=\"twitter:card\" content=\"summary_large_image\" \/>\n<meta name=\"twitter:label1\" content=\"Scritto da\" \/>\n\t<meta name=\"twitter:data1\" content=\"admin\" \/>\n\t<meta name=\"twitter:label2\" content=\"Tempo di lettura stimato\" \/>\n\t<meta name=\"twitter:data2\" content=\"3 minuti\" \/>\n<script type=\"application\/ld+json\" class=\"yoast-schema-graph\">{\"@context\":\"https:\\\/\\\/schema.org\",\"@graph\":[{\"@type\":\"Article\",\"@id\":\"https:\\\/\\\/lavocedelpaese.info\\\/index.php\\\/2026\\\/03\\\/13\\\/turi-sconfitto-sul-campo-della-vice-capolista\\\/#article\",\"isPartOf\":{\"@id\":\"https:\\\/\\\/lavocedelpaese.info\\\/index.php\\\/2026\\\/03\\\/13\\\/turi-sconfitto-sul-campo-della-vice-capolista\\\/\"},\"author\":{\"name\":\"admin\",\"@id\":\"https:\\\/\\\/lavocedelpaese.info\\\/#\\\/schema\\\/person\\\/ec151d321306bd7591f7a061abf72d88\"},\"headline\":\"Turi sconfitto sul campo della vice capolista\u00a0\u200b\",\"datePublished\":\"2026-03-13T09:16:07+00:00\",\"mainEntityOfPage\":{\"@id\":\"https:\\\/\\\/lavocedelpaese.info\\\/index.php\\\/2026\\\/03\\\/13\\\/turi-sconfitto-sul-campo-della-vice-capolista\\\/\"},\"wordCount\":643,\"commentCount\":0,\"publisher\":{\"@id\":\"https:\\\/\\\/lavocedelpaese.info\\\/#organization\"},\"image\":{\"@id\":\"https:\\\/\\\/lavocedelpaese.info\\\/index.php\\\/2026\\\/03\\\/13\\\/turi-sconfitto-sul-campo-della-vice-capolista\\\/#primaryimage\"},\"thumbnailUrl\":\"https:\\\/\\\/lavocedelpaese.info\\\/wp-content\\\/uploads\\\/2026\\\/03\\\/turi-28_2-2-1532x2048-NSOKey.jpg\",\"articleSection\":[\"network\"],\"inLanguage\":\"it-IT\",\"potentialAction\":[{\"@type\":\"CommentAction\",\"name\":\"Comment\",\"target\":[\"https:\\\/\\\/lavocedelpaese.info\\\/index.php\\\/2026\\\/03\\\/13\\\/turi-sconfitto-sul-campo-della-vice-capolista\\\/#respond\"]}]},{\"@type\":\"WebPage\",\"@id\":\"https:\\\/\\\/lavocedelpaese.info\\\/index.php\\\/2026\\\/03\\\/13\\\/turi-sconfitto-sul-campo-della-vice-capolista\\\/\",\"url\":\"https:\\\/\\\/lavocedelpaese.info\\\/index.php\\\/2026\\\/03\\\/13\\\/turi-sconfitto-sul-campo-della-vice-capolista\\\/\",\"name\":\"Turi sconfitto sul campo della vice capolista\u00a0\u200b - La Voce del Paese\",\"isPartOf\":{\"@id\":\"https:\\\/\\\/lavocedelpaese.info\\\/#website\"},\"primaryImageOfPage\":{\"@id\":\"https:\\\/\\\/lavocedelpaese.info\\\/index.php\\\/2026\\\/03\\\/13\\\/turi-sconfitto-sul-campo-della-vice-capolista\\\/#primaryimage\"},\"image\":{\"@id\":\"https:\\\/\\\/lavocedelpaese.info\\\/index.php\\\/2026\\\/03\\\/13\\\/turi-sconfitto-sul-campo-della-vice-capolista\\\/#primaryimage\"},\"thumbnailUrl\":\"https:\\\/\\\/lavocedelpaese.info\\\/wp-content\\\/uploads\\\/2026\\\/03\\\/turi-28_2-2-1532x2048-NSOKey.jpg\",\"datePublished\":\"2026-03-13T09:16:07+00:00\",\"breadcrumb\":{\"@id\":\"https:\\\/\\\/lavocedelpaese.info\\\/index.php\\\/2026\\\/03\\\/13\\\/turi-sconfitto-sul-campo-della-vice-capolista\\\/#breadcrumb\"},\"inLanguage\":\"it-IT\",\"potentialAction\":[{\"@type\":\"ReadAction\",\"target\":[\"https:\\\/\\\/lavocedelpaese.info\\\/index.php\\\/2026\\\/03\\\/13\\\/turi-sconfitto-sul-campo-della-vice-capolista\\\/\"]}]},{\"@type\":\"ImageObject\",\"inLanguage\":\"it-IT\",\"@id\":\"https:\\\/\\\/lavocedelpaese.info\\\/index.php\\\/2026\\\/03\\\/13\\\/turi-sconfitto-sul-campo-della-vice-capolista\\\/#primaryimage\",\"url\":\"https:\\\/\\\/lavocedelpaese.info\\\/wp-content\\\/uploads\\\/2026\\\/03\\\/turi-28_2-2-1532x2048-NSOKey.jpg\",\"contentUrl\":\"https:\\\/\\\/lavocedelpaese.info\\\/wp-content\\\/uploads\\\/2026\\\/03\\\/turi-28_2-2-1532x2048-NSOKey.jpg\",\"width\":598,\"height\":800},{\"@type\":\"BreadcrumbList\",\"@id\":\"https:\\\/\\\/lavocedelpaese.info\\\/index.php\\\/2026\\\/03\\\/13\\\/turi-sconfitto-sul-campo-della-vice-capolista\\\/#breadcrumb\",\"itemListElement\":[{\"@type\":\"ListItem\",\"position\":1,\"name\":\"Home\",\"item\":\"https:\\\/\\\/lavocedelpaese.info\\\/\"},{\"@type\":\"ListItem\",\"position\":2,\"name\":\"Turi sconfitto sul campo della vice capolista\u00a0\u200b\"}]},{\"@type\":\"WebSite\",\"@id\":\"https:\\\/\\\/lavocedelpaese.info\\\/#website\",\"url\":\"https:\\\/\\\/lavocedelpaese.info\\\/\",\"name\":\"La Voce del Paese\",\"description\":\"Un network di idee\",\"publisher\":{\"@id\":\"https:\\\/\\\/lavocedelpaese.info\\\/#organization\"},\"potentialAction\":[{\"@type\":\"SearchAction\",\"target\":{\"@type\":\"EntryPoint\",\"urlTemplate\":\"https:\\\/\\\/lavocedelpaese.info\\\/?s={search_term_string}\"},\"query-input\":{\"@type\":\"PropertyValueSpecification\",\"valueRequired\":true,\"valueName\":\"search_term_string\"}}],\"inLanguage\":\"it-IT\"},{\"@type\":\"Organization\",\"@id\":\"https:\\\/\\\/lavocedelpaese.info\\\/#organization\",\"name\":\"La Voce del Paese\",\"url\":\"https:\\\/\\\/lavocedelpaese.info\\\/\",\"logo\":{\"@type\":\"ImageObject\",\"inLanguage\":\"it-IT\",\"@id\":\"https:\\\/\\\/lavocedelpaese.info\\\/#\\\/schema\\\/logo\\\/image\\\/\",\"url\":\"https:\\\/\\\/lavocedelpaese.info\\\/wp-content\\\/uploads\\\/2023\\\/01\\\/cropped-logo-150-127.png\",\"contentUrl\":\"https:\\\/\\\/lavocedelpaese.info\\\/wp-content\\\/uploads\\\/2023\\\/01\\\/cropped-logo-150-127.png\",\"width\":137,\"height\":119,\"caption\":\"La Voce del Paese\"},\"image\":{\"@id\":\"https:\\\/\\\/lavocedelpaese.info\\\/#\\\/schema\\\/logo\\\/image\\\/\"},\"sameAs\":[\"https:\\\/\\\/www.facebook.com\\\/lavocedelpaese.info\"]},{\"@type\":\"Person\",\"@id\":\"https:\\\/\\\/lavocedelpaese.info\\\/#\\\/schema\\\/person\\\/ec151d321306bd7591f7a061abf72d88\",\"name\":\"admin\",\"image\":{\"@type\":\"ImageObject\",\"inLanguage\":\"it-IT\",\"@id\":\"https:\\\/\\\/secure.gravatar.com\\\/avatar\\\/af8f2caf0663124588de48a9380e07cbc95a74ef15b8062d0d39106c32fe3023?s=96&d=mm&r=g\",\"url\":\"https:\\\/\\\/secure.gravatar.com\\\/avatar\\\/af8f2caf0663124588de48a9380e07cbc95a74ef15b8062d0d39106c32fe3023?s=96&d=mm&r=g\",\"contentUrl\":\"https:\\\/\\\/secure.gravatar.com\\\/avatar\\\/af8f2caf0663124588de48a9380e07cbc95a74ef15b8062d0d39106c32fe3023?s=96&d=mm&r=g\",\"caption\":\"admin\"},\"sameAs\":[\"https:\\\/\\\/lavocedelpaese.info\"],\"url\":\"https:\\\/\\\/lavocedelpaese.info\\\/index.php\\\/author\\\/admin\\\/\"}]}<\/script>\n<!-- \/ Yoast SEO plugin. -->","yoast_head_json":{"title":"Turi sconfitto sul campo della vice capolista\u00a0\u200b - La Voce del Paese","robots":{"index":"index","follow":"follow","max-snippet":"max-snippet:-1","max-image-preview":"max-image-preview:large","max-video-preview":"max-video-preview:-1"},"canonical":"https:\/\/lavocedelpaese.info\/index.php\/2026\/03\/13\/turi-sconfitto-sul-campo-della-vice-capolista\/","og_locale":"it_IT","og_type":"article","og_title":"Turi sconfitto sul campo della vice capolista\u00a0\u200b - La Voce del Paese","og_description":"\u00a0 \u200b\u00a0 \u200b\u00a0 Non era certo la sfida sul campo della corazzata Cerignola, lanciata al possibile double promozione-coppa, la gara","og_url":"https:\/\/lavocedelpaese.info\/index.php\/2026\/03\/13\/turi-sconfitto-sul-campo-della-vice-capolista\/","og_site_name":"La Voce del Paese","article_publisher":"https:\/\/www.facebook.com\/lavocedelpaese.info","article_published_time":"2026-03-13T09:16:07+00:00","author":"admin","twitter_card":"summary_large_image","twitter_misc":{"Scritto da":"admin","Tempo di lettura stimato":"3 minuti"},"schema":{"@context":"https:\/\/schema.org","@graph":[{"@type":"Article","@id":"https:\/\/lavocedelpaese.info\/index.php\/2026\/03\/13\/turi-sconfitto-sul-campo-della-vice-capolista\/#article","isPartOf":{"@id":"https:\/\/lavocedelpaese.info\/index.php\/2026\/03\/13\/turi-sconfitto-sul-campo-della-vice-capolista\/"},"author":{"name":"admin","@id":"https:\/\/lavocedelpaese.info\/#\/schema\/person\/ec151d321306bd7591f7a061abf72d88"},"headline":"Turi sconfitto sul campo della vice capolista\u00a0\u200b","datePublished":"2026-03-13T09:16:07+00:00","mainEntityOfPage":{"@id":"https:\/\/lavocedelpaese.info\/index.php\/2026\/03\/13\/turi-sconfitto-sul-campo-della-vice-capolista\/"},"wordCount":643,"commentCount":0,"publisher":{"@id":"https:\/\/lavocedelpaese.info\/#organization"},"image":{"@id":"https:\/\/lavocedelpaese.info\/index.php\/2026\/03\/13\/turi-sconfitto-sul-campo-della-vice-capolista\/#primaryimage"},"thumbnailUrl":"https:\/\/lavocedelpaese.info\/wp-content\/uploads\/2026\/03\/turi-28_2-2-1532x2048-NSOKey.jpg","articleSection":["network"],"inLanguage":"it-IT","potentialAction":[{"@type":"CommentAction","name":"Comment","target":["https:\/\/lavocedelpaese.info\/index.php\/2026\/03\/13\/turi-sconfitto-sul-campo-della-vice-capolista\/#respond"]}]},{"@type":"WebPage","@id":"https:\/\/lavocedelpaese.info\/index.php\/2026\/03\/13\/turi-sconfitto-sul-campo-della-vice-capolista\/","url":"https:\/\/lavocedelpaese.info\/index.php\/2026\/03\/13\/turi-sconfitto-sul-campo-della-vice-capolista\/","name":"Turi sconfitto sul campo della vice capolista\u00a0\u200b - La Voce del Paese","isPartOf":{"@id":"https:\/\/lavocedelpaese.info\/#website"},"primaryImageOfPage":{"@id":"https:\/\/lavocedelpaese.info\/index.php\/2026\/03\/13\/turi-sconfitto-sul-campo-della-vice-capolista\/#primaryimage"},"image":{"@id":"https:\/\/lavocedelpaese.info\/index.php\/2026\/03\/13\/turi-sconfitto-sul-campo-della-vice-capolista\/#primaryimage"},"thumbnailUrl":"https:\/\/lavocedelpaese.info\/wp-content\/uploads\/2026\/03\/turi-28_2-2-1532x2048-NSOKey.jpg","datePublished":"2026-03-13T09:16:07+00:00","breadcrumb":{"@id":"https:\/\/lavocedelpaese.info\/index.php\/2026\/03\/13\/turi-sconfitto-sul-campo-della-vice-capolista\/#breadcrumb"},"inLanguage":"it-IT","potentialAction":[{"@type":"ReadAction","target":["https:\/\/lavocedelpaese.info\/index.php\/2026\/03\/13\/turi-sconfitto-sul-campo-della-vice-capolista\/"]}]},{"@type":"ImageObject","inLanguage":"it-IT","@id":"https:\/\/lavocedelpaese.info\/index.php\/2026\/03\/13\/turi-sconfitto-sul-campo-della-vice-capolista\/#primaryimage","url":"https:\/\/lavocedelpaese.info\/wp-content\/uploads\/2026\/03\/turi-28_2-2-1532x2048-NSOKey.jpg","contentUrl":"https:\/\/lavocedelpaese.info\/wp-content\/uploads\/2026\/03\/turi-28_2-2-1532x2048-NSOKey.jpg","width":598,"height":800},{"@type":"BreadcrumbList","@id":"https:\/\/lavocedelpaese.info\/index.php\/2026\/03\/13\/turi-sconfitto-sul-campo-della-vice-capolista\/#breadcrumb","itemListElement":[{"@type":"ListItem","position":1,"name":"Home","item":"https:\/\/lavocedelpaese.info\/"},{"@type":"ListItem","position":2,"name":"Turi sconfitto sul campo della vice capolista\u00a0\u200b"}]},{"@type":"WebSite","@id":"https:\/\/lavocedelpaese.info\/#website","url":"https:\/\/lavocedelpaese.info\/","name":"La Voce del Paese","description":"Un network di idee","publisher":{"@id":"https:\/\/lavocedelpaese.info\/#organization"},"potentialAction":[{"@type":"SearchAction","target":{"@type":"EntryPoint","urlTemplate":"https:\/\/lavocedelpaese.info\/?s={search_term_string}"},"query-input":{"@type":"PropertyValueSpecification","valueRequired":true,"valueName":"search_term_string"}}],"inLanguage":"it-IT"},{"@type":"Organization","@id":"https:\/\/lavocedelpaese.info\/#organization","name":"La Voce del Paese","url":"https:\/\/lavocedelpaese.info\/","logo":{"@type":"ImageObject","inLanguage":"it-IT","@id":"https:\/\/lavocedelpaese.info\/#\/schema\/logo\/image\/","url":"https:\/\/lavocedelpaese.info\/wp-content\/uploads\/2023\/01\/cropped-logo-150-127.png","contentUrl":"https:\/\/lavocedelpaese.info\/wp-content\/uploads\/2023\/01\/cropped-logo-150-127.png","width":137,"height":119,"caption":"La Voce del Paese"},"image":{"@id":"https:\/\/lavocedelpaese.info\/#\/schema\/logo\/image\/"},"sameAs":["https:\/\/www.facebook.com\/lavocedelpaese.info"]},{"@type":"Person","@id":"https:\/\/lavocedelpaese.info\/#\/schema\/person\/ec151d321306bd7591f7a061abf72d88","name":"admin","image":{"@type":"ImageObject","inLanguage":"it-IT","@id":"https:\/\/secure.gravatar.com\/avatar\/af8f2caf0663124588de48a9380e07cbc95a74ef15b8062d0d39106c32fe3023?s=96&d=mm&r=g","url":"https:\/\/secure.gravatar.com\/avatar\/af8f2caf0663124588de48a9380e07cbc95a74ef15b8062d0d39106c32fe3023?s=96&d=mm&r=g","contentUrl":"https:\/\/secure.gravatar.com\/avatar\/af8f2caf0663124588de48a9380e07cbc95a74ef15b8062d0d39106c32fe3023?s=96&d=mm&r=g","caption":"admin"},"sameAs":["https:\/\/lavocedelpaese.info"],"url":"https:\/\/lavocedelpaese.info\/index.php\/author\/admin\/"}]}},"_links":{"self":[{"href":"https:\/\/lavocedelpaese.info\/index.php\/wp-json\/wp\/v2\/posts\/10758","targetHints":{"allow":["GET"]}}],"collection":[{"href":"https:\/\/lavocedelpaese.info\/index.php\/wp-json\/wp\/v2\/posts"}],"about":[{"href":"https:\/\/lavocedelpaese.info\/index.php\/wp-json\/wp\/v2\/types\/post"}],"author":[{"embeddable":true,"href":"https:\/\/lavocedelpaese.info\/index.php\/wp-json\/wp\/v2\/users\/6"}],"replies":[{"embeddable":true,"href":"https:\/\/lavocedelpaese.info\/index.php\/wp-json\/wp\/v2\/comments?post=10758"}],"version-history":[{"count":0,"href":"https:\/\/lavocedelpaese.info\/index.php\/wp-json\/wp\/v2\/posts\/10758\/revisions"}],"wp:featuredmedia":[{"embeddable":true,"href":"https:\/\/lavocedelpaese.info\/index.php\/wp-json\/wp\/v2\/media\/10759"}],"wp:attachment":[{"href":"https:\/\/lavocedelpaese.info\/index.php\/wp-json\/wp\/v2\/media?parent=10758"}],"wp:term":[{"taxonomy":"category","embeddable":true,"href":"https:\/\/lavocedelpaese.info\/index.php\/wp-json\/wp\/v2\/categories?post=10758"},{"taxonomy":"post_tag","embeddable":true,"href":"https:\/\/lavocedelpaese.info\/index.php\/wp-json\/wp\/v2\/tags?post=10758"}],"curies":[{"name":"wp","href":"https:\/\/api.w.org\/{rel}","templated":true}]}}