{"id":10724,"date":"2026-03-08T10:15:56","date_gmt":"2026-03-08T10:15:56","guid":{"rendered":"https:\/\/lavocedelpaese.info\/index.php\/2026\/03\/08\/race-for-the-cure-2026-al-via-la-fase-organizzativa-linda-catucci-e-un-abbraccio-collettivo\/"},"modified":"2026-03-08T10:15:56","modified_gmt":"2026-03-08T10:15:56","slug":"race-for-the-cure-2026-al-via-la-fase-organizzativa-linda-catucci-e-un-abbraccio-collettivo","status":"publish","type":"post","link":"https:\/\/lavocedelpaese.info\/index.php\/2026\/03\/08\/race-for-the-cure-2026-al-via-la-fase-organizzativa-linda-catucci-e-un-abbraccio-collettivo\/","title":{"rendered":"\u201cRace for the Cure 2026\u201d: al via la fase organizzativa. Linda Catucci: \u201cE\u2019 un abbraccio collettivo!\u201d\u00a0\u200b"},"content":{"rendered":"<p>\u00a0<\/p>\n<p>\u200b\u00a0<\/p>\n<p>\u200b\u00a0<\/p>\n<p>Nel 2025 la Komen Puglia ha raccolto 185mila euro che andranno a finanziare progetti di prevenzione e sostegno alle donne in rosa (donne che hanno o hanno avuto un tumore al seno). Questi primi vent\u2019anni sono il racconto di una sfida che si \u00e8 fatta destino. Quella che era nata come un\u2019avventura coraggiosa \u00e8 fiorita nell\u2019evoluzione di Komen Puglia. Abbiamo seminato consapevolezza e raccolto una comunit\u00e0 che, anno dopo anno, si \u00e8 scoperta roccia. In un\u2019epoca che spesso ci vuole isolati e distanti, noi abbiamo scelto di restare uniti\u201d ha dichiarato Linda Catucci, presidente del comitato Puglia della Komen durante la prima riunione organizzativa della Komen nella quale \u00e8 stato presentato il bilancio 2025 e il resoconto delle iniziative e dei progetti messi in campo in vista della 20esima edizione della Race for the cure che si terr\u00e0 a Bari il 15, 16 e 17 maggio.<\/p>\n<p>\u201cSe i nostri numeri sono cresciuti, la nostra capacit\u00e0 di restare umani lo ha fatto ancora di pi\u00f9. Komen non \u00e8 un\u2019organizzazione, \u00e8 ogni singola persona che sceglie di non voltarsi dall\u2019altra parte. \u00c8 un abbraccio collettivo che rompe il silenzio della malattia, una rete di altruismo puro. Vent\u2019anni fa abbiamo lanciato una sfida al futuro. Abbiamo costruito ponti di prevenzione e stanze di ascolto, trasformando l\u2019isolamento in appartenenza. Mentre il mondo corre verso l\u2019alienazione e l\u2019isolamento, Komen Puglia si ferma, ascolta e prende per mano\u201d ha spiegato Catucci.<\/p>\n<p>Per far s\u00ec che tutto questo diventasse realt\u00e0 negli ultimi 12 mesi la Komen Puglia ha attivato, finanziato, sostenuto e partecipato ad una serie di progetti.<\/p>\n<p>\u00c8 stato inaugurato il primo centro di terapie integrate al Policlinico di Bari, che dopo una prima fase di umanizzazione, vedr\u00e0 in questo mese di marzo l\u2019attivazione di tutte le attivit\u00e0 Komen a favore delle donne in rosa.<\/p>\n<p>La Carovana della prevenzione \u00e8 arrivata in Puglia con 21 tappe: a Bari (4), Carpino, Casamassima, Conversano, Corato (2) Corsano, Giovinazzo, Maruggio, Modugno, Santeramo (2), Triggiano (2) per un totale di 1.382 prestazioni e 11 casi sospetti.<\/p>\n<p>In collaborazione con il ministero della Salute sono stati istituiti 14 mini Villaggi Della Salute: a Bari, dall\u20191 al 3 ottobre in piazza Federico II di Svevia con mammografie per le donne fuori dalla fascia di screening regionale; ecografie per le donne sotto i 40 anni; visite di reumatologia ed endocrinologia. Le altre 13 tappe sono state a: Matera, Avellino, Cosenza, Lamezia Terme, Caserta, Messina, Palermo, Cagliari, La Maddalena\/Caprera, Campobasso, Chieti, Tolfa\/Allumiere e Roma.<\/p>\n<figure class=\"wp-block-image size-large\"><img decoding=\"async\" width=\"1024\" height=\"768\" src=\"https:\/\/cassano.lavocedelpaese.info\/wp-content\/uploads\/2026\/03\/2-1024x768.jpeg\" alt=\"\" class=\"wp-image-8144\" \/><\/figure>\n<p>Accanto alla Race for the Cure, che quest\u2019anno compir\u00e0 vent\u2019anni a Bari, ci sono stati tanti eventi collaterali che attraverso lo sport hanno sostenuto la Komen: Supper for the cure, Veleggiata for the cure, Canottaggio for the cure, Walk for the cure, Golf for the cure, Padel for the cure.<\/p>\n<p>La Komen ha rinnovato la sua partecipazione al piano strategico per la promozione della salute nelle scuole e ha portato avanti 20 tavole della prevenzione nelle scuole di Puglia e 8 di welfare aziendale.<\/p>\n<p>Con il progetto Angioletti, animato dall\u2019operosit\u00e0 e dall\u2019abnegazione delle volontarie e dei volontari \u00e8 finanziato il progetto Ti accompagna Komen, il servizio taxi di assistenza alle donne in rosa durante le terapie ospedaliere.<\/p>\n<p>Per il quarto anno si \u00e8 rinnovato anche il progetto Insieme per le donne, in collaborazione con la societ\u00e0 ginnastica Angiulli, un corso di ginnastica dolce rivolto alle donne in rosa.<\/p>\n<p>\u201cTutti questi progetti parlano delle tante persone che durante tutto l\u2019anno donano il loro tempo e la loro professionalit\u00e0 per far crescere la Komen. Ma la nostra vera vittoria \u00e8 aver visto cambiare in questi anni l\u2019approccio alla prevenzione, diventato oggi pi\u00f9 consapevole. Siamo un mosaico di cuori generosi, un dono che si rinnova ogni giorno per far s\u00ec che nessuna donna debba mai camminare da sola nel buio\u201d ha concluso Catucci.Race for the Cure 2026<\/p>\n<p><a class=\"a2a_button_facebook\" href=\"https:\/\/www.addtoany.com\/add_to\/facebook?linkurl=https%3A%2F%2Fcassano.lavocedelpaese.info%2Frace-for-the-cure-2026-al-via-la-fase-organizzativa-linda-catucci-e-un-abbraccio-collettivo%2F&amp;linkname=%E2%80%9CRace%20for%20the%20Cure%202026%E2%80%9D%3A%20al%20via%20la%20fase%20organizzativa.%20Linda%20Catucci%3A%20%E2%80%9CE%E2%80%99%20un%20abbraccio%20collettivo%21%E2%80%9D\" title=\"Facebook\" rel=\"nofollow noopener\" target=\"_blank\"><\/a><a class=\"a2a_button_twitter\" href=\"https:\/\/www.addtoany.com\/add_to\/twitter?linkurl=https%3A%2F%2Fcassano.lavocedelpaese.info%2Frace-for-the-cure-2026-al-via-la-fase-organizzativa-linda-catucci-e-un-abbraccio-collettivo%2F&amp;linkname=%E2%80%9CRace%20for%20the%20Cure%202026%E2%80%9D%3A%20al%20via%20la%20fase%20organizzativa.%20Linda%20Catucci%3A%20%E2%80%9CE%E2%80%99%20un%20abbraccio%20collettivo%21%E2%80%9D\" title=\"Twitter\" rel=\"nofollow noopener\" target=\"_blank\"><\/a><a class=\"a2a_button_whatsapp\" href=\"https:\/\/www.addtoany.com\/add_to\/whatsapp?linkurl=https%3A%2F%2Fcassano.lavocedelpaese.info%2Frace-for-the-cure-2026-al-via-la-fase-organizzativa-linda-catucci-e-un-abbraccio-collettivo%2F&amp;linkname=%E2%80%9CRace%20for%20the%20Cure%202026%E2%80%9D%3A%20al%20via%20la%20fase%20organizzativa.%20Linda%20Catucci%3A%20%E2%80%9CE%E2%80%99%20un%20abbraccio%20collettivo%21%E2%80%9D\" title=\"WhatsApp\" rel=\"nofollow noopener\" target=\"_blank\"><\/a><a class=\"a2a_button_telegram\" href=\"https:\/\/www.addtoany.com\/add_to\/telegram?linkurl=https%3A%2F%2Fcassano.lavocedelpaese.info%2Frace-for-the-cure-2026-al-via-la-fase-organizzativa-linda-catucci-e-un-abbraccio-collettivo%2F&amp;linkname=%E2%80%9CRace%20for%20the%20Cure%202026%E2%80%9D%3A%20al%20via%20la%20fase%20organizzativa.%20Linda%20Catucci%3A%20%E2%80%9CE%E2%80%99%20un%20abbraccio%20collettivo%21%E2%80%9D\" title=\"Telegram\" rel=\"nofollow noopener\" target=\"_blank\"><\/a><a class=\"a2a_button_email\" href=\"https:\/\/www.addtoany.com\/add_to\/email?linkurl=https%3A%2F%2Fcassano.lavocedelpaese.info%2Frace-for-the-cure-2026-al-via-la-fase-organizzativa-linda-catucci-e-un-abbraccio-collettivo%2F&amp;linkname=%E2%80%9CRace%20for%20the%20Cure%202026%E2%80%9D%3A%20al%20via%20la%20fase%20organizzativa.%20Linda%20Catucci%3A%20%E2%80%9CE%E2%80%99%20un%20abbraccio%20collettivo%21%E2%80%9D\" title=\"Email\" rel=\"nofollow noopener\" target=\"_blank\"><\/a><\/p>\n<p>\u00a0<\/p>\n<p>\u00a0<\/p>\n<p>\u200b\u00a0\u00a0\u00a0<\/p>","protected":false},"excerpt":{"rendered":"<p>\u00a0 \u200b\u00a0 \u200b\u00a0 Nel 2025 la Komen Puglia ha raccolto 185mila euro che andranno a finanziare progetti di prevenzione e<\/p>\n","protected":false},"author":6,"featured_media":10725,"comment_status":"open","ping_status":"closed","sticky":false,"template":"","format":"standard","meta":{"colormag_page_container_layout":"default_layout","colormag_page_sidebar_layout":"default_layout","footnotes":""},"categories":[33],"tags":[],"class_list":["post-10724","post","type-post","status-publish","format-standard","has-post-thumbnail","hentry","category-network"],"yoast_head":"<!-- This site is optimized with the Yoast SEO plugin v27.5 - https:\/\/yoast.com\/product\/yoast-seo-wordpress\/ -->\n<title>\u201cRace for the Cure 2026\u201d: al via la fase organizzativa. Linda Catucci: \u201cE\u2019 un abbraccio collettivo!\u201d\u00a0\u200b - La Voce del Paese<\/title>\n<meta name=\"robots\" content=\"index, follow, max-snippet:-1, max-image-preview:large, max-video-preview:-1\" \/>\n<link rel=\"canonical\" href=\"https:\/\/lavocedelpaese.info\/index.php\/2026\/03\/08\/race-for-the-cure-2026-al-via-la-fase-organizzativa-linda-catucci-e-un-abbraccio-collettivo\/\" \/>\n<meta property=\"og:locale\" content=\"it_IT\" \/>\n<meta property=\"og:type\" content=\"article\" \/>\n<meta property=\"og:title\" content=\"\u201cRace for the Cure 2026\u201d: al via la fase organizzativa. Linda Catucci: \u201cE\u2019 un abbraccio collettivo!\u201d\u00a0\u200b - La Voce del Paese\" \/>\n<meta property=\"og:description\" content=\"\u00a0 \u200b\u00a0 \u200b\u00a0 Nel 2025 la Komen Puglia ha raccolto 185mila euro che andranno a finanziare progetti di prevenzione e\" \/>\n<meta property=\"og:url\" content=\"https:\/\/lavocedelpaese.info\/index.php\/2026\/03\/08\/race-for-the-cure-2026-al-via-la-fase-organizzativa-linda-catucci-e-un-abbraccio-collettivo\/\" \/>\n<meta property=\"og:site_name\" content=\"La Voce del Paese\" \/>\n<meta property=\"article:publisher\" content=\"https:\/\/www.facebook.com\/lavocedelpaese.info\" \/>\n<meta property=\"article:published_time\" content=\"2026-03-08T10:15:56+00:00\" \/>\n<meta name=\"author\" content=\"admin\" \/>\n<meta name=\"twitter:card\" content=\"summary_large_image\" \/>\n<meta name=\"twitter:label1\" content=\"Scritto da\" \/>\n\t<meta name=\"twitter:data1\" content=\"admin\" \/>\n\t<meta name=\"twitter:label2\" content=\"Tempo di lettura stimato\" \/>\n\t<meta name=\"twitter:data2\" content=\"3 minuti\" \/>\n<script type=\"application\/ld+json\" class=\"yoast-schema-graph\">{\"@context\":\"https:\\\/\\\/schema.org\",\"@graph\":[{\"@type\":\"Article\",\"@id\":\"https:\\\/\\\/lavocedelpaese.info\\\/index.php\\\/2026\\\/03\\\/08\\\/race-for-the-cure-2026-al-via-la-fase-organizzativa-linda-catucci-e-un-abbraccio-collettivo\\\/#article\",\"isPartOf\":{\"@id\":\"https:\\\/\\\/lavocedelpaese.info\\\/index.php\\\/2026\\\/03\\\/08\\\/race-for-the-cure-2026-al-via-la-fase-organizzativa-linda-catucci-e-un-abbraccio-collettivo\\\/\"},\"author\":{\"name\":\"admin\",\"@id\":\"https:\\\/\\\/lavocedelpaese.info\\\/#\\\/schema\\\/person\\\/ec151d321306bd7591f7a061abf72d88\"},\"headline\":\"\u201cRace for the Cure 2026\u201d: al via la fase organizzativa. Linda Catucci: \u201cE\u2019 un abbraccio collettivo!\u201d\u00a0\u200b\",\"datePublished\":\"2026-03-08T10:15:56+00:00\",\"mainEntityOfPage\":{\"@id\":\"https:\\\/\\\/lavocedelpaese.info\\\/index.php\\\/2026\\\/03\\\/08\\\/race-for-the-cure-2026-al-via-la-fase-organizzativa-linda-catucci-e-un-abbraccio-collettivo\\\/\"},\"wordCount\":637,\"commentCount\":0,\"publisher\":{\"@id\":\"https:\\\/\\\/lavocedelpaese.info\\\/#organization\"},\"image\":{\"@id\":\"https:\\\/\\\/lavocedelpaese.info\\\/index.php\\\/2026\\\/03\\\/08\\\/race-for-the-cure-2026-al-via-la-fase-organizzativa-linda-catucci-e-un-abbraccio-collettivo\\\/#primaryimage\"},\"thumbnailUrl\":\"https:\\\/\\\/lavocedelpaese.info\\\/wp-content\\\/uploads\\\/2026\\\/03\\\/2-1024x768-Jh8TRA.jpg\",\"articleSection\":[\"network\"],\"inLanguage\":\"it-IT\",\"potentialAction\":[{\"@type\":\"CommentAction\",\"name\":\"Comment\",\"target\":[\"https:\\\/\\\/lavocedelpaese.info\\\/index.php\\\/2026\\\/03\\\/08\\\/race-for-the-cure-2026-al-via-la-fase-organizzativa-linda-catucci-e-un-abbraccio-collettivo\\\/#respond\"]}]},{\"@type\":\"WebPage\",\"@id\":\"https:\\\/\\\/lavocedelpaese.info\\\/index.php\\\/2026\\\/03\\\/08\\\/race-for-the-cure-2026-al-via-la-fase-organizzativa-linda-catucci-e-un-abbraccio-collettivo\\\/\",\"url\":\"https:\\\/\\\/lavocedelpaese.info\\\/index.php\\\/2026\\\/03\\\/08\\\/race-for-the-cure-2026-al-via-la-fase-organizzativa-linda-catucci-e-un-abbraccio-collettivo\\\/\",\"name\":\"\u201cRace for the Cure 2026\u201d: al via la fase organizzativa. Linda Catucci: \u201cE\u2019 un abbraccio collettivo!\u201d\u00a0\u200b - La Voce del Paese\",\"isPartOf\":{\"@id\":\"https:\\\/\\\/lavocedelpaese.info\\\/#website\"},\"primaryImageOfPage\":{\"@id\":\"https:\\\/\\\/lavocedelpaese.info\\\/index.php\\\/2026\\\/03\\\/08\\\/race-for-the-cure-2026-al-via-la-fase-organizzativa-linda-catucci-e-un-abbraccio-collettivo\\\/#primaryimage\"},\"image\":{\"@id\":\"https:\\\/\\\/lavocedelpaese.info\\\/index.php\\\/2026\\\/03\\\/08\\\/race-for-the-cure-2026-al-via-la-fase-organizzativa-linda-catucci-e-un-abbraccio-collettivo\\\/#primaryimage\"},\"thumbnailUrl\":\"https:\\\/\\\/lavocedelpaese.info\\\/wp-content\\\/uploads\\\/2026\\\/03\\\/2-1024x768-Jh8TRA.jpg\",\"datePublished\":\"2026-03-08T10:15:56+00:00\",\"breadcrumb\":{\"@id\":\"https:\\\/\\\/lavocedelpaese.info\\\/index.php\\\/2026\\\/03\\\/08\\\/race-for-the-cure-2026-al-via-la-fase-organizzativa-linda-catucci-e-un-abbraccio-collettivo\\\/#breadcrumb\"},\"inLanguage\":\"it-IT\",\"potentialAction\":[{\"@type\":\"ReadAction\",\"target\":[\"https:\\\/\\\/lavocedelpaese.info\\\/index.php\\\/2026\\\/03\\\/08\\\/race-for-the-cure-2026-al-via-la-fase-organizzativa-linda-catucci-e-un-abbraccio-collettivo\\\/\"]}]},{\"@type\":\"ImageObject\",\"inLanguage\":\"it-IT\",\"@id\":\"https:\\\/\\\/lavocedelpaese.info\\\/index.php\\\/2026\\\/03\\\/08\\\/race-for-the-cure-2026-al-via-la-fase-organizzativa-linda-catucci-e-un-abbraccio-collettivo\\\/#primaryimage\",\"url\":\"https:\\\/\\\/lavocedelpaese.info\\\/wp-content\\\/uploads\\\/2026\\\/03\\\/2-1024x768-Jh8TRA.jpg\",\"contentUrl\":\"https:\\\/\\\/lavocedelpaese.info\\\/wp-content\\\/uploads\\\/2026\\\/03\\\/2-1024x768-Jh8TRA.jpg\",\"width\":1000,\"height\":750},{\"@type\":\"BreadcrumbList\",\"@id\":\"https:\\\/\\\/lavocedelpaese.info\\\/index.php\\\/2026\\\/03\\\/08\\\/race-for-the-cure-2026-al-via-la-fase-organizzativa-linda-catucci-e-un-abbraccio-collettivo\\\/#breadcrumb\",\"itemListElement\":[{\"@type\":\"ListItem\",\"position\":1,\"name\":\"Home\",\"item\":\"https:\\\/\\\/lavocedelpaese.info\\\/\"},{\"@type\":\"ListItem\",\"position\":2,\"name\":\"\u201cRace for the Cure 2026\u201d: al via la fase organizzativa. Linda Catucci: \u201cE\u2019 un abbraccio collettivo!\u201d\u00a0\u200b\"}]},{\"@type\":\"WebSite\",\"@id\":\"https:\\\/\\\/lavocedelpaese.info\\\/#website\",\"url\":\"https:\\\/\\\/lavocedelpaese.info\\\/\",\"name\":\"La Voce del Paese\",\"description\":\"Un network di idee\",\"publisher\":{\"@id\":\"https:\\\/\\\/lavocedelpaese.info\\\/#organization\"},\"potentialAction\":[{\"@type\":\"SearchAction\",\"target\":{\"@type\":\"EntryPoint\",\"urlTemplate\":\"https:\\\/\\\/lavocedelpaese.info\\\/?s={search_term_string}\"},\"query-input\":{\"@type\":\"PropertyValueSpecification\",\"valueRequired\":true,\"valueName\":\"search_term_string\"}}],\"inLanguage\":\"it-IT\"},{\"@type\":\"Organization\",\"@id\":\"https:\\\/\\\/lavocedelpaese.info\\\/#organization\",\"name\":\"La Voce del Paese\",\"url\":\"https:\\\/\\\/lavocedelpaese.info\\\/\",\"logo\":{\"@type\":\"ImageObject\",\"inLanguage\":\"it-IT\",\"@id\":\"https:\\\/\\\/lavocedelpaese.info\\\/#\\\/schema\\\/logo\\\/image\\\/\",\"url\":\"https:\\\/\\\/lavocedelpaese.info\\\/wp-content\\\/uploads\\\/2023\\\/01\\\/cropped-logo-150-127.png\",\"contentUrl\":\"https:\\\/\\\/lavocedelpaese.info\\\/wp-content\\\/uploads\\\/2023\\\/01\\\/cropped-logo-150-127.png\",\"width\":137,\"height\":119,\"caption\":\"La Voce del Paese\"},\"image\":{\"@id\":\"https:\\\/\\\/lavocedelpaese.info\\\/#\\\/schema\\\/logo\\\/image\\\/\"},\"sameAs\":[\"https:\\\/\\\/www.facebook.com\\\/lavocedelpaese.info\"]},{\"@type\":\"Person\",\"@id\":\"https:\\\/\\\/lavocedelpaese.info\\\/#\\\/schema\\\/person\\\/ec151d321306bd7591f7a061abf72d88\",\"name\":\"admin\",\"image\":{\"@type\":\"ImageObject\",\"inLanguage\":\"it-IT\",\"@id\":\"https:\\\/\\\/secure.gravatar.com\\\/avatar\\\/af8f2caf0663124588de48a9380e07cbc95a74ef15b8062d0d39106c32fe3023?s=96&d=mm&r=g\",\"url\":\"https:\\\/\\\/secure.gravatar.com\\\/avatar\\\/af8f2caf0663124588de48a9380e07cbc95a74ef15b8062d0d39106c32fe3023?s=96&d=mm&r=g\",\"contentUrl\":\"https:\\\/\\\/secure.gravatar.com\\\/avatar\\\/af8f2caf0663124588de48a9380e07cbc95a74ef15b8062d0d39106c32fe3023?s=96&d=mm&r=g\",\"caption\":\"admin\"},\"sameAs\":[\"https:\\\/\\\/lavocedelpaese.info\"],\"url\":\"https:\\\/\\\/lavocedelpaese.info\\\/index.php\\\/author\\\/admin\\\/\"}]}<\/script>\n<!-- \/ Yoast SEO plugin. -->","yoast_head_json":{"title":"\u201cRace for the Cure 2026\u201d: al via la fase organizzativa. Linda Catucci: \u201cE\u2019 un abbraccio collettivo!\u201d\u00a0\u200b - La Voce del Paese","robots":{"index":"index","follow":"follow","max-snippet":"max-snippet:-1","max-image-preview":"max-image-preview:large","max-video-preview":"max-video-preview:-1"},"canonical":"https:\/\/lavocedelpaese.info\/index.php\/2026\/03\/08\/race-for-the-cure-2026-al-via-la-fase-organizzativa-linda-catucci-e-un-abbraccio-collettivo\/","og_locale":"it_IT","og_type":"article","og_title":"\u201cRace for the Cure 2026\u201d: al via la fase organizzativa. Linda Catucci: \u201cE\u2019 un abbraccio collettivo!\u201d\u00a0\u200b - La Voce del Paese","og_description":"\u00a0 \u200b\u00a0 \u200b\u00a0 Nel 2025 la Komen Puglia ha raccolto 185mila euro che andranno a finanziare progetti di prevenzione e","og_url":"https:\/\/lavocedelpaese.info\/index.php\/2026\/03\/08\/race-for-the-cure-2026-al-via-la-fase-organizzativa-linda-catucci-e-un-abbraccio-collettivo\/","og_site_name":"La Voce del Paese","article_publisher":"https:\/\/www.facebook.com\/lavocedelpaese.info","article_published_time":"2026-03-08T10:15:56+00:00","author":"admin","twitter_card":"summary_large_image","twitter_misc":{"Scritto da":"admin","Tempo di lettura stimato":"3 minuti"},"schema":{"@context":"https:\/\/schema.org","@graph":[{"@type":"Article","@id":"https:\/\/lavocedelpaese.info\/index.php\/2026\/03\/08\/race-for-the-cure-2026-al-via-la-fase-organizzativa-linda-catucci-e-un-abbraccio-collettivo\/#article","isPartOf":{"@id":"https:\/\/lavocedelpaese.info\/index.php\/2026\/03\/08\/race-for-the-cure-2026-al-via-la-fase-organizzativa-linda-catucci-e-un-abbraccio-collettivo\/"},"author":{"name":"admin","@id":"https:\/\/lavocedelpaese.info\/#\/schema\/person\/ec151d321306bd7591f7a061abf72d88"},"headline":"\u201cRace for the Cure 2026\u201d: al via la fase organizzativa. Linda Catucci: \u201cE\u2019 un abbraccio collettivo!\u201d\u00a0\u200b","datePublished":"2026-03-08T10:15:56+00:00","mainEntityOfPage":{"@id":"https:\/\/lavocedelpaese.info\/index.php\/2026\/03\/08\/race-for-the-cure-2026-al-via-la-fase-organizzativa-linda-catucci-e-un-abbraccio-collettivo\/"},"wordCount":637,"commentCount":0,"publisher":{"@id":"https:\/\/lavocedelpaese.info\/#organization"},"image":{"@id":"https:\/\/lavocedelpaese.info\/index.php\/2026\/03\/08\/race-for-the-cure-2026-al-via-la-fase-organizzativa-linda-catucci-e-un-abbraccio-collettivo\/#primaryimage"},"thumbnailUrl":"https:\/\/lavocedelpaese.info\/wp-content\/uploads\/2026\/03\/2-1024x768-Jh8TRA.jpg","articleSection":["network"],"inLanguage":"it-IT","potentialAction":[{"@type":"CommentAction","name":"Comment","target":["https:\/\/lavocedelpaese.info\/index.php\/2026\/03\/08\/race-for-the-cure-2026-al-via-la-fase-organizzativa-linda-catucci-e-un-abbraccio-collettivo\/#respond"]}]},{"@type":"WebPage","@id":"https:\/\/lavocedelpaese.info\/index.php\/2026\/03\/08\/race-for-the-cure-2026-al-via-la-fase-organizzativa-linda-catucci-e-un-abbraccio-collettivo\/","url":"https:\/\/lavocedelpaese.info\/index.php\/2026\/03\/08\/race-for-the-cure-2026-al-via-la-fase-organizzativa-linda-catucci-e-un-abbraccio-collettivo\/","name":"\u201cRace for the Cure 2026\u201d: al via la fase organizzativa. Linda Catucci: \u201cE\u2019 un abbraccio collettivo!\u201d\u00a0\u200b - La Voce del Paese","isPartOf":{"@id":"https:\/\/lavocedelpaese.info\/#website"},"primaryImageOfPage":{"@id":"https:\/\/lavocedelpaese.info\/index.php\/2026\/03\/08\/race-for-the-cure-2026-al-via-la-fase-organizzativa-linda-catucci-e-un-abbraccio-collettivo\/#primaryimage"},"image":{"@id":"https:\/\/lavocedelpaese.info\/index.php\/2026\/03\/08\/race-for-the-cure-2026-al-via-la-fase-organizzativa-linda-catucci-e-un-abbraccio-collettivo\/#primaryimage"},"thumbnailUrl":"https:\/\/lavocedelpaese.info\/wp-content\/uploads\/2026\/03\/2-1024x768-Jh8TRA.jpg","datePublished":"2026-03-08T10:15:56+00:00","breadcrumb":{"@id":"https:\/\/lavocedelpaese.info\/index.php\/2026\/03\/08\/race-for-the-cure-2026-al-via-la-fase-organizzativa-linda-catucci-e-un-abbraccio-collettivo\/#breadcrumb"},"inLanguage":"it-IT","potentialAction":[{"@type":"ReadAction","target":["https:\/\/lavocedelpaese.info\/index.php\/2026\/03\/08\/race-for-the-cure-2026-al-via-la-fase-organizzativa-linda-catucci-e-un-abbraccio-collettivo\/"]}]},{"@type":"ImageObject","inLanguage":"it-IT","@id":"https:\/\/lavocedelpaese.info\/index.php\/2026\/03\/08\/race-for-the-cure-2026-al-via-la-fase-organizzativa-linda-catucci-e-un-abbraccio-collettivo\/#primaryimage","url":"https:\/\/lavocedelpaese.info\/wp-content\/uploads\/2026\/03\/2-1024x768-Jh8TRA.jpg","contentUrl":"https:\/\/lavocedelpaese.info\/wp-content\/uploads\/2026\/03\/2-1024x768-Jh8TRA.jpg","width":1000,"height":750},{"@type":"BreadcrumbList","@id":"https:\/\/lavocedelpaese.info\/index.php\/2026\/03\/08\/race-for-the-cure-2026-al-via-la-fase-organizzativa-linda-catucci-e-un-abbraccio-collettivo\/#breadcrumb","itemListElement":[{"@type":"ListItem","position":1,"name":"Home","item":"https:\/\/lavocedelpaese.info\/"},{"@type":"ListItem","position":2,"name":"\u201cRace for the Cure 2026\u201d: al via la fase organizzativa. Linda Catucci: \u201cE\u2019 un abbraccio collettivo!\u201d\u00a0\u200b"}]},{"@type":"WebSite","@id":"https:\/\/lavocedelpaese.info\/#website","url":"https:\/\/lavocedelpaese.info\/","name":"La Voce del Paese","description":"Un network di idee","publisher":{"@id":"https:\/\/lavocedelpaese.info\/#organization"},"potentialAction":[{"@type":"SearchAction","target":{"@type":"EntryPoint","urlTemplate":"https:\/\/lavocedelpaese.info\/?s={search_term_string}"},"query-input":{"@type":"PropertyValueSpecification","valueRequired":true,"valueName":"search_term_string"}}],"inLanguage":"it-IT"},{"@type":"Organization","@id":"https:\/\/lavocedelpaese.info\/#organization","name":"La Voce del Paese","url":"https:\/\/lavocedelpaese.info\/","logo":{"@type":"ImageObject","inLanguage":"it-IT","@id":"https:\/\/lavocedelpaese.info\/#\/schema\/logo\/image\/","url":"https:\/\/lavocedelpaese.info\/wp-content\/uploads\/2023\/01\/cropped-logo-150-127.png","contentUrl":"https:\/\/lavocedelpaese.info\/wp-content\/uploads\/2023\/01\/cropped-logo-150-127.png","width":137,"height":119,"caption":"La Voce del Paese"},"image":{"@id":"https:\/\/lavocedelpaese.info\/#\/schema\/logo\/image\/"},"sameAs":["https:\/\/www.facebook.com\/lavocedelpaese.info"]},{"@type":"Person","@id":"https:\/\/lavocedelpaese.info\/#\/schema\/person\/ec151d321306bd7591f7a061abf72d88","name":"admin","image":{"@type":"ImageObject","inLanguage":"it-IT","@id":"https:\/\/secure.gravatar.com\/avatar\/af8f2caf0663124588de48a9380e07cbc95a74ef15b8062d0d39106c32fe3023?s=96&d=mm&r=g","url":"https:\/\/secure.gravatar.com\/avatar\/af8f2caf0663124588de48a9380e07cbc95a74ef15b8062d0d39106c32fe3023?s=96&d=mm&r=g","contentUrl":"https:\/\/secure.gravatar.com\/avatar\/af8f2caf0663124588de48a9380e07cbc95a74ef15b8062d0d39106c32fe3023?s=96&d=mm&r=g","caption":"admin"},"sameAs":["https:\/\/lavocedelpaese.info"],"url":"https:\/\/lavocedelpaese.info\/index.php\/author\/admin\/"}]}},"_links":{"self":[{"href":"https:\/\/lavocedelpaese.info\/index.php\/wp-json\/wp\/v2\/posts\/10724","targetHints":{"allow":["GET"]}}],"collection":[{"href":"https:\/\/lavocedelpaese.info\/index.php\/wp-json\/wp\/v2\/posts"}],"about":[{"href":"https:\/\/lavocedelpaese.info\/index.php\/wp-json\/wp\/v2\/types\/post"}],"author":[{"embeddable":true,"href":"https:\/\/lavocedelpaese.info\/index.php\/wp-json\/wp\/v2\/users\/6"}],"replies":[{"embeddable":true,"href":"https:\/\/lavocedelpaese.info\/index.php\/wp-json\/wp\/v2\/comments?post=10724"}],"version-history":[{"count":0,"href":"https:\/\/lavocedelpaese.info\/index.php\/wp-json\/wp\/v2\/posts\/10724\/revisions"}],"wp:featuredmedia":[{"embeddable":true,"href":"https:\/\/lavocedelpaese.info\/index.php\/wp-json\/wp\/v2\/media\/10725"}],"wp:attachment":[{"href":"https:\/\/lavocedelpaese.info\/index.php\/wp-json\/wp\/v2\/media?parent=10724"}],"wp:term":[{"taxonomy":"category","embeddable":true,"href":"https:\/\/lavocedelpaese.info\/index.php\/wp-json\/wp\/v2\/categories?post=10724"},{"taxonomy":"post_tag","embeddable":true,"href":"https:\/\/lavocedelpaese.info\/index.php\/wp-json\/wp\/v2\/tags?post=10724"}],"curies":[{"name":"wp","href":"https:\/\/api.w.org\/{rel}","templated":true}]}}