{"id":10713,"date":"2026-03-07T07:14:35","date_gmt":"2026-03-07T07:14:35","guid":{"rendered":"https:\/\/lavocedelpaese.info\/index.php\/2026\/03\/07\/giustizia-perche-il-si-e-una-scelta-di-liberta-ed-economia\/"},"modified":"2026-03-07T07:14:35","modified_gmt":"2026-03-07T07:14:35","slug":"giustizia-perche-il-si-e-una-scelta-di-liberta-ed-economia","status":"publish","type":"post","link":"https:\/\/lavocedelpaese.info\/index.php\/2026\/03\/07\/giustizia-perche-il-si-e-una-scelta-di-liberta-ed-economia\/","title":{"rendered":"Giustizia: perch\u00e9 il \u201cS\u00ec\u201d \u00e8 una scelta di libert\u00e0 ed economia\u00a0\u200b"},"content":{"rendered":"<p>\u00a0<\/p>\n<p>\u200b\u00a0<\/p>\n<p>\u200b\u00a0<\/p>\n<div><\/div>\n<p><em>Riceviamo e Pubblichiamo<\/em><\/p>\n\n<p>Oggi la giustizia italiana \u00e8 percepita come un campo di battaglia ideologico, ma \u00e8 innanzitutto un problema pratico. Per un cittadino onesto o un\u2019azienda, un sistema lento o imprevedibile rappresenta un costo insostenibile. Votare S\u00cc significa chiedere una giustizia efficiente, responsabile e trasparente.<\/p>\n<p>Dopo il fascismo, la Costituzione ha giustamente garantito l\u2019indipendenza alla magistratura. Tuttavia, nel dopoguerra, questa autonomia \u00e8 stata influenzata dalle dinamiche politiche, portando alla nascita del cosiddetto \u201cfenomeno correntizio\u201d. La magistratura si \u00e8 trovata divisa in diverse sensibilit\u00e0 interne che, col tempo, hanno rischiato di creare un sistema autoreferenziale, alimentando la percezione di una struttura chiusa che persiste tuttora.<\/p>\n<figure class=\"wp-block-image size-full\"><img decoding=\"async\" width=\"990\" height=\"543\" src=\"https:\/\/turi.lavocedelpaese.info\/wp-content\/uploads\/2026\/03\/Il-Capo-dello-Stato-Enrico-De-Nicola-firma-la-Costituzione-italiana-a-palazzo-Giustiniani-il-27-dicembre-1947.jpg\" alt=\"\" class=\"wp-image-8499\" \/><figcaption class=\"wp-element-caption\"><strong><em> Il Capo dello Stato, Enrico De Nicola, firma la Costituzione italiana a palazzo Giustiniani, il 27 dicembre 1947<\/em><\/strong><\/figcaption><\/figure>\n<p>\u00c8 fondamentale fare chiarezza su alcuni timori diffusi. Come sottolineato da Paolo Mieli, la notizia secondo cui i Pubblici Ministeri (PM) verrebbero assoggettati al potere politico con questa riforma non risponde al vero. Qualora in futuro si profilasse un reale rischio di sottomissione della magistratura all\u2019esecutivo, sarebbe necessario un ulteriore e specifico referendum; in quel caso estremo, la scelta corretta sarebbe il \u201cNO\u201d. Al momento, l\u2019indipendenza non \u00e8 in discussione.<\/p>\n<p>In ogni professione \u2014 dal chirurgo, all\u2019ingegneree al commercialista \u2014 chi commette errori per grave negligenza ne risponde. Sebbene la responsabilit\u00e0 civile dei magistrati sia gi\u00e0 prevista dalla Legge Vassalli, l\u2019attuale sistema di applicazione presenta notevoli difficolt\u00e0 procedurali che ne limitano l\u2019efficacia pratica.<\/p>\n<p>L\u2019obiettivo della riforma \u00e8 rendere questa responsabilit\u00e0 pi\u00f9 effettiva. Inoltre, per dare maggiore efficienza e terziet\u00e0 al sistema disciplinare, si propone l\u2019introduzione dell\u2019Alta Corte Disciplinare. Attualmente, essendo il giudizio affidato esclusivamente al CSM, il sistema rischia di risultare autoreferenziale; l\u2019Alta Corte servirebbe invece a garantire una valutazione superiore e pi\u00f9 distaccata.<\/p>\n<figure class=\"wp-block-image size-full\"><img decoding=\"async\" width=\"945\" height=\"532\" src=\"https:\/\/turi.lavocedelpaese.info\/wp-content\/uploads\/2026\/03\/responsabilita-civile-945x532-1.jpg\" alt=\"\" class=\"wp-image-8500\" \/><\/figure>\n<p>Oggi chi accusa (PM) e chi giudica appartengono alla stessa \u201cfamiglia\u201d professionale. Questa asimmetria pu\u00f2 rendere il Giudice psicologicamente pi\u00f9 vicino all\u2019accusa che alla difesa. La separazione delle carriere serve a garantire un arbitro davvero equidistante, come previsto dal \u201cGiusto Processo\u201d. Votare S\u00cc servirebbe inoltre a introdurre valutazioni di merito a permettere anche ad avvocati e professori di valutare l\u2019operato dei magistrati, superando le promozioni quasi automatiche.<\/p>\n<p>Valorizzare la professionalit\u00e0, premiare la produttivit\u00e0 e la preparazione tecnica, isolando le condotte meno diligenti.<\/p>\n<p>Ecco la sintesi dei cambiamenti proposti:<\/p>\n<ul class=\"wp-block-list has-small-font-size\">\n<li>Separazione delle Carriere: percorsi distinti per chi accusa e chi giudica.<\/li>\n<li>Stop alle Correnti del CSM: eliminare il peso delle lobby interne nel sistema elettivo.<\/li>\n<li>Limiti alla Custodia Cautelare: il carcere prima del processo deve essere l\u2019eccezione, non la regola.<\/li>\n<li>Riforma Legge Severino: tutela della presunzione di innocenza per gli amministratori locali.<\/li>\n<li>Responsabilit\u00e0 Civile: chi sbaglia per colpa grave risponde dei propri atti.<\/li>\n<\/ul>\n<figure class=\"wp-block-image aligncenter size-full is-resized\"><img decoding=\"async\" width=\"1200\" height=\"1200\" src=\"https:\/\/turi.lavocedelpaese.info\/wp-content\/uploads\/2026\/03\/1762364427570.jpg\" alt=\"\" class=\"wp-image-8501\" \/><\/figure>\n<p>Nella riforma della giustizia, il tema del sorteggio riguarda principalmente l\u2019elezione dei membri del Consiglio Superiore della Magistratura (CSM). L\u2019Argomento a favore del sorteggio: questa modalit\u00e0 viene proposta per ridurre l\u2019impatto dei gruppi di pressione interni. In assenza di un sistema di estrazione, vi \u00e8 il rischio che le posizioni apicali siano frutto di accordi tra correnti, analogamente a quanto segnalato in altri ambiti professionali, come quello dei revisori, dove talvolta gli incarichi di rilievo tendono a concentrarsi tra i medesimi profili. La Critica (Punto di Vista): il ricorso a un sorteggio integrale potrebbe apparire poco in linea con i principi di rappresentanza democratica, poich\u00e9 non tiene conto del merito individuale e della specifica preparazione tecnica. Per un professionista che ha dedicato anni allo studio e alla carriera per raggiungere determinati traguardi, l\u2019essere equiparato ad altri attraverso una scelta casuale pu\u00f2 essere percepito come una mancata valorizzazione del proprio percorso personale.<\/p>\n<p>Il paradosso importante \u00e8 che gli studi legali sono gi\u00e0 \u201cpieni di denunce\u201d contro la Giustizia. Questo indica che il sistema attuale ha gi\u00e0 creato un corto circuito.<\/p>\n<p>Vorrei creare un parallelismo, ad esempio, tra la riforma della disciplina dei revisori e la riforma della giustizia, la quale, tocca un nervo scoperto, ossia, il conflitto tra meritocrazia basata sull\u2019esperienza e democratizzazione tramite il sorteggio.<\/p>\n<p>La Riforma del S\u00cc propone di inserire avvocati e professori nei consigli giudiziari per valutare l\u2019operato dei magistrati. L\u2019idea \u00e8 proprio quella di premiare chi \u00e8 produttivo e isolare chi \u00e8 sciatto, l\u2019intento \u00e8 quello di superare quel sistema chiuso che ostacola il ricambio e la valorizzazione del merito.<\/p>\n<p>Ecco l\u2019ossimoro in breve, la Riforma della disciplina dei revisori operata sotto la vigilanza del Ministero dell\u2019Economia e delle Finanze (MEF) e la Riforma della Giustizia, si muovono su binari logici differenti, ma il parallelismo proposto serve a evidenziare un paradosso comune: la tensione tra il riconoscimento del merito e la necessit\u00e0 di trasparenza<\/p>\n<figure class=\"wp-block-table\">\n<table class=\"has-fixed-layout\">\n<thead>\n<tr>\n<td><strong>Problema Sollevato<\/strong><\/td>\n<td><strong>Riforma Revisori<\/strong><\/td>\n<td><strong>Riforma Giustizia <\/strong><br \/><strong>(Votando S\u00cc)<\/strong><\/td>\n<\/tr>\n<\/thead>\n<tbody>\n<tr>\n<td><strong>Accesso ai vertici<\/strong><\/td>\n<td>Agevola solo chi ha gi\u00e0 curriculum in grandi enti.<\/td>\n<td>Punta a rompere il monopolio delle \u201cCorrenti\u201d.<\/td>\n<\/tr>\n<tr>\n<td><strong>Metodo di scelta<\/strong><\/td>\n<td>Sorteggio percepito come limite al merito.<\/td>\n<td>Sorteggio come \u201cmale minore\u201d per eliminare le lobby.<\/td>\n<\/tr>\n<tr>\n<td><strong>Valutazione<\/strong><\/td>\n<td>Spesso basata su requisiti formali rigidi.<\/td>\n<td>Introduce sguardi esterni (avvocati\/professori) per valutare il merito reale.<\/td>\n<\/tr>\n<\/tbody>\n<\/table>\n<\/figure>\n<p>Votare S\u00cc non \u00e8 un attacco ai giudici, ma un atto di amore verso lo Stato di Diritto, per passare da una giustizia \u201celastica\u201d a una moderna e uguale per tutti.<\/p>\n<p>Propongo l\u2019istituzione di una piattaforma pubblica per la consultazione universale delle sentenze civili e penali. La pubblicazione universale, nel pieno rispetto della privacy, produrrebbe tre effetti benefici:<\/p>\n<figure class=\"wp-block-image alignleft size-full is-resized\"><img decoding=\"async\" loading=\"lazy\" width=\"400\" height=\"400\" src=\"https:\/\/turi.lavocedelpaese.info\/wp-content\/uploads\/2025\/08\/natalino-ventrella.jpg\" alt=\"\" class=\"wp-image-7485\" \/><\/figure>\n<ol class=\"wp-block-list\">\n<li class=\"has-small-font-size\">Deterrenza contro la negligenza: il \u201crischio reputazionale\u201d spingerebbe a una maggiore diligenza.<\/li>\n<li class=\"has-small-font-size\">Certezza del Diritto: i cittadini potrebbero verificare l\u2019applicazione della legge in tempo reale.<\/li>\n<li class=\"has-small-font-size\">Valutazione del Merito: dati oggettivi per valutare la qualit\u00e0 tecnica del lavoro giudiziario.<\/li>\n<\/ol>\n<p>Questa iniziativa trasformerebbe la giustizia in una \u201ccasa di vetro\u201d, garantendo che chi ha potere risponda sempre della propria condotta di fronte alla nazione. Votare S\u00cc non \u00e8 un attacco ai singoli, ma un atto di amore verso lo Stato di Diritto. Ripeto, per garantire la massima efficacia della piattaforma senza per\u00f2 ledere i diritti dei singoli cittadini, la pubblicazione di ogni sentenza avverrebbe nel pieno rispetto della normativa vigente sulla privacy. Nello specifico, i dati sensibili delle parti private coinvolte verrebbero opportunamente omessi o oscurati.<\/p>\n<p class=\"has-text-align-right\"><strong>Cav. Natalino Ventrella<\/strong><\/p>\n\n<p><em>Nota dell\u2019Autore: La presente riflessione e la proposta di una piattaforma pubblica per le sentenze<\/em> <em>non intendono in alcun modo delegittimare l\u2019ordine giudiziario. Al contrario, esse mirano a valorizzare l\u2019operato della stragrande maggioranza dei magistrati che lavorano con dedizione e competenza, offrendo loro uno strumento di trasparenza che li protegga dal peso delle logiche correntizie e dal sospetto generalizzato. L\u2019obiettivo \u00e8 una collaborazione costruttiva tra cittadinanza, professionisti e magistratura per rendere il principio \u201cLa legge \u00e8 uguale per tutti\u201d non solo un motto da parete, ma una realt\u00e0 quotidiana ed efficiente.<\/em><\/p>\n\n<p><a class=\"a2a_button_facebook\" href=\"https:\/\/www.addtoany.com\/add_to\/facebook?linkurl=https%3A%2F%2Fturi.lavocedelpaese.info%2Fgiustizia-perche-il-si-e-una-scelta-di-liberta-ed-economia%2F&amp;linkname=Giustizia%3A%20perch%C3%A9%20il%20%E2%80%9CS%C3%AC%E2%80%9D%20%C3%A8%20una%20scelta%20di%20libert%C3%A0%20ed%20economia\" title=\"Facebook\" rel=\"nofollow noopener\" target=\"_blank\"><\/a><a class=\"a2a_button_twitter\" href=\"https:\/\/www.addtoany.com\/add_to\/twitter?linkurl=https%3A%2F%2Fturi.lavocedelpaese.info%2Fgiustizia-perche-il-si-e-una-scelta-di-liberta-ed-economia%2F&amp;linkname=Giustizia%3A%20perch%C3%A9%20il%20%E2%80%9CS%C3%AC%E2%80%9D%20%C3%A8%20una%20scelta%20di%20libert%C3%A0%20ed%20economia\" title=\"Twitter\" rel=\"nofollow noopener\" target=\"_blank\"><\/a><a class=\"a2a_button_whatsapp\" href=\"https:\/\/www.addtoany.com\/add_to\/whatsapp?linkurl=https%3A%2F%2Fturi.lavocedelpaese.info%2Fgiustizia-perche-il-si-e-una-scelta-di-liberta-ed-economia%2F&amp;linkname=Giustizia%3A%20perch%C3%A9%20il%20%E2%80%9CS%C3%AC%E2%80%9D%20%C3%A8%20una%20scelta%20di%20libert%C3%A0%20ed%20economia\" title=\"WhatsApp\" rel=\"nofollow noopener\" target=\"_blank\"><\/a><a class=\"a2a_button_telegram\" href=\"https:\/\/www.addtoany.com\/add_to\/telegram?linkurl=https%3A%2F%2Fturi.lavocedelpaese.info%2Fgiustizia-perche-il-si-e-una-scelta-di-liberta-ed-economia%2F&amp;linkname=Giustizia%3A%20perch%C3%A9%20il%20%E2%80%9CS%C3%AC%E2%80%9D%20%C3%A8%20una%20scelta%20di%20libert%C3%A0%20ed%20economia\" title=\"Telegram\" rel=\"nofollow noopener\" target=\"_blank\"><\/a><a class=\"a2a_button_email\" href=\"https:\/\/www.addtoany.com\/add_to\/email?linkurl=https%3A%2F%2Fturi.lavocedelpaese.info%2Fgiustizia-perche-il-si-e-una-scelta-di-liberta-ed-economia%2F&amp;linkname=Giustizia%3A%20perch%C3%A9%20il%20%E2%80%9CS%C3%AC%E2%80%9D%20%C3%A8%20una%20scelta%20di%20libert%C3%A0%20ed%20economia\" title=\"Email\" rel=\"nofollow noopener\" target=\"_blank\"><\/a><\/p>\n<p>L&#8217;articolo <a href=\"https:\/\/turi.lavocedelpaese.info\/giustizia-perche-il-si-e-una-scelta-di-liberta-ed-economia\/\">Giustizia: perch\u00e9 il \u201cS\u00ec\u201d \u00e8 una scelta di libert\u00e0 ed economia<\/a> proviene da <a href=\"https:\/\/turi.lavocedelpaese.info\/\">Turi &#8211; La Voce del Paese<\/a>.<\/p>\n<p>\u00a0<\/p>\n<p>\u00a0<\/p>\n<p>\u200b\u00a0\u00a0\u00a0<\/p>","protected":false},"excerpt":{"rendered":"<p>\u00a0 \u200b\u00a0 \u200b\u00a0 Riceviamo e Pubblichiamo Oggi la giustizia italiana \u00e8 percepita come un campo di battaglia ideologico, ma \u00e8<\/p>\n","protected":false},"author":6,"featured_media":10714,"comment_status":"open","ping_status":"closed","sticky":false,"template":"","format":"standard","meta":{"colormag_page_container_layout":"default_layout","colormag_page_sidebar_layout":"default_layout","footnotes":""},"categories":[33],"tags":[],"class_list":["post-10713","post","type-post","status-publish","format-standard","has-post-thumbnail","hentry","category-network"],"yoast_head":"<!-- This site is optimized with the Yoast SEO plugin v27.5 - https:\/\/yoast.com\/product\/yoast-seo-wordpress\/ -->\n<title>Giustizia: perch\u00e9 il \u201cS\u00ec\u201d \u00e8 una scelta di libert\u00e0 ed economia\u00a0\u200b - La Voce del Paese<\/title>\n<meta name=\"robots\" content=\"index, follow, max-snippet:-1, max-image-preview:large, max-video-preview:-1\" \/>\n<link rel=\"canonical\" href=\"https:\/\/lavocedelpaese.info\/index.php\/2026\/03\/07\/giustizia-perche-il-si-e-una-scelta-di-liberta-ed-economia\/\" \/>\n<meta property=\"og:locale\" content=\"it_IT\" \/>\n<meta property=\"og:type\" content=\"article\" \/>\n<meta property=\"og:title\" content=\"Giustizia: perch\u00e9 il \u201cS\u00ec\u201d \u00e8 una scelta di libert\u00e0 ed economia\u00a0\u200b - La Voce del Paese\" \/>\n<meta property=\"og:description\" content=\"\u00a0 \u200b\u00a0 \u200b\u00a0 Riceviamo e Pubblichiamo Oggi la giustizia italiana \u00e8 percepita come un campo di battaglia ideologico, ma \u00e8\" \/>\n<meta property=\"og:url\" content=\"https:\/\/lavocedelpaese.info\/index.php\/2026\/03\/07\/giustizia-perche-il-si-e-una-scelta-di-liberta-ed-economia\/\" \/>\n<meta property=\"og:site_name\" content=\"La Voce del Paese\" \/>\n<meta property=\"article:publisher\" content=\"https:\/\/www.facebook.com\/lavocedelpaese.info\" \/>\n<meta property=\"article:published_time\" content=\"2026-03-07T07:14:35+00:00\" \/>\n<meta name=\"author\" content=\"admin\" \/>\n<meta name=\"twitter:card\" content=\"summary_large_image\" \/>\n<meta name=\"twitter:label1\" content=\"Scritto da\" \/>\n\t<meta name=\"twitter:data1\" content=\"admin\" \/>\n\t<meta name=\"twitter:label2\" content=\"Tempo di lettura stimato\" \/>\n\t<meta name=\"twitter:data2\" content=\"6 minuti\" \/>\n<script type=\"application\/ld+json\" class=\"yoast-schema-graph\">{\"@context\":\"https:\\\/\\\/schema.org\",\"@graph\":[{\"@type\":\"Article\",\"@id\":\"https:\\\/\\\/lavocedelpaese.info\\\/index.php\\\/2026\\\/03\\\/07\\\/giustizia-perche-il-si-e-una-scelta-di-liberta-ed-economia\\\/#article\",\"isPartOf\":{\"@id\":\"https:\\\/\\\/lavocedelpaese.info\\\/index.php\\\/2026\\\/03\\\/07\\\/giustizia-perche-il-si-e-una-scelta-di-liberta-ed-economia\\\/\"},\"author\":{\"name\":\"admin\",\"@id\":\"https:\\\/\\\/lavocedelpaese.info\\\/#\\\/schema\\\/person\\\/ec151d321306bd7591f7a061abf72d88\"},\"headline\":\"Giustizia: perch\u00e9 il \u201cS\u00ec\u201d \u00e8 una scelta di libert\u00e0 ed economia\u00a0\u200b\",\"datePublished\":\"2026-03-07T07:14:35+00:00\",\"mainEntityOfPage\":{\"@id\":\"https:\\\/\\\/lavocedelpaese.info\\\/index.php\\\/2026\\\/03\\\/07\\\/giustizia-perche-il-si-e-una-scelta-di-liberta-ed-economia\\\/\"},\"wordCount\":1132,\"commentCount\":0,\"publisher\":{\"@id\":\"https:\\\/\\\/lavocedelpaese.info\\\/#organization\"},\"image\":{\"@id\":\"https:\\\/\\\/lavocedelpaese.info\\\/index.php\\\/2026\\\/03\\\/07\\\/giustizia-perche-il-si-e-una-scelta-di-liberta-ed-economia\\\/#primaryimage\"},\"thumbnailUrl\":\"https:\\\/\\\/lavocedelpaese.info\\\/wp-content\\\/uploads\\\/2026\\\/03\\\/Il-Capo-dello-Stato-Enrico-De-Nicola-firma-la-Costituzione-italiana-a-palazzo-Giustiniani-il-27-dicembre-1947-00YsUT.jpg\",\"articleSection\":[\"network\"],\"inLanguage\":\"it-IT\",\"potentialAction\":[{\"@type\":\"CommentAction\",\"name\":\"Comment\",\"target\":[\"https:\\\/\\\/lavocedelpaese.info\\\/index.php\\\/2026\\\/03\\\/07\\\/giustizia-perche-il-si-e-una-scelta-di-liberta-ed-economia\\\/#respond\"]}]},{\"@type\":\"WebPage\",\"@id\":\"https:\\\/\\\/lavocedelpaese.info\\\/index.php\\\/2026\\\/03\\\/07\\\/giustizia-perche-il-si-e-una-scelta-di-liberta-ed-economia\\\/\",\"url\":\"https:\\\/\\\/lavocedelpaese.info\\\/index.php\\\/2026\\\/03\\\/07\\\/giustizia-perche-il-si-e-una-scelta-di-liberta-ed-economia\\\/\",\"name\":\"Giustizia: perch\u00e9 il \u201cS\u00ec\u201d \u00e8 una scelta di libert\u00e0 ed economia\u00a0\u200b - La Voce del Paese\",\"isPartOf\":{\"@id\":\"https:\\\/\\\/lavocedelpaese.info\\\/#website\"},\"primaryImageOfPage\":{\"@id\":\"https:\\\/\\\/lavocedelpaese.info\\\/index.php\\\/2026\\\/03\\\/07\\\/giustizia-perche-il-si-e-una-scelta-di-liberta-ed-economia\\\/#primaryimage\"},\"image\":{\"@id\":\"https:\\\/\\\/lavocedelpaese.info\\\/index.php\\\/2026\\\/03\\\/07\\\/giustizia-perche-il-si-e-una-scelta-di-liberta-ed-economia\\\/#primaryimage\"},\"thumbnailUrl\":\"https:\\\/\\\/lavocedelpaese.info\\\/wp-content\\\/uploads\\\/2026\\\/03\\\/Il-Capo-dello-Stato-Enrico-De-Nicola-firma-la-Costituzione-italiana-a-palazzo-Giustiniani-il-27-dicembre-1947-00YsUT.jpg\",\"datePublished\":\"2026-03-07T07:14:35+00:00\",\"breadcrumb\":{\"@id\":\"https:\\\/\\\/lavocedelpaese.info\\\/index.php\\\/2026\\\/03\\\/07\\\/giustizia-perche-il-si-e-una-scelta-di-liberta-ed-economia\\\/#breadcrumb\"},\"inLanguage\":\"it-IT\",\"potentialAction\":[{\"@type\":\"ReadAction\",\"target\":[\"https:\\\/\\\/lavocedelpaese.info\\\/index.php\\\/2026\\\/03\\\/07\\\/giustizia-perche-il-si-e-una-scelta-di-liberta-ed-economia\\\/\"]}]},{\"@type\":\"ImageObject\",\"inLanguage\":\"it-IT\",\"@id\":\"https:\\\/\\\/lavocedelpaese.info\\\/index.php\\\/2026\\\/03\\\/07\\\/giustizia-perche-il-si-e-una-scelta-di-liberta-ed-economia\\\/#primaryimage\",\"url\":\"https:\\\/\\\/lavocedelpaese.info\\\/wp-content\\\/uploads\\\/2026\\\/03\\\/Il-Capo-dello-Stato-Enrico-De-Nicola-firma-la-Costituzione-italiana-a-palazzo-Giustiniani-il-27-dicembre-1947-00YsUT.jpg\",\"contentUrl\":\"https:\\\/\\\/lavocedelpaese.info\\\/wp-content\\\/uploads\\\/2026\\\/03\\\/Il-Capo-dello-Stato-Enrico-De-Nicola-firma-la-Costituzione-italiana-a-palazzo-Giustiniani-il-27-dicembre-1947-00YsUT.jpg\",\"width\":990,\"height\":543},{\"@type\":\"BreadcrumbList\",\"@id\":\"https:\\\/\\\/lavocedelpaese.info\\\/index.php\\\/2026\\\/03\\\/07\\\/giustizia-perche-il-si-e-una-scelta-di-liberta-ed-economia\\\/#breadcrumb\",\"itemListElement\":[{\"@type\":\"ListItem\",\"position\":1,\"name\":\"Home\",\"item\":\"https:\\\/\\\/lavocedelpaese.info\\\/\"},{\"@type\":\"ListItem\",\"position\":2,\"name\":\"Giustizia: perch\u00e9 il \u201cS\u00ec\u201d \u00e8 una scelta di libert\u00e0 ed economia\u00a0\u200b\"}]},{\"@type\":\"WebSite\",\"@id\":\"https:\\\/\\\/lavocedelpaese.info\\\/#website\",\"url\":\"https:\\\/\\\/lavocedelpaese.info\\\/\",\"name\":\"La Voce del Paese\",\"description\":\"Un network di idee\",\"publisher\":{\"@id\":\"https:\\\/\\\/lavocedelpaese.info\\\/#organization\"},\"potentialAction\":[{\"@type\":\"SearchAction\",\"target\":{\"@type\":\"EntryPoint\",\"urlTemplate\":\"https:\\\/\\\/lavocedelpaese.info\\\/?s={search_term_string}\"},\"query-input\":{\"@type\":\"PropertyValueSpecification\",\"valueRequired\":true,\"valueName\":\"search_term_string\"}}],\"inLanguage\":\"it-IT\"},{\"@type\":\"Organization\",\"@id\":\"https:\\\/\\\/lavocedelpaese.info\\\/#organization\",\"name\":\"La Voce del Paese\",\"url\":\"https:\\\/\\\/lavocedelpaese.info\\\/\",\"logo\":{\"@type\":\"ImageObject\",\"inLanguage\":\"it-IT\",\"@id\":\"https:\\\/\\\/lavocedelpaese.info\\\/#\\\/schema\\\/logo\\\/image\\\/\",\"url\":\"https:\\\/\\\/lavocedelpaese.info\\\/wp-content\\\/uploads\\\/2023\\\/01\\\/cropped-logo-150-127.png\",\"contentUrl\":\"https:\\\/\\\/lavocedelpaese.info\\\/wp-content\\\/uploads\\\/2023\\\/01\\\/cropped-logo-150-127.png\",\"width\":137,\"height\":119,\"caption\":\"La Voce del Paese\"},\"image\":{\"@id\":\"https:\\\/\\\/lavocedelpaese.info\\\/#\\\/schema\\\/logo\\\/image\\\/\"},\"sameAs\":[\"https:\\\/\\\/www.facebook.com\\\/lavocedelpaese.info\"]},{\"@type\":\"Person\",\"@id\":\"https:\\\/\\\/lavocedelpaese.info\\\/#\\\/schema\\\/person\\\/ec151d321306bd7591f7a061abf72d88\",\"name\":\"admin\",\"image\":{\"@type\":\"ImageObject\",\"inLanguage\":\"it-IT\",\"@id\":\"https:\\\/\\\/secure.gravatar.com\\\/avatar\\\/af8f2caf0663124588de48a9380e07cbc95a74ef15b8062d0d39106c32fe3023?s=96&d=mm&r=g\",\"url\":\"https:\\\/\\\/secure.gravatar.com\\\/avatar\\\/af8f2caf0663124588de48a9380e07cbc95a74ef15b8062d0d39106c32fe3023?s=96&d=mm&r=g\",\"contentUrl\":\"https:\\\/\\\/secure.gravatar.com\\\/avatar\\\/af8f2caf0663124588de48a9380e07cbc95a74ef15b8062d0d39106c32fe3023?s=96&d=mm&r=g\",\"caption\":\"admin\"},\"sameAs\":[\"https:\\\/\\\/lavocedelpaese.info\"],\"url\":\"https:\\\/\\\/lavocedelpaese.info\\\/index.php\\\/author\\\/admin\\\/\"}]}<\/script>\n<!-- \/ Yoast SEO plugin. -->","yoast_head_json":{"title":"Giustizia: perch\u00e9 il \u201cS\u00ec\u201d \u00e8 una scelta di libert\u00e0 ed economia\u00a0\u200b - La Voce del Paese","robots":{"index":"index","follow":"follow","max-snippet":"max-snippet:-1","max-image-preview":"max-image-preview:large","max-video-preview":"max-video-preview:-1"},"canonical":"https:\/\/lavocedelpaese.info\/index.php\/2026\/03\/07\/giustizia-perche-il-si-e-una-scelta-di-liberta-ed-economia\/","og_locale":"it_IT","og_type":"article","og_title":"Giustizia: perch\u00e9 il \u201cS\u00ec\u201d \u00e8 una scelta di libert\u00e0 ed economia\u00a0\u200b - La Voce del Paese","og_description":"\u00a0 \u200b\u00a0 \u200b\u00a0 Riceviamo e Pubblichiamo Oggi la giustizia italiana \u00e8 percepita come un campo di battaglia ideologico, ma \u00e8","og_url":"https:\/\/lavocedelpaese.info\/index.php\/2026\/03\/07\/giustizia-perche-il-si-e-una-scelta-di-liberta-ed-economia\/","og_site_name":"La Voce del Paese","article_publisher":"https:\/\/www.facebook.com\/lavocedelpaese.info","article_published_time":"2026-03-07T07:14:35+00:00","author":"admin","twitter_card":"summary_large_image","twitter_misc":{"Scritto da":"admin","Tempo di lettura stimato":"6 minuti"},"schema":{"@context":"https:\/\/schema.org","@graph":[{"@type":"Article","@id":"https:\/\/lavocedelpaese.info\/index.php\/2026\/03\/07\/giustizia-perche-il-si-e-una-scelta-di-liberta-ed-economia\/#article","isPartOf":{"@id":"https:\/\/lavocedelpaese.info\/index.php\/2026\/03\/07\/giustizia-perche-il-si-e-una-scelta-di-liberta-ed-economia\/"},"author":{"name":"admin","@id":"https:\/\/lavocedelpaese.info\/#\/schema\/person\/ec151d321306bd7591f7a061abf72d88"},"headline":"Giustizia: perch\u00e9 il \u201cS\u00ec\u201d \u00e8 una scelta di libert\u00e0 ed economia\u00a0\u200b","datePublished":"2026-03-07T07:14:35+00:00","mainEntityOfPage":{"@id":"https:\/\/lavocedelpaese.info\/index.php\/2026\/03\/07\/giustizia-perche-il-si-e-una-scelta-di-liberta-ed-economia\/"},"wordCount":1132,"commentCount":0,"publisher":{"@id":"https:\/\/lavocedelpaese.info\/#organization"},"image":{"@id":"https:\/\/lavocedelpaese.info\/index.php\/2026\/03\/07\/giustizia-perche-il-si-e-una-scelta-di-liberta-ed-economia\/#primaryimage"},"thumbnailUrl":"https:\/\/lavocedelpaese.info\/wp-content\/uploads\/2026\/03\/Il-Capo-dello-Stato-Enrico-De-Nicola-firma-la-Costituzione-italiana-a-palazzo-Giustiniani-il-27-dicembre-1947-00YsUT.jpg","articleSection":["network"],"inLanguage":"it-IT","potentialAction":[{"@type":"CommentAction","name":"Comment","target":["https:\/\/lavocedelpaese.info\/index.php\/2026\/03\/07\/giustizia-perche-il-si-e-una-scelta-di-liberta-ed-economia\/#respond"]}]},{"@type":"WebPage","@id":"https:\/\/lavocedelpaese.info\/index.php\/2026\/03\/07\/giustizia-perche-il-si-e-una-scelta-di-liberta-ed-economia\/","url":"https:\/\/lavocedelpaese.info\/index.php\/2026\/03\/07\/giustizia-perche-il-si-e-una-scelta-di-liberta-ed-economia\/","name":"Giustizia: perch\u00e9 il \u201cS\u00ec\u201d \u00e8 una scelta di libert\u00e0 ed economia\u00a0\u200b - La Voce del Paese","isPartOf":{"@id":"https:\/\/lavocedelpaese.info\/#website"},"primaryImageOfPage":{"@id":"https:\/\/lavocedelpaese.info\/index.php\/2026\/03\/07\/giustizia-perche-il-si-e-una-scelta-di-liberta-ed-economia\/#primaryimage"},"image":{"@id":"https:\/\/lavocedelpaese.info\/index.php\/2026\/03\/07\/giustizia-perche-il-si-e-una-scelta-di-liberta-ed-economia\/#primaryimage"},"thumbnailUrl":"https:\/\/lavocedelpaese.info\/wp-content\/uploads\/2026\/03\/Il-Capo-dello-Stato-Enrico-De-Nicola-firma-la-Costituzione-italiana-a-palazzo-Giustiniani-il-27-dicembre-1947-00YsUT.jpg","datePublished":"2026-03-07T07:14:35+00:00","breadcrumb":{"@id":"https:\/\/lavocedelpaese.info\/index.php\/2026\/03\/07\/giustizia-perche-il-si-e-una-scelta-di-liberta-ed-economia\/#breadcrumb"},"inLanguage":"it-IT","potentialAction":[{"@type":"ReadAction","target":["https:\/\/lavocedelpaese.info\/index.php\/2026\/03\/07\/giustizia-perche-il-si-e-una-scelta-di-liberta-ed-economia\/"]}]},{"@type":"ImageObject","inLanguage":"it-IT","@id":"https:\/\/lavocedelpaese.info\/index.php\/2026\/03\/07\/giustizia-perche-il-si-e-una-scelta-di-liberta-ed-economia\/#primaryimage","url":"https:\/\/lavocedelpaese.info\/wp-content\/uploads\/2026\/03\/Il-Capo-dello-Stato-Enrico-De-Nicola-firma-la-Costituzione-italiana-a-palazzo-Giustiniani-il-27-dicembre-1947-00YsUT.jpg","contentUrl":"https:\/\/lavocedelpaese.info\/wp-content\/uploads\/2026\/03\/Il-Capo-dello-Stato-Enrico-De-Nicola-firma-la-Costituzione-italiana-a-palazzo-Giustiniani-il-27-dicembre-1947-00YsUT.jpg","width":990,"height":543},{"@type":"BreadcrumbList","@id":"https:\/\/lavocedelpaese.info\/index.php\/2026\/03\/07\/giustizia-perche-il-si-e-una-scelta-di-liberta-ed-economia\/#breadcrumb","itemListElement":[{"@type":"ListItem","position":1,"name":"Home","item":"https:\/\/lavocedelpaese.info\/"},{"@type":"ListItem","position":2,"name":"Giustizia: perch\u00e9 il \u201cS\u00ec\u201d \u00e8 una scelta di libert\u00e0 ed economia\u00a0\u200b"}]},{"@type":"WebSite","@id":"https:\/\/lavocedelpaese.info\/#website","url":"https:\/\/lavocedelpaese.info\/","name":"La Voce del Paese","description":"Un network di idee","publisher":{"@id":"https:\/\/lavocedelpaese.info\/#organization"},"potentialAction":[{"@type":"SearchAction","target":{"@type":"EntryPoint","urlTemplate":"https:\/\/lavocedelpaese.info\/?s={search_term_string}"},"query-input":{"@type":"PropertyValueSpecification","valueRequired":true,"valueName":"search_term_string"}}],"inLanguage":"it-IT"},{"@type":"Organization","@id":"https:\/\/lavocedelpaese.info\/#organization","name":"La Voce del Paese","url":"https:\/\/lavocedelpaese.info\/","logo":{"@type":"ImageObject","inLanguage":"it-IT","@id":"https:\/\/lavocedelpaese.info\/#\/schema\/logo\/image\/","url":"https:\/\/lavocedelpaese.info\/wp-content\/uploads\/2023\/01\/cropped-logo-150-127.png","contentUrl":"https:\/\/lavocedelpaese.info\/wp-content\/uploads\/2023\/01\/cropped-logo-150-127.png","width":137,"height":119,"caption":"La Voce del Paese"},"image":{"@id":"https:\/\/lavocedelpaese.info\/#\/schema\/logo\/image\/"},"sameAs":["https:\/\/www.facebook.com\/lavocedelpaese.info"]},{"@type":"Person","@id":"https:\/\/lavocedelpaese.info\/#\/schema\/person\/ec151d321306bd7591f7a061abf72d88","name":"admin","image":{"@type":"ImageObject","inLanguage":"it-IT","@id":"https:\/\/secure.gravatar.com\/avatar\/af8f2caf0663124588de48a9380e07cbc95a74ef15b8062d0d39106c32fe3023?s=96&d=mm&r=g","url":"https:\/\/secure.gravatar.com\/avatar\/af8f2caf0663124588de48a9380e07cbc95a74ef15b8062d0d39106c32fe3023?s=96&d=mm&r=g","contentUrl":"https:\/\/secure.gravatar.com\/avatar\/af8f2caf0663124588de48a9380e07cbc95a74ef15b8062d0d39106c32fe3023?s=96&d=mm&r=g","caption":"admin"},"sameAs":["https:\/\/lavocedelpaese.info"],"url":"https:\/\/lavocedelpaese.info\/index.php\/author\/admin\/"}]}},"_links":{"self":[{"href":"https:\/\/lavocedelpaese.info\/index.php\/wp-json\/wp\/v2\/posts\/10713","targetHints":{"allow":["GET"]}}],"collection":[{"href":"https:\/\/lavocedelpaese.info\/index.php\/wp-json\/wp\/v2\/posts"}],"about":[{"href":"https:\/\/lavocedelpaese.info\/index.php\/wp-json\/wp\/v2\/types\/post"}],"author":[{"embeddable":true,"href":"https:\/\/lavocedelpaese.info\/index.php\/wp-json\/wp\/v2\/users\/6"}],"replies":[{"embeddable":true,"href":"https:\/\/lavocedelpaese.info\/index.php\/wp-json\/wp\/v2\/comments?post=10713"}],"version-history":[{"count":0,"href":"https:\/\/lavocedelpaese.info\/index.php\/wp-json\/wp\/v2\/posts\/10713\/revisions"}],"wp:featuredmedia":[{"embeddable":true,"href":"https:\/\/lavocedelpaese.info\/index.php\/wp-json\/wp\/v2\/media\/10714"}],"wp:attachment":[{"href":"https:\/\/lavocedelpaese.info\/index.php\/wp-json\/wp\/v2\/media?parent=10713"}],"wp:term":[{"taxonomy":"category","embeddable":true,"href":"https:\/\/lavocedelpaese.info\/index.php\/wp-json\/wp\/v2\/categories?post=10713"},{"taxonomy":"post_tag","embeddable":true,"href":"https:\/\/lavocedelpaese.info\/index.php\/wp-json\/wp\/v2\/tags?post=10713"}],"curies":[{"name":"wp","href":"https:\/\/api.w.org\/{rel}","templated":true}]}}