{"id":10706,"date":"2026-03-06T09:16:45","date_gmt":"2026-03-06T09:16:45","guid":{"rendered":"https:\/\/lavocedelpaese.info\/index.php\/2026\/03\/06\/dimenticare-manzoni\/"},"modified":"2026-03-06T09:16:45","modified_gmt":"2026-03-06T09:16:45","slug":"dimenticare-manzoni","status":"publish","type":"post","link":"https:\/\/lavocedelpaese.info\/index.php\/2026\/03\/06\/dimenticare-manzoni\/","title":{"rendered":"\u201cDimenticare Manzoni\u201d\u00a0\u200b"},"content":{"rendered":"<p>\u00a0<\/p>\n<p>\u200b\u00a0<\/p>\n<p>\u200b\u00a0<\/p>\n<div><\/div>\n<h4 class=\"wp-block-heading\"><strong>Il prof. Trifone Gargano smonta il mito del padre della lingua italiana<\/strong><\/h4>\n<p>\u00a0Il 5 marzo 2026, le sale di Palazzo Cozzolongo a Turi hanno ospitato un incontro dal tono decisamente provocatorio e rivoluzionario, capace di scuotere le fondamenta della didattica letteraria italiana. L\u2019ospite d\u2019onore della serata \u00e8 stato il professor Trifone Gargano, docente universitario e celebre critico letterario, intervenuto per presentare la nuova edizione del suo discusso saggio: \u201cDimenticare Manzoni\u201d.<\/p>\n<p>L\u2019evento, inserito nella rassegna \u201cSottosopra \u2013 Quando tutto trova eco\u201d e organizzato dall\u2019associazione \u201cCultura e Armonia\u201d, \u00e8 stato aperto dai saluti del Presidente Onorario, il dottor Emanuele Ventura. L\u2019incontro ha anche offerto l\u2019occasione per annunciare i prossimi appuntamenti culturali dell\u2019associazione, previsti per il 26 e 27 marzo, che spazieranno dalla medicina alla musica, con ospiti del calibro di Mario Rosini, Patrizia Conte e Francesco De Siena.<\/p>\n<p>Ma l\u2019attenzione del pubblico \u00e8 stata presto catalizzata dalla demolizione sistematica del \u201cGran Lombardo\u201d. Secondo il prof. Gargano, Alessandro Manzoni \u00e8 ben lontano dall\u2019essere l\u2019eroico padre della Patria e del Risorgimento che ci viene tramandato dai banchi di scuola. Lo studioso, attingendo a documenti storici noti da tempo ma ignorati dalla critica tradizionale, descrive Manzoni come un \u201cmaestro di qualunquismo e di opportunismo\u201d. Protetto per tutta la vita dai potenti cognomi di famiglia, come i Verri e i Beccaria, Manzoni viene dipinto come un uomo pavido di fronte agli eventi storici. Emblematico, secondo Gargano, \u00e8 l\u2019episodio dei moti insurrezionali del 1821: spaventato dagli arresti dei rivoluzionari torinesi, lo scrittore nascose in un cassetto l\u2019ode \u201cMarzo 1821\u201d per ben 18 anni, pubblicandola solo nel 1848 a cose fatte.<\/p>\n<p>Una delle critiche pi\u00f9 aspre sollevate dal critico riguarda la totale inadeguatezza de \u201cI Promessi Sposi\u201d nel contesto educativo moderno, in particolare per quanto riguarda l\u2019educazione affettiva. In 350 pagine di romanzo, sottolinea Gargano, i protagonisti Renzo e Lucia appaiono \u201canaffettivi e rinunciatari\u201d, tanto da non scambiarsi mai nemmeno un bacio o stringersi la mano. A fronte di emergenze sociali attuali come i femminicidi, dovuti anche a una mancanza di educazione sessuo-affettiva, l\u2019autore si chiede provocatoriamente cosa possa insegnare un libro in cui l\u2019unico atteggiamento promosso \u00e8 la rassegnazione. Per parlare ai giovani d\u2019oggi, suggerisce, le scuole dovrebbero adottare autori contemporanei che affrontano la realt\u00e0 attuale, come il pugliese Mario Desiati.<\/p>\n<p>La decostruzione prosegue anche sul piano letterario e linguistico. Gargano ricorda che l\u2019imposizione del fiorentino come lingua nazionale non fu un fenomeno naturale, ma una forzatura \u201cper decreto legge\u201d, agevolata dall\u2019amicizia di Manzoni con l\u2019allora Ministro dell\u2019Istruzione Emilio Broglio. In commissione ministeriale, la linea manzoniana schiacci\u00f2 le idee ben pi\u00f9 avanzate del pi\u00f9 importante linguista dell\u2019epoca, Graziadio Isaia Ascoli, il quale sosteneva che la vera lingua dovesse nascere dalla mescolanza dei vari popoli italiani. Commercialmente parlando, peraltro, la monumentale e definitiva edizione illustrata del 1840 si rivel\u00f2 una totale bancarotta per l\u2019autore, vendendo solamente 18 copie nel primo anno.<\/p>\n<p>Dal punto di vista della trama, inoltre, Gargano accusa Manzoni di essere arrivato con un secolo di ritardo sulla questione della mobilit\u00e0 sociale. Il problema del matrimonio interclassista (tra nobili e popolani) era gi\u00e0 stato affrontato e superato nel 1700 in Europa da scrittori come Richardson con la sua Pamela, da Goldoni in Italia e persino da Voltaire in Francia.<\/p>\n<p>Le tesi di \u201cDimenticare Manzoni\u201d non sono state indolori per il suo autore. Durante il suo intervento, Gargano ha rivelato di aver pagato a caro prezzo il coraggio delle sue affermazioni, subendo pesanti ritorsioni: dall\u2019hackeraggio dei propri profili social fino alla cancellazione di serate in teatro e a pesanti offese da parte dei cosiddetti \u201cbenpensanti\u201d.<\/p>\n<p>La conclusione del professore, supportata in passato anche da giganti nascosti della cultura e della teologia cattolica come don Giuseppe De Luca, \u00e8 inequivocabile: I Promessi Sposi sono un romanzo \u201cda non leggere, e da non imporre pi\u00f9 nelle scuole\u201d. Se la scuola odierna ha il dovere di insegnare l\u2019educazione civica e formare cittadini attivi, non pu\u00f2 farlo attraverso la figura di Renzo Tramaglino, il cui percorso insegna unicamente a \u201cfarsi i fatti propri\u201d, evitare le piazze e non esporsi ai tumulti. Per formare menti critiche, la cittadinanza attiva oggi \u201crichiede ben altri Maestri\u201d, come ad esempio, Don Lorenzo Milani e il suo \u201cI care\u201d.<\/p>\n<p><a class=\"a2a_button_facebook\" href=\"https:\/\/www.addtoany.com\/add_to\/facebook?linkurl=https%3A%2F%2Fturi.lavocedelpaese.info%2Fdimenticare-manzoni%2F&amp;linkname=%E2%80%9CDimenticare%20Manzoni%E2%80%9D\" title=\"Facebook\" rel=\"nofollow noopener\" target=\"_blank\"><\/a><a class=\"a2a_button_twitter\" href=\"https:\/\/www.addtoany.com\/add_to\/twitter?linkurl=https%3A%2F%2Fturi.lavocedelpaese.info%2Fdimenticare-manzoni%2F&amp;linkname=%E2%80%9CDimenticare%20Manzoni%E2%80%9D\" title=\"Twitter\" rel=\"nofollow noopener\" target=\"_blank\"><\/a><a class=\"a2a_button_whatsapp\" href=\"https:\/\/www.addtoany.com\/add_to\/whatsapp?linkurl=https%3A%2F%2Fturi.lavocedelpaese.info%2Fdimenticare-manzoni%2F&amp;linkname=%E2%80%9CDimenticare%20Manzoni%E2%80%9D\" title=\"WhatsApp\" rel=\"nofollow noopener\" target=\"_blank\"><\/a><a class=\"a2a_button_telegram\" href=\"https:\/\/www.addtoany.com\/add_to\/telegram?linkurl=https%3A%2F%2Fturi.lavocedelpaese.info%2Fdimenticare-manzoni%2F&amp;linkname=%E2%80%9CDimenticare%20Manzoni%E2%80%9D\" title=\"Telegram\" rel=\"nofollow noopener\" target=\"_blank\"><\/a><a class=\"a2a_button_email\" href=\"https:\/\/www.addtoany.com\/add_to\/email?linkurl=https%3A%2F%2Fturi.lavocedelpaese.info%2Fdimenticare-manzoni%2F&amp;linkname=%E2%80%9CDimenticare%20Manzoni%E2%80%9D\" title=\"Email\" rel=\"nofollow noopener\" target=\"_blank\"><\/a><\/p>\n<p>L&#8217;articolo <a href=\"https:\/\/turi.lavocedelpaese.info\/dimenticare-manzoni\/\">\u201cDimenticare Manzoni\u201d<\/a> proviene da <a href=\"https:\/\/turi.lavocedelpaese.info\/\">Turi &#8211; La Voce del Paese<\/a>.<\/p>\n<p>\u00a0<\/p>\n<p>\u00a0<\/p>\n<p>\u200b\u00a0\u00a0\u00a0<\/p>","protected":false},"excerpt":{"rendered":"<p>\u00a0 \u200b\u00a0 \u200b\u00a0 Il prof. Trifone Gargano smonta il mito del padre della lingua italiana \u00a0Il 5 marzo 2026, le<\/p>\n","protected":false},"author":6,"featured_media":730,"comment_status":"open","ping_status":"closed","sticky":false,"template":"","format":"standard","meta":{"colormag_page_container_layout":"default_layout","colormag_page_sidebar_layout":"default_layout","footnotes":""},"categories":[33],"tags":[],"class_list":["post-10706","post","type-post","status-publish","format-standard","has-post-thumbnail","hentry","category-network"],"yoast_head":"<!-- This site is optimized with the Yoast SEO plugin v27.5 - https:\/\/yoast.com\/product\/yoast-seo-wordpress\/ -->\n<title>\u201cDimenticare Manzoni\u201d\u00a0\u200b - La Voce del Paese<\/title>\n<meta name=\"robots\" content=\"index, follow, max-snippet:-1, max-image-preview:large, max-video-preview:-1\" \/>\n<link rel=\"canonical\" href=\"https:\/\/lavocedelpaese.info\/index.php\/2026\/03\/06\/dimenticare-manzoni\/\" \/>\n<meta property=\"og:locale\" content=\"it_IT\" \/>\n<meta property=\"og:type\" content=\"article\" \/>\n<meta property=\"og:title\" content=\"\u201cDimenticare Manzoni\u201d\u00a0\u200b - La Voce del Paese\" \/>\n<meta property=\"og:description\" content=\"\u00a0 \u200b\u00a0 \u200b\u00a0 Il prof. Trifone Gargano smonta il mito del padre della lingua italiana \u00a0Il 5 marzo 2026, le\" \/>\n<meta property=\"og:url\" content=\"https:\/\/lavocedelpaese.info\/index.php\/2026\/03\/06\/dimenticare-manzoni\/\" \/>\n<meta property=\"og:site_name\" content=\"La Voce del Paese\" \/>\n<meta property=\"article:publisher\" content=\"https:\/\/www.facebook.com\/lavocedelpaese.info\" \/>\n<meta property=\"article:published_time\" content=\"2026-03-06T09:16:45+00:00\" \/>\n<meta name=\"author\" content=\"admin\" \/>\n<meta name=\"twitter:card\" content=\"summary_large_image\" \/>\n<meta name=\"twitter:label1\" content=\"Scritto da\" \/>\n\t<meta name=\"twitter:data1\" content=\"admin\" \/>\n\t<meta name=\"twitter:label2\" content=\"Tempo di lettura stimato\" \/>\n\t<meta name=\"twitter:data2\" content=\"4 minuti\" \/>\n<script type=\"application\/ld+json\" class=\"yoast-schema-graph\">{\"@context\":\"https:\\\/\\\/schema.org\",\"@graph\":[{\"@type\":\"Article\",\"@id\":\"https:\\\/\\\/lavocedelpaese.info\\\/index.php\\\/2026\\\/03\\\/06\\\/dimenticare-manzoni\\\/#article\",\"isPartOf\":{\"@id\":\"https:\\\/\\\/lavocedelpaese.info\\\/index.php\\\/2026\\\/03\\\/06\\\/dimenticare-manzoni\\\/\"},\"author\":{\"name\":\"admin\",\"@id\":\"https:\\\/\\\/lavocedelpaese.info\\\/#\\\/schema\\\/person\\\/ec151d321306bd7591f7a061abf72d88\"},\"headline\":\"\u201cDimenticare Manzoni\u201d\u00a0\u200b\",\"datePublished\":\"2026-03-06T09:16:45+00:00\",\"mainEntityOfPage\":{\"@id\":\"https:\\\/\\\/lavocedelpaese.info\\\/index.php\\\/2026\\\/03\\\/06\\\/dimenticare-manzoni\\\/\"},\"wordCount\":711,\"commentCount\":0,\"publisher\":{\"@id\":\"https:\\\/\\\/lavocedelpaese.info\\\/#organization\"},\"image\":{\"@id\":\"https:\\\/\\\/lavocedelpaese.info\\\/index.php\\\/2026\\\/03\\\/06\\\/dimenticare-manzoni\\\/#primaryimage\"},\"thumbnailUrl\":\"https:\\\/\\\/lavocedelpaese.info\\\/wp-content\\\/uploads\\\/2023\\\/01\\\/logo-150-127.png\",\"articleSection\":[\"network\"],\"inLanguage\":\"it-IT\",\"potentialAction\":[{\"@type\":\"CommentAction\",\"name\":\"Comment\",\"target\":[\"https:\\\/\\\/lavocedelpaese.info\\\/index.php\\\/2026\\\/03\\\/06\\\/dimenticare-manzoni\\\/#respond\"]}]},{\"@type\":\"WebPage\",\"@id\":\"https:\\\/\\\/lavocedelpaese.info\\\/index.php\\\/2026\\\/03\\\/06\\\/dimenticare-manzoni\\\/\",\"url\":\"https:\\\/\\\/lavocedelpaese.info\\\/index.php\\\/2026\\\/03\\\/06\\\/dimenticare-manzoni\\\/\",\"name\":\"\u201cDimenticare Manzoni\u201d\u00a0\u200b - La Voce del Paese\",\"isPartOf\":{\"@id\":\"https:\\\/\\\/lavocedelpaese.info\\\/#website\"},\"primaryImageOfPage\":{\"@id\":\"https:\\\/\\\/lavocedelpaese.info\\\/index.php\\\/2026\\\/03\\\/06\\\/dimenticare-manzoni\\\/#primaryimage\"},\"image\":{\"@id\":\"https:\\\/\\\/lavocedelpaese.info\\\/index.php\\\/2026\\\/03\\\/06\\\/dimenticare-manzoni\\\/#primaryimage\"},\"thumbnailUrl\":\"https:\\\/\\\/lavocedelpaese.info\\\/wp-content\\\/uploads\\\/2023\\\/01\\\/logo-150-127.png\",\"datePublished\":\"2026-03-06T09:16:45+00:00\",\"breadcrumb\":{\"@id\":\"https:\\\/\\\/lavocedelpaese.info\\\/index.php\\\/2026\\\/03\\\/06\\\/dimenticare-manzoni\\\/#breadcrumb\"},\"inLanguage\":\"it-IT\",\"potentialAction\":[{\"@type\":\"ReadAction\",\"target\":[\"https:\\\/\\\/lavocedelpaese.info\\\/index.php\\\/2026\\\/03\\\/06\\\/dimenticare-manzoni\\\/\"]}]},{\"@type\":\"ImageObject\",\"inLanguage\":\"it-IT\",\"@id\":\"https:\\\/\\\/lavocedelpaese.info\\\/index.php\\\/2026\\\/03\\\/06\\\/dimenticare-manzoni\\\/#primaryimage\",\"url\":\"https:\\\/\\\/lavocedelpaese.info\\\/wp-content\\\/uploads\\\/2023\\\/01\\\/logo-150-127.png\",\"contentUrl\":\"https:\\\/\\\/lavocedelpaese.info\\\/wp-content\\\/uploads\\\/2023\\\/01\\\/logo-150-127.png\",\"width\":150,\"height\":127},{\"@type\":\"BreadcrumbList\",\"@id\":\"https:\\\/\\\/lavocedelpaese.info\\\/index.php\\\/2026\\\/03\\\/06\\\/dimenticare-manzoni\\\/#breadcrumb\",\"itemListElement\":[{\"@type\":\"ListItem\",\"position\":1,\"name\":\"Home\",\"item\":\"https:\\\/\\\/lavocedelpaese.info\\\/\"},{\"@type\":\"ListItem\",\"position\":2,\"name\":\"\u201cDimenticare Manzoni\u201d\u00a0\u200b\"}]},{\"@type\":\"WebSite\",\"@id\":\"https:\\\/\\\/lavocedelpaese.info\\\/#website\",\"url\":\"https:\\\/\\\/lavocedelpaese.info\\\/\",\"name\":\"La Voce del Paese\",\"description\":\"Un network di idee\",\"publisher\":{\"@id\":\"https:\\\/\\\/lavocedelpaese.info\\\/#organization\"},\"potentialAction\":[{\"@type\":\"SearchAction\",\"target\":{\"@type\":\"EntryPoint\",\"urlTemplate\":\"https:\\\/\\\/lavocedelpaese.info\\\/?s={search_term_string}\"},\"query-input\":{\"@type\":\"PropertyValueSpecification\",\"valueRequired\":true,\"valueName\":\"search_term_string\"}}],\"inLanguage\":\"it-IT\"},{\"@type\":\"Organization\",\"@id\":\"https:\\\/\\\/lavocedelpaese.info\\\/#organization\",\"name\":\"La Voce del Paese\",\"url\":\"https:\\\/\\\/lavocedelpaese.info\\\/\",\"logo\":{\"@type\":\"ImageObject\",\"inLanguage\":\"it-IT\",\"@id\":\"https:\\\/\\\/lavocedelpaese.info\\\/#\\\/schema\\\/logo\\\/image\\\/\",\"url\":\"https:\\\/\\\/lavocedelpaese.info\\\/wp-content\\\/uploads\\\/2023\\\/01\\\/cropped-logo-150-127.png\",\"contentUrl\":\"https:\\\/\\\/lavocedelpaese.info\\\/wp-content\\\/uploads\\\/2023\\\/01\\\/cropped-logo-150-127.png\",\"width\":137,\"height\":119,\"caption\":\"La Voce del Paese\"},\"image\":{\"@id\":\"https:\\\/\\\/lavocedelpaese.info\\\/#\\\/schema\\\/logo\\\/image\\\/\"},\"sameAs\":[\"https:\\\/\\\/www.facebook.com\\\/lavocedelpaese.info\"]},{\"@type\":\"Person\",\"@id\":\"https:\\\/\\\/lavocedelpaese.info\\\/#\\\/schema\\\/person\\\/ec151d321306bd7591f7a061abf72d88\",\"name\":\"admin\",\"image\":{\"@type\":\"ImageObject\",\"inLanguage\":\"it-IT\",\"@id\":\"https:\\\/\\\/secure.gravatar.com\\\/avatar\\\/af8f2caf0663124588de48a9380e07cbc95a74ef15b8062d0d39106c32fe3023?s=96&d=mm&r=g\",\"url\":\"https:\\\/\\\/secure.gravatar.com\\\/avatar\\\/af8f2caf0663124588de48a9380e07cbc95a74ef15b8062d0d39106c32fe3023?s=96&d=mm&r=g\",\"contentUrl\":\"https:\\\/\\\/secure.gravatar.com\\\/avatar\\\/af8f2caf0663124588de48a9380e07cbc95a74ef15b8062d0d39106c32fe3023?s=96&d=mm&r=g\",\"caption\":\"admin\"},\"sameAs\":[\"https:\\\/\\\/lavocedelpaese.info\"],\"url\":\"https:\\\/\\\/lavocedelpaese.info\\\/index.php\\\/author\\\/admin\\\/\"}]}<\/script>\n<!-- \/ Yoast SEO plugin. -->","yoast_head_json":{"title":"\u201cDimenticare Manzoni\u201d\u00a0\u200b - La Voce del Paese","robots":{"index":"index","follow":"follow","max-snippet":"max-snippet:-1","max-image-preview":"max-image-preview:large","max-video-preview":"max-video-preview:-1"},"canonical":"https:\/\/lavocedelpaese.info\/index.php\/2026\/03\/06\/dimenticare-manzoni\/","og_locale":"it_IT","og_type":"article","og_title":"\u201cDimenticare Manzoni\u201d\u00a0\u200b - La Voce del Paese","og_description":"\u00a0 \u200b\u00a0 \u200b\u00a0 Il prof. Trifone Gargano smonta il mito del padre della lingua italiana \u00a0Il 5 marzo 2026, le","og_url":"https:\/\/lavocedelpaese.info\/index.php\/2026\/03\/06\/dimenticare-manzoni\/","og_site_name":"La Voce del Paese","article_publisher":"https:\/\/www.facebook.com\/lavocedelpaese.info","article_published_time":"2026-03-06T09:16:45+00:00","author":"admin","twitter_card":"summary_large_image","twitter_misc":{"Scritto da":"admin","Tempo di lettura stimato":"4 minuti"},"schema":{"@context":"https:\/\/schema.org","@graph":[{"@type":"Article","@id":"https:\/\/lavocedelpaese.info\/index.php\/2026\/03\/06\/dimenticare-manzoni\/#article","isPartOf":{"@id":"https:\/\/lavocedelpaese.info\/index.php\/2026\/03\/06\/dimenticare-manzoni\/"},"author":{"name":"admin","@id":"https:\/\/lavocedelpaese.info\/#\/schema\/person\/ec151d321306bd7591f7a061abf72d88"},"headline":"\u201cDimenticare Manzoni\u201d\u00a0\u200b","datePublished":"2026-03-06T09:16:45+00:00","mainEntityOfPage":{"@id":"https:\/\/lavocedelpaese.info\/index.php\/2026\/03\/06\/dimenticare-manzoni\/"},"wordCount":711,"commentCount":0,"publisher":{"@id":"https:\/\/lavocedelpaese.info\/#organization"},"image":{"@id":"https:\/\/lavocedelpaese.info\/index.php\/2026\/03\/06\/dimenticare-manzoni\/#primaryimage"},"thumbnailUrl":"https:\/\/lavocedelpaese.info\/wp-content\/uploads\/2023\/01\/logo-150-127.png","articleSection":["network"],"inLanguage":"it-IT","potentialAction":[{"@type":"CommentAction","name":"Comment","target":["https:\/\/lavocedelpaese.info\/index.php\/2026\/03\/06\/dimenticare-manzoni\/#respond"]}]},{"@type":"WebPage","@id":"https:\/\/lavocedelpaese.info\/index.php\/2026\/03\/06\/dimenticare-manzoni\/","url":"https:\/\/lavocedelpaese.info\/index.php\/2026\/03\/06\/dimenticare-manzoni\/","name":"\u201cDimenticare Manzoni\u201d\u00a0\u200b - La Voce del Paese","isPartOf":{"@id":"https:\/\/lavocedelpaese.info\/#website"},"primaryImageOfPage":{"@id":"https:\/\/lavocedelpaese.info\/index.php\/2026\/03\/06\/dimenticare-manzoni\/#primaryimage"},"image":{"@id":"https:\/\/lavocedelpaese.info\/index.php\/2026\/03\/06\/dimenticare-manzoni\/#primaryimage"},"thumbnailUrl":"https:\/\/lavocedelpaese.info\/wp-content\/uploads\/2023\/01\/logo-150-127.png","datePublished":"2026-03-06T09:16:45+00:00","breadcrumb":{"@id":"https:\/\/lavocedelpaese.info\/index.php\/2026\/03\/06\/dimenticare-manzoni\/#breadcrumb"},"inLanguage":"it-IT","potentialAction":[{"@type":"ReadAction","target":["https:\/\/lavocedelpaese.info\/index.php\/2026\/03\/06\/dimenticare-manzoni\/"]}]},{"@type":"ImageObject","inLanguage":"it-IT","@id":"https:\/\/lavocedelpaese.info\/index.php\/2026\/03\/06\/dimenticare-manzoni\/#primaryimage","url":"https:\/\/lavocedelpaese.info\/wp-content\/uploads\/2023\/01\/logo-150-127.png","contentUrl":"https:\/\/lavocedelpaese.info\/wp-content\/uploads\/2023\/01\/logo-150-127.png","width":150,"height":127},{"@type":"BreadcrumbList","@id":"https:\/\/lavocedelpaese.info\/index.php\/2026\/03\/06\/dimenticare-manzoni\/#breadcrumb","itemListElement":[{"@type":"ListItem","position":1,"name":"Home","item":"https:\/\/lavocedelpaese.info\/"},{"@type":"ListItem","position":2,"name":"\u201cDimenticare Manzoni\u201d\u00a0\u200b"}]},{"@type":"WebSite","@id":"https:\/\/lavocedelpaese.info\/#website","url":"https:\/\/lavocedelpaese.info\/","name":"La Voce del Paese","description":"Un network di idee","publisher":{"@id":"https:\/\/lavocedelpaese.info\/#organization"},"potentialAction":[{"@type":"SearchAction","target":{"@type":"EntryPoint","urlTemplate":"https:\/\/lavocedelpaese.info\/?s={search_term_string}"},"query-input":{"@type":"PropertyValueSpecification","valueRequired":true,"valueName":"search_term_string"}}],"inLanguage":"it-IT"},{"@type":"Organization","@id":"https:\/\/lavocedelpaese.info\/#organization","name":"La Voce del Paese","url":"https:\/\/lavocedelpaese.info\/","logo":{"@type":"ImageObject","inLanguage":"it-IT","@id":"https:\/\/lavocedelpaese.info\/#\/schema\/logo\/image\/","url":"https:\/\/lavocedelpaese.info\/wp-content\/uploads\/2023\/01\/cropped-logo-150-127.png","contentUrl":"https:\/\/lavocedelpaese.info\/wp-content\/uploads\/2023\/01\/cropped-logo-150-127.png","width":137,"height":119,"caption":"La Voce del Paese"},"image":{"@id":"https:\/\/lavocedelpaese.info\/#\/schema\/logo\/image\/"},"sameAs":["https:\/\/www.facebook.com\/lavocedelpaese.info"]},{"@type":"Person","@id":"https:\/\/lavocedelpaese.info\/#\/schema\/person\/ec151d321306bd7591f7a061abf72d88","name":"admin","image":{"@type":"ImageObject","inLanguage":"it-IT","@id":"https:\/\/secure.gravatar.com\/avatar\/af8f2caf0663124588de48a9380e07cbc95a74ef15b8062d0d39106c32fe3023?s=96&d=mm&r=g","url":"https:\/\/secure.gravatar.com\/avatar\/af8f2caf0663124588de48a9380e07cbc95a74ef15b8062d0d39106c32fe3023?s=96&d=mm&r=g","contentUrl":"https:\/\/secure.gravatar.com\/avatar\/af8f2caf0663124588de48a9380e07cbc95a74ef15b8062d0d39106c32fe3023?s=96&d=mm&r=g","caption":"admin"},"sameAs":["https:\/\/lavocedelpaese.info"],"url":"https:\/\/lavocedelpaese.info\/index.php\/author\/admin\/"}]}},"_links":{"self":[{"href":"https:\/\/lavocedelpaese.info\/index.php\/wp-json\/wp\/v2\/posts\/10706","targetHints":{"allow":["GET"]}}],"collection":[{"href":"https:\/\/lavocedelpaese.info\/index.php\/wp-json\/wp\/v2\/posts"}],"about":[{"href":"https:\/\/lavocedelpaese.info\/index.php\/wp-json\/wp\/v2\/types\/post"}],"author":[{"embeddable":true,"href":"https:\/\/lavocedelpaese.info\/index.php\/wp-json\/wp\/v2\/users\/6"}],"replies":[{"embeddable":true,"href":"https:\/\/lavocedelpaese.info\/index.php\/wp-json\/wp\/v2\/comments?post=10706"}],"version-history":[{"count":0,"href":"https:\/\/lavocedelpaese.info\/index.php\/wp-json\/wp\/v2\/posts\/10706\/revisions"}],"wp:featuredmedia":[{"embeddable":true,"href":"https:\/\/lavocedelpaese.info\/index.php\/wp-json\/wp\/v2\/media\/730"}],"wp:attachment":[{"href":"https:\/\/lavocedelpaese.info\/index.php\/wp-json\/wp\/v2\/media?parent=10706"}],"wp:term":[{"taxonomy":"category","embeddable":true,"href":"https:\/\/lavocedelpaese.info\/index.php\/wp-json\/wp\/v2\/categories?post=10706"},{"taxonomy":"post_tag","embeddable":true,"href":"https:\/\/lavocedelpaese.info\/index.php\/wp-json\/wp\/v2\/tags?post=10706"}],"curies":[{"name":"wp","href":"https:\/\/api.w.org\/{rel}","templated":true}]}}