{"id":10702,"date":"2026-03-05T22:15:48","date_gmt":"2026-03-05T22:15:48","guid":{"rendered":"https:\/\/lavocedelpaese.info\/index.php\/2026\/03\/05\/un-8-marzo-da-trascorrere-tra-i-resti-della-storia-a-monte-sannace\/"},"modified":"2026-03-05T22:15:48","modified_gmt":"2026-03-05T22:15:48","slug":"un-8-marzo-da-trascorrere-tra-i-resti-della-storia-a-monte-sannace","status":"publish","type":"post","link":"https:\/\/lavocedelpaese.info\/index.php\/2026\/03\/05\/un-8-marzo-da-trascorrere-tra-i-resti-della-storia-a-monte-sannace\/","title":{"rendered":"Un 8 marzo da trascorrere tra i resti della storia: a Monte Sannace\u00a0\u200b"},"content":{"rendered":"<p>\u00a0<\/p>\n<p>\u200b\u00a0<\/p>\n<p>\u200b\u00a0<\/p>\n<p><img decoding=\"async\" class=\"size-full wp-image-7554 alignleft\" src=\"https:\/\/gioia.lavocedelpaese.info\/wp-content\/uploads\/2026\/03\/645715239_18114485911713430_6646056924560001334_n.jpeg\" alt=\"\" width=\"400\" height=\"256\" \/>In occasione della Giornata Internazionale della Donna, il Parco Archeologico di Monte Sannace invita il pubblico a un suggestivo viaggio a ritroso nel tempo per riscoprire le storie delle donne che hanno abitato l\u2019antica citt\u00e0 di Thuriae.<\/p>\n<p>Domenica 8 marzo, il sito ospiter\u00e0 l\u2019evento \u201cL\u2019universo femminile in un\u2019antica citt\u00e0 della Peucezia\u201d, un ciclo di tre visite guidate tematiche programmate per le ore 9:00, 10:30 e 12:00. Accompagnati da guide rigorosamente al femminile, i visitatori potranno immergersi in un percorso tra archeologia e racconto, volto a ricostruire il microcosmo domestico della societ\u00e0 peucezia di et\u00e0 arcaica e classica.<\/p>\n<p>Camminando tra i resti delle antiche abitazioni e i silenzi del paesaggio archeologico di Gioia del Colle, l\u2019esperienza permetter\u00e0 di riportare alla luce le attivit\u00e0 quotidiane, i gesti e le ritualit\u00e0 che scandivano la vita delle donne all\u2019interno della casa, definendone ruoli sociali e spazi sacri.<\/p>\n<p>Per celebrare questa ricorrenza, l\u2019ingresso al Parco sar\u00e0 gratuito per tutte le donne, mentre il costo per partecipare alla visita guidata tematica \u00e8 di 7 euro.<\/p>\n<p>Data la particolarit\u00e0 dell\u2019evento, la pren<img decoding=\"async\" class=\"size-full wp-image-7555 alignright\" src=\"https:\/\/gioia.lavocedelpaese.info\/wp-content\/uploads\/2026\/03\/481080595_9476657442447475_6361837264289997611_n.jpg\" alt=\"\" width=\"400\" height=\"225\" \/>otazione \u00e8 vivamente consigliata tramite il portale Aditus Culture.<\/p>\n<p>Per ulteriori dettagli o assistenza, \u00e8 possibile contattare la segreteria del Parco al numero 080 3483052 o scrivere all\u2019indirizzo email istituzionale della Direzione Regionale Musei Puglia.<\/p>\n<p>Si tratta di un\u2019occasione speciale per onorare l\u20198 marzo attraverso un\u2019esperienza culturale profonda, capace di connettere il presente con le radici pi\u00f9 antiche della Peucezia.<\/p>\n<p><a class=\"a2a_button_facebook\" href=\"https:\/\/www.addtoany.com\/add_to\/facebook?linkurl=https%3A%2F%2Fgioia.lavocedelpaese.info%2Findex.php%2F2026%2F03%2F05%2Fun-8-marzo-da-trascorrere-tra-i-resti-della-storia-a-monte-sannace%2F&amp;linkname=Un%208%20marzo%20da%20trascorrere%20tra%20i%20resti%20della%20storia%3A%20a%20Monte%20Sannace\" title=\"Facebook\" rel=\"nofollow noopener\" target=\"_blank\"><\/a><a class=\"a2a_button_twitter\" href=\"https:\/\/www.addtoany.com\/add_to\/twitter?linkurl=https%3A%2F%2Fgioia.lavocedelpaese.info%2Findex.php%2F2026%2F03%2F05%2Fun-8-marzo-da-trascorrere-tra-i-resti-della-storia-a-monte-sannace%2F&amp;linkname=Un%208%20marzo%20da%20trascorrere%20tra%20i%20resti%20della%20storia%3A%20a%20Monte%20Sannace\" title=\"Twitter\" rel=\"nofollow noopener\" target=\"_blank\"><\/a><a class=\"a2a_button_whatsapp\" href=\"https:\/\/www.addtoany.com\/add_to\/whatsapp?linkurl=https%3A%2F%2Fgioia.lavocedelpaese.info%2Findex.php%2F2026%2F03%2F05%2Fun-8-marzo-da-trascorrere-tra-i-resti-della-storia-a-monte-sannace%2F&amp;linkname=Un%208%20marzo%20da%20trascorrere%20tra%20i%20resti%20della%20storia%3A%20a%20Monte%20Sannace\" title=\"WhatsApp\" rel=\"nofollow noopener\" target=\"_blank\"><\/a><a class=\"a2a_button_telegram\" href=\"https:\/\/www.addtoany.com\/add_to\/telegram?linkurl=https%3A%2F%2Fgioia.lavocedelpaese.info%2Findex.php%2F2026%2F03%2F05%2Fun-8-marzo-da-trascorrere-tra-i-resti-della-storia-a-monte-sannace%2F&amp;linkname=Un%208%20marzo%20da%20trascorrere%20tra%20i%20resti%20della%20storia%3A%20a%20Monte%20Sannace\" title=\"Telegram\" rel=\"nofollow noopener\" target=\"_blank\"><\/a><a class=\"a2a_button_email\" href=\"https:\/\/www.addtoany.com\/add_to\/email?linkurl=https%3A%2F%2Fgioia.lavocedelpaese.info%2Findex.php%2F2026%2F03%2F05%2Fun-8-marzo-da-trascorrere-tra-i-resti-della-storia-a-monte-sannace%2F&amp;linkname=Un%208%20marzo%20da%20trascorrere%20tra%20i%20resti%20della%20storia%3A%20a%20Monte%20Sannace\" title=\"Email\" rel=\"nofollow noopener\" target=\"_blank\"><\/a><\/p>\n<p>\u00a0<\/p>\n<p>\u00a0<\/p>\n<p>\u200b\u00a0\u00a0\u00a0<\/p>","protected":false},"excerpt":{"rendered":"<p>\u00a0 \u200b\u00a0 \u200b\u00a0 In occasione della Giornata Internazionale della Donna, il Parco Archeologico di Monte Sannace invita il pubblico a<\/p>\n","protected":false},"author":6,"featured_media":10703,"comment_status":"open","ping_status":"closed","sticky":false,"template":"","format":"standard","meta":{"colormag_page_container_layout":"default_layout","colormag_page_sidebar_layout":"default_layout","footnotes":""},"categories":[33],"tags":[],"class_list":["post-10702","post","type-post","status-publish","format-standard","has-post-thumbnail","hentry","category-network"],"yoast_head":"<!-- This site is optimized with the Yoast SEO plugin v27.5 - https:\/\/yoast.com\/product\/yoast-seo-wordpress\/ -->\n<title>Un 8 marzo da trascorrere tra i resti della storia: a Monte Sannace\u00a0\u200b - La Voce del Paese<\/title>\n<meta name=\"robots\" content=\"index, follow, max-snippet:-1, max-image-preview:large, max-video-preview:-1\" \/>\n<link rel=\"canonical\" href=\"https:\/\/lavocedelpaese.info\/index.php\/2026\/03\/05\/un-8-marzo-da-trascorrere-tra-i-resti-della-storia-a-monte-sannace\/\" \/>\n<meta property=\"og:locale\" content=\"it_IT\" \/>\n<meta property=\"og:type\" content=\"article\" \/>\n<meta property=\"og:title\" content=\"Un 8 marzo da trascorrere tra i resti della storia: a Monte Sannace\u00a0\u200b - La Voce del Paese\" \/>\n<meta property=\"og:description\" content=\"\u00a0 \u200b\u00a0 \u200b\u00a0 In occasione della Giornata Internazionale della Donna, il Parco Archeologico di Monte Sannace invita il pubblico a\" \/>\n<meta property=\"og:url\" content=\"https:\/\/lavocedelpaese.info\/index.php\/2026\/03\/05\/un-8-marzo-da-trascorrere-tra-i-resti-della-storia-a-monte-sannace\/\" \/>\n<meta property=\"og:site_name\" content=\"La Voce del Paese\" \/>\n<meta property=\"article:publisher\" content=\"https:\/\/www.facebook.com\/lavocedelpaese.info\" \/>\n<meta property=\"article:published_time\" content=\"2026-03-05T22:15:48+00:00\" \/>\n<meta name=\"author\" content=\"admin\" \/>\n<meta name=\"twitter:card\" content=\"summary_large_image\" \/>\n<meta name=\"twitter:label1\" content=\"Scritto da\" \/>\n\t<meta name=\"twitter:data1\" content=\"admin\" \/>\n\t<meta name=\"twitter:label2\" content=\"Tempo di lettura stimato\" \/>\n\t<meta name=\"twitter:data2\" content=\"1 minuto\" \/>\n<script type=\"application\/ld+json\" class=\"yoast-schema-graph\">{\"@context\":\"https:\\\/\\\/schema.org\",\"@graph\":[{\"@type\":\"Article\",\"@id\":\"https:\\\/\\\/lavocedelpaese.info\\\/index.php\\\/2026\\\/03\\\/05\\\/un-8-marzo-da-trascorrere-tra-i-resti-della-storia-a-monte-sannace\\\/#article\",\"isPartOf\":{\"@id\":\"https:\\\/\\\/lavocedelpaese.info\\\/index.php\\\/2026\\\/03\\\/05\\\/un-8-marzo-da-trascorrere-tra-i-resti-della-storia-a-monte-sannace\\\/\"},\"author\":{\"name\":\"admin\",\"@id\":\"https:\\\/\\\/lavocedelpaese.info\\\/#\\\/schema\\\/person\\\/ec151d321306bd7591f7a061abf72d88\"},\"headline\":\"Un 8 marzo da trascorrere tra i resti della storia: a Monte Sannace\u00a0\u200b\",\"datePublished\":\"2026-03-05T22:15:48+00:00\",\"mainEntityOfPage\":{\"@id\":\"https:\\\/\\\/lavocedelpaese.info\\\/index.php\\\/2026\\\/03\\\/05\\\/un-8-marzo-da-trascorrere-tra-i-resti-della-storia-a-monte-sannace\\\/\"},\"wordCount\":247,\"commentCount\":0,\"publisher\":{\"@id\":\"https:\\\/\\\/lavocedelpaese.info\\\/#organization\"},\"image\":{\"@id\":\"https:\\\/\\\/lavocedelpaese.info\\\/index.php\\\/2026\\\/03\\\/05\\\/un-8-marzo-da-trascorrere-tra-i-resti-della-storia-a-monte-sannace\\\/#primaryimage\"},\"thumbnailUrl\":\"https:\\\/\\\/lavocedelpaese.info\\\/wp-content\\\/uploads\\\/2026\\\/03\\\/645715239_18114485911713430_6646056924560001334_n-F64XMi.jpg\",\"articleSection\":[\"network\"],\"inLanguage\":\"it-IT\",\"potentialAction\":[{\"@type\":\"CommentAction\",\"name\":\"Comment\",\"target\":[\"https:\\\/\\\/lavocedelpaese.info\\\/index.php\\\/2026\\\/03\\\/05\\\/un-8-marzo-da-trascorrere-tra-i-resti-della-storia-a-monte-sannace\\\/#respond\"]}]},{\"@type\":\"WebPage\",\"@id\":\"https:\\\/\\\/lavocedelpaese.info\\\/index.php\\\/2026\\\/03\\\/05\\\/un-8-marzo-da-trascorrere-tra-i-resti-della-storia-a-monte-sannace\\\/\",\"url\":\"https:\\\/\\\/lavocedelpaese.info\\\/index.php\\\/2026\\\/03\\\/05\\\/un-8-marzo-da-trascorrere-tra-i-resti-della-storia-a-monte-sannace\\\/\",\"name\":\"Un 8 marzo da trascorrere tra i resti della storia: a Monte Sannace\u00a0\u200b - La Voce del Paese\",\"isPartOf\":{\"@id\":\"https:\\\/\\\/lavocedelpaese.info\\\/#website\"},\"primaryImageOfPage\":{\"@id\":\"https:\\\/\\\/lavocedelpaese.info\\\/index.php\\\/2026\\\/03\\\/05\\\/un-8-marzo-da-trascorrere-tra-i-resti-della-storia-a-monte-sannace\\\/#primaryimage\"},\"image\":{\"@id\":\"https:\\\/\\\/lavocedelpaese.info\\\/index.php\\\/2026\\\/03\\\/05\\\/un-8-marzo-da-trascorrere-tra-i-resti-della-storia-a-monte-sannace\\\/#primaryimage\"},\"thumbnailUrl\":\"https:\\\/\\\/lavocedelpaese.info\\\/wp-content\\\/uploads\\\/2026\\\/03\\\/645715239_18114485911713430_6646056924560001334_n-F64XMi.jpg\",\"datePublished\":\"2026-03-05T22:15:48+00:00\",\"breadcrumb\":{\"@id\":\"https:\\\/\\\/lavocedelpaese.info\\\/index.php\\\/2026\\\/03\\\/05\\\/un-8-marzo-da-trascorrere-tra-i-resti-della-storia-a-monte-sannace\\\/#breadcrumb\"},\"inLanguage\":\"it-IT\",\"potentialAction\":[{\"@type\":\"ReadAction\",\"target\":[\"https:\\\/\\\/lavocedelpaese.info\\\/index.php\\\/2026\\\/03\\\/05\\\/un-8-marzo-da-trascorrere-tra-i-resti-della-storia-a-monte-sannace\\\/\"]}]},{\"@type\":\"ImageObject\",\"inLanguage\":\"it-IT\",\"@id\":\"https:\\\/\\\/lavocedelpaese.info\\\/index.php\\\/2026\\\/03\\\/05\\\/un-8-marzo-da-trascorrere-tra-i-resti-della-storia-a-monte-sannace\\\/#primaryimage\",\"url\":\"https:\\\/\\\/lavocedelpaese.info\\\/wp-content\\\/uploads\\\/2026\\\/03\\\/645715239_18114485911713430_6646056924560001334_n-F64XMi.jpg\",\"contentUrl\":\"https:\\\/\\\/lavocedelpaese.info\\\/wp-content\\\/uploads\\\/2026\\\/03\\\/645715239_18114485911713430_6646056924560001334_n-F64XMi.jpg\",\"width\":864,\"height\":554},{\"@type\":\"BreadcrumbList\",\"@id\":\"https:\\\/\\\/lavocedelpaese.info\\\/index.php\\\/2026\\\/03\\\/05\\\/un-8-marzo-da-trascorrere-tra-i-resti-della-storia-a-monte-sannace\\\/#breadcrumb\",\"itemListElement\":[{\"@type\":\"ListItem\",\"position\":1,\"name\":\"Home\",\"item\":\"https:\\\/\\\/lavocedelpaese.info\\\/\"},{\"@type\":\"ListItem\",\"position\":2,\"name\":\"Un 8 marzo da trascorrere tra i resti della storia: a Monte Sannace\u00a0\u200b\"}]},{\"@type\":\"WebSite\",\"@id\":\"https:\\\/\\\/lavocedelpaese.info\\\/#website\",\"url\":\"https:\\\/\\\/lavocedelpaese.info\\\/\",\"name\":\"La Voce del Paese\",\"description\":\"Un network di idee\",\"publisher\":{\"@id\":\"https:\\\/\\\/lavocedelpaese.info\\\/#organization\"},\"potentialAction\":[{\"@type\":\"SearchAction\",\"target\":{\"@type\":\"EntryPoint\",\"urlTemplate\":\"https:\\\/\\\/lavocedelpaese.info\\\/?s={search_term_string}\"},\"query-input\":{\"@type\":\"PropertyValueSpecification\",\"valueRequired\":true,\"valueName\":\"search_term_string\"}}],\"inLanguage\":\"it-IT\"},{\"@type\":\"Organization\",\"@id\":\"https:\\\/\\\/lavocedelpaese.info\\\/#organization\",\"name\":\"La Voce del Paese\",\"url\":\"https:\\\/\\\/lavocedelpaese.info\\\/\",\"logo\":{\"@type\":\"ImageObject\",\"inLanguage\":\"it-IT\",\"@id\":\"https:\\\/\\\/lavocedelpaese.info\\\/#\\\/schema\\\/logo\\\/image\\\/\",\"url\":\"https:\\\/\\\/lavocedelpaese.info\\\/wp-content\\\/uploads\\\/2023\\\/01\\\/cropped-logo-150-127.png\",\"contentUrl\":\"https:\\\/\\\/lavocedelpaese.info\\\/wp-content\\\/uploads\\\/2023\\\/01\\\/cropped-logo-150-127.png\",\"width\":137,\"height\":119,\"caption\":\"La Voce del Paese\"},\"image\":{\"@id\":\"https:\\\/\\\/lavocedelpaese.info\\\/#\\\/schema\\\/logo\\\/image\\\/\"},\"sameAs\":[\"https:\\\/\\\/www.facebook.com\\\/lavocedelpaese.info\"]},{\"@type\":\"Person\",\"@id\":\"https:\\\/\\\/lavocedelpaese.info\\\/#\\\/schema\\\/person\\\/ec151d321306bd7591f7a061abf72d88\",\"name\":\"admin\",\"image\":{\"@type\":\"ImageObject\",\"inLanguage\":\"it-IT\",\"@id\":\"https:\\\/\\\/secure.gravatar.com\\\/avatar\\\/af8f2caf0663124588de48a9380e07cbc95a74ef15b8062d0d39106c32fe3023?s=96&d=mm&r=g\",\"url\":\"https:\\\/\\\/secure.gravatar.com\\\/avatar\\\/af8f2caf0663124588de48a9380e07cbc95a74ef15b8062d0d39106c32fe3023?s=96&d=mm&r=g\",\"contentUrl\":\"https:\\\/\\\/secure.gravatar.com\\\/avatar\\\/af8f2caf0663124588de48a9380e07cbc95a74ef15b8062d0d39106c32fe3023?s=96&d=mm&r=g\",\"caption\":\"admin\"},\"sameAs\":[\"https:\\\/\\\/lavocedelpaese.info\"],\"url\":\"https:\\\/\\\/lavocedelpaese.info\\\/index.php\\\/author\\\/admin\\\/\"}]}<\/script>\n<!-- \/ Yoast SEO plugin. -->","yoast_head_json":{"title":"Un 8 marzo da trascorrere tra i resti della storia: a Monte Sannace\u00a0\u200b - La Voce del Paese","robots":{"index":"index","follow":"follow","max-snippet":"max-snippet:-1","max-image-preview":"max-image-preview:large","max-video-preview":"max-video-preview:-1"},"canonical":"https:\/\/lavocedelpaese.info\/index.php\/2026\/03\/05\/un-8-marzo-da-trascorrere-tra-i-resti-della-storia-a-monte-sannace\/","og_locale":"it_IT","og_type":"article","og_title":"Un 8 marzo da trascorrere tra i resti della storia: a Monte Sannace\u00a0\u200b - La Voce del Paese","og_description":"\u00a0 \u200b\u00a0 \u200b\u00a0 In occasione della Giornata Internazionale della Donna, il Parco Archeologico di Monte Sannace invita il pubblico a","og_url":"https:\/\/lavocedelpaese.info\/index.php\/2026\/03\/05\/un-8-marzo-da-trascorrere-tra-i-resti-della-storia-a-monte-sannace\/","og_site_name":"La Voce del Paese","article_publisher":"https:\/\/www.facebook.com\/lavocedelpaese.info","article_published_time":"2026-03-05T22:15:48+00:00","author":"admin","twitter_card":"summary_large_image","twitter_misc":{"Scritto da":"admin","Tempo di lettura stimato":"1 minuto"},"schema":{"@context":"https:\/\/schema.org","@graph":[{"@type":"Article","@id":"https:\/\/lavocedelpaese.info\/index.php\/2026\/03\/05\/un-8-marzo-da-trascorrere-tra-i-resti-della-storia-a-monte-sannace\/#article","isPartOf":{"@id":"https:\/\/lavocedelpaese.info\/index.php\/2026\/03\/05\/un-8-marzo-da-trascorrere-tra-i-resti-della-storia-a-monte-sannace\/"},"author":{"name":"admin","@id":"https:\/\/lavocedelpaese.info\/#\/schema\/person\/ec151d321306bd7591f7a061abf72d88"},"headline":"Un 8 marzo da trascorrere tra i resti della storia: a Monte Sannace\u00a0\u200b","datePublished":"2026-03-05T22:15:48+00:00","mainEntityOfPage":{"@id":"https:\/\/lavocedelpaese.info\/index.php\/2026\/03\/05\/un-8-marzo-da-trascorrere-tra-i-resti-della-storia-a-monte-sannace\/"},"wordCount":247,"commentCount":0,"publisher":{"@id":"https:\/\/lavocedelpaese.info\/#organization"},"image":{"@id":"https:\/\/lavocedelpaese.info\/index.php\/2026\/03\/05\/un-8-marzo-da-trascorrere-tra-i-resti-della-storia-a-monte-sannace\/#primaryimage"},"thumbnailUrl":"https:\/\/lavocedelpaese.info\/wp-content\/uploads\/2026\/03\/645715239_18114485911713430_6646056924560001334_n-F64XMi.jpg","articleSection":["network"],"inLanguage":"it-IT","potentialAction":[{"@type":"CommentAction","name":"Comment","target":["https:\/\/lavocedelpaese.info\/index.php\/2026\/03\/05\/un-8-marzo-da-trascorrere-tra-i-resti-della-storia-a-monte-sannace\/#respond"]}]},{"@type":"WebPage","@id":"https:\/\/lavocedelpaese.info\/index.php\/2026\/03\/05\/un-8-marzo-da-trascorrere-tra-i-resti-della-storia-a-monte-sannace\/","url":"https:\/\/lavocedelpaese.info\/index.php\/2026\/03\/05\/un-8-marzo-da-trascorrere-tra-i-resti-della-storia-a-monte-sannace\/","name":"Un 8 marzo da trascorrere tra i resti della storia: a Monte Sannace\u00a0\u200b - La Voce del Paese","isPartOf":{"@id":"https:\/\/lavocedelpaese.info\/#website"},"primaryImageOfPage":{"@id":"https:\/\/lavocedelpaese.info\/index.php\/2026\/03\/05\/un-8-marzo-da-trascorrere-tra-i-resti-della-storia-a-monte-sannace\/#primaryimage"},"image":{"@id":"https:\/\/lavocedelpaese.info\/index.php\/2026\/03\/05\/un-8-marzo-da-trascorrere-tra-i-resti-della-storia-a-monte-sannace\/#primaryimage"},"thumbnailUrl":"https:\/\/lavocedelpaese.info\/wp-content\/uploads\/2026\/03\/645715239_18114485911713430_6646056924560001334_n-F64XMi.jpg","datePublished":"2026-03-05T22:15:48+00:00","breadcrumb":{"@id":"https:\/\/lavocedelpaese.info\/index.php\/2026\/03\/05\/un-8-marzo-da-trascorrere-tra-i-resti-della-storia-a-monte-sannace\/#breadcrumb"},"inLanguage":"it-IT","potentialAction":[{"@type":"ReadAction","target":["https:\/\/lavocedelpaese.info\/index.php\/2026\/03\/05\/un-8-marzo-da-trascorrere-tra-i-resti-della-storia-a-monte-sannace\/"]}]},{"@type":"ImageObject","inLanguage":"it-IT","@id":"https:\/\/lavocedelpaese.info\/index.php\/2026\/03\/05\/un-8-marzo-da-trascorrere-tra-i-resti-della-storia-a-monte-sannace\/#primaryimage","url":"https:\/\/lavocedelpaese.info\/wp-content\/uploads\/2026\/03\/645715239_18114485911713430_6646056924560001334_n-F64XMi.jpg","contentUrl":"https:\/\/lavocedelpaese.info\/wp-content\/uploads\/2026\/03\/645715239_18114485911713430_6646056924560001334_n-F64XMi.jpg","width":864,"height":554},{"@type":"BreadcrumbList","@id":"https:\/\/lavocedelpaese.info\/index.php\/2026\/03\/05\/un-8-marzo-da-trascorrere-tra-i-resti-della-storia-a-monte-sannace\/#breadcrumb","itemListElement":[{"@type":"ListItem","position":1,"name":"Home","item":"https:\/\/lavocedelpaese.info\/"},{"@type":"ListItem","position":2,"name":"Un 8 marzo da trascorrere tra i resti della storia: a Monte Sannace\u00a0\u200b"}]},{"@type":"WebSite","@id":"https:\/\/lavocedelpaese.info\/#website","url":"https:\/\/lavocedelpaese.info\/","name":"La Voce del Paese","description":"Un network di idee","publisher":{"@id":"https:\/\/lavocedelpaese.info\/#organization"},"potentialAction":[{"@type":"SearchAction","target":{"@type":"EntryPoint","urlTemplate":"https:\/\/lavocedelpaese.info\/?s={search_term_string}"},"query-input":{"@type":"PropertyValueSpecification","valueRequired":true,"valueName":"search_term_string"}}],"inLanguage":"it-IT"},{"@type":"Organization","@id":"https:\/\/lavocedelpaese.info\/#organization","name":"La Voce del Paese","url":"https:\/\/lavocedelpaese.info\/","logo":{"@type":"ImageObject","inLanguage":"it-IT","@id":"https:\/\/lavocedelpaese.info\/#\/schema\/logo\/image\/","url":"https:\/\/lavocedelpaese.info\/wp-content\/uploads\/2023\/01\/cropped-logo-150-127.png","contentUrl":"https:\/\/lavocedelpaese.info\/wp-content\/uploads\/2023\/01\/cropped-logo-150-127.png","width":137,"height":119,"caption":"La Voce del Paese"},"image":{"@id":"https:\/\/lavocedelpaese.info\/#\/schema\/logo\/image\/"},"sameAs":["https:\/\/www.facebook.com\/lavocedelpaese.info"]},{"@type":"Person","@id":"https:\/\/lavocedelpaese.info\/#\/schema\/person\/ec151d321306bd7591f7a061abf72d88","name":"admin","image":{"@type":"ImageObject","inLanguage":"it-IT","@id":"https:\/\/secure.gravatar.com\/avatar\/af8f2caf0663124588de48a9380e07cbc95a74ef15b8062d0d39106c32fe3023?s=96&d=mm&r=g","url":"https:\/\/secure.gravatar.com\/avatar\/af8f2caf0663124588de48a9380e07cbc95a74ef15b8062d0d39106c32fe3023?s=96&d=mm&r=g","contentUrl":"https:\/\/secure.gravatar.com\/avatar\/af8f2caf0663124588de48a9380e07cbc95a74ef15b8062d0d39106c32fe3023?s=96&d=mm&r=g","caption":"admin"},"sameAs":["https:\/\/lavocedelpaese.info"],"url":"https:\/\/lavocedelpaese.info\/index.php\/author\/admin\/"}]}},"_links":{"self":[{"href":"https:\/\/lavocedelpaese.info\/index.php\/wp-json\/wp\/v2\/posts\/10702","targetHints":{"allow":["GET"]}}],"collection":[{"href":"https:\/\/lavocedelpaese.info\/index.php\/wp-json\/wp\/v2\/posts"}],"about":[{"href":"https:\/\/lavocedelpaese.info\/index.php\/wp-json\/wp\/v2\/types\/post"}],"author":[{"embeddable":true,"href":"https:\/\/lavocedelpaese.info\/index.php\/wp-json\/wp\/v2\/users\/6"}],"replies":[{"embeddable":true,"href":"https:\/\/lavocedelpaese.info\/index.php\/wp-json\/wp\/v2\/comments?post=10702"}],"version-history":[{"count":0,"href":"https:\/\/lavocedelpaese.info\/index.php\/wp-json\/wp\/v2\/posts\/10702\/revisions"}],"wp:featuredmedia":[{"embeddable":true,"href":"https:\/\/lavocedelpaese.info\/index.php\/wp-json\/wp\/v2\/media\/10703"}],"wp:attachment":[{"href":"https:\/\/lavocedelpaese.info\/index.php\/wp-json\/wp\/v2\/media?parent=10702"}],"wp:term":[{"taxonomy":"category","embeddable":true,"href":"https:\/\/lavocedelpaese.info\/index.php\/wp-json\/wp\/v2\/categories?post=10702"},{"taxonomy":"post_tag","embeddable":true,"href":"https:\/\/lavocedelpaese.info\/index.php\/wp-json\/wp\/v2\/tags?post=10702"}],"curies":[{"name":"wp","href":"https:\/\/api.w.org\/{rel}","templated":true}]}}