{"id":10699,"date":"2026-03-05T11:14:18","date_gmt":"2026-03-05T11:14:18","guid":{"rendered":"https:\/\/lavocedelpaese.info\/index.php\/2026\/03\/05\/la-joy-volley-gioia-piange-la-prematura-scomparsa-di-christian-cesario\/"},"modified":"2026-03-05T11:14:18","modified_gmt":"2026-03-05T11:14:18","slug":"la-joy-volley-gioia-piange-la-prematura-scomparsa-di-christian-cesario","status":"publish","type":"post","link":"https:\/\/lavocedelpaese.info\/index.php\/2026\/03\/05\/la-joy-volley-gioia-piange-la-prematura-scomparsa-di-christian-cesario\/","title":{"rendered":"La Joy Volley Gioia piange la prematura scomparsa di Christian Cesario\u00a0\u200b"},"content":{"rendered":"<p>\u00a0<\/p>\n<p>\u200b\u00a0<\/p>\n<p>\u200b\u00a0<\/p>\n<p><img decoding=\"async\" class=\"size-full wp-image-7548 alignleft\" src=\"https:\/\/gioia.lavocedelpaese.info\/wp-content\/uploads\/2026\/03\/640428539_18079765406368363_2036410340954303654_n.jpg\" alt=\"\" width=\"400\" height=\"517\" \/>\u201cGiornalista apprezzato e professionista serio, Christian ha affiancato la nostra societ\u00e0 nel ruolo di addetto stampa con competenza e passione, distinguendosi non solo per la qualit\u00e0 del suo lavoro, ma soprattutto per le sue doti umane: la disponibilit\u00e0, l\u2019empatia, la capacit\u00e0 di entrare in sintonia con tutti e quel sorriso che ci ha accompagnato in tutte le nostre giornate passate in palestra.<\/p>\n<p>La sua improvvisa scomparsa, avvenuta nella serata di mercoled\u00ec 4 marzo durante un momento conviviale tra lo staff e la prima squadra di Serie A3 maschile, ha lasciato tutta la Joy Volley sgomenta e profondamente addolorata.<\/p>\n<p>Christian non \u00e8 stato soltanto il giornalista che raccontava le nostre partite e le nostre emozioni: \u00e8 stato una presenza costante nella vita della societ\u00e0, un ragazzo capace di condividere con la squadra e con lo staff il percorso sportivo e umano di questa stagione, diventando giorno dopo giorno parte di questa grande famiglia.<\/p>\n<p>Il Presidente Gianni D\u2019Elia, la Vice Presidente Sofi Baranovska, gli atleti, lo staff e tutta la societ\u00e0 si stringono con affetto attorno alla famiglia Cesario e a tutti coloro che hanno conosciuto e voluto bene al nostro Christian.<\/p>\n<p>In segno di lutto e di rispetto per la sua memoria, nella giornata di oggi tutte le attivit\u00e0 della prima squadra sono sospese.<\/p>\n<p>Oggi il silenzio pesa pi\u00f9 di qualsiasi parola. E fa ancora pi\u00f9 male pensare che, stavolta, a raccontare questo momento non potr\u00e0 essere proprio chi lo faceva sempre con passione ed abnegazione.<\/p>\n<p>Ciao Christian, ti vogliamo bene. Sarai per sempre con noi\u201d.<\/p>\n<p><a class=\"a2a_button_facebook\" href=\"https:\/\/www.addtoany.com\/add_to\/facebook?linkurl=https%3A%2F%2Fgioia.lavocedelpaese.info%2Findex.php%2F2026%2F03%2F05%2Fla-joy-volley-gioia-piange-la-prematura-scomparsa-di-christian-cesario%2F&amp;linkname=La%20Joy%20Volley%20Gioia%20piange%20la%20prematura%20scomparsa%20di%20Christian%20Cesario\" title=\"Facebook\" rel=\"nofollow noopener\" target=\"_blank\"><\/a><a class=\"a2a_button_twitter\" href=\"https:\/\/www.addtoany.com\/add_to\/twitter?linkurl=https%3A%2F%2Fgioia.lavocedelpaese.info%2Findex.php%2F2026%2F03%2F05%2Fla-joy-volley-gioia-piange-la-prematura-scomparsa-di-christian-cesario%2F&amp;linkname=La%20Joy%20Volley%20Gioia%20piange%20la%20prematura%20scomparsa%20di%20Christian%20Cesario\" title=\"Twitter\" rel=\"nofollow noopener\" target=\"_blank\"><\/a><a class=\"a2a_button_whatsapp\" href=\"https:\/\/www.addtoany.com\/add_to\/whatsapp?linkurl=https%3A%2F%2Fgioia.lavocedelpaese.info%2Findex.php%2F2026%2F03%2F05%2Fla-joy-volley-gioia-piange-la-prematura-scomparsa-di-christian-cesario%2F&amp;linkname=La%20Joy%20Volley%20Gioia%20piange%20la%20prematura%20scomparsa%20di%20Christian%20Cesario\" title=\"WhatsApp\" rel=\"nofollow noopener\" target=\"_blank\"><\/a><a class=\"a2a_button_telegram\" href=\"https:\/\/www.addtoany.com\/add_to\/telegram?linkurl=https%3A%2F%2Fgioia.lavocedelpaese.info%2Findex.php%2F2026%2F03%2F05%2Fla-joy-volley-gioia-piange-la-prematura-scomparsa-di-christian-cesario%2F&amp;linkname=La%20Joy%20Volley%20Gioia%20piange%20la%20prematura%20scomparsa%20di%20Christian%20Cesario\" title=\"Telegram\" rel=\"nofollow noopener\" target=\"_blank\"><\/a><a class=\"a2a_button_email\" href=\"https:\/\/www.addtoany.com\/add_to\/email?linkurl=https%3A%2F%2Fgioia.lavocedelpaese.info%2Findex.php%2F2026%2F03%2F05%2Fla-joy-volley-gioia-piange-la-prematura-scomparsa-di-christian-cesario%2F&amp;linkname=La%20Joy%20Volley%20Gioia%20piange%20la%20prematura%20scomparsa%20di%20Christian%20Cesario\" title=\"Email\" rel=\"nofollow noopener\" target=\"_blank\"><\/a><\/p>\n<p>\u00a0<\/p>\n<p>\u00a0<\/p>\n<p>\u200b\u00a0\u00a0\u00a0<\/p>","protected":false},"excerpt":{"rendered":"<p>\u00a0 \u200b\u00a0 \u200b\u00a0 \u201cGiornalista apprezzato e professionista serio, Christian ha affiancato la nostra societ\u00e0 nel ruolo di addetto stampa con<\/p>\n","protected":false},"author":6,"featured_media":10700,"comment_status":"open","ping_status":"closed","sticky":false,"template":"","format":"standard","meta":{"colormag_page_container_layout":"default_layout","colormag_page_sidebar_layout":"default_layout","footnotes":""},"categories":[33],"tags":[],"class_list":["post-10699","post","type-post","status-publish","format-standard","has-post-thumbnail","hentry","category-network"],"yoast_head":"<!-- This site is optimized with the Yoast SEO plugin v27.5 - https:\/\/yoast.com\/product\/yoast-seo-wordpress\/ -->\n<title>La Joy Volley Gioia piange la prematura scomparsa di Christian Cesario\u00a0\u200b - La Voce del Paese<\/title>\n<meta name=\"robots\" content=\"index, follow, max-snippet:-1, max-image-preview:large, max-video-preview:-1\" \/>\n<link rel=\"canonical\" href=\"https:\/\/lavocedelpaese.info\/index.php\/2026\/03\/05\/la-joy-volley-gioia-piange-la-prematura-scomparsa-di-christian-cesario\/\" \/>\n<meta property=\"og:locale\" content=\"it_IT\" \/>\n<meta property=\"og:type\" content=\"article\" \/>\n<meta property=\"og:title\" content=\"La Joy Volley Gioia piange la prematura scomparsa di Christian Cesario\u00a0\u200b - La Voce del Paese\" \/>\n<meta property=\"og:description\" content=\"\u00a0 \u200b\u00a0 \u200b\u00a0 \u201cGiornalista apprezzato e professionista serio, Christian ha affiancato la nostra societ\u00e0 nel ruolo di addetto stampa con\" \/>\n<meta property=\"og:url\" content=\"https:\/\/lavocedelpaese.info\/index.php\/2026\/03\/05\/la-joy-volley-gioia-piange-la-prematura-scomparsa-di-christian-cesario\/\" \/>\n<meta property=\"og:site_name\" content=\"La Voce del Paese\" \/>\n<meta property=\"article:publisher\" content=\"https:\/\/www.facebook.com\/lavocedelpaese.info\" \/>\n<meta property=\"article:published_time\" content=\"2026-03-05T11:14:18+00:00\" \/>\n<meta name=\"author\" content=\"admin\" \/>\n<meta name=\"twitter:card\" content=\"summary_large_image\" \/>\n<meta name=\"twitter:label1\" content=\"Scritto da\" \/>\n\t<meta name=\"twitter:data1\" content=\"admin\" \/>\n\t<meta name=\"twitter:label2\" content=\"Tempo di lettura stimato\" \/>\n\t<meta name=\"twitter:data2\" content=\"1 minuto\" \/>\n<script type=\"application\/ld+json\" class=\"yoast-schema-graph\">{\"@context\":\"https:\\\/\\\/schema.org\",\"@graph\":[{\"@type\":\"Article\",\"@id\":\"https:\\\/\\\/lavocedelpaese.info\\\/index.php\\\/2026\\\/03\\\/05\\\/la-joy-volley-gioia-piange-la-prematura-scomparsa-di-christian-cesario\\\/#article\",\"isPartOf\":{\"@id\":\"https:\\\/\\\/lavocedelpaese.info\\\/index.php\\\/2026\\\/03\\\/05\\\/la-joy-volley-gioia-piange-la-prematura-scomparsa-di-christian-cesario\\\/\"},\"author\":{\"name\":\"admin\",\"@id\":\"https:\\\/\\\/lavocedelpaese.info\\\/#\\\/schema\\\/person\\\/ec151d321306bd7591f7a061abf72d88\"},\"headline\":\"La Joy Volley Gioia piange la prematura scomparsa di Christian Cesario\u00a0\u200b\",\"datePublished\":\"2026-03-05T11:14:18+00:00\",\"mainEntityOfPage\":{\"@id\":\"https:\\\/\\\/lavocedelpaese.info\\\/index.php\\\/2026\\\/03\\\/05\\\/la-joy-volley-gioia-piange-la-prematura-scomparsa-di-christian-cesario\\\/\"},\"wordCount\":265,\"commentCount\":0,\"publisher\":{\"@id\":\"https:\\\/\\\/lavocedelpaese.info\\\/#organization\"},\"image\":{\"@id\":\"https:\\\/\\\/lavocedelpaese.info\\\/index.php\\\/2026\\\/03\\\/05\\\/la-joy-volley-gioia-piange-la-prematura-scomparsa-di-christian-cesario\\\/#primaryimage\"},\"thumbnailUrl\":\"https:\\\/\\\/lavocedelpaese.info\\\/wp-content\\\/uploads\\\/2026\\\/03\\\/640428539_18079765406368363_2036410340954303654_n-ka9AAX.jpg\",\"articleSection\":[\"network\"],\"inLanguage\":\"it-IT\",\"potentialAction\":[{\"@type\":\"CommentAction\",\"name\":\"Comment\",\"target\":[\"https:\\\/\\\/lavocedelpaese.info\\\/index.php\\\/2026\\\/03\\\/05\\\/la-joy-volley-gioia-piange-la-prematura-scomparsa-di-christian-cesario\\\/#respond\"]}]},{\"@type\":\"WebPage\",\"@id\":\"https:\\\/\\\/lavocedelpaese.info\\\/index.php\\\/2026\\\/03\\\/05\\\/la-joy-volley-gioia-piange-la-prematura-scomparsa-di-christian-cesario\\\/\",\"url\":\"https:\\\/\\\/lavocedelpaese.info\\\/index.php\\\/2026\\\/03\\\/05\\\/la-joy-volley-gioia-piange-la-prematura-scomparsa-di-christian-cesario\\\/\",\"name\":\"La Joy Volley Gioia piange la prematura scomparsa di Christian Cesario\u00a0\u200b - La Voce del Paese\",\"isPartOf\":{\"@id\":\"https:\\\/\\\/lavocedelpaese.info\\\/#website\"},\"primaryImageOfPage\":{\"@id\":\"https:\\\/\\\/lavocedelpaese.info\\\/index.php\\\/2026\\\/03\\\/05\\\/la-joy-volley-gioia-piange-la-prematura-scomparsa-di-christian-cesario\\\/#primaryimage\"},\"image\":{\"@id\":\"https:\\\/\\\/lavocedelpaese.info\\\/index.php\\\/2026\\\/03\\\/05\\\/la-joy-volley-gioia-piange-la-prematura-scomparsa-di-christian-cesario\\\/#primaryimage\"},\"thumbnailUrl\":\"https:\\\/\\\/lavocedelpaese.info\\\/wp-content\\\/uploads\\\/2026\\\/03\\\/640428539_18079765406368363_2036410340954303654_n-ka9AAX.jpg\",\"datePublished\":\"2026-03-05T11:14:18+00:00\",\"breadcrumb\":{\"@id\":\"https:\\\/\\\/lavocedelpaese.info\\\/index.php\\\/2026\\\/03\\\/05\\\/la-joy-volley-gioia-piange-la-prematura-scomparsa-di-christian-cesario\\\/#breadcrumb\"},\"inLanguage\":\"it-IT\",\"potentialAction\":[{\"@type\":\"ReadAction\",\"target\":[\"https:\\\/\\\/lavocedelpaese.info\\\/index.php\\\/2026\\\/03\\\/05\\\/la-joy-volley-gioia-piange-la-prematura-scomparsa-di-christian-cesario\\\/\"]}]},{\"@type\":\"ImageObject\",\"inLanguage\":\"it-IT\",\"@id\":\"https:\\\/\\\/lavocedelpaese.info\\\/index.php\\\/2026\\\/03\\\/05\\\/la-joy-volley-gioia-piange-la-prematura-scomparsa-di-christian-cesario\\\/#primaryimage\",\"url\":\"https:\\\/\\\/lavocedelpaese.info\\\/wp-content\\\/uploads\\\/2026\\\/03\\\/640428539_18079765406368363_2036410340954303654_n-ka9AAX.jpg\",\"contentUrl\":\"https:\\\/\\\/lavocedelpaese.info\\\/wp-content\\\/uploads\\\/2026\\\/03\\\/640428539_18079765406368363_2036410340954303654_n-ka9AAX.jpg\",\"width\":619,\"height\":800},{\"@type\":\"BreadcrumbList\",\"@id\":\"https:\\\/\\\/lavocedelpaese.info\\\/index.php\\\/2026\\\/03\\\/05\\\/la-joy-volley-gioia-piange-la-prematura-scomparsa-di-christian-cesario\\\/#breadcrumb\",\"itemListElement\":[{\"@type\":\"ListItem\",\"position\":1,\"name\":\"Home\",\"item\":\"https:\\\/\\\/lavocedelpaese.info\\\/\"},{\"@type\":\"ListItem\",\"position\":2,\"name\":\"La Joy Volley Gioia piange la prematura scomparsa di Christian Cesario\u00a0\u200b\"}]},{\"@type\":\"WebSite\",\"@id\":\"https:\\\/\\\/lavocedelpaese.info\\\/#website\",\"url\":\"https:\\\/\\\/lavocedelpaese.info\\\/\",\"name\":\"La Voce del Paese\",\"description\":\"Un network di idee\",\"publisher\":{\"@id\":\"https:\\\/\\\/lavocedelpaese.info\\\/#organization\"},\"potentialAction\":[{\"@type\":\"SearchAction\",\"target\":{\"@type\":\"EntryPoint\",\"urlTemplate\":\"https:\\\/\\\/lavocedelpaese.info\\\/?s={search_term_string}\"},\"query-input\":{\"@type\":\"PropertyValueSpecification\",\"valueRequired\":true,\"valueName\":\"search_term_string\"}}],\"inLanguage\":\"it-IT\"},{\"@type\":\"Organization\",\"@id\":\"https:\\\/\\\/lavocedelpaese.info\\\/#organization\",\"name\":\"La Voce del Paese\",\"url\":\"https:\\\/\\\/lavocedelpaese.info\\\/\",\"logo\":{\"@type\":\"ImageObject\",\"inLanguage\":\"it-IT\",\"@id\":\"https:\\\/\\\/lavocedelpaese.info\\\/#\\\/schema\\\/logo\\\/image\\\/\",\"url\":\"https:\\\/\\\/lavocedelpaese.info\\\/wp-content\\\/uploads\\\/2023\\\/01\\\/cropped-logo-150-127.png\",\"contentUrl\":\"https:\\\/\\\/lavocedelpaese.info\\\/wp-content\\\/uploads\\\/2023\\\/01\\\/cropped-logo-150-127.png\",\"width\":137,\"height\":119,\"caption\":\"La Voce del Paese\"},\"image\":{\"@id\":\"https:\\\/\\\/lavocedelpaese.info\\\/#\\\/schema\\\/logo\\\/image\\\/\"},\"sameAs\":[\"https:\\\/\\\/www.facebook.com\\\/lavocedelpaese.info\"]},{\"@type\":\"Person\",\"@id\":\"https:\\\/\\\/lavocedelpaese.info\\\/#\\\/schema\\\/person\\\/ec151d321306bd7591f7a061abf72d88\",\"name\":\"admin\",\"image\":{\"@type\":\"ImageObject\",\"inLanguage\":\"it-IT\",\"@id\":\"https:\\\/\\\/secure.gravatar.com\\\/avatar\\\/af8f2caf0663124588de48a9380e07cbc95a74ef15b8062d0d39106c32fe3023?s=96&d=mm&r=g\",\"url\":\"https:\\\/\\\/secure.gravatar.com\\\/avatar\\\/af8f2caf0663124588de48a9380e07cbc95a74ef15b8062d0d39106c32fe3023?s=96&d=mm&r=g\",\"contentUrl\":\"https:\\\/\\\/secure.gravatar.com\\\/avatar\\\/af8f2caf0663124588de48a9380e07cbc95a74ef15b8062d0d39106c32fe3023?s=96&d=mm&r=g\",\"caption\":\"admin\"},\"sameAs\":[\"https:\\\/\\\/lavocedelpaese.info\"],\"url\":\"https:\\\/\\\/lavocedelpaese.info\\\/index.php\\\/author\\\/admin\\\/\"}]}<\/script>\n<!-- \/ Yoast SEO plugin. -->","yoast_head_json":{"title":"La Joy Volley Gioia piange la prematura scomparsa di Christian Cesario\u00a0\u200b - La Voce del Paese","robots":{"index":"index","follow":"follow","max-snippet":"max-snippet:-1","max-image-preview":"max-image-preview:large","max-video-preview":"max-video-preview:-1"},"canonical":"https:\/\/lavocedelpaese.info\/index.php\/2026\/03\/05\/la-joy-volley-gioia-piange-la-prematura-scomparsa-di-christian-cesario\/","og_locale":"it_IT","og_type":"article","og_title":"La Joy Volley Gioia piange la prematura scomparsa di Christian Cesario\u00a0\u200b - La Voce del Paese","og_description":"\u00a0 \u200b\u00a0 \u200b\u00a0 \u201cGiornalista apprezzato e professionista serio, Christian ha affiancato la nostra societ\u00e0 nel ruolo di addetto stampa con","og_url":"https:\/\/lavocedelpaese.info\/index.php\/2026\/03\/05\/la-joy-volley-gioia-piange-la-prematura-scomparsa-di-christian-cesario\/","og_site_name":"La Voce del Paese","article_publisher":"https:\/\/www.facebook.com\/lavocedelpaese.info","article_published_time":"2026-03-05T11:14:18+00:00","author":"admin","twitter_card":"summary_large_image","twitter_misc":{"Scritto da":"admin","Tempo di lettura stimato":"1 minuto"},"schema":{"@context":"https:\/\/schema.org","@graph":[{"@type":"Article","@id":"https:\/\/lavocedelpaese.info\/index.php\/2026\/03\/05\/la-joy-volley-gioia-piange-la-prematura-scomparsa-di-christian-cesario\/#article","isPartOf":{"@id":"https:\/\/lavocedelpaese.info\/index.php\/2026\/03\/05\/la-joy-volley-gioia-piange-la-prematura-scomparsa-di-christian-cesario\/"},"author":{"name":"admin","@id":"https:\/\/lavocedelpaese.info\/#\/schema\/person\/ec151d321306bd7591f7a061abf72d88"},"headline":"La Joy Volley Gioia piange la prematura scomparsa di Christian Cesario\u00a0\u200b","datePublished":"2026-03-05T11:14:18+00:00","mainEntityOfPage":{"@id":"https:\/\/lavocedelpaese.info\/index.php\/2026\/03\/05\/la-joy-volley-gioia-piange-la-prematura-scomparsa-di-christian-cesario\/"},"wordCount":265,"commentCount":0,"publisher":{"@id":"https:\/\/lavocedelpaese.info\/#organization"},"image":{"@id":"https:\/\/lavocedelpaese.info\/index.php\/2026\/03\/05\/la-joy-volley-gioia-piange-la-prematura-scomparsa-di-christian-cesario\/#primaryimage"},"thumbnailUrl":"https:\/\/lavocedelpaese.info\/wp-content\/uploads\/2026\/03\/640428539_18079765406368363_2036410340954303654_n-ka9AAX.jpg","articleSection":["network"],"inLanguage":"it-IT","potentialAction":[{"@type":"CommentAction","name":"Comment","target":["https:\/\/lavocedelpaese.info\/index.php\/2026\/03\/05\/la-joy-volley-gioia-piange-la-prematura-scomparsa-di-christian-cesario\/#respond"]}]},{"@type":"WebPage","@id":"https:\/\/lavocedelpaese.info\/index.php\/2026\/03\/05\/la-joy-volley-gioia-piange-la-prematura-scomparsa-di-christian-cesario\/","url":"https:\/\/lavocedelpaese.info\/index.php\/2026\/03\/05\/la-joy-volley-gioia-piange-la-prematura-scomparsa-di-christian-cesario\/","name":"La Joy Volley Gioia piange la prematura scomparsa di Christian Cesario\u00a0\u200b - La Voce del Paese","isPartOf":{"@id":"https:\/\/lavocedelpaese.info\/#website"},"primaryImageOfPage":{"@id":"https:\/\/lavocedelpaese.info\/index.php\/2026\/03\/05\/la-joy-volley-gioia-piange-la-prematura-scomparsa-di-christian-cesario\/#primaryimage"},"image":{"@id":"https:\/\/lavocedelpaese.info\/index.php\/2026\/03\/05\/la-joy-volley-gioia-piange-la-prematura-scomparsa-di-christian-cesario\/#primaryimage"},"thumbnailUrl":"https:\/\/lavocedelpaese.info\/wp-content\/uploads\/2026\/03\/640428539_18079765406368363_2036410340954303654_n-ka9AAX.jpg","datePublished":"2026-03-05T11:14:18+00:00","breadcrumb":{"@id":"https:\/\/lavocedelpaese.info\/index.php\/2026\/03\/05\/la-joy-volley-gioia-piange-la-prematura-scomparsa-di-christian-cesario\/#breadcrumb"},"inLanguage":"it-IT","potentialAction":[{"@type":"ReadAction","target":["https:\/\/lavocedelpaese.info\/index.php\/2026\/03\/05\/la-joy-volley-gioia-piange-la-prematura-scomparsa-di-christian-cesario\/"]}]},{"@type":"ImageObject","inLanguage":"it-IT","@id":"https:\/\/lavocedelpaese.info\/index.php\/2026\/03\/05\/la-joy-volley-gioia-piange-la-prematura-scomparsa-di-christian-cesario\/#primaryimage","url":"https:\/\/lavocedelpaese.info\/wp-content\/uploads\/2026\/03\/640428539_18079765406368363_2036410340954303654_n-ka9AAX.jpg","contentUrl":"https:\/\/lavocedelpaese.info\/wp-content\/uploads\/2026\/03\/640428539_18079765406368363_2036410340954303654_n-ka9AAX.jpg","width":619,"height":800},{"@type":"BreadcrumbList","@id":"https:\/\/lavocedelpaese.info\/index.php\/2026\/03\/05\/la-joy-volley-gioia-piange-la-prematura-scomparsa-di-christian-cesario\/#breadcrumb","itemListElement":[{"@type":"ListItem","position":1,"name":"Home","item":"https:\/\/lavocedelpaese.info\/"},{"@type":"ListItem","position":2,"name":"La Joy Volley Gioia piange la prematura scomparsa di Christian Cesario\u00a0\u200b"}]},{"@type":"WebSite","@id":"https:\/\/lavocedelpaese.info\/#website","url":"https:\/\/lavocedelpaese.info\/","name":"La Voce del Paese","description":"Un network di idee","publisher":{"@id":"https:\/\/lavocedelpaese.info\/#organization"},"potentialAction":[{"@type":"SearchAction","target":{"@type":"EntryPoint","urlTemplate":"https:\/\/lavocedelpaese.info\/?s={search_term_string}"},"query-input":{"@type":"PropertyValueSpecification","valueRequired":true,"valueName":"search_term_string"}}],"inLanguage":"it-IT"},{"@type":"Organization","@id":"https:\/\/lavocedelpaese.info\/#organization","name":"La Voce del Paese","url":"https:\/\/lavocedelpaese.info\/","logo":{"@type":"ImageObject","inLanguage":"it-IT","@id":"https:\/\/lavocedelpaese.info\/#\/schema\/logo\/image\/","url":"https:\/\/lavocedelpaese.info\/wp-content\/uploads\/2023\/01\/cropped-logo-150-127.png","contentUrl":"https:\/\/lavocedelpaese.info\/wp-content\/uploads\/2023\/01\/cropped-logo-150-127.png","width":137,"height":119,"caption":"La Voce del Paese"},"image":{"@id":"https:\/\/lavocedelpaese.info\/#\/schema\/logo\/image\/"},"sameAs":["https:\/\/www.facebook.com\/lavocedelpaese.info"]},{"@type":"Person","@id":"https:\/\/lavocedelpaese.info\/#\/schema\/person\/ec151d321306bd7591f7a061abf72d88","name":"admin","image":{"@type":"ImageObject","inLanguage":"it-IT","@id":"https:\/\/secure.gravatar.com\/avatar\/af8f2caf0663124588de48a9380e07cbc95a74ef15b8062d0d39106c32fe3023?s=96&d=mm&r=g","url":"https:\/\/secure.gravatar.com\/avatar\/af8f2caf0663124588de48a9380e07cbc95a74ef15b8062d0d39106c32fe3023?s=96&d=mm&r=g","contentUrl":"https:\/\/secure.gravatar.com\/avatar\/af8f2caf0663124588de48a9380e07cbc95a74ef15b8062d0d39106c32fe3023?s=96&d=mm&r=g","caption":"admin"},"sameAs":["https:\/\/lavocedelpaese.info"],"url":"https:\/\/lavocedelpaese.info\/index.php\/author\/admin\/"}]}},"_links":{"self":[{"href":"https:\/\/lavocedelpaese.info\/index.php\/wp-json\/wp\/v2\/posts\/10699","targetHints":{"allow":["GET"]}}],"collection":[{"href":"https:\/\/lavocedelpaese.info\/index.php\/wp-json\/wp\/v2\/posts"}],"about":[{"href":"https:\/\/lavocedelpaese.info\/index.php\/wp-json\/wp\/v2\/types\/post"}],"author":[{"embeddable":true,"href":"https:\/\/lavocedelpaese.info\/index.php\/wp-json\/wp\/v2\/users\/6"}],"replies":[{"embeddable":true,"href":"https:\/\/lavocedelpaese.info\/index.php\/wp-json\/wp\/v2\/comments?post=10699"}],"version-history":[{"count":0,"href":"https:\/\/lavocedelpaese.info\/index.php\/wp-json\/wp\/v2\/posts\/10699\/revisions"}],"wp:featuredmedia":[{"embeddable":true,"href":"https:\/\/lavocedelpaese.info\/index.php\/wp-json\/wp\/v2\/media\/10700"}],"wp:attachment":[{"href":"https:\/\/lavocedelpaese.info\/index.php\/wp-json\/wp\/v2\/media?parent=10699"}],"wp:term":[{"taxonomy":"category","embeddable":true,"href":"https:\/\/lavocedelpaese.info\/index.php\/wp-json\/wp\/v2\/categories?post=10699"},{"taxonomy":"post_tag","embeddable":true,"href":"https:\/\/lavocedelpaese.info\/index.php\/wp-json\/wp\/v2\/tags?post=10699"}],"curies":[{"name":"wp","href":"https:\/\/api.w.org\/{rel}","templated":true}]}}