{"id":1063,"date":"2023-02-11T09:29:05","date_gmt":"2023-02-11T09:29:05","guid":{"rendered":"https:\/\/lavocedelpaese.info\/index.php\/2023\/02\/11\/giornata-del-malato-gli-appuntamenti-nella-nostra-diocesi\/"},"modified":"2023-02-11T09:29:05","modified_gmt":"2023-02-11T09:29:05","slug":"giornata-del-malato-gli-appuntamenti-nella-nostra-diocesi","status":"publish","type":"post","link":"https:\/\/lavocedelpaese.info\/index.php\/2023\/02\/11\/giornata-del-malato-gli-appuntamenti-nella-nostra-diocesi\/","title":{"rendered":"Giornata del Malato, gli appuntamenti nella nostra Diocesi"},"content":{"rendered":"<p>\u00a0<\/p>\n<p>\u200b\u00a0<\/p>\n<p>\u200bTuri \u2013 La Voce del Paese\u00a0<\/p>\n<p>La diocesi di Conversano-Monopoli si appresta a vivere la Giornata Mondiale del Malato 2023, prevista come ogni anno per il giorno 11 febbraio. <\/p>\n<p>Questa giornata fu istituita il 13 maggio del 1992 per volont\u00e0 dell\u2019allora pontefice Giovanni Paolo II, oggi Santo della Chiesa di Dio, affinch\u00e9 la memoria liturgica della Madonna di Lourdes, che coincide proprio con l\u201911 febbraio, divenisse un momento speciale di preghiera e condivisione per chi vive nella sofferenza. <br \/>Questa decisione del Santo Padre fu presa quando era gi\u00e0 malato, seppur pubblicamente non fosse ancora noto, visto che nel precedente anno gli era stata diagnosticata la malattia di Parkinson, che ha poi caratterizzato e influenzato gli ultimi anni di pontificato.<\/p>\n<p>L\u2019Ufficio di Pastorale della Salute della Diocesi di Conversano- Monopoli \u00e8 al lavoro da diversi mesi per preparare la tradizionale celebrazione eucaristica diocesana, un momento di preghiera intorno alla mensa del Signore per ritrovarsi come comunit\u00e0 e per pregare per tutti i fratelli e sorelle che vivono momenti di sofferenza a causa delle malattie del corpo.<br \/>Per questo 2023, la Santa Messa si svolger\u00e0 <strong>domenica 12 febbraio alle ore 18:00<\/strong> presso la <strong>chiesa Matrice \u201cSan Nicola\u201d di Cisternino <\/strong>(BR) e sar\u00e0 celebrata dal vescovo diocesano S.E. Rev.ma Mons. Giuseppe Favale, alla presenza delle associazioni laiche che operano nelle varie zone pastorali della diocesi.<\/p>\n<div class=\"wp-block-image\">\n<\/div>\n<p>\u201cLa celebrazione della Giornata Mondiale del Malato \u2013 afferma don Biagio Convertini, cappellano degli ospedali di Monopoli e Putignano, nonch\u00e9 direttore dell\u2019Ufficio diocesano di Pastorale della Salute \u2013 \u00e8 un appuntamento a noi molto caro ed \u00e8 il giorno pi\u00f9 importante che viviamo in comunione con la Consulta diocesana della Pastorale della Salute, l\u2019organo di sostegno ai lavori dell\u2019ufficio che vede rappresentate tutte le associazioni che operano nel nostro territorio diocesano, insieme ai ministri straordinari della Comunione, che supportano e aiutano i parroci nel visitare i nostri malati e nel portare loro l\u2019Eucaristia, il dono pi\u00f9 grande che ci ha lasciato nostro Signore prima di sacrificare la Sua vita per tutti noi. <\/p>\n<p>Ogni anno questa celebrazione viene organizzata in un paese diverso della diocesi nella domenica successiva all\u201911 febbraio, per andare incontro a tutti ma soprattutto per sensibilizzare tutte le comunit\u00e0 a non lasciare soli e trascurati chi si trova a vivere una condizione difficile a causa della malattia. <\/p>\n<p>A questo appuntamento \u2013 conclude don Biagio \u2013 seguiranno le visite nei nosocomi della diocesi del nostro vescovo Giuseppe, che sar\u00e0 <strong>mercoled\u00ec 15 febbraio<\/strong> dalle 9 alle 11 presso l\u2019<strong>ospedale \u201cSan Giacomo\u201d di Monopoli<\/strong> e <strong>luned\u00ec 20 febbraio<\/strong> 2023 dalle 9.30 alle 11.30 presso l\u2019<strong>ospedale \u201cSanta Maria degli Angeli\u201d di Putignano.\u201d<\/strong><\/p>\n<p>Per chi non potesse partecipare fisicamente alla celebrazione eucaristica di domenica 12 febbraio, potr\u00e0 seguirla in televisione su \u201cCanale 7\u201d, canale 78 del digitale terrestre, e in diretta streaming sulle pagine Facebook <a href=\"https:\/\/www.facebook.com\/diocesiConversanoMonopoli\" target=\"_blank\" rel=\"noopener\">Diocesi di Conversano-Monopoli<\/a>, <a href=\"https:\/\/www.facebook.com\/profile.php?id=100080361511961\" target=\"_blank\" rel=\"noopener\">Uff. Pastorale della Salute \u2013 diocesi di Conversano-Monopoli<\/a>.<\/p>\n<p><strong><em>Il vicesegretario dell\u2019Ufficio di Pastorale della Salute<br \/>Diocesi di Conversano-Monopoli<br \/>Luigi Nitti<\/em><\/strong><\/p>\n<p><a class=\"a2a_button_facebook\" href=\"https:\/\/www.addtoany.com\/add_to\/facebook?linkurl=https%3A%2F%2Fturi.lavocedelpaese.info%2Fgiornata-del-malato-gli-appuntamenti-nella-nostra-diocesi%2F&amp;linkname=Giornata%20del%20Malato%2C%20gli%20appuntamenti%20nella%20nostra%20Diocesi\" title=\"Facebook\" target=\"_blank\" rel=\"noopener\"><\/a><a class=\"a2a_button_twitter\" href=\"https:\/\/www.addtoany.com\/add_to\/twitter?linkurl=https%3A%2F%2Fturi.lavocedelpaese.info%2Fgiornata-del-malato-gli-appuntamenti-nella-nostra-diocesi%2F&amp;linkname=Giornata%20del%20Malato%2C%20gli%20appuntamenti%20nella%20nostra%20Diocesi\" title=\"Twitter\" target=\"_blank\" rel=\"noopener\"><\/a><a class=\"a2a_button_whatsapp\" href=\"https:\/\/www.addtoany.com\/add_to\/whatsapp?linkurl=https%3A%2F%2Fturi.lavocedelpaese.info%2Fgiornata-del-malato-gli-appuntamenti-nella-nostra-diocesi%2F&amp;linkname=Giornata%20del%20Malato%2C%20gli%20appuntamenti%20nella%20nostra%20Diocesi\" title=\"WhatsApp\" target=\"_blank\" rel=\"noopener\"><\/a><a class=\"a2a_button_telegram\" href=\"https:\/\/www.addtoany.com\/add_to\/telegram?linkurl=https%3A%2F%2Fturi.lavocedelpaese.info%2Fgiornata-del-malato-gli-appuntamenti-nella-nostra-diocesi%2F&amp;linkname=Giornata%20del%20Malato%2C%20gli%20appuntamenti%20nella%20nostra%20Diocesi\" title=\"Telegram\" target=\"_blank\" rel=\"noopener\"><\/a><a class=\"a2a_button_email\" href=\"https:\/\/www.addtoany.com\/add_to\/email?linkurl=https%3A%2F%2Fturi.lavocedelpaese.info%2Fgiornata-del-malato-gli-appuntamenti-nella-nostra-diocesi%2F&amp;linkname=Giornata%20del%20Malato%2C%20gli%20appuntamenti%20nella%20nostra%20Diocesi\" title=\"Email\" target=\"_blank\" rel=\"noopener\"><\/a><\/p>\n<p>\u00a0<\/p>","protected":false},"excerpt":{"rendered":"<p>\u00a0 \u200b\u00a0 \u200bTuri \u2013 La Voce del Paese\u00a0 La diocesi di Conversano-Monopoli si appresta a vivere la Giornata Mondiale del<\/p>\n","protected":false},"author":0,"featured_media":0,"comment_status":"open","ping_status":"closed","sticky":false,"template":"","format":"standard","meta":{"colormag_page_container_layout":"default_layout","colormag_page_sidebar_layout":"default_layout","footnotes":""},"categories":[33],"tags":[],"class_list":["post-1063","post","type-post","status-publish","format-standard","hentry","category-network"],"yoast_head":"<!-- This site is optimized with the Yoast SEO plugin v27.5 - https:\/\/yoast.com\/product\/yoast-seo-wordpress\/ -->\n<title>Giornata del Malato, gli appuntamenti nella nostra Diocesi - La Voce del Paese<\/title>\n<meta name=\"robots\" content=\"index, follow, max-snippet:-1, max-image-preview:large, max-video-preview:-1\" \/>\n<link rel=\"canonical\" href=\"https:\/\/lavocedelpaese.info\/index.php\/2023\/02\/11\/giornata-del-malato-gli-appuntamenti-nella-nostra-diocesi\/\" \/>\n<meta property=\"og:locale\" content=\"it_IT\" \/>\n<meta property=\"og:type\" content=\"article\" \/>\n<meta property=\"og:title\" content=\"Giornata del Malato, gli appuntamenti nella nostra Diocesi - La Voce del Paese\" \/>\n<meta property=\"og:description\" content=\"\u00a0 \u200b\u00a0 \u200bTuri \u2013 La Voce del Paese\u00a0 La diocesi di Conversano-Monopoli si appresta a vivere la Giornata Mondiale del\" \/>\n<meta property=\"og:url\" content=\"https:\/\/lavocedelpaese.info\/index.php\/2023\/02\/11\/giornata-del-malato-gli-appuntamenti-nella-nostra-diocesi\/\" \/>\n<meta property=\"og:site_name\" content=\"La Voce del Paese\" \/>\n<meta property=\"article:publisher\" content=\"https:\/\/www.facebook.com\/lavocedelpaese.info\" \/>\n<meta property=\"article:published_time\" content=\"2023-02-11T09:29:05+00:00\" \/>\n<meta name=\"twitter:card\" content=\"summary_large_image\" \/>\n<meta name=\"twitter:label1\" content=\"Tempo di lettura stimato\" \/>\n\t<meta name=\"twitter:data1\" content=\"2 minuti\" \/>\n<script type=\"application\/ld+json\" class=\"yoast-schema-graph\">{\"@context\":\"https:\\\/\\\/schema.org\",\"@graph\":[{\"@type\":\"Article\",\"@id\":\"https:\\\/\\\/lavocedelpaese.info\\\/index.php\\\/2023\\\/02\\\/11\\\/giornata-del-malato-gli-appuntamenti-nella-nostra-diocesi\\\/#article\",\"isPartOf\":{\"@id\":\"https:\\\/\\\/lavocedelpaese.info\\\/index.php\\\/2023\\\/02\\\/11\\\/giornata-del-malato-gli-appuntamenti-nella-nostra-diocesi\\\/\"},\"author\":{\"name\":\"\",\"@id\":\"\"},\"headline\":\"Giornata del Malato, gli appuntamenti nella nostra Diocesi\",\"datePublished\":\"2023-02-11T09:29:05+00:00\",\"mainEntityOfPage\":{\"@id\":\"https:\\\/\\\/lavocedelpaese.info\\\/index.php\\\/2023\\\/02\\\/11\\\/giornata-del-malato-gli-appuntamenti-nella-nostra-diocesi\\\/\"},\"wordCount\":478,\"commentCount\":0,\"publisher\":{\"@id\":\"https:\\\/\\\/lavocedelpaese.info\\\/#organization\"},\"articleSection\":[\"network\"],\"inLanguage\":\"it-IT\",\"potentialAction\":[{\"@type\":\"CommentAction\",\"name\":\"Comment\",\"target\":[\"https:\\\/\\\/lavocedelpaese.info\\\/index.php\\\/2023\\\/02\\\/11\\\/giornata-del-malato-gli-appuntamenti-nella-nostra-diocesi\\\/#respond\"]}]},{\"@type\":\"WebPage\",\"@id\":\"https:\\\/\\\/lavocedelpaese.info\\\/index.php\\\/2023\\\/02\\\/11\\\/giornata-del-malato-gli-appuntamenti-nella-nostra-diocesi\\\/\",\"url\":\"https:\\\/\\\/lavocedelpaese.info\\\/index.php\\\/2023\\\/02\\\/11\\\/giornata-del-malato-gli-appuntamenti-nella-nostra-diocesi\\\/\",\"name\":\"Giornata del Malato, gli appuntamenti nella nostra Diocesi - La Voce del Paese\",\"isPartOf\":{\"@id\":\"https:\\\/\\\/lavocedelpaese.info\\\/#website\"},\"datePublished\":\"2023-02-11T09:29:05+00:00\",\"breadcrumb\":{\"@id\":\"https:\\\/\\\/lavocedelpaese.info\\\/index.php\\\/2023\\\/02\\\/11\\\/giornata-del-malato-gli-appuntamenti-nella-nostra-diocesi\\\/#breadcrumb\"},\"inLanguage\":\"it-IT\",\"potentialAction\":[{\"@type\":\"ReadAction\",\"target\":[\"https:\\\/\\\/lavocedelpaese.info\\\/index.php\\\/2023\\\/02\\\/11\\\/giornata-del-malato-gli-appuntamenti-nella-nostra-diocesi\\\/\"]}]},{\"@type\":\"BreadcrumbList\",\"@id\":\"https:\\\/\\\/lavocedelpaese.info\\\/index.php\\\/2023\\\/02\\\/11\\\/giornata-del-malato-gli-appuntamenti-nella-nostra-diocesi\\\/#breadcrumb\",\"itemListElement\":[{\"@type\":\"ListItem\",\"position\":1,\"name\":\"Home\",\"item\":\"https:\\\/\\\/lavocedelpaese.info\\\/\"},{\"@type\":\"ListItem\",\"position\":2,\"name\":\"Giornata del Malato, gli appuntamenti nella nostra Diocesi\"}]},{\"@type\":\"WebSite\",\"@id\":\"https:\\\/\\\/lavocedelpaese.info\\\/#website\",\"url\":\"https:\\\/\\\/lavocedelpaese.info\\\/\",\"name\":\"La Voce del Paese\",\"description\":\"Un network di idee\",\"publisher\":{\"@id\":\"https:\\\/\\\/lavocedelpaese.info\\\/#organization\"},\"potentialAction\":[{\"@type\":\"SearchAction\",\"target\":{\"@type\":\"EntryPoint\",\"urlTemplate\":\"https:\\\/\\\/lavocedelpaese.info\\\/?s={search_term_string}\"},\"query-input\":{\"@type\":\"PropertyValueSpecification\",\"valueRequired\":true,\"valueName\":\"search_term_string\"}}],\"inLanguage\":\"it-IT\"},{\"@type\":\"Organization\",\"@id\":\"https:\\\/\\\/lavocedelpaese.info\\\/#organization\",\"name\":\"La Voce del Paese\",\"url\":\"https:\\\/\\\/lavocedelpaese.info\\\/\",\"logo\":{\"@type\":\"ImageObject\",\"inLanguage\":\"it-IT\",\"@id\":\"https:\\\/\\\/lavocedelpaese.info\\\/#\\\/schema\\\/logo\\\/image\\\/\",\"url\":\"https:\\\/\\\/lavocedelpaese.info\\\/wp-content\\\/uploads\\\/2023\\\/01\\\/cropped-logo-150-127.png\",\"contentUrl\":\"https:\\\/\\\/lavocedelpaese.info\\\/wp-content\\\/uploads\\\/2023\\\/01\\\/cropped-logo-150-127.png\",\"width\":137,\"height\":119,\"caption\":\"La Voce del Paese\"},\"image\":{\"@id\":\"https:\\\/\\\/lavocedelpaese.info\\\/#\\\/schema\\\/logo\\\/image\\\/\"},\"sameAs\":[\"https:\\\/\\\/www.facebook.com\\\/lavocedelpaese.info\"]}]}<\/script>\n<!-- \/ Yoast SEO plugin. -->","yoast_head_json":{"title":"Giornata del Malato, gli appuntamenti nella nostra Diocesi - La Voce del Paese","robots":{"index":"index","follow":"follow","max-snippet":"max-snippet:-1","max-image-preview":"max-image-preview:large","max-video-preview":"max-video-preview:-1"},"canonical":"https:\/\/lavocedelpaese.info\/index.php\/2023\/02\/11\/giornata-del-malato-gli-appuntamenti-nella-nostra-diocesi\/","og_locale":"it_IT","og_type":"article","og_title":"Giornata del Malato, gli appuntamenti nella nostra Diocesi - La Voce del Paese","og_description":"\u00a0 \u200b\u00a0 \u200bTuri \u2013 La Voce del Paese\u00a0 La diocesi di Conversano-Monopoli si appresta a vivere la Giornata Mondiale del","og_url":"https:\/\/lavocedelpaese.info\/index.php\/2023\/02\/11\/giornata-del-malato-gli-appuntamenti-nella-nostra-diocesi\/","og_site_name":"La Voce del Paese","article_publisher":"https:\/\/www.facebook.com\/lavocedelpaese.info","article_published_time":"2023-02-11T09:29:05+00:00","twitter_card":"summary_large_image","twitter_misc":{"Tempo di lettura stimato":"2 minuti"},"schema":{"@context":"https:\/\/schema.org","@graph":[{"@type":"Article","@id":"https:\/\/lavocedelpaese.info\/index.php\/2023\/02\/11\/giornata-del-malato-gli-appuntamenti-nella-nostra-diocesi\/#article","isPartOf":{"@id":"https:\/\/lavocedelpaese.info\/index.php\/2023\/02\/11\/giornata-del-malato-gli-appuntamenti-nella-nostra-diocesi\/"},"author":{"name":"","@id":""},"headline":"Giornata del Malato, gli appuntamenti nella nostra Diocesi","datePublished":"2023-02-11T09:29:05+00:00","mainEntityOfPage":{"@id":"https:\/\/lavocedelpaese.info\/index.php\/2023\/02\/11\/giornata-del-malato-gli-appuntamenti-nella-nostra-diocesi\/"},"wordCount":478,"commentCount":0,"publisher":{"@id":"https:\/\/lavocedelpaese.info\/#organization"},"articleSection":["network"],"inLanguage":"it-IT","potentialAction":[{"@type":"CommentAction","name":"Comment","target":["https:\/\/lavocedelpaese.info\/index.php\/2023\/02\/11\/giornata-del-malato-gli-appuntamenti-nella-nostra-diocesi\/#respond"]}]},{"@type":"WebPage","@id":"https:\/\/lavocedelpaese.info\/index.php\/2023\/02\/11\/giornata-del-malato-gli-appuntamenti-nella-nostra-diocesi\/","url":"https:\/\/lavocedelpaese.info\/index.php\/2023\/02\/11\/giornata-del-malato-gli-appuntamenti-nella-nostra-diocesi\/","name":"Giornata del Malato, gli appuntamenti nella nostra Diocesi - La Voce del Paese","isPartOf":{"@id":"https:\/\/lavocedelpaese.info\/#website"},"datePublished":"2023-02-11T09:29:05+00:00","breadcrumb":{"@id":"https:\/\/lavocedelpaese.info\/index.php\/2023\/02\/11\/giornata-del-malato-gli-appuntamenti-nella-nostra-diocesi\/#breadcrumb"},"inLanguage":"it-IT","potentialAction":[{"@type":"ReadAction","target":["https:\/\/lavocedelpaese.info\/index.php\/2023\/02\/11\/giornata-del-malato-gli-appuntamenti-nella-nostra-diocesi\/"]}]},{"@type":"BreadcrumbList","@id":"https:\/\/lavocedelpaese.info\/index.php\/2023\/02\/11\/giornata-del-malato-gli-appuntamenti-nella-nostra-diocesi\/#breadcrumb","itemListElement":[{"@type":"ListItem","position":1,"name":"Home","item":"https:\/\/lavocedelpaese.info\/"},{"@type":"ListItem","position":2,"name":"Giornata del Malato, gli appuntamenti nella nostra Diocesi"}]},{"@type":"WebSite","@id":"https:\/\/lavocedelpaese.info\/#website","url":"https:\/\/lavocedelpaese.info\/","name":"La Voce del Paese","description":"Un network di idee","publisher":{"@id":"https:\/\/lavocedelpaese.info\/#organization"},"potentialAction":[{"@type":"SearchAction","target":{"@type":"EntryPoint","urlTemplate":"https:\/\/lavocedelpaese.info\/?s={search_term_string}"},"query-input":{"@type":"PropertyValueSpecification","valueRequired":true,"valueName":"search_term_string"}}],"inLanguage":"it-IT"},{"@type":"Organization","@id":"https:\/\/lavocedelpaese.info\/#organization","name":"La Voce del Paese","url":"https:\/\/lavocedelpaese.info\/","logo":{"@type":"ImageObject","inLanguage":"it-IT","@id":"https:\/\/lavocedelpaese.info\/#\/schema\/logo\/image\/","url":"https:\/\/lavocedelpaese.info\/wp-content\/uploads\/2023\/01\/cropped-logo-150-127.png","contentUrl":"https:\/\/lavocedelpaese.info\/wp-content\/uploads\/2023\/01\/cropped-logo-150-127.png","width":137,"height":119,"caption":"La Voce del Paese"},"image":{"@id":"https:\/\/lavocedelpaese.info\/#\/schema\/logo\/image\/"},"sameAs":["https:\/\/www.facebook.com\/lavocedelpaese.info"]}]}},"_links":{"self":[{"href":"https:\/\/lavocedelpaese.info\/index.php\/wp-json\/wp\/v2\/posts\/1063","targetHints":{"allow":["GET"]}}],"collection":[{"href":"https:\/\/lavocedelpaese.info\/index.php\/wp-json\/wp\/v2\/posts"}],"about":[{"href":"https:\/\/lavocedelpaese.info\/index.php\/wp-json\/wp\/v2\/types\/post"}],"replies":[{"embeddable":true,"href":"https:\/\/lavocedelpaese.info\/index.php\/wp-json\/wp\/v2\/comments?post=1063"}],"version-history":[{"count":0,"href":"https:\/\/lavocedelpaese.info\/index.php\/wp-json\/wp\/v2\/posts\/1063\/revisions"}],"wp:attachment":[{"href":"https:\/\/lavocedelpaese.info\/index.php\/wp-json\/wp\/v2\/media?parent=1063"}],"wp:term":[{"taxonomy":"category","embeddable":true,"href":"https:\/\/lavocedelpaese.info\/index.php\/wp-json\/wp\/v2\/categories?post=1063"},{"taxonomy":"post_tag","embeddable":true,"href":"https:\/\/lavocedelpaese.info\/index.php\/wp-json\/wp\/v2\/tags?post=1063"}],"curies":[{"name":"wp","href":"https:\/\/api.w.org\/{rel}","templated":true}]}}