{"id":1058,"date":"2023-02-10T19:32:13","date_gmt":"2023-02-10T19:32:13","guid":{"rendered":"https:\/\/lavocedelpaese.info\/index.php\/2023\/02\/10\/presentazione-del-libro-cio-che-non-si-puo-dire\/"},"modified":"2023-02-10T19:32:13","modified_gmt":"2023-02-10T19:32:13","slug":"presentazione-del-libro-cio-che-non-si-puo-dire","status":"publish","type":"post","link":"https:\/\/lavocedelpaese.info\/index.php\/2023\/02\/10\/presentazione-del-libro-cio-che-non-si-puo-dire\/","title":{"rendered":"Presentazione del libro \u201cCi\u00f2 che non si pu\u00f2 dire\u201d"},"content":{"rendered":"<p>\u00a0<\/p>\n<p>\u200b\u00a0<\/p>\n<p>\u200bAcquaviva \u2013 La Voce del Paese\u00a0<\/p>\n<p><strong>Giacomina Giustina dialogher\u00e0 con l\u2019autore Pino Loperfido<\/strong><\/p>\n<p>Sabato 11 febbraio, in sala Angelillo alle 19,00 Pino Loperfido ci racconter\u00e0 \u201cCi\u00f2 che non si pu\u00f2 dire\u201d. Il racconto del Cermis, la strage del 1998 in cui persero la vita 19 persone.<\/p>\n<p>Francesco ha due grandi passioni: i film di Paul Newman e il mare. Ma vive in montagna e \u201cguida\u201d una funivia. La vita per lui \u00e8 una continua lotta con l\u2019insoddisfazione, combattuta in costante equilibrio tra piccole gioie ed enormi, inevitabili delusioni. Un viaggio accidentato alla continua <a><\/a>ricerca di se stesso che si interrompe bruscamente il 3 febbraio 1998, quando un aereo partito dalla base militare U.S.A. di Aviano trancia i cavi della funivia del Cerm\u00ecs, in Trentino. Una cabina precipita nel vuoto causando la morte delle venti persone a bordo. Dall\u2019altra cabina, solitario, Francesco assiste impotente e qualche tempo dopo decide di mettersi a scrivere. \u00c8 un racconto, il suo, ricco di coincidenze, premonizioni e ricordi che parte da un\u2019infanzia segnata da un\u2019altra tragedia e giunge ad una maturit\u00e0 segnata dalla piena consapevolezza del proprio stare al mondo. A fare da spartiacque, lo scellerato volo di quel marted\u00ec di febbraio, \u201cdanno collaterale\u201d di un\u2019ingiustificata prevaricazione militare, emblema di ogni abuso di potere, quasi sempre posto in essere a danno della gente comune. Ma per Francesco quella tragedia non \u00e8 solo un fatto politico, o la conseguenza della stupidit\u00e0 umana. Perch\u00e9 \u00e8 convinto che accanto a questo mondo, tangibile, limitato e oscuro ve ne sia un altro inconosciuto, luminoso e infinito, forse legato a quella che Kant defin\u00ec \u201cmetafisica della natura\u201d. Ecco allora emergere nel romanzo i mondi invisibili, quelli che per il protagonista di questa storia vibrano misteriosi tutt\u2019attorno, offrendo segni e dando corpo alle ombre, specie nella solitudine e nella semplicit\u00e0 d\u2019animo tipiche delle genti di montagna. Racconti tramandati di generazione in generazione che non forniscono prove, ma sanno maledettamente di autentico. Pino Loperfido propone un testo completamente nuovo in cui, accanto ad una ricostruzione quasi giornalistica dei fatti dona al lettore le avventure di un\u2019anima curiosa. Di un uomo destinato a scoprire che l\u2019unica attivit\u00e0 o passione che non delude mai \u00e8 proprio la ricerca delle ragioni per cui tutto sembra destinato, ogni volta, a deludere. L\u2019ingiustizia pu\u00f2 anche piantare il suo vessillo nero, ma misteriose presenze vagano dall\u2019eternit\u00e0 di fianco al viandante. Delle volte basta solo sintonizzarsi con fiducia per riuscire a coglierne le frequenze. Accanto a una ricostruzione quasi giornalistica dei fatti, Pino Loperfido dona al lettore le avventure di un uomo destinato a scoprire che l\u2019unica attivit\u00e0 o passione che non delude mai \u00e8 la ricerca delle ragioni per cui tutto sembra destinato, ogni volta, a deludere. L\u2019ingiustizia pu\u00f2 anche piantare il suo vessillo nero, ma misteriose presenze vagano dall\u2019eternit\u00e0 di fianco al viandante. Delle volte basta solo sintonizzarsi con fiducia per riuscire a coglierne le frequenze.<\/p>\n<p><a class=\"a2a_button_facebook\" href=\"https:\/\/www.addtoany.com\/add_to\/facebook?linkurl=https%3A%2F%2Facquaviva.lavocedelpaese.info%2Findex.php%2F2023%2F02%2F10%2Fpresentazione-del-libro-cio-che-non-si-puo-dire%2F&amp;linkname=Presentazione%20del%20libro%20%E2%80%9CCi%C3%B2%20che%20non%20si%20pu%C3%B2%20dire%E2%80%9D\" title=\"Facebook\" target=\"_blank\" rel=\"noopener\"><\/a><a class=\"a2a_button_twitter\" href=\"https:\/\/www.addtoany.com\/add_to\/twitter?linkurl=https%3A%2F%2Facquaviva.lavocedelpaese.info%2Findex.php%2F2023%2F02%2F10%2Fpresentazione-del-libro-cio-che-non-si-puo-dire%2F&amp;linkname=Presentazione%20del%20libro%20%E2%80%9CCi%C3%B2%20che%20non%20si%20pu%C3%B2%20dire%E2%80%9D\" title=\"Twitter\" target=\"_blank\" rel=\"noopener\"><\/a><a class=\"a2a_button_whatsapp\" href=\"https:\/\/www.addtoany.com\/add_to\/whatsapp?linkurl=https%3A%2F%2Facquaviva.lavocedelpaese.info%2Findex.php%2F2023%2F02%2F10%2Fpresentazione-del-libro-cio-che-non-si-puo-dire%2F&amp;linkname=Presentazione%20del%20libro%20%E2%80%9CCi%C3%B2%20che%20non%20si%20pu%C3%B2%20dire%E2%80%9D\" title=\"WhatsApp\" target=\"_blank\" rel=\"noopener\"><\/a><a class=\"a2a_button_telegram\" href=\"https:\/\/www.addtoany.com\/add_to\/telegram?linkurl=https%3A%2F%2Facquaviva.lavocedelpaese.info%2Findex.php%2F2023%2F02%2F10%2Fpresentazione-del-libro-cio-che-non-si-puo-dire%2F&amp;linkname=Presentazione%20del%20libro%20%E2%80%9CCi%C3%B2%20che%20non%20si%20pu%C3%B2%20dire%E2%80%9D\" title=\"Telegram\" target=\"_blank\" rel=\"noopener\"><\/a><a class=\"a2a_button_email\" href=\"https:\/\/www.addtoany.com\/add_to\/email?linkurl=https%3A%2F%2Facquaviva.lavocedelpaese.info%2Findex.php%2F2023%2F02%2F10%2Fpresentazione-del-libro-cio-che-non-si-puo-dire%2F&amp;linkname=Presentazione%20del%20libro%20%E2%80%9CCi%C3%B2%20che%20non%20si%20pu%C3%B2%20dire%E2%80%9D\" title=\"Email\" target=\"_blank\" rel=\"noopener\"><\/a><\/p>\n<p>\u00a0<\/p>","protected":false},"excerpt":{"rendered":"<p>\u00a0 \u200b\u00a0 \u200bAcquaviva \u2013 La Voce del Paese\u00a0 Giacomina Giustina dialogher\u00e0 con l\u2019autore Pino Loperfido Sabato 11 febbraio, in sala<\/p>\n","protected":false},"author":0,"featured_media":0,"comment_status":"open","ping_status":"closed","sticky":false,"template":"","format":"standard","meta":{"colormag_page_container_layout":"default_layout","colormag_page_sidebar_layout":"default_layout","footnotes":""},"categories":[33],"tags":[],"class_list":["post-1058","post","type-post","status-publish","format-standard","hentry","category-network"],"yoast_head":"<!-- This site is optimized with the Yoast SEO plugin v27.5 - https:\/\/yoast.com\/product\/yoast-seo-wordpress\/ -->\n<title>Presentazione del libro \u201cCi\u00f2 che non si pu\u00f2 dire\u201d - La Voce del Paese<\/title>\n<meta name=\"robots\" content=\"index, follow, max-snippet:-1, max-image-preview:large, max-video-preview:-1\" \/>\n<link rel=\"canonical\" href=\"https:\/\/lavocedelpaese.info\/index.php\/2023\/02\/10\/presentazione-del-libro-cio-che-non-si-puo-dire\/\" \/>\n<meta property=\"og:locale\" content=\"it_IT\" \/>\n<meta property=\"og:type\" content=\"article\" \/>\n<meta property=\"og:title\" content=\"Presentazione del libro \u201cCi\u00f2 che non si pu\u00f2 dire\u201d - La Voce del Paese\" \/>\n<meta property=\"og:description\" content=\"\u00a0 \u200b\u00a0 \u200bAcquaviva \u2013 La Voce del Paese\u00a0 Giacomina Giustina dialogher\u00e0 con l\u2019autore Pino Loperfido Sabato 11 febbraio, in sala\" \/>\n<meta property=\"og:url\" content=\"https:\/\/lavocedelpaese.info\/index.php\/2023\/02\/10\/presentazione-del-libro-cio-che-non-si-puo-dire\/\" \/>\n<meta property=\"og:site_name\" content=\"La Voce del Paese\" \/>\n<meta property=\"article:publisher\" content=\"https:\/\/www.facebook.com\/lavocedelpaese.info\" \/>\n<meta property=\"article:published_time\" content=\"2023-02-10T19:32:13+00:00\" \/>\n<meta name=\"twitter:card\" content=\"summary_large_image\" \/>\n<meta name=\"twitter:label1\" content=\"Tempo di lettura stimato\" \/>\n\t<meta name=\"twitter:data1\" content=\"2 minuti\" \/>\n<script type=\"application\/ld+json\" class=\"yoast-schema-graph\">{\"@context\":\"https:\\\/\\\/schema.org\",\"@graph\":[{\"@type\":\"Article\",\"@id\":\"https:\\\/\\\/lavocedelpaese.info\\\/index.php\\\/2023\\\/02\\\/10\\\/presentazione-del-libro-cio-che-non-si-puo-dire\\\/#article\",\"isPartOf\":{\"@id\":\"https:\\\/\\\/lavocedelpaese.info\\\/index.php\\\/2023\\\/02\\\/10\\\/presentazione-del-libro-cio-che-non-si-puo-dire\\\/\"},\"author\":{\"name\":\"\",\"@id\":\"\"},\"headline\":\"Presentazione del libro \u201cCi\u00f2 che non si pu\u00f2 dire\u201d\",\"datePublished\":\"2023-02-10T19:32:13+00:00\",\"mainEntityOfPage\":{\"@id\":\"https:\\\/\\\/lavocedelpaese.info\\\/index.php\\\/2023\\\/02\\\/10\\\/presentazione-del-libro-cio-che-non-si-puo-dire\\\/\"},\"wordCount\":493,\"commentCount\":0,\"publisher\":{\"@id\":\"https:\\\/\\\/lavocedelpaese.info\\\/#organization\"},\"articleSection\":[\"network\"],\"inLanguage\":\"it-IT\",\"potentialAction\":[{\"@type\":\"CommentAction\",\"name\":\"Comment\",\"target\":[\"https:\\\/\\\/lavocedelpaese.info\\\/index.php\\\/2023\\\/02\\\/10\\\/presentazione-del-libro-cio-che-non-si-puo-dire\\\/#respond\"]}]},{\"@type\":\"WebPage\",\"@id\":\"https:\\\/\\\/lavocedelpaese.info\\\/index.php\\\/2023\\\/02\\\/10\\\/presentazione-del-libro-cio-che-non-si-puo-dire\\\/\",\"url\":\"https:\\\/\\\/lavocedelpaese.info\\\/index.php\\\/2023\\\/02\\\/10\\\/presentazione-del-libro-cio-che-non-si-puo-dire\\\/\",\"name\":\"Presentazione del libro \u201cCi\u00f2 che non si pu\u00f2 dire\u201d - La Voce del Paese\",\"isPartOf\":{\"@id\":\"https:\\\/\\\/lavocedelpaese.info\\\/#website\"},\"datePublished\":\"2023-02-10T19:32:13+00:00\",\"breadcrumb\":{\"@id\":\"https:\\\/\\\/lavocedelpaese.info\\\/index.php\\\/2023\\\/02\\\/10\\\/presentazione-del-libro-cio-che-non-si-puo-dire\\\/#breadcrumb\"},\"inLanguage\":\"it-IT\",\"potentialAction\":[{\"@type\":\"ReadAction\",\"target\":[\"https:\\\/\\\/lavocedelpaese.info\\\/index.php\\\/2023\\\/02\\\/10\\\/presentazione-del-libro-cio-che-non-si-puo-dire\\\/\"]}]},{\"@type\":\"BreadcrumbList\",\"@id\":\"https:\\\/\\\/lavocedelpaese.info\\\/index.php\\\/2023\\\/02\\\/10\\\/presentazione-del-libro-cio-che-non-si-puo-dire\\\/#breadcrumb\",\"itemListElement\":[{\"@type\":\"ListItem\",\"position\":1,\"name\":\"Home\",\"item\":\"https:\\\/\\\/lavocedelpaese.info\\\/\"},{\"@type\":\"ListItem\",\"position\":2,\"name\":\"Presentazione del libro \u201cCi\u00f2 che non si pu\u00f2 dire\u201d\"}]},{\"@type\":\"WebSite\",\"@id\":\"https:\\\/\\\/lavocedelpaese.info\\\/#website\",\"url\":\"https:\\\/\\\/lavocedelpaese.info\\\/\",\"name\":\"La Voce del Paese\",\"description\":\"Un network di idee\",\"publisher\":{\"@id\":\"https:\\\/\\\/lavocedelpaese.info\\\/#organization\"},\"potentialAction\":[{\"@type\":\"SearchAction\",\"target\":{\"@type\":\"EntryPoint\",\"urlTemplate\":\"https:\\\/\\\/lavocedelpaese.info\\\/?s={search_term_string}\"},\"query-input\":{\"@type\":\"PropertyValueSpecification\",\"valueRequired\":true,\"valueName\":\"search_term_string\"}}],\"inLanguage\":\"it-IT\"},{\"@type\":\"Organization\",\"@id\":\"https:\\\/\\\/lavocedelpaese.info\\\/#organization\",\"name\":\"La Voce del Paese\",\"url\":\"https:\\\/\\\/lavocedelpaese.info\\\/\",\"logo\":{\"@type\":\"ImageObject\",\"inLanguage\":\"it-IT\",\"@id\":\"https:\\\/\\\/lavocedelpaese.info\\\/#\\\/schema\\\/logo\\\/image\\\/\",\"url\":\"https:\\\/\\\/lavocedelpaese.info\\\/wp-content\\\/uploads\\\/2023\\\/01\\\/cropped-logo-150-127.png\",\"contentUrl\":\"https:\\\/\\\/lavocedelpaese.info\\\/wp-content\\\/uploads\\\/2023\\\/01\\\/cropped-logo-150-127.png\",\"width\":137,\"height\":119,\"caption\":\"La Voce del Paese\"},\"image\":{\"@id\":\"https:\\\/\\\/lavocedelpaese.info\\\/#\\\/schema\\\/logo\\\/image\\\/\"},\"sameAs\":[\"https:\\\/\\\/www.facebook.com\\\/lavocedelpaese.info\"]}]}<\/script>\n<!-- \/ Yoast SEO plugin. -->","yoast_head_json":{"title":"Presentazione del libro \u201cCi\u00f2 che non si pu\u00f2 dire\u201d - La Voce del Paese","robots":{"index":"index","follow":"follow","max-snippet":"max-snippet:-1","max-image-preview":"max-image-preview:large","max-video-preview":"max-video-preview:-1"},"canonical":"https:\/\/lavocedelpaese.info\/index.php\/2023\/02\/10\/presentazione-del-libro-cio-che-non-si-puo-dire\/","og_locale":"it_IT","og_type":"article","og_title":"Presentazione del libro \u201cCi\u00f2 che non si pu\u00f2 dire\u201d - La Voce del Paese","og_description":"\u00a0 \u200b\u00a0 \u200bAcquaviva \u2013 La Voce del Paese\u00a0 Giacomina Giustina dialogher\u00e0 con l\u2019autore Pino Loperfido Sabato 11 febbraio, in sala","og_url":"https:\/\/lavocedelpaese.info\/index.php\/2023\/02\/10\/presentazione-del-libro-cio-che-non-si-puo-dire\/","og_site_name":"La Voce del Paese","article_publisher":"https:\/\/www.facebook.com\/lavocedelpaese.info","article_published_time":"2023-02-10T19:32:13+00:00","twitter_card":"summary_large_image","twitter_misc":{"Tempo di lettura stimato":"2 minuti"},"schema":{"@context":"https:\/\/schema.org","@graph":[{"@type":"Article","@id":"https:\/\/lavocedelpaese.info\/index.php\/2023\/02\/10\/presentazione-del-libro-cio-che-non-si-puo-dire\/#article","isPartOf":{"@id":"https:\/\/lavocedelpaese.info\/index.php\/2023\/02\/10\/presentazione-del-libro-cio-che-non-si-puo-dire\/"},"author":{"name":"","@id":""},"headline":"Presentazione del libro \u201cCi\u00f2 che non si pu\u00f2 dire\u201d","datePublished":"2023-02-10T19:32:13+00:00","mainEntityOfPage":{"@id":"https:\/\/lavocedelpaese.info\/index.php\/2023\/02\/10\/presentazione-del-libro-cio-che-non-si-puo-dire\/"},"wordCount":493,"commentCount":0,"publisher":{"@id":"https:\/\/lavocedelpaese.info\/#organization"},"articleSection":["network"],"inLanguage":"it-IT","potentialAction":[{"@type":"CommentAction","name":"Comment","target":["https:\/\/lavocedelpaese.info\/index.php\/2023\/02\/10\/presentazione-del-libro-cio-che-non-si-puo-dire\/#respond"]}]},{"@type":"WebPage","@id":"https:\/\/lavocedelpaese.info\/index.php\/2023\/02\/10\/presentazione-del-libro-cio-che-non-si-puo-dire\/","url":"https:\/\/lavocedelpaese.info\/index.php\/2023\/02\/10\/presentazione-del-libro-cio-che-non-si-puo-dire\/","name":"Presentazione del libro \u201cCi\u00f2 che non si pu\u00f2 dire\u201d - La Voce del Paese","isPartOf":{"@id":"https:\/\/lavocedelpaese.info\/#website"},"datePublished":"2023-02-10T19:32:13+00:00","breadcrumb":{"@id":"https:\/\/lavocedelpaese.info\/index.php\/2023\/02\/10\/presentazione-del-libro-cio-che-non-si-puo-dire\/#breadcrumb"},"inLanguage":"it-IT","potentialAction":[{"@type":"ReadAction","target":["https:\/\/lavocedelpaese.info\/index.php\/2023\/02\/10\/presentazione-del-libro-cio-che-non-si-puo-dire\/"]}]},{"@type":"BreadcrumbList","@id":"https:\/\/lavocedelpaese.info\/index.php\/2023\/02\/10\/presentazione-del-libro-cio-che-non-si-puo-dire\/#breadcrumb","itemListElement":[{"@type":"ListItem","position":1,"name":"Home","item":"https:\/\/lavocedelpaese.info\/"},{"@type":"ListItem","position":2,"name":"Presentazione del libro \u201cCi\u00f2 che non si pu\u00f2 dire\u201d"}]},{"@type":"WebSite","@id":"https:\/\/lavocedelpaese.info\/#website","url":"https:\/\/lavocedelpaese.info\/","name":"La Voce del Paese","description":"Un network di idee","publisher":{"@id":"https:\/\/lavocedelpaese.info\/#organization"},"potentialAction":[{"@type":"SearchAction","target":{"@type":"EntryPoint","urlTemplate":"https:\/\/lavocedelpaese.info\/?s={search_term_string}"},"query-input":{"@type":"PropertyValueSpecification","valueRequired":true,"valueName":"search_term_string"}}],"inLanguage":"it-IT"},{"@type":"Organization","@id":"https:\/\/lavocedelpaese.info\/#organization","name":"La Voce del Paese","url":"https:\/\/lavocedelpaese.info\/","logo":{"@type":"ImageObject","inLanguage":"it-IT","@id":"https:\/\/lavocedelpaese.info\/#\/schema\/logo\/image\/","url":"https:\/\/lavocedelpaese.info\/wp-content\/uploads\/2023\/01\/cropped-logo-150-127.png","contentUrl":"https:\/\/lavocedelpaese.info\/wp-content\/uploads\/2023\/01\/cropped-logo-150-127.png","width":137,"height":119,"caption":"La Voce del Paese"},"image":{"@id":"https:\/\/lavocedelpaese.info\/#\/schema\/logo\/image\/"},"sameAs":["https:\/\/www.facebook.com\/lavocedelpaese.info"]}]}},"_links":{"self":[{"href":"https:\/\/lavocedelpaese.info\/index.php\/wp-json\/wp\/v2\/posts\/1058","targetHints":{"allow":["GET"]}}],"collection":[{"href":"https:\/\/lavocedelpaese.info\/index.php\/wp-json\/wp\/v2\/posts"}],"about":[{"href":"https:\/\/lavocedelpaese.info\/index.php\/wp-json\/wp\/v2\/types\/post"}],"replies":[{"embeddable":true,"href":"https:\/\/lavocedelpaese.info\/index.php\/wp-json\/wp\/v2\/comments?post=1058"}],"version-history":[{"count":0,"href":"https:\/\/lavocedelpaese.info\/index.php\/wp-json\/wp\/v2\/posts\/1058\/revisions"}],"wp:attachment":[{"href":"https:\/\/lavocedelpaese.info\/index.php\/wp-json\/wp\/v2\/media?parent=1058"}],"wp:term":[{"taxonomy":"category","embeddable":true,"href":"https:\/\/lavocedelpaese.info\/index.php\/wp-json\/wp\/v2\/categories?post=1058"},{"taxonomy":"post_tag","embeddable":true,"href":"https:\/\/lavocedelpaese.info\/index.php\/wp-json\/wp\/v2\/tags?post=1058"}],"curies":[{"name":"wp","href":"https:\/\/api.w.org\/{rel}","templated":true}]}}