{"id":1056,"date":"2023-02-10T19:32:12","date_gmt":"2023-02-10T19:32:12","guid":{"rendered":"https:\/\/lavocedelpaese.info\/index.php\/2023\/02\/10\/women-in-progress-al-via-il-premio-le-mille-e-una-donna\/"},"modified":"2023-02-10T19:32:12","modified_gmt":"2023-02-10T19:32:12","slug":"women-in-progress-al-via-il-premio-le-mille-e-una-donna","status":"publish","type":"post","link":"https:\/\/lavocedelpaese.info\/index.php\/2023\/02\/10\/women-in-progress-al-via-il-premio-le-mille-e-una-donna\/","title":{"rendered":"\u201cWomen in progress: al via il premio \u201cLe mille e una donna\u201d"},"content":{"rendered":"<p>\u00a0<\/p>\n<p>\u200b\u00a0<\/p>\n<p>\u200bCassano \u2013 La Voce del Paese\u00a0<\/p>\n<p>\u00c8\u00a0 indetto il Premio Internazionale \u201cLe Mille E Una Donna\u201d, la prima delle tre fasi che compongono il progetto \u201cWomen in progress\u201d indetto dall\u2019associazione LeggerEdizioni, progetto realizzato nell\u2019ambito dell\u2019avviso pubblico \u201cFutura. La Puglia per la parit\u00e0\u201d, promosso dal Consiglio regionale della Puglia.<\/p>\n<p>Alla sua 2^ edizione, il contest artistico-letterario torna ad aprirsi ad ogni linguaggio dell\u2019arte per interpretare l\u2019universo femminile nelle sue molteplici sfaccettature, dal lavoro alle relazioni interpersonali, senza trascurare le tematiche sociali, passando dalla disabilit\u00e0 alle solitudini, dalle condizioni di disagio e di disuguaglianza al volontariato, in una societ\u00e0 in continuo cambiamento. L\u2019obiettivo \u00e8 quello di far riflettere sui temi della disparit\u00e0 di genere, della conoscenza e della valorizzazione delle differenze, contro la violenza, promuovendo attraverso l\u2019arte la cultura del rispetto tra uomo e donna, l\u2019uguaglianza di genere e la decostruzione degli stereotipi.<\/p>\n<p>La presidente di LeggerEdizioni Anna Ventricelli ha cos\u00ec illustrato il progetto:<\/p>\n<p>\u00abAbbiamo voluto evidenziare, per il secondo anno consecutivo, la tematica delle pari opportunit\u00e0 dedicando spazio al pensiero ed alla creativit\u00e0 di chiunque vorr\u00e0 parlare dell\u2019universo femminile. Ne \u201cLe Mille E Una Donna\u201d si dar\u00e0 spazio a tutti i punti di vista senza trascurare le solitudini, la marginalit\u00e0 e le discriminazioni con qualunque tipo di espressione artistica: i partecipanti, infatti, potranno partecipare con composizioni musicali, contributi video, racconti, poesie, fotografie, disegni, fumetti, dipinti e sculture. E proprio per dare voce a tutti anche in questa edizione sono stati confermati i due indirizzi \u201cDonne allo specchio\u201d riservato alle voci femminili e \u201cPunti di vista\u201d aperto a tutti senza alcuna distinzione di sorta\u00bb.<\/p>\n<p>Le opere dovranno pervenire, pena l\u2019esclusione, entro domenica 30 aprile 2023 per dar modo alla giuria di selezionare i vincitori che saranno premiati nel mese di luglio.<\/p>\n<p>Per maggiori informazioni e per accedere al regolamento \u00e8 possibile consultare la pagina Facebook LeggerEdizioni ed il sito web<\/p>\n<div class=\"wp-block-embed__wrapper\">\n<a href=\"https:\/\/leggeredizioni.com\/women-in-progress-al-via-il-premio-le-mille-e-una-donna\/\">Women In Progress: al via il premio \u201cLe Mille E Una Donna\u201d<\/a>\n<\/div>\n<p><a class=\"a2a_button_facebook\" href=\"https:\/\/www.addtoany.com\/add_to\/facebook?linkurl=https%3A%2F%2Fcassano.lavocedelpaese.info%2Findex.php%2F2023%2F02%2F10%2Fwomen-in-progress-al-via-il-premio-le-mille-e-una-donna%2F&amp;linkname=%E2%80%9CWomen%20in%20progress%3A%20al%20via%20il%20premio%20%E2%80%9CLe%20mille%20e%20una%20donna%E2%80%9D\" title=\"Facebook\" target=\"_blank\" rel=\"noopener\"><\/a><a class=\"a2a_button_twitter\" href=\"https:\/\/www.addtoany.com\/add_to\/twitter?linkurl=https%3A%2F%2Fcassano.lavocedelpaese.info%2Findex.php%2F2023%2F02%2F10%2Fwomen-in-progress-al-via-il-premio-le-mille-e-una-donna%2F&amp;linkname=%E2%80%9CWomen%20in%20progress%3A%20al%20via%20il%20premio%20%E2%80%9CLe%20mille%20e%20una%20donna%E2%80%9D\" title=\"Twitter\" target=\"_blank\" rel=\"noopener\"><\/a><a class=\"a2a_button_whatsapp\" href=\"https:\/\/www.addtoany.com\/add_to\/whatsapp?linkurl=https%3A%2F%2Fcassano.lavocedelpaese.info%2Findex.php%2F2023%2F02%2F10%2Fwomen-in-progress-al-via-il-premio-le-mille-e-una-donna%2F&amp;linkname=%E2%80%9CWomen%20in%20progress%3A%20al%20via%20il%20premio%20%E2%80%9CLe%20mille%20e%20una%20donna%E2%80%9D\" title=\"WhatsApp\" target=\"_blank\" rel=\"noopener\"><\/a><a class=\"a2a_button_telegram\" href=\"https:\/\/www.addtoany.com\/add_to\/telegram?linkurl=https%3A%2F%2Fcassano.lavocedelpaese.info%2Findex.php%2F2023%2F02%2F10%2Fwomen-in-progress-al-via-il-premio-le-mille-e-una-donna%2F&amp;linkname=%E2%80%9CWomen%20in%20progress%3A%20al%20via%20il%20premio%20%E2%80%9CLe%20mille%20e%20una%20donna%E2%80%9D\" title=\"Telegram\" target=\"_blank\" rel=\"noopener\"><\/a><a class=\"a2a_button_email\" href=\"https:\/\/www.addtoany.com\/add_to\/email?linkurl=https%3A%2F%2Fcassano.lavocedelpaese.info%2Findex.php%2F2023%2F02%2F10%2Fwomen-in-progress-al-via-il-premio-le-mille-e-una-donna%2F&amp;linkname=%E2%80%9CWomen%20in%20progress%3A%20al%20via%20il%20premio%20%E2%80%9CLe%20mille%20e%20una%20donna%E2%80%9D\" title=\"Email\" target=\"_blank\" rel=\"noopener\"><\/a><\/p>\n<p>\u00a0<\/p>","protected":false},"excerpt":{"rendered":"<p>\u00a0 \u200b\u00a0 \u200bCassano \u2013 La Voce del Paese\u00a0 \u00c8\u00a0 indetto il Premio Internazionale \u201cLe Mille E Una Donna\u201d, la prima<\/p>\n","protected":false},"author":0,"featured_media":0,"comment_status":"open","ping_status":"closed","sticky":false,"template":"","format":"standard","meta":{"colormag_page_container_layout":"default_layout","colormag_page_sidebar_layout":"default_layout","footnotes":""},"categories":[33],"tags":[],"class_list":["post-1056","post","type-post","status-publish","format-standard","hentry","category-network"],"yoast_head":"<!-- This site is optimized with the Yoast SEO plugin v27.5 - https:\/\/yoast.com\/product\/yoast-seo-wordpress\/ -->\n<title>\u201cWomen in progress: al via il premio \u201cLe mille e una donna\u201d - La Voce del Paese<\/title>\n<meta name=\"robots\" content=\"index, follow, max-snippet:-1, max-image-preview:large, max-video-preview:-1\" \/>\n<link rel=\"canonical\" href=\"https:\/\/lavocedelpaese.info\/index.php\/2023\/02\/10\/women-in-progress-al-via-il-premio-le-mille-e-una-donna\/\" \/>\n<meta property=\"og:locale\" content=\"it_IT\" \/>\n<meta property=\"og:type\" content=\"article\" \/>\n<meta property=\"og:title\" content=\"\u201cWomen in progress: al via il premio \u201cLe mille e una donna\u201d - La Voce del Paese\" \/>\n<meta property=\"og:description\" content=\"\u00a0 \u200b\u00a0 \u200bCassano \u2013 La Voce del Paese\u00a0 \u00c8\u00a0 indetto il Premio Internazionale \u201cLe Mille E Una Donna\u201d, la prima\" \/>\n<meta property=\"og:url\" content=\"https:\/\/lavocedelpaese.info\/index.php\/2023\/02\/10\/women-in-progress-al-via-il-premio-le-mille-e-una-donna\/\" \/>\n<meta property=\"og:site_name\" content=\"La Voce del Paese\" \/>\n<meta property=\"article:publisher\" content=\"https:\/\/www.facebook.com\/lavocedelpaese.info\" \/>\n<meta property=\"article:published_time\" content=\"2023-02-10T19:32:12+00:00\" \/>\n<meta name=\"twitter:card\" content=\"summary_large_image\" \/>\n<meta name=\"twitter:label1\" content=\"Tempo di lettura stimato\" \/>\n\t<meta name=\"twitter:data1\" content=\"2 minuti\" \/>\n<script type=\"application\/ld+json\" class=\"yoast-schema-graph\">{\"@context\":\"https:\\\/\\\/schema.org\",\"@graph\":[{\"@type\":\"Article\",\"@id\":\"https:\\\/\\\/lavocedelpaese.info\\\/index.php\\\/2023\\\/02\\\/10\\\/women-in-progress-al-via-il-premio-le-mille-e-una-donna\\\/#article\",\"isPartOf\":{\"@id\":\"https:\\\/\\\/lavocedelpaese.info\\\/index.php\\\/2023\\\/02\\\/10\\\/women-in-progress-al-via-il-premio-le-mille-e-una-donna\\\/\"},\"author\":{\"name\":\"\",\"@id\":\"\"},\"headline\":\"\u201cWomen in progress: al via il premio \u201cLe mille e una donna\u201d\",\"datePublished\":\"2023-02-10T19:32:12+00:00\",\"mainEntityOfPage\":{\"@id\":\"https:\\\/\\\/lavocedelpaese.info\\\/index.php\\\/2023\\\/02\\\/10\\\/women-in-progress-al-via-il-premio-le-mille-e-una-donna\\\/\"},\"wordCount\":335,\"commentCount\":0,\"publisher\":{\"@id\":\"https:\\\/\\\/lavocedelpaese.info\\\/#organization\"},\"articleSection\":[\"network\"],\"inLanguage\":\"it-IT\",\"potentialAction\":[{\"@type\":\"CommentAction\",\"name\":\"Comment\",\"target\":[\"https:\\\/\\\/lavocedelpaese.info\\\/index.php\\\/2023\\\/02\\\/10\\\/women-in-progress-al-via-il-premio-le-mille-e-una-donna\\\/#respond\"]}]},{\"@type\":\"WebPage\",\"@id\":\"https:\\\/\\\/lavocedelpaese.info\\\/index.php\\\/2023\\\/02\\\/10\\\/women-in-progress-al-via-il-premio-le-mille-e-una-donna\\\/\",\"url\":\"https:\\\/\\\/lavocedelpaese.info\\\/index.php\\\/2023\\\/02\\\/10\\\/women-in-progress-al-via-il-premio-le-mille-e-una-donna\\\/\",\"name\":\"\u201cWomen in progress: al via il premio \u201cLe mille e una donna\u201d - La Voce del Paese\",\"isPartOf\":{\"@id\":\"https:\\\/\\\/lavocedelpaese.info\\\/#website\"},\"datePublished\":\"2023-02-10T19:32:12+00:00\",\"breadcrumb\":{\"@id\":\"https:\\\/\\\/lavocedelpaese.info\\\/index.php\\\/2023\\\/02\\\/10\\\/women-in-progress-al-via-il-premio-le-mille-e-una-donna\\\/#breadcrumb\"},\"inLanguage\":\"it-IT\",\"potentialAction\":[{\"@type\":\"ReadAction\",\"target\":[\"https:\\\/\\\/lavocedelpaese.info\\\/index.php\\\/2023\\\/02\\\/10\\\/women-in-progress-al-via-il-premio-le-mille-e-una-donna\\\/\"]}]},{\"@type\":\"BreadcrumbList\",\"@id\":\"https:\\\/\\\/lavocedelpaese.info\\\/index.php\\\/2023\\\/02\\\/10\\\/women-in-progress-al-via-il-premio-le-mille-e-una-donna\\\/#breadcrumb\",\"itemListElement\":[{\"@type\":\"ListItem\",\"position\":1,\"name\":\"Home\",\"item\":\"https:\\\/\\\/lavocedelpaese.info\\\/\"},{\"@type\":\"ListItem\",\"position\":2,\"name\":\"\u201cWomen in progress: al via il premio \u201cLe mille e una donna\u201d\"}]},{\"@type\":\"WebSite\",\"@id\":\"https:\\\/\\\/lavocedelpaese.info\\\/#website\",\"url\":\"https:\\\/\\\/lavocedelpaese.info\\\/\",\"name\":\"La Voce del Paese\",\"description\":\"Un network di idee\",\"publisher\":{\"@id\":\"https:\\\/\\\/lavocedelpaese.info\\\/#organization\"},\"potentialAction\":[{\"@type\":\"SearchAction\",\"target\":{\"@type\":\"EntryPoint\",\"urlTemplate\":\"https:\\\/\\\/lavocedelpaese.info\\\/?s={search_term_string}\"},\"query-input\":{\"@type\":\"PropertyValueSpecification\",\"valueRequired\":true,\"valueName\":\"search_term_string\"}}],\"inLanguage\":\"it-IT\"},{\"@type\":\"Organization\",\"@id\":\"https:\\\/\\\/lavocedelpaese.info\\\/#organization\",\"name\":\"La Voce del Paese\",\"url\":\"https:\\\/\\\/lavocedelpaese.info\\\/\",\"logo\":{\"@type\":\"ImageObject\",\"inLanguage\":\"it-IT\",\"@id\":\"https:\\\/\\\/lavocedelpaese.info\\\/#\\\/schema\\\/logo\\\/image\\\/\",\"url\":\"https:\\\/\\\/lavocedelpaese.info\\\/wp-content\\\/uploads\\\/2023\\\/01\\\/cropped-logo-150-127.png\",\"contentUrl\":\"https:\\\/\\\/lavocedelpaese.info\\\/wp-content\\\/uploads\\\/2023\\\/01\\\/cropped-logo-150-127.png\",\"width\":137,\"height\":119,\"caption\":\"La Voce del Paese\"},\"image\":{\"@id\":\"https:\\\/\\\/lavocedelpaese.info\\\/#\\\/schema\\\/logo\\\/image\\\/\"},\"sameAs\":[\"https:\\\/\\\/www.facebook.com\\\/lavocedelpaese.info\"]}]}<\/script>\n<!-- \/ Yoast SEO plugin. -->","yoast_head_json":{"title":"\u201cWomen in progress: al via il premio \u201cLe mille e una donna\u201d - La Voce del Paese","robots":{"index":"index","follow":"follow","max-snippet":"max-snippet:-1","max-image-preview":"max-image-preview:large","max-video-preview":"max-video-preview:-1"},"canonical":"https:\/\/lavocedelpaese.info\/index.php\/2023\/02\/10\/women-in-progress-al-via-il-premio-le-mille-e-una-donna\/","og_locale":"it_IT","og_type":"article","og_title":"\u201cWomen in progress: al via il premio \u201cLe mille e una donna\u201d - La Voce del Paese","og_description":"\u00a0 \u200b\u00a0 \u200bCassano \u2013 La Voce del Paese\u00a0 \u00c8\u00a0 indetto il Premio Internazionale \u201cLe Mille E Una Donna\u201d, la prima","og_url":"https:\/\/lavocedelpaese.info\/index.php\/2023\/02\/10\/women-in-progress-al-via-il-premio-le-mille-e-una-donna\/","og_site_name":"La Voce del Paese","article_publisher":"https:\/\/www.facebook.com\/lavocedelpaese.info","article_published_time":"2023-02-10T19:32:12+00:00","twitter_card":"summary_large_image","twitter_misc":{"Tempo di lettura stimato":"2 minuti"},"schema":{"@context":"https:\/\/schema.org","@graph":[{"@type":"Article","@id":"https:\/\/lavocedelpaese.info\/index.php\/2023\/02\/10\/women-in-progress-al-via-il-premio-le-mille-e-una-donna\/#article","isPartOf":{"@id":"https:\/\/lavocedelpaese.info\/index.php\/2023\/02\/10\/women-in-progress-al-via-il-premio-le-mille-e-una-donna\/"},"author":{"name":"","@id":""},"headline":"\u201cWomen in progress: al via il premio \u201cLe mille e una donna\u201d","datePublished":"2023-02-10T19:32:12+00:00","mainEntityOfPage":{"@id":"https:\/\/lavocedelpaese.info\/index.php\/2023\/02\/10\/women-in-progress-al-via-il-premio-le-mille-e-una-donna\/"},"wordCount":335,"commentCount":0,"publisher":{"@id":"https:\/\/lavocedelpaese.info\/#organization"},"articleSection":["network"],"inLanguage":"it-IT","potentialAction":[{"@type":"CommentAction","name":"Comment","target":["https:\/\/lavocedelpaese.info\/index.php\/2023\/02\/10\/women-in-progress-al-via-il-premio-le-mille-e-una-donna\/#respond"]}]},{"@type":"WebPage","@id":"https:\/\/lavocedelpaese.info\/index.php\/2023\/02\/10\/women-in-progress-al-via-il-premio-le-mille-e-una-donna\/","url":"https:\/\/lavocedelpaese.info\/index.php\/2023\/02\/10\/women-in-progress-al-via-il-premio-le-mille-e-una-donna\/","name":"\u201cWomen in progress: al via il premio \u201cLe mille e una donna\u201d - La Voce del Paese","isPartOf":{"@id":"https:\/\/lavocedelpaese.info\/#website"},"datePublished":"2023-02-10T19:32:12+00:00","breadcrumb":{"@id":"https:\/\/lavocedelpaese.info\/index.php\/2023\/02\/10\/women-in-progress-al-via-il-premio-le-mille-e-una-donna\/#breadcrumb"},"inLanguage":"it-IT","potentialAction":[{"@type":"ReadAction","target":["https:\/\/lavocedelpaese.info\/index.php\/2023\/02\/10\/women-in-progress-al-via-il-premio-le-mille-e-una-donna\/"]}]},{"@type":"BreadcrumbList","@id":"https:\/\/lavocedelpaese.info\/index.php\/2023\/02\/10\/women-in-progress-al-via-il-premio-le-mille-e-una-donna\/#breadcrumb","itemListElement":[{"@type":"ListItem","position":1,"name":"Home","item":"https:\/\/lavocedelpaese.info\/"},{"@type":"ListItem","position":2,"name":"\u201cWomen in progress: al via il premio \u201cLe mille e una donna\u201d"}]},{"@type":"WebSite","@id":"https:\/\/lavocedelpaese.info\/#website","url":"https:\/\/lavocedelpaese.info\/","name":"La Voce del Paese","description":"Un network di idee","publisher":{"@id":"https:\/\/lavocedelpaese.info\/#organization"},"potentialAction":[{"@type":"SearchAction","target":{"@type":"EntryPoint","urlTemplate":"https:\/\/lavocedelpaese.info\/?s={search_term_string}"},"query-input":{"@type":"PropertyValueSpecification","valueRequired":true,"valueName":"search_term_string"}}],"inLanguage":"it-IT"},{"@type":"Organization","@id":"https:\/\/lavocedelpaese.info\/#organization","name":"La Voce del Paese","url":"https:\/\/lavocedelpaese.info\/","logo":{"@type":"ImageObject","inLanguage":"it-IT","@id":"https:\/\/lavocedelpaese.info\/#\/schema\/logo\/image\/","url":"https:\/\/lavocedelpaese.info\/wp-content\/uploads\/2023\/01\/cropped-logo-150-127.png","contentUrl":"https:\/\/lavocedelpaese.info\/wp-content\/uploads\/2023\/01\/cropped-logo-150-127.png","width":137,"height":119,"caption":"La Voce del Paese"},"image":{"@id":"https:\/\/lavocedelpaese.info\/#\/schema\/logo\/image\/"},"sameAs":["https:\/\/www.facebook.com\/lavocedelpaese.info"]}]}},"_links":{"self":[{"href":"https:\/\/lavocedelpaese.info\/index.php\/wp-json\/wp\/v2\/posts\/1056","targetHints":{"allow":["GET"]}}],"collection":[{"href":"https:\/\/lavocedelpaese.info\/index.php\/wp-json\/wp\/v2\/posts"}],"about":[{"href":"https:\/\/lavocedelpaese.info\/index.php\/wp-json\/wp\/v2\/types\/post"}],"replies":[{"embeddable":true,"href":"https:\/\/lavocedelpaese.info\/index.php\/wp-json\/wp\/v2\/comments?post=1056"}],"version-history":[{"count":0,"href":"https:\/\/lavocedelpaese.info\/index.php\/wp-json\/wp\/v2\/posts\/1056\/revisions"}],"wp:attachment":[{"href":"https:\/\/lavocedelpaese.info\/index.php\/wp-json\/wp\/v2\/media?parent=1056"}],"wp:term":[{"taxonomy":"category","embeddable":true,"href":"https:\/\/lavocedelpaese.info\/index.php\/wp-json\/wp\/v2\/categories?post=1056"},{"taxonomy":"post_tag","embeddable":true,"href":"https:\/\/lavocedelpaese.info\/index.php\/wp-json\/wp\/v2\/tags?post=1056"}],"curies":[{"name":"wp","href":"https:\/\/api.w.org\/{rel}","templated":true}]}}