{"id":10535,"date":"2026-02-01T09:14:34","date_gmt":"2026-02-01T09:14:34","guid":{"rendered":"https:\/\/lavocedelpaese.info\/index.php\/2026\/02\/01\/2-febbraio-alla-candelora-si-smontano-i-presepi\/"},"modified":"2026-02-01T09:14:34","modified_gmt":"2026-02-01T09:14:34","slug":"2-febbraio-alla-candelora-si-smontano-i-presepi","status":"publish","type":"post","link":"https:\/\/lavocedelpaese.info\/index.php\/2026\/02\/01\/2-febbraio-alla-candelora-si-smontano-i-presepi\/","title":{"rendered":"2 febbraio, alla Candelora si smontano i presepi\u00a0\u200b"},"content":{"rendered":"<p>\u00a0<\/p>\n<p>\u200b\u00a0<\/p>\n<p>\u200b\u00a0<\/p>\n<p>Il mondo cristiano il\u00a0<strong>2 febbraio,<\/strong>\u00a0a 40 giorni di distanza dal Natale, celebra la\u00a0<strong>\u201c<\/strong><strong>Candelora\u201c,<\/strong>\u00a0cio\u00e8 il giorno della\u00a0<strong>Presentazione di Ges\u00f9\u00a0al Tempio di Gerusalemme<\/strong><strong>\u00a0<\/strong>(Lc 2,22-39).<\/p>\n<p>In quei tempi quando una donna partoriva dovevano passare quaranta giorni dopo il parto poich\u00e9 la\u00a0si riteneva impura:\u00a0dopo questo periodo poteva varcare le porte del Tempio e presentare il figlio alla comunit\u00e0 spirituale, e infatti questo giorno \u00e8 detto anche della \u201c<strong>Purificazione di Maria<\/strong><strong>\u201c.<\/strong><\/p>\n<p>Cos\u00ec il 2 febbraio Ges\u00f9 fu presentato al Tempio, come Luce Divina giunta ad illuminare gli uomini, e\u00a0proprio per tale motivo\u00a0questo giorno si benedicono le candele (da qui il termine Candelora).<\/p>\n<p><strong>Presso le chiese parrocchiali di Cassano le Celebrazioni Eucaristiche si terranno alle ore 18.00 in Chiesa Madre e alle ore 18.30 a \u201csanta Maria delle Grazie: a seguire, lo smontaggio del \u201cPresepe di Magna Inventio\u201d in piazza Moro a cura dell\u2019Associazione \u201cCassianum\u201d.<\/strong><\/p>\n<p>Come molte feste cristiane anche questa ha origini remote. Nella tradizione celtica,\u00a0<strong>la festa di Imbolc<\/strong><strong>,<\/strong>\u00a0segnava il passaggio tra l\u2019inverno e la primavera, cio\u00e8 il momento tra la pi\u00f9 profonda oscurit\u00e0 a quello del risveglio e della luce. Nel mondo romano la\u00a0<strong>Dea Februa<\/strong>, altro nome di Giunone, veniva festeggiata alle calende di febbraio (primo giorno del mese nel calendario romano).<\/p>\n<p>Celebrata gi\u00e0 dall\u2019imperatore Giustiniano, fu adottata a Roma fin dal Settimo secolo, con una processione penitenziale istituita da papa Sergio I (687-701).<\/p>\n<p>In questo giorno si benedicono le candele, simbolo di Cristo \u201cluce per illuminare le genti\u201c, come il bambino Ges\u00f9 venne chiamato dal vecchio Simeone al momento della presentazione, che era prescritta dalla Legge giudaica per i primogeniti maschi.<\/p>\n<p>Nella ruota dell\u2019anno, la Candelora \u00e8 una sorta di porta tra l\u2019inverno, oramai al suo declino, e l\u2019imminente primavera, almeno nell\u2019Italia centro\/settentrionale. \u00c8 il periodo adatto ai riti propiziatori per attirare fecondit\u00e0 e fertilit\u00e0, riti che saranno determinanti per l\u2019annata agricola che sta per cominciare. Questo passaggio contrassegna simbolicamente il transito dall\u2019inverno verso il rinnovamento del cosmo che si esprime con la primavera.<\/p>\n<p>Le origini della Candelora\u00a0vanno ricercate nelle antiche celebrazioni italiche, legate soprattutto alle divinit\u00e0 romane: nella Roma antica il mese di febbraio era un momento contrassegnato dal caos, dal rimescolamento tra vecchio e nuovo e non a caso \u00e8 ancora oggi legato al Carnevale, la festa celebrativa della confusione e del ribaltamento delle regole. Macrobio sosteneva che la parola latina\u00a0februarius\u00a0fosse connessa ai riti purificatori:\u00a0februare\u00a0infatti significa purificare, espiare<\/p>\n<p>La Candelora \u00e8 celebrata ancora oggi in tutto il mondo\u00a0ed \u00e8 accompagnata da numerosi detti e proverbi.\u00a0Secondo la tradizione, i ceri benedetti in questo giorno sono poi conservati in casa dai fedeli e vengono accesi in varie occasioni durante l\u2019anno: per placare l\u2019ira divina, durante violenti temporali, aspettando una persona che non torna o si ritiene in grave pericolo, assistendo un malato\u00a0ed in qualunque momento si avverta\u00a0il bisogno di chiedere l\u2019aiuto divino.<\/p>\n<p>Intorno a questa data, come anche per molte altre, la nostra tradizione storica e popolare ci ha tramandato una serie di detti e proverbi tra cui i pi\u00f9 popolari sono:<\/p>\n<ol class=\"wp-block-list\">\n<li><em>\u201c<\/em><em>Quanno arriva \u2018a Cannelora da vernata simme fora, ma si chiove o m\u00e9na viento, quaranta juorne \u2018e male tiempo<\/em><em>\u201c<\/em>, (\u201cQuando arriva la Candelora dall\u2019inverno siamo fuori, ma se piove o c\u2019\u00e8 il vento ci saranno quaranta giorni di mal tempo\u201d). Senza ombra di dubbio\u00a0\u00e8 il pi\u00f9 popolare \u00a0e fa riferimento al clima e ad una previsione del tempo possibile grazie al giorno della Candelora (nel Napoletano);<\/li>\n<li>\u201c<em>Per la santa Candelora se nevica o se plora dell\u2019inverno siamo fora<\/em>\u201c, un antico proverbio popolare, introdotto dal patriarca di Roma Gelasio intorno all\u2019anno 474 d.C. (nel Lazio);<\/li>\n<li><em>\u201cCannelora , \u2018state dinto, vierno fora\u201d,\u00a0<\/em>(\u201cCandelora, entra l\u2019estate ed esce l\u2019inverno\u201d), per indicare l\u2019avvicinarsi del bel tempo e la fine dell\u2019inverno;<\/li>\n<li><em>4.\u00a0<\/em><a href=\"http:\/\/www.meteoweb.eu\/wp-content\/uploads\/2013\/02\/candelora.jpg\"><\/a><em>\u201cPasqua Epifania tutte le feste porta via. Risponde Candelora: No, ci sono io ancora\u201d).<\/em><\/li>\n<\/ol>\n<p><a class=\"a2a_button_facebook\" href=\"https:\/\/www.addtoany.com\/add_to\/facebook?linkurl=https%3A%2F%2Fcassano.lavocedelpaese.info%2F2-febbraio-alla-candelora-si-smontano-i-presepi%2F&amp;linkname=2%20febbraio%2C%20alla%20Candelora%20si%20smontano%20i%20presepi\" title=\"Facebook\" rel=\"nofollow noopener\" target=\"_blank\"><\/a><a class=\"a2a_button_twitter\" href=\"https:\/\/www.addtoany.com\/add_to\/twitter?linkurl=https%3A%2F%2Fcassano.lavocedelpaese.info%2F2-febbraio-alla-candelora-si-smontano-i-presepi%2F&amp;linkname=2%20febbraio%2C%20alla%20Candelora%20si%20smontano%20i%20presepi\" title=\"Twitter\" rel=\"nofollow noopener\" target=\"_blank\"><\/a><a class=\"a2a_button_whatsapp\" href=\"https:\/\/www.addtoany.com\/add_to\/whatsapp?linkurl=https%3A%2F%2Fcassano.lavocedelpaese.info%2F2-febbraio-alla-candelora-si-smontano-i-presepi%2F&amp;linkname=2%20febbraio%2C%20alla%20Candelora%20si%20smontano%20i%20presepi\" title=\"WhatsApp\" rel=\"nofollow noopener\" target=\"_blank\"><\/a><a class=\"a2a_button_telegram\" href=\"https:\/\/www.addtoany.com\/add_to\/telegram?linkurl=https%3A%2F%2Fcassano.lavocedelpaese.info%2F2-febbraio-alla-candelora-si-smontano-i-presepi%2F&amp;linkname=2%20febbraio%2C%20alla%20Candelora%20si%20smontano%20i%20presepi\" title=\"Telegram\" rel=\"nofollow noopener\" target=\"_blank\"><\/a><a class=\"a2a_button_email\" href=\"https:\/\/www.addtoany.com\/add_to\/email?linkurl=https%3A%2F%2Fcassano.lavocedelpaese.info%2F2-febbraio-alla-candelora-si-smontano-i-presepi%2F&amp;linkname=2%20febbraio%2C%20alla%20Candelora%20si%20smontano%20i%20presepi\" title=\"Email\" rel=\"nofollow noopener\" target=\"_blank\"><\/a><\/p>\n<p>\u00a0<\/p>\n<p>\u00a0<\/p>\n<p>\u200b\u00a0\u00a0\u00a0<\/p>","protected":false},"excerpt":{"rendered":"<p>\u00a0 \u200b\u00a0 \u200b\u00a0 Il mondo cristiano il\u00a02 febbraio,\u00a0a 40 giorni di distanza dal Natale, celebra la\u00a0\u201cCandelora\u201c,\u00a0cio\u00e8 il giorno della\u00a0Presentazione di<\/p>\n","protected":false},"author":6,"featured_media":730,"comment_status":"open","ping_status":"closed","sticky":false,"template":"","format":"standard","meta":{"colormag_page_container_layout":"default_layout","colormag_page_sidebar_layout":"default_layout","footnotes":""},"categories":[33],"tags":[],"class_list":["post-10535","post","type-post","status-publish","format-standard","has-post-thumbnail","hentry","category-network"],"yoast_head":"<!-- This site is optimized with the Yoast SEO plugin v27.5 - https:\/\/yoast.com\/product\/yoast-seo-wordpress\/ -->\n<title>2 febbraio, alla Candelora si smontano i presepi\u00a0\u200b - La Voce del Paese<\/title>\n<meta name=\"robots\" content=\"index, follow, max-snippet:-1, max-image-preview:large, max-video-preview:-1\" \/>\n<link rel=\"canonical\" href=\"https:\/\/lavocedelpaese.info\/index.php\/2026\/02\/01\/2-febbraio-alla-candelora-si-smontano-i-presepi\/\" \/>\n<meta property=\"og:locale\" content=\"it_IT\" \/>\n<meta property=\"og:type\" content=\"article\" \/>\n<meta property=\"og:title\" content=\"2 febbraio, alla Candelora si smontano i presepi\u00a0\u200b - La Voce del Paese\" \/>\n<meta property=\"og:description\" content=\"\u00a0 \u200b\u00a0 \u200b\u00a0 Il mondo cristiano il\u00a02 febbraio,\u00a0a 40 giorni di distanza dal Natale, celebra la\u00a0\u201cCandelora\u201c,\u00a0cio\u00e8 il giorno della\u00a0Presentazione di\" \/>\n<meta property=\"og:url\" content=\"https:\/\/lavocedelpaese.info\/index.php\/2026\/02\/01\/2-febbraio-alla-candelora-si-smontano-i-presepi\/\" \/>\n<meta property=\"og:site_name\" content=\"La Voce del Paese\" \/>\n<meta property=\"article:publisher\" content=\"https:\/\/www.facebook.com\/lavocedelpaese.info\" \/>\n<meta property=\"article:published_time\" content=\"2026-02-01T09:14:34+00:00\" \/>\n<meta name=\"author\" content=\"admin\" \/>\n<meta name=\"twitter:card\" content=\"summary_large_image\" \/>\n<meta name=\"twitter:label1\" content=\"Scritto da\" \/>\n\t<meta name=\"twitter:data1\" content=\"admin\" \/>\n\t<meta name=\"twitter:label2\" content=\"Tempo di lettura stimato\" \/>\n\t<meta name=\"twitter:data2\" content=\"3 minuti\" \/>\n<script type=\"application\/ld+json\" class=\"yoast-schema-graph\">{\"@context\":\"https:\\\/\\\/schema.org\",\"@graph\":[{\"@type\":\"Article\",\"@id\":\"https:\\\/\\\/lavocedelpaese.info\\\/index.php\\\/2026\\\/02\\\/01\\\/2-febbraio-alla-candelora-si-smontano-i-presepi\\\/#article\",\"isPartOf\":{\"@id\":\"https:\\\/\\\/lavocedelpaese.info\\\/index.php\\\/2026\\\/02\\\/01\\\/2-febbraio-alla-candelora-si-smontano-i-presepi\\\/\"},\"author\":{\"name\":\"admin\",\"@id\":\"https:\\\/\\\/lavocedelpaese.info\\\/#\\\/schema\\\/person\\\/ec151d321306bd7591f7a061abf72d88\"},\"headline\":\"2 febbraio, alla Candelora si smontano i presepi\u00a0\u200b\",\"datePublished\":\"2026-02-01T09:14:34+00:00\",\"mainEntityOfPage\":{\"@id\":\"https:\\\/\\\/lavocedelpaese.info\\\/index.php\\\/2026\\\/02\\\/01\\\/2-febbraio-alla-candelora-si-smontano-i-presepi\\\/\"},\"wordCount\":658,\"commentCount\":0,\"publisher\":{\"@id\":\"https:\\\/\\\/lavocedelpaese.info\\\/#organization\"},\"image\":{\"@id\":\"https:\\\/\\\/lavocedelpaese.info\\\/index.php\\\/2026\\\/02\\\/01\\\/2-febbraio-alla-candelora-si-smontano-i-presepi\\\/#primaryimage\"},\"thumbnailUrl\":\"https:\\\/\\\/lavocedelpaese.info\\\/wp-content\\\/uploads\\\/2023\\\/01\\\/logo-150-127.png\",\"articleSection\":[\"network\"],\"inLanguage\":\"it-IT\",\"potentialAction\":[{\"@type\":\"CommentAction\",\"name\":\"Comment\",\"target\":[\"https:\\\/\\\/lavocedelpaese.info\\\/index.php\\\/2026\\\/02\\\/01\\\/2-febbraio-alla-candelora-si-smontano-i-presepi\\\/#respond\"]}]},{\"@type\":\"WebPage\",\"@id\":\"https:\\\/\\\/lavocedelpaese.info\\\/index.php\\\/2026\\\/02\\\/01\\\/2-febbraio-alla-candelora-si-smontano-i-presepi\\\/\",\"url\":\"https:\\\/\\\/lavocedelpaese.info\\\/index.php\\\/2026\\\/02\\\/01\\\/2-febbraio-alla-candelora-si-smontano-i-presepi\\\/\",\"name\":\"2 febbraio, alla Candelora si smontano i presepi\u00a0\u200b - La Voce del Paese\",\"isPartOf\":{\"@id\":\"https:\\\/\\\/lavocedelpaese.info\\\/#website\"},\"primaryImageOfPage\":{\"@id\":\"https:\\\/\\\/lavocedelpaese.info\\\/index.php\\\/2026\\\/02\\\/01\\\/2-febbraio-alla-candelora-si-smontano-i-presepi\\\/#primaryimage\"},\"image\":{\"@id\":\"https:\\\/\\\/lavocedelpaese.info\\\/index.php\\\/2026\\\/02\\\/01\\\/2-febbraio-alla-candelora-si-smontano-i-presepi\\\/#primaryimage\"},\"thumbnailUrl\":\"https:\\\/\\\/lavocedelpaese.info\\\/wp-content\\\/uploads\\\/2023\\\/01\\\/logo-150-127.png\",\"datePublished\":\"2026-02-01T09:14:34+00:00\",\"breadcrumb\":{\"@id\":\"https:\\\/\\\/lavocedelpaese.info\\\/index.php\\\/2026\\\/02\\\/01\\\/2-febbraio-alla-candelora-si-smontano-i-presepi\\\/#breadcrumb\"},\"inLanguage\":\"it-IT\",\"potentialAction\":[{\"@type\":\"ReadAction\",\"target\":[\"https:\\\/\\\/lavocedelpaese.info\\\/index.php\\\/2026\\\/02\\\/01\\\/2-febbraio-alla-candelora-si-smontano-i-presepi\\\/\"]}]},{\"@type\":\"ImageObject\",\"inLanguage\":\"it-IT\",\"@id\":\"https:\\\/\\\/lavocedelpaese.info\\\/index.php\\\/2026\\\/02\\\/01\\\/2-febbraio-alla-candelora-si-smontano-i-presepi\\\/#primaryimage\",\"url\":\"https:\\\/\\\/lavocedelpaese.info\\\/wp-content\\\/uploads\\\/2023\\\/01\\\/logo-150-127.png\",\"contentUrl\":\"https:\\\/\\\/lavocedelpaese.info\\\/wp-content\\\/uploads\\\/2023\\\/01\\\/logo-150-127.png\",\"width\":150,\"height\":127},{\"@type\":\"BreadcrumbList\",\"@id\":\"https:\\\/\\\/lavocedelpaese.info\\\/index.php\\\/2026\\\/02\\\/01\\\/2-febbraio-alla-candelora-si-smontano-i-presepi\\\/#breadcrumb\",\"itemListElement\":[{\"@type\":\"ListItem\",\"position\":1,\"name\":\"Home\",\"item\":\"https:\\\/\\\/lavocedelpaese.info\\\/\"},{\"@type\":\"ListItem\",\"position\":2,\"name\":\"2 febbraio, alla Candelora si smontano i presepi\u00a0\u200b\"}]},{\"@type\":\"WebSite\",\"@id\":\"https:\\\/\\\/lavocedelpaese.info\\\/#website\",\"url\":\"https:\\\/\\\/lavocedelpaese.info\\\/\",\"name\":\"La Voce del Paese\",\"description\":\"Un network di idee\",\"publisher\":{\"@id\":\"https:\\\/\\\/lavocedelpaese.info\\\/#organization\"},\"potentialAction\":[{\"@type\":\"SearchAction\",\"target\":{\"@type\":\"EntryPoint\",\"urlTemplate\":\"https:\\\/\\\/lavocedelpaese.info\\\/?s={search_term_string}\"},\"query-input\":{\"@type\":\"PropertyValueSpecification\",\"valueRequired\":true,\"valueName\":\"search_term_string\"}}],\"inLanguage\":\"it-IT\"},{\"@type\":\"Organization\",\"@id\":\"https:\\\/\\\/lavocedelpaese.info\\\/#organization\",\"name\":\"La Voce del Paese\",\"url\":\"https:\\\/\\\/lavocedelpaese.info\\\/\",\"logo\":{\"@type\":\"ImageObject\",\"inLanguage\":\"it-IT\",\"@id\":\"https:\\\/\\\/lavocedelpaese.info\\\/#\\\/schema\\\/logo\\\/image\\\/\",\"url\":\"https:\\\/\\\/lavocedelpaese.info\\\/wp-content\\\/uploads\\\/2023\\\/01\\\/cropped-logo-150-127.png\",\"contentUrl\":\"https:\\\/\\\/lavocedelpaese.info\\\/wp-content\\\/uploads\\\/2023\\\/01\\\/cropped-logo-150-127.png\",\"width\":137,\"height\":119,\"caption\":\"La Voce del Paese\"},\"image\":{\"@id\":\"https:\\\/\\\/lavocedelpaese.info\\\/#\\\/schema\\\/logo\\\/image\\\/\"},\"sameAs\":[\"https:\\\/\\\/www.facebook.com\\\/lavocedelpaese.info\"]},{\"@type\":\"Person\",\"@id\":\"https:\\\/\\\/lavocedelpaese.info\\\/#\\\/schema\\\/person\\\/ec151d321306bd7591f7a061abf72d88\",\"name\":\"admin\",\"image\":{\"@type\":\"ImageObject\",\"inLanguage\":\"it-IT\",\"@id\":\"https:\\\/\\\/secure.gravatar.com\\\/avatar\\\/af8f2caf0663124588de48a9380e07cbc95a74ef15b8062d0d39106c32fe3023?s=96&d=mm&r=g\",\"url\":\"https:\\\/\\\/secure.gravatar.com\\\/avatar\\\/af8f2caf0663124588de48a9380e07cbc95a74ef15b8062d0d39106c32fe3023?s=96&d=mm&r=g\",\"contentUrl\":\"https:\\\/\\\/secure.gravatar.com\\\/avatar\\\/af8f2caf0663124588de48a9380e07cbc95a74ef15b8062d0d39106c32fe3023?s=96&d=mm&r=g\",\"caption\":\"admin\"},\"sameAs\":[\"https:\\\/\\\/lavocedelpaese.info\"],\"url\":\"https:\\\/\\\/lavocedelpaese.info\\\/index.php\\\/author\\\/admin\\\/\"}]}<\/script>\n<!-- \/ Yoast SEO plugin. -->","yoast_head_json":{"title":"2 febbraio, alla Candelora si smontano i presepi\u00a0\u200b - La Voce del Paese","robots":{"index":"index","follow":"follow","max-snippet":"max-snippet:-1","max-image-preview":"max-image-preview:large","max-video-preview":"max-video-preview:-1"},"canonical":"https:\/\/lavocedelpaese.info\/index.php\/2026\/02\/01\/2-febbraio-alla-candelora-si-smontano-i-presepi\/","og_locale":"it_IT","og_type":"article","og_title":"2 febbraio, alla Candelora si smontano i presepi\u00a0\u200b - La Voce del Paese","og_description":"\u00a0 \u200b\u00a0 \u200b\u00a0 Il mondo cristiano il\u00a02 febbraio,\u00a0a 40 giorni di distanza dal Natale, celebra la\u00a0\u201cCandelora\u201c,\u00a0cio\u00e8 il giorno della\u00a0Presentazione di","og_url":"https:\/\/lavocedelpaese.info\/index.php\/2026\/02\/01\/2-febbraio-alla-candelora-si-smontano-i-presepi\/","og_site_name":"La Voce del Paese","article_publisher":"https:\/\/www.facebook.com\/lavocedelpaese.info","article_published_time":"2026-02-01T09:14:34+00:00","author":"admin","twitter_card":"summary_large_image","twitter_misc":{"Scritto da":"admin","Tempo di lettura stimato":"3 minuti"},"schema":{"@context":"https:\/\/schema.org","@graph":[{"@type":"Article","@id":"https:\/\/lavocedelpaese.info\/index.php\/2026\/02\/01\/2-febbraio-alla-candelora-si-smontano-i-presepi\/#article","isPartOf":{"@id":"https:\/\/lavocedelpaese.info\/index.php\/2026\/02\/01\/2-febbraio-alla-candelora-si-smontano-i-presepi\/"},"author":{"name":"admin","@id":"https:\/\/lavocedelpaese.info\/#\/schema\/person\/ec151d321306bd7591f7a061abf72d88"},"headline":"2 febbraio, alla Candelora si smontano i presepi\u00a0\u200b","datePublished":"2026-02-01T09:14:34+00:00","mainEntityOfPage":{"@id":"https:\/\/lavocedelpaese.info\/index.php\/2026\/02\/01\/2-febbraio-alla-candelora-si-smontano-i-presepi\/"},"wordCount":658,"commentCount":0,"publisher":{"@id":"https:\/\/lavocedelpaese.info\/#organization"},"image":{"@id":"https:\/\/lavocedelpaese.info\/index.php\/2026\/02\/01\/2-febbraio-alla-candelora-si-smontano-i-presepi\/#primaryimage"},"thumbnailUrl":"https:\/\/lavocedelpaese.info\/wp-content\/uploads\/2023\/01\/logo-150-127.png","articleSection":["network"],"inLanguage":"it-IT","potentialAction":[{"@type":"CommentAction","name":"Comment","target":["https:\/\/lavocedelpaese.info\/index.php\/2026\/02\/01\/2-febbraio-alla-candelora-si-smontano-i-presepi\/#respond"]}]},{"@type":"WebPage","@id":"https:\/\/lavocedelpaese.info\/index.php\/2026\/02\/01\/2-febbraio-alla-candelora-si-smontano-i-presepi\/","url":"https:\/\/lavocedelpaese.info\/index.php\/2026\/02\/01\/2-febbraio-alla-candelora-si-smontano-i-presepi\/","name":"2 febbraio, alla Candelora si smontano i presepi\u00a0\u200b - La Voce del Paese","isPartOf":{"@id":"https:\/\/lavocedelpaese.info\/#website"},"primaryImageOfPage":{"@id":"https:\/\/lavocedelpaese.info\/index.php\/2026\/02\/01\/2-febbraio-alla-candelora-si-smontano-i-presepi\/#primaryimage"},"image":{"@id":"https:\/\/lavocedelpaese.info\/index.php\/2026\/02\/01\/2-febbraio-alla-candelora-si-smontano-i-presepi\/#primaryimage"},"thumbnailUrl":"https:\/\/lavocedelpaese.info\/wp-content\/uploads\/2023\/01\/logo-150-127.png","datePublished":"2026-02-01T09:14:34+00:00","breadcrumb":{"@id":"https:\/\/lavocedelpaese.info\/index.php\/2026\/02\/01\/2-febbraio-alla-candelora-si-smontano-i-presepi\/#breadcrumb"},"inLanguage":"it-IT","potentialAction":[{"@type":"ReadAction","target":["https:\/\/lavocedelpaese.info\/index.php\/2026\/02\/01\/2-febbraio-alla-candelora-si-smontano-i-presepi\/"]}]},{"@type":"ImageObject","inLanguage":"it-IT","@id":"https:\/\/lavocedelpaese.info\/index.php\/2026\/02\/01\/2-febbraio-alla-candelora-si-smontano-i-presepi\/#primaryimage","url":"https:\/\/lavocedelpaese.info\/wp-content\/uploads\/2023\/01\/logo-150-127.png","contentUrl":"https:\/\/lavocedelpaese.info\/wp-content\/uploads\/2023\/01\/logo-150-127.png","width":150,"height":127},{"@type":"BreadcrumbList","@id":"https:\/\/lavocedelpaese.info\/index.php\/2026\/02\/01\/2-febbraio-alla-candelora-si-smontano-i-presepi\/#breadcrumb","itemListElement":[{"@type":"ListItem","position":1,"name":"Home","item":"https:\/\/lavocedelpaese.info\/"},{"@type":"ListItem","position":2,"name":"2 febbraio, alla Candelora si smontano i presepi\u00a0\u200b"}]},{"@type":"WebSite","@id":"https:\/\/lavocedelpaese.info\/#website","url":"https:\/\/lavocedelpaese.info\/","name":"La Voce del Paese","description":"Un network di idee","publisher":{"@id":"https:\/\/lavocedelpaese.info\/#organization"},"potentialAction":[{"@type":"SearchAction","target":{"@type":"EntryPoint","urlTemplate":"https:\/\/lavocedelpaese.info\/?s={search_term_string}"},"query-input":{"@type":"PropertyValueSpecification","valueRequired":true,"valueName":"search_term_string"}}],"inLanguage":"it-IT"},{"@type":"Organization","@id":"https:\/\/lavocedelpaese.info\/#organization","name":"La Voce del Paese","url":"https:\/\/lavocedelpaese.info\/","logo":{"@type":"ImageObject","inLanguage":"it-IT","@id":"https:\/\/lavocedelpaese.info\/#\/schema\/logo\/image\/","url":"https:\/\/lavocedelpaese.info\/wp-content\/uploads\/2023\/01\/cropped-logo-150-127.png","contentUrl":"https:\/\/lavocedelpaese.info\/wp-content\/uploads\/2023\/01\/cropped-logo-150-127.png","width":137,"height":119,"caption":"La Voce del Paese"},"image":{"@id":"https:\/\/lavocedelpaese.info\/#\/schema\/logo\/image\/"},"sameAs":["https:\/\/www.facebook.com\/lavocedelpaese.info"]},{"@type":"Person","@id":"https:\/\/lavocedelpaese.info\/#\/schema\/person\/ec151d321306bd7591f7a061abf72d88","name":"admin","image":{"@type":"ImageObject","inLanguage":"it-IT","@id":"https:\/\/secure.gravatar.com\/avatar\/af8f2caf0663124588de48a9380e07cbc95a74ef15b8062d0d39106c32fe3023?s=96&d=mm&r=g","url":"https:\/\/secure.gravatar.com\/avatar\/af8f2caf0663124588de48a9380e07cbc95a74ef15b8062d0d39106c32fe3023?s=96&d=mm&r=g","contentUrl":"https:\/\/secure.gravatar.com\/avatar\/af8f2caf0663124588de48a9380e07cbc95a74ef15b8062d0d39106c32fe3023?s=96&d=mm&r=g","caption":"admin"},"sameAs":["https:\/\/lavocedelpaese.info"],"url":"https:\/\/lavocedelpaese.info\/index.php\/author\/admin\/"}]}},"_links":{"self":[{"href":"https:\/\/lavocedelpaese.info\/index.php\/wp-json\/wp\/v2\/posts\/10535","targetHints":{"allow":["GET"]}}],"collection":[{"href":"https:\/\/lavocedelpaese.info\/index.php\/wp-json\/wp\/v2\/posts"}],"about":[{"href":"https:\/\/lavocedelpaese.info\/index.php\/wp-json\/wp\/v2\/types\/post"}],"author":[{"embeddable":true,"href":"https:\/\/lavocedelpaese.info\/index.php\/wp-json\/wp\/v2\/users\/6"}],"replies":[{"embeddable":true,"href":"https:\/\/lavocedelpaese.info\/index.php\/wp-json\/wp\/v2\/comments?post=10535"}],"version-history":[{"count":0,"href":"https:\/\/lavocedelpaese.info\/index.php\/wp-json\/wp\/v2\/posts\/10535\/revisions"}],"wp:featuredmedia":[{"embeddable":true,"href":"https:\/\/lavocedelpaese.info\/index.php\/wp-json\/wp\/v2\/media\/730"}],"wp:attachment":[{"href":"https:\/\/lavocedelpaese.info\/index.php\/wp-json\/wp\/v2\/media?parent=10535"}],"wp:term":[{"taxonomy":"category","embeddable":true,"href":"https:\/\/lavocedelpaese.info\/index.php\/wp-json\/wp\/v2\/categories?post=10535"},{"taxonomy":"post_tag","embeddable":true,"href":"https:\/\/lavocedelpaese.info\/index.php\/wp-json\/wp\/v2\/tags?post=10535"}],"curies":[{"name":"wp","href":"https:\/\/api.w.org\/{rel}","templated":true}]}}