{"id":10534,"date":"2026-02-01T09:14:34","date_gmt":"2026-02-01T09:14:34","guid":{"rendered":"https:\/\/lavocedelpaese.info\/index.php\/2026\/02\/01\/in-ricordo-del-professor-antonio-giordano-nel-primo-anniversario-della-sua-scomparsa\/"},"modified":"2026-02-01T09:14:34","modified_gmt":"2026-02-01T09:14:34","slug":"in-ricordo-del-professor-antonio-giordano-nel-primo-anniversario-della-sua-scomparsa","status":"publish","type":"post","link":"https:\/\/lavocedelpaese.info\/index.php\/2026\/02\/01\/in-ricordo-del-professor-antonio-giordano-nel-primo-anniversario-della-sua-scomparsa\/","title":{"rendered":"In ricordo del professor Antonio Giordano nel primo anniversario della sua scomparsa\u00a0\u200b"},"content":{"rendered":"<p>\u00a0<\/p>\n<p>\u200b\u00a0<\/p>\n<p>\u200b\u00a0<\/p>\n<p><strong><em>\u201c<\/em><\/strong><em>E\u2019 passato un anno e vogliamo ricordare la gioia e l\u2019allegria che ha portato nelle nostre vite, amando ciascuno di noi esageratamente, a modo suo, come solo lui sapeva fare\u201d<\/em><\/p>\n<p>Con queste parole contenute in una lettera indirizzata alla nostra redazione, la famiglia Giordano \u2013 composta dalla moglie Giovanna Tunzi, dai nipoti Antonio e Alessandro, dai figli Rocco e Margherita e dai rispettivi coniugi \u2013 vuole ricordare il compianto marito, nonno e padre esemplare che, nella notte dello scorso 2 febbraio 2025, all\u2019et\u00e0 di 81 anni, \u00e8 spirato, lasciando il mondo della cultura cassanese in un profondo lutto.<\/p>\n<p>Docente, giornalista, scrittore e saggista, Tonino Giordano \u00e8 stato uno studioso, appassionato di storia locale che \u2013 con la sua devozione al paese che gli ha dato i natali \u2013 ha contribuito in maniera significativa alla valorizzazione e alla divulgazione del patrimonio storico e identitario di Cassano delle Murge e della collettivit\u00e0.<\/p>\n<p>Antonio Giordano, personalit\u00e0 di spicco del panorama culturale cassanese, si \u00e8 laureato all\u2019Universit\u00e0 degli Studi di Bari Aldo Moro, dov\u2019\u00e8 stato, dapprima, assistente del professor Gaetano Santomauro all\u2019Istituto di Pedagogia della Facolt\u00e0 di Magistero.<\/p>\n<p>Docente ordinario di Italiano e Storia negli Istituti Superiori e Dirigente Scolastico, dal 1978 \u00e8 stato iscritto all\u2019Ordine dei Giornalisti della Puglia \u2013 elenco Pubblicisti \u2013 ed \u00e8 stato direttore responsabile del periodico d\u2019informazione dell\u2019amministrazione comunale di Cassano delle Murge, \u201cIl Pellicano\u201d e della testata giornalistica \u201cIdea Radio\u201d.<\/p>\n<p>Tra le pubblicazioni del professor Giordano \u2013 docente di Fondamenti e Didattica della Storia presso l\u2019Universit\u00e0 degli Studi Aldo Moro di Bari-Taranto \u2013 ricordiamo: \u201cNel nome di Maria\u201d (Messaggi Editori, 2000), \u201cIo sto con i Savoia. Pagine di storie d\u2019Italia 1919-1946\u201d (Messaggi Edizioni, 2001), \u201c1943. La storia negata\u201d (Ed. Schena, 2005), \u201cEbrei, Processo alla storia\u201d (Ed. Schena 2005), \u201cCassano delle Murge \u2013 Paese Mariano\u201d (Di Canosa Ed., 2006), \u201cResistenze scomode \u2013 Via del Salvatino\u2026e oltre\u201d (Levante, 2009), \u201cIl bandito Servodio\u201d (Messaggi Edizioni, 2010), \u201cIl delitto Galietti\u201d (Ed. Laterza s.r.l., 2011), \u201cTutti assolti\u201d (Messaggi Edizioni, 2013), \u201cLe Vigne della Piazza\u201d (Messaggi Edizioni, 2013), \u201cLettere dal lager\u201d (Di Canosa Stampa Editoriale, 2014), \u201cLa concezione della vita. Dai grandi pensatori a Cristo\u201d (Di Canosa Stampa Editoriale, 2014) ed altre stampe a cura dell\u2019autore tra le quali si annoverano il romanzo breve \u201cLa Signora in pizzo nero\u201d, \u201cI luoghi della memoria\u201d e \u201cIl mio Sud\u201d.<\/p>\n<p>Il compianto prof. Giordano \u00e8, altres\u00ec, ricordato per i riconoscimenti conferiti: tra questi vi \u00e8 il titolo di \u201cAccademico di Lusso\u201d riconosciuto, in data 28 luglio 2009, dall\u2019Accademia Internazionale dei \u201cMicenei\u201d.<\/p>\n<p>Il prof. Tonino Giordano, che spesso ha collaborato anche con la Redazione de La Voce del Paese, \u00e8 ancor\u2019 oggi \u2013 ad un anno dalla sua scomparsa \u2013 riconosciuto come uno dei pilastri della cultura e dei maggiori conoscitori della storia locale nelle diverse epoche.<\/p>\n<p>Devoto all\u2019attivit\u00e0 di ricerca meticolosa e di divulgazione storica, il professor Tonino Giordano si \u00e8 spento poco dopo aver apposto la parola \u201cFine\u201d alla sua ultima opera, ormai \u201cpostuma\u201d e non ancora pubblicata, dedicata agli studi da lui condotti sul brigantaggio nel Sud in et\u00e0 post-unitaria.<\/p>\n<p>Cassano delle Murge resta grato al professor Antonio Giordano per la grande eredit\u00e0 culturale che ha trasmesso alla collettivit\u00e0, portando alla luce le radici pi\u00f9 profonde della storia e della cultura del nostro paese.<\/p>\n<p><strong>Questa sera \u2013 1\u00b0 febbraio \u2013 il prof. Giordano sar\u00e0 ricordato nella Messa vespertina delle ore 18.30 in Chiesa Madre.<\/strong><\/p>\n<p><a class=\"a2a_button_facebook\" href=\"https:\/\/www.addtoany.com\/add_to\/facebook?linkurl=https%3A%2F%2Fcassano.lavocedelpaese.info%2Fin-ricordo-del-professor-antonio-giordano-nel-primo-anniversario-della-sua-scomparsa%2F&amp;linkname=In%20ricordo%20del%20professor%20Antonio%20Giordano%20nel%20primo%20anniversario%20della%20sua%20scomparsa\" title=\"Facebook\" rel=\"nofollow noopener\" target=\"_blank\"><\/a><a class=\"a2a_button_twitter\" href=\"https:\/\/www.addtoany.com\/add_to\/twitter?linkurl=https%3A%2F%2Fcassano.lavocedelpaese.info%2Fin-ricordo-del-professor-antonio-giordano-nel-primo-anniversario-della-sua-scomparsa%2F&amp;linkname=In%20ricordo%20del%20professor%20Antonio%20Giordano%20nel%20primo%20anniversario%20della%20sua%20scomparsa\" title=\"Twitter\" rel=\"nofollow noopener\" target=\"_blank\"><\/a><a class=\"a2a_button_whatsapp\" href=\"https:\/\/www.addtoany.com\/add_to\/whatsapp?linkurl=https%3A%2F%2Fcassano.lavocedelpaese.info%2Fin-ricordo-del-professor-antonio-giordano-nel-primo-anniversario-della-sua-scomparsa%2F&amp;linkname=In%20ricordo%20del%20professor%20Antonio%20Giordano%20nel%20primo%20anniversario%20della%20sua%20scomparsa\" title=\"WhatsApp\" rel=\"nofollow noopener\" target=\"_blank\"><\/a><a class=\"a2a_button_telegram\" href=\"https:\/\/www.addtoany.com\/add_to\/telegram?linkurl=https%3A%2F%2Fcassano.lavocedelpaese.info%2Fin-ricordo-del-professor-antonio-giordano-nel-primo-anniversario-della-sua-scomparsa%2F&amp;linkname=In%20ricordo%20del%20professor%20Antonio%20Giordano%20nel%20primo%20anniversario%20della%20sua%20scomparsa\" title=\"Telegram\" rel=\"nofollow noopener\" target=\"_blank\"><\/a><a class=\"a2a_button_email\" href=\"https:\/\/www.addtoany.com\/add_to\/email?linkurl=https%3A%2F%2Fcassano.lavocedelpaese.info%2Fin-ricordo-del-professor-antonio-giordano-nel-primo-anniversario-della-sua-scomparsa%2F&amp;linkname=In%20ricordo%20del%20professor%20Antonio%20Giordano%20nel%20primo%20anniversario%20della%20sua%20scomparsa\" title=\"Email\" rel=\"nofollow noopener\" target=\"_blank\"><\/a><\/p>\n<p>\u00a0<\/p>\n<p>\u00a0<\/p>\n<p>\u200b\u00a0\u00a0\u00a0<\/p>","protected":false},"excerpt":{"rendered":"<p>\u00a0 \u200b\u00a0 \u200b\u00a0 \u201cE\u2019 passato un anno e vogliamo ricordare la gioia e l\u2019allegria che ha portato nelle nostre vite,<\/p>\n","protected":false},"author":6,"featured_media":730,"comment_status":"open","ping_status":"closed","sticky":false,"template":"","format":"standard","meta":{"colormag_page_container_layout":"default_layout","colormag_page_sidebar_layout":"default_layout","footnotes":""},"categories":[33],"tags":[],"class_list":["post-10534","post","type-post","status-publish","format-standard","has-post-thumbnail","hentry","category-network"],"yoast_head":"<!-- This site is optimized with the Yoast SEO plugin v27.5 - https:\/\/yoast.com\/product\/yoast-seo-wordpress\/ -->\n<title>In ricordo del professor Antonio Giordano nel primo anniversario della sua scomparsa\u00a0\u200b - La Voce del Paese<\/title>\n<meta name=\"robots\" content=\"index, follow, max-snippet:-1, max-image-preview:large, max-video-preview:-1\" \/>\n<link rel=\"canonical\" href=\"https:\/\/lavocedelpaese.info\/index.php\/2026\/02\/01\/in-ricordo-del-professor-antonio-giordano-nel-primo-anniversario-della-sua-scomparsa\/\" \/>\n<meta property=\"og:locale\" content=\"it_IT\" \/>\n<meta property=\"og:type\" content=\"article\" \/>\n<meta property=\"og:title\" content=\"In ricordo del professor Antonio Giordano nel primo anniversario della sua scomparsa\u00a0\u200b - La Voce del Paese\" \/>\n<meta property=\"og:description\" content=\"\u00a0 \u200b\u00a0 \u200b\u00a0 \u201cE\u2019 passato un anno e vogliamo ricordare la gioia e l\u2019allegria che ha portato nelle nostre vite,\" \/>\n<meta property=\"og:url\" content=\"https:\/\/lavocedelpaese.info\/index.php\/2026\/02\/01\/in-ricordo-del-professor-antonio-giordano-nel-primo-anniversario-della-sua-scomparsa\/\" \/>\n<meta property=\"og:site_name\" content=\"La Voce del Paese\" \/>\n<meta property=\"article:publisher\" content=\"https:\/\/www.facebook.com\/lavocedelpaese.info\" \/>\n<meta property=\"article:published_time\" content=\"2026-02-01T09:14:34+00:00\" \/>\n<meta name=\"author\" content=\"admin\" \/>\n<meta name=\"twitter:card\" content=\"summary_large_image\" \/>\n<meta name=\"twitter:label1\" content=\"Scritto da\" \/>\n\t<meta name=\"twitter:data1\" content=\"admin\" \/>\n\t<meta name=\"twitter:label2\" content=\"Tempo di lettura stimato\" \/>\n\t<meta name=\"twitter:data2\" content=\"3 minuti\" \/>\n<script type=\"application\/ld+json\" class=\"yoast-schema-graph\">{\"@context\":\"https:\\\/\\\/schema.org\",\"@graph\":[{\"@type\":\"Article\",\"@id\":\"https:\\\/\\\/lavocedelpaese.info\\\/index.php\\\/2026\\\/02\\\/01\\\/in-ricordo-del-professor-antonio-giordano-nel-primo-anniversario-della-sua-scomparsa\\\/#article\",\"isPartOf\":{\"@id\":\"https:\\\/\\\/lavocedelpaese.info\\\/index.php\\\/2026\\\/02\\\/01\\\/in-ricordo-del-professor-antonio-giordano-nel-primo-anniversario-della-sua-scomparsa\\\/\"},\"author\":{\"name\":\"admin\",\"@id\":\"https:\\\/\\\/lavocedelpaese.info\\\/#\\\/schema\\\/person\\\/ec151d321306bd7591f7a061abf72d88\"},\"headline\":\"In ricordo del professor Antonio Giordano nel primo anniversario della sua scomparsa\u00a0\u200b\",\"datePublished\":\"2026-02-01T09:14:34+00:00\",\"mainEntityOfPage\":{\"@id\":\"https:\\\/\\\/lavocedelpaese.info\\\/index.php\\\/2026\\\/02\\\/01\\\/in-ricordo-del-professor-antonio-giordano-nel-primo-anniversario-della-sua-scomparsa\\\/\"},\"wordCount\":542,\"commentCount\":0,\"publisher\":{\"@id\":\"https:\\\/\\\/lavocedelpaese.info\\\/#organization\"},\"image\":{\"@id\":\"https:\\\/\\\/lavocedelpaese.info\\\/index.php\\\/2026\\\/02\\\/01\\\/in-ricordo-del-professor-antonio-giordano-nel-primo-anniversario-della-sua-scomparsa\\\/#primaryimage\"},\"thumbnailUrl\":\"https:\\\/\\\/lavocedelpaese.info\\\/wp-content\\\/uploads\\\/2023\\\/01\\\/logo-150-127.png\",\"articleSection\":[\"network\"],\"inLanguage\":\"it-IT\",\"potentialAction\":[{\"@type\":\"CommentAction\",\"name\":\"Comment\",\"target\":[\"https:\\\/\\\/lavocedelpaese.info\\\/index.php\\\/2026\\\/02\\\/01\\\/in-ricordo-del-professor-antonio-giordano-nel-primo-anniversario-della-sua-scomparsa\\\/#respond\"]}]},{\"@type\":\"WebPage\",\"@id\":\"https:\\\/\\\/lavocedelpaese.info\\\/index.php\\\/2026\\\/02\\\/01\\\/in-ricordo-del-professor-antonio-giordano-nel-primo-anniversario-della-sua-scomparsa\\\/\",\"url\":\"https:\\\/\\\/lavocedelpaese.info\\\/index.php\\\/2026\\\/02\\\/01\\\/in-ricordo-del-professor-antonio-giordano-nel-primo-anniversario-della-sua-scomparsa\\\/\",\"name\":\"In ricordo del professor Antonio Giordano nel primo anniversario della sua scomparsa\u00a0\u200b - La Voce del Paese\",\"isPartOf\":{\"@id\":\"https:\\\/\\\/lavocedelpaese.info\\\/#website\"},\"primaryImageOfPage\":{\"@id\":\"https:\\\/\\\/lavocedelpaese.info\\\/index.php\\\/2026\\\/02\\\/01\\\/in-ricordo-del-professor-antonio-giordano-nel-primo-anniversario-della-sua-scomparsa\\\/#primaryimage\"},\"image\":{\"@id\":\"https:\\\/\\\/lavocedelpaese.info\\\/index.php\\\/2026\\\/02\\\/01\\\/in-ricordo-del-professor-antonio-giordano-nel-primo-anniversario-della-sua-scomparsa\\\/#primaryimage\"},\"thumbnailUrl\":\"https:\\\/\\\/lavocedelpaese.info\\\/wp-content\\\/uploads\\\/2023\\\/01\\\/logo-150-127.png\",\"datePublished\":\"2026-02-01T09:14:34+00:00\",\"breadcrumb\":{\"@id\":\"https:\\\/\\\/lavocedelpaese.info\\\/index.php\\\/2026\\\/02\\\/01\\\/in-ricordo-del-professor-antonio-giordano-nel-primo-anniversario-della-sua-scomparsa\\\/#breadcrumb\"},\"inLanguage\":\"it-IT\",\"potentialAction\":[{\"@type\":\"ReadAction\",\"target\":[\"https:\\\/\\\/lavocedelpaese.info\\\/index.php\\\/2026\\\/02\\\/01\\\/in-ricordo-del-professor-antonio-giordano-nel-primo-anniversario-della-sua-scomparsa\\\/\"]}]},{\"@type\":\"ImageObject\",\"inLanguage\":\"it-IT\",\"@id\":\"https:\\\/\\\/lavocedelpaese.info\\\/index.php\\\/2026\\\/02\\\/01\\\/in-ricordo-del-professor-antonio-giordano-nel-primo-anniversario-della-sua-scomparsa\\\/#primaryimage\",\"url\":\"https:\\\/\\\/lavocedelpaese.info\\\/wp-content\\\/uploads\\\/2023\\\/01\\\/logo-150-127.png\",\"contentUrl\":\"https:\\\/\\\/lavocedelpaese.info\\\/wp-content\\\/uploads\\\/2023\\\/01\\\/logo-150-127.png\",\"width\":150,\"height\":127},{\"@type\":\"BreadcrumbList\",\"@id\":\"https:\\\/\\\/lavocedelpaese.info\\\/index.php\\\/2026\\\/02\\\/01\\\/in-ricordo-del-professor-antonio-giordano-nel-primo-anniversario-della-sua-scomparsa\\\/#breadcrumb\",\"itemListElement\":[{\"@type\":\"ListItem\",\"position\":1,\"name\":\"Home\",\"item\":\"https:\\\/\\\/lavocedelpaese.info\\\/\"},{\"@type\":\"ListItem\",\"position\":2,\"name\":\"In ricordo del professor Antonio Giordano nel primo anniversario della sua scomparsa\u00a0\u200b\"}]},{\"@type\":\"WebSite\",\"@id\":\"https:\\\/\\\/lavocedelpaese.info\\\/#website\",\"url\":\"https:\\\/\\\/lavocedelpaese.info\\\/\",\"name\":\"La Voce del Paese\",\"description\":\"Un network di idee\",\"publisher\":{\"@id\":\"https:\\\/\\\/lavocedelpaese.info\\\/#organization\"},\"potentialAction\":[{\"@type\":\"SearchAction\",\"target\":{\"@type\":\"EntryPoint\",\"urlTemplate\":\"https:\\\/\\\/lavocedelpaese.info\\\/?s={search_term_string}\"},\"query-input\":{\"@type\":\"PropertyValueSpecification\",\"valueRequired\":true,\"valueName\":\"search_term_string\"}}],\"inLanguage\":\"it-IT\"},{\"@type\":\"Organization\",\"@id\":\"https:\\\/\\\/lavocedelpaese.info\\\/#organization\",\"name\":\"La Voce del Paese\",\"url\":\"https:\\\/\\\/lavocedelpaese.info\\\/\",\"logo\":{\"@type\":\"ImageObject\",\"inLanguage\":\"it-IT\",\"@id\":\"https:\\\/\\\/lavocedelpaese.info\\\/#\\\/schema\\\/logo\\\/image\\\/\",\"url\":\"https:\\\/\\\/lavocedelpaese.info\\\/wp-content\\\/uploads\\\/2023\\\/01\\\/cropped-logo-150-127.png\",\"contentUrl\":\"https:\\\/\\\/lavocedelpaese.info\\\/wp-content\\\/uploads\\\/2023\\\/01\\\/cropped-logo-150-127.png\",\"width\":137,\"height\":119,\"caption\":\"La Voce del Paese\"},\"image\":{\"@id\":\"https:\\\/\\\/lavocedelpaese.info\\\/#\\\/schema\\\/logo\\\/image\\\/\"},\"sameAs\":[\"https:\\\/\\\/www.facebook.com\\\/lavocedelpaese.info\"]},{\"@type\":\"Person\",\"@id\":\"https:\\\/\\\/lavocedelpaese.info\\\/#\\\/schema\\\/person\\\/ec151d321306bd7591f7a061abf72d88\",\"name\":\"admin\",\"image\":{\"@type\":\"ImageObject\",\"inLanguage\":\"it-IT\",\"@id\":\"https:\\\/\\\/secure.gravatar.com\\\/avatar\\\/af8f2caf0663124588de48a9380e07cbc95a74ef15b8062d0d39106c32fe3023?s=96&d=mm&r=g\",\"url\":\"https:\\\/\\\/secure.gravatar.com\\\/avatar\\\/af8f2caf0663124588de48a9380e07cbc95a74ef15b8062d0d39106c32fe3023?s=96&d=mm&r=g\",\"contentUrl\":\"https:\\\/\\\/secure.gravatar.com\\\/avatar\\\/af8f2caf0663124588de48a9380e07cbc95a74ef15b8062d0d39106c32fe3023?s=96&d=mm&r=g\",\"caption\":\"admin\"},\"sameAs\":[\"https:\\\/\\\/lavocedelpaese.info\"],\"url\":\"https:\\\/\\\/lavocedelpaese.info\\\/index.php\\\/author\\\/admin\\\/\"}]}<\/script>\n<!-- \/ Yoast SEO plugin. -->","yoast_head_json":{"title":"In ricordo del professor Antonio Giordano nel primo anniversario della sua scomparsa\u00a0\u200b - La Voce del Paese","robots":{"index":"index","follow":"follow","max-snippet":"max-snippet:-1","max-image-preview":"max-image-preview:large","max-video-preview":"max-video-preview:-1"},"canonical":"https:\/\/lavocedelpaese.info\/index.php\/2026\/02\/01\/in-ricordo-del-professor-antonio-giordano-nel-primo-anniversario-della-sua-scomparsa\/","og_locale":"it_IT","og_type":"article","og_title":"In ricordo del professor Antonio Giordano nel primo anniversario della sua scomparsa\u00a0\u200b - La Voce del Paese","og_description":"\u00a0 \u200b\u00a0 \u200b\u00a0 \u201cE\u2019 passato un anno e vogliamo ricordare la gioia e l\u2019allegria che ha portato nelle nostre vite,","og_url":"https:\/\/lavocedelpaese.info\/index.php\/2026\/02\/01\/in-ricordo-del-professor-antonio-giordano-nel-primo-anniversario-della-sua-scomparsa\/","og_site_name":"La Voce del Paese","article_publisher":"https:\/\/www.facebook.com\/lavocedelpaese.info","article_published_time":"2026-02-01T09:14:34+00:00","author":"admin","twitter_card":"summary_large_image","twitter_misc":{"Scritto da":"admin","Tempo di lettura stimato":"3 minuti"},"schema":{"@context":"https:\/\/schema.org","@graph":[{"@type":"Article","@id":"https:\/\/lavocedelpaese.info\/index.php\/2026\/02\/01\/in-ricordo-del-professor-antonio-giordano-nel-primo-anniversario-della-sua-scomparsa\/#article","isPartOf":{"@id":"https:\/\/lavocedelpaese.info\/index.php\/2026\/02\/01\/in-ricordo-del-professor-antonio-giordano-nel-primo-anniversario-della-sua-scomparsa\/"},"author":{"name":"admin","@id":"https:\/\/lavocedelpaese.info\/#\/schema\/person\/ec151d321306bd7591f7a061abf72d88"},"headline":"In ricordo del professor Antonio Giordano nel primo anniversario della sua scomparsa\u00a0\u200b","datePublished":"2026-02-01T09:14:34+00:00","mainEntityOfPage":{"@id":"https:\/\/lavocedelpaese.info\/index.php\/2026\/02\/01\/in-ricordo-del-professor-antonio-giordano-nel-primo-anniversario-della-sua-scomparsa\/"},"wordCount":542,"commentCount":0,"publisher":{"@id":"https:\/\/lavocedelpaese.info\/#organization"},"image":{"@id":"https:\/\/lavocedelpaese.info\/index.php\/2026\/02\/01\/in-ricordo-del-professor-antonio-giordano-nel-primo-anniversario-della-sua-scomparsa\/#primaryimage"},"thumbnailUrl":"https:\/\/lavocedelpaese.info\/wp-content\/uploads\/2023\/01\/logo-150-127.png","articleSection":["network"],"inLanguage":"it-IT","potentialAction":[{"@type":"CommentAction","name":"Comment","target":["https:\/\/lavocedelpaese.info\/index.php\/2026\/02\/01\/in-ricordo-del-professor-antonio-giordano-nel-primo-anniversario-della-sua-scomparsa\/#respond"]}]},{"@type":"WebPage","@id":"https:\/\/lavocedelpaese.info\/index.php\/2026\/02\/01\/in-ricordo-del-professor-antonio-giordano-nel-primo-anniversario-della-sua-scomparsa\/","url":"https:\/\/lavocedelpaese.info\/index.php\/2026\/02\/01\/in-ricordo-del-professor-antonio-giordano-nel-primo-anniversario-della-sua-scomparsa\/","name":"In ricordo del professor Antonio Giordano nel primo anniversario della sua scomparsa\u00a0\u200b - La Voce del Paese","isPartOf":{"@id":"https:\/\/lavocedelpaese.info\/#website"},"primaryImageOfPage":{"@id":"https:\/\/lavocedelpaese.info\/index.php\/2026\/02\/01\/in-ricordo-del-professor-antonio-giordano-nel-primo-anniversario-della-sua-scomparsa\/#primaryimage"},"image":{"@id":"https:\/\/lavocedelpaese.info\/index.php\/2026\/02\/01\/in-ricordo-del-professor-antonio-giordano-nel-primo-anniversario-della-sua-scomparsa\/#primaryimage"},"thumbnailUrl":"https:\/\/lavocedelpaese.info\/wp-content\/uploads\/2023\/01\/logo-150-127.png","datePublished":"2026-02-01T09:14:34+00:00","breadcrumb":{"@id":"https:\/\/lavocedelpaese.info\/index.php\/2026\/02\/01\/in-ricordo-del-professor-antonio-giordano-nel-primo-anniversario-della-sua-scomparsa\/#breadcrumb"},"inLanguage":"it-IT","potentialAction":[{"@type":"ReadAction","target":["https:\/\/lavocedelpaese.info\/index.php\/2026\/02\/01\/in-ricordo-del-professor-antonio-giordano-nel-primo-anniversario-della-sua-scomparsa\/"]}]},{"@type":"ImageObject","inLanguage":"it-IT","@id":"https:\/\/lavocedelpaese.info\/index.php\/2026\/02\/01\/in-ricordo-del-professor-antonio-giordano-nel-primo-anniversario-della-sua-scomparsa\/#primaryimage","url":"https:\/\/lavocedelpaese.info\/wp-content\/uploads\/2023\/01\/logo-150-127.png","contentUrl":"https:\/\/lavocedelpaese.info\/wp-content\/uploads\/2023\/01\/logo-150-127.png","width":150,"height":127},{"@type":"BreadcrumbList","@id":"https:\/\/lavocedelpaese.info\/index.php\/2026\/02\/01\/in-ricordo-del-professor-antonio-giordano-nel-primo-anniversario-della-sua-scomparsa\/#breadcrumb","itemListElement":[{"@type":"ListItem","position":1,"name":"Home","item":"https:\/\/lavocedelpaese.info\/"},{"@type":"ListItem","position":2,"name":"In ricordo del professor Antonio Giordano nel primo anniversario della sua scomparsa\u00a0\u200b"}]},{"@type":"WebSite","@id":"https:\/\/lavocedelpaese.info\/#website","url":"https:\/\/lavocedelpaese.info\/","name":"La Voce del Paese","description":"Un network di idee","publisher":{"@id":"https:\/\/lavocedelpaese.info\/#organization"},"potentialAction":[{"@type":"SearchAction","target":{"@type":"EntryPoint","urlTemplate":"https:\/\/lavocedelpaese.info\/?s={search_term_string}"},"query-input":{"@type":"PropertyValueSpecification","valueRequired":true,"valueName":"search_term_string"}}],"inLanguage":"it-IT"},{"@type":"Organization","@id":"https:\/\/lavocedelpaese.info\/#organization","name":"La Voce del Paese","url":"https:\/\/lavocedelpaese.info\/","logo":{"@type":"ImageObject","inLanguage":"it-IT","@id":"https:\/\/lavocedelpaese.info\/#\/schema\/logo\/image\/","url":"https:\/\/lavocedelpaese.info\/wp-content\/uploads\/2023\/01\/cropped-logo-150-127.png","contentUrl":"https:\/\/lavocedelpaese.info\/wp-content\/uploads\/2023\/01\/cropped-logo-150-127.png","width":137,"height":119,"caption":"La Voce del Paese"},"image":{"@id":"https:\/\/lavocedelpaese.info\/#\/schema\/logo\/image\/"},"sameAs":["https:\/\/www.facebook.com\/lavocedelpaese.info"]},{"@type":"Person","@id":"https:\/\/lavocedelpaese.info\/#\/schema\/person\/ec151d321306bd7591f7a061abf72d88","name":"admin","image":{"@type":"ImageObject","inLanguage":"it-IT","@id":"https:\/\/secure.gravatar.com\/avatar\/af8f2caf0663124588de48a9380e07cbc95a74ef15b8062d0d39106c32fe3023?s=96&d=mm&r=g","url":"https:\/\/secure.gravatar.com\/avatar\/af8f2caf0663124588de48a9380e07cbc95a74ef15b8062d0d39106c32fe3023?s=96&d=mm&r=g","contentUrl":"https:\/\/secure.gravatar.com\/avatar\/af8f2caf0663124588de48a9380e07cbc95a74ef15b8062d0d39106c32fe3023?s=96&d=mm&r=g","caption":"admin"},"sameAs":["https:\/\/lavocedelpaese.info"],"url":"https:\/\/lavocedelpaese.info\/index.php\/author\/admin\/"}]}},"_links":{"self":[{"href":"https:\/\/lavocedelpaese.info\/index.php\/wp-json\/wp\/v2\/posts\/10534","targetHints":{"allow":["GET"]}}],"collection":[{"href":"https:\/\/lavocedelpaese.info\/index.php\/wp-json\/wp\/v2\/posts"}],"about":[{"href":"https:\/\/lavocedelpaese.info\/index.php\/wp-json\/wp\/v2\/types\/post"}],"author":[{"embeddable":true,"href":"https:\/\/lavocedelpaese.info\/index.php\/wp-json\/wp\/v2\/users\/6"}],"replies":[{"embeddable":true,"href":"https:\/\/lavocedelpaese.info\/index.php\/wp-json\/wp\/v2\/comments?post=10534"}],"version-history":[{"count":0,"href":"https:\/\/lavocedelpaese.info\/index.php\/wp-json\/wp\/v2\/posts\/10534\/revisions"}],"wp:featuredmedia":[{"embeddable":true,"href":"https:\/\/lavocedelpaese.info\/index.php\/wp-json\/wp\/v2\/media\/730"}],"wp:attachment":[{"href":"https:\/\/lavocedelpaese.info\/index.php\/wp-json\/wp\/v2\/media?parent=10534"}],"wp:term":[{"taxonomy":"category","embeddable":true,"href":"https:\/\/lavocedelpaese.info\/index.php\/wp-json\/wp\/v2\/categories?post=10534"},{"taxonomy":"post_tag","embeddable":true,"href":"https:\/\/lavocedelpaese.info\/index.php\/wp-json\/wp\/v2\/tags?post=10534"}],"curies":[{"name":"wp","href":"https:\/\/api.w.org\/{rel}","templated":true}]}}