{"id":10532,"date":"2026-01-31T15:17:39","date_gmt":"2026-01-31T15:17:39","guid":{"rendered":"https:\/\/lavocedelpaese.info\/index.php\/2026\/01\/31\/joy-volley-a-sabaudia-per-allungare-la-striscia-positiva\/"},"modified":"2026-01-31T15:17:39","modified_gmt":"2026-01-31T15:17:39","slug":"joy-volley-a-sabaudia-per-allungare-la-striscia-positiva","status":"publish","type":"post","link":"https:\/\/lavocedelpaese.info\/index.php\/2026\/01\/31\/joy-volley-a-sabaudia-per-allungare-la-striscia-positiva\/","title":{"rendered":"Joy Volley, a Sabaudia per allungare la striscia positiva\u00a0\u200b"},"content":{"rendered":"<p>\u00a0<\/p>\n<p>\u200b\u00a0<\/p>\n<p>\u200b\u00a0<\/p>\n<p><img decoding=\"async\" class=\"size-full wp-image-7400 alignleft\" src=\"https:\/\/gioia.lavocedelpaese.info\/wp-content\/uploads\/2026\/01\/618802471_1477026191098819_5285690588871137255_n.jpg\" alt=\"\" width=\"400\" height=\"267\" \/>Prolungare il momento positivo e continuare a sognare. Nell\u2019anticipo della 13\u00aa giornata del campionato di Serie A3 Credem Banca, la Joy Volley sar\u00e0 impegnata in trasferta laziale sul campo della Viridex Sabaudia: domani pomeriggio alle 18.00 la compagine di coach Racaniello affronter\u00e0 una delicatissima trasferta, nella quale ci saranno tre punti in palio per il morale e, soprattutto, per la classifica.<\/p>\n<p>La compagine biancorossa \u00e8 reduce da un poker di successi consecutivi: la vittoria contro la BCC Tecbus Castellana Grotte, dello scorso dicembre, ha aperto un periodo positivo seguito poi dalle affermazioni contro Napoli, Lecce e Campobasso. Questi risultati hanno portato capitan Mariano e compagni al quarto posto in classifica, a quota 21 punti, gli stessi della Viridex Sabaudia. Pertanto, lo scontro del PalaVitaletti di Sabaudia sar\u00e0 importante per le ambizioni di crescita della squadra pugliese, sempre pi\u00f9 determinata a fare bene e tentare di accorciare il gap con le prime due della classe.<\/p>\n<p>A presentare l\u2019impegno contro la compagine guidata da coach Stefano Beltrame \u00e8 il direttore generale della Joy Volley, Vincenzo Masi: \u00abLa trasferta di Sabaudia arriva in un momento favorevole e positivo per la nostra squadra. Considerati i recenti successi e l\u2019ottimo stato di forma del gruppo, siamo certi che sar\u00e0 un incontro entusiasmante e di alto livello.\u00a0 Abbiamo un roster importante e, indipendentemente da chi giocher\u00e0 siamo in grado di incidere in qualsiasi situazione. Sar\u00e0 fondamentale entrare in campo con la stessa concentrazione e attenzione che abbiamo dimostrato nelle ultime gare. Siamo consapevoli di affrontare una squadra competitiva che cercher\u00e0 di metterci in difficolt\u00e0 fin dal primo punto: sar\u00e0 essenziale mantenere alto il nostro livello di gioco sempre. Fiducia massima nello staff e nei nostri ragazzi\u00bb.<\/p>\n<p>A dirigere la sfida saranno i sigg. Alberto Mancuso e Giovanni Giorgianni. Prima battuta ore 18, diretta gratuita sul canale YouTube della Lega Pallavolo Serie A.<\/p>\n<p><strong>Christian Cesario<\/strong><\/p>\n<p><strong>Ufficio Stampa Joy Volley Gioia <\/strong><\/p>\n<p><a class=\"a2a_button_facebook\" href=\"https:\/\/www.addtoany.com\/add_to\/facebook?linkurl=https%3A%2F%2Fgioia.lavocedelpaese.info%2Findex.php%2F2026%2F01%2F31%2Fjoy-volley-a-sabaudia-per-allungare-la-striscia-positiva%2F&amp;linkname=Joy%20Volley%2C%20a%20Sabaudia%20per%20allungare%20la%20striscia%20positiva\" title=\"Facebook\" rel=\"nofollow noopener\" target=\"_blank\"><\/a><a class=\"a2a_button_twitter\" href=\"https:\/\/www.addtoany.com\/add_to\/twitter?linkurl=https%3A%2F%2Fgioia.lavocedelpaese.info%2Findex.php%2F2026%2F01%2F31%2Fjoy-volley-a-sabaudia-per-allungare-la-striscia-positiva%2F&amp;linkname=Joy%20Volley%2C%20a%20Sabaudia%20per%20allungare%20la%20striscia%20positiva\" title=\"Twitter\" rel=\"nofollow noopener\" target=\"_blank\"><\/a><a class=\"a2a_button_whatsapp\" href=\"https:\/\/www.addtoany.com\/add_to\/whatsapp?linkurl=https%3A%2F%2Fgioia.lavocedelpaese.info%2Findex.php%2F2026%2F01%2F31%2Fjoy-volley-a-sabaudia-per-allungare-la-striscia-positiva%2F&amp;linkname=Joy%20Volley%2C%20a%20Sabaudia%20per%20allungare%20la%20striscia%20positiva\" title=\"WhatsApp\" rel=\"nofollow noopener\" target=\"_blank\"><\/a><a class=\"a2a_button_telegram\" href=\"https:\/\/www.addtoany.com\/add_to\/telegram?linkurl=https%3A%2F%2Fgioia.lavocedelpaese.info%2Findex.php%2F2026%2F01%2F31%2Fjoy-volley-a-sabaudia-per-allungare-la-striscia-positiva%2F&amp;linkname=Joy%20Volley%2C%20a%20Sabaudia%20per%20allungare%20la%20striscia%20positiva\" title=\"Telegram\" rel=\"nofollow noopener\" target=\"_blank\"><\/a><a class=\"a2a_button_email\" href=\"https:\/\/www.addtoany.com\/add_to\/email?linkurl=https%3A%2F%2Fgioia.lavocedelpaese.info%2Findex.php%2F2026%2F01%2F31%2Fjoy-volley-a-sabaudia-per-allungare-la-striscia-positiva%2F&amp;linkname=Joy%20Volley%2C%20a%20Sabaudia%20per%20allungare%20la%20striscia%20positiva\" title=\"Email\" rel=\"nofollow noopener\" target=\"_blank\"><\/a><\/p>\n<p>\u00a0<\/p>\n<p>\u00a0<\/p>\n<p>\u200b\u00a0\u00a0\u00a0<\/p>","protected":false},"excerpt":{"rendered":"<p>\u00a0 \u200b\u00a0 \u200b\u00a0 Prolungare il momento positivo e continuare a sognare. Nell\u2019anticipo della 13\u00aa giornata del campionato di Serie A3<\/p>\n","protected":false},"author":6,"featured_media":10533,"comment_status":"open","ping_status":"closed","sticky":false,"template":"","format":"standard","meta":{"colormag_page_container_layout":"default_layout","colormag_page_sidebar_layout":"default_layout","footnotes":""},"categories":[33],"tags":[],"class_list":["post-10532","post","type-post","status-publish","format-standard","has-post-thumbnail","hentry","category-network"],"yoast_head":"<!-- This site is optimized with the Yoast SEO plugin v27.5 - https:\/\/yoast.com\/product\/yoast-seo-wordpress\/ -->\n<title>Joy Volley, a Sabaudia per allungare la striscia positiva\u00a0\u200b - La Voce del Paese<\/title>\n<meta name=\"robots\" content=\"index, follow, max-snippet:-1, max-image-preview:large, max-video-preview:-1\" \/>\n<link rel=\"canonical\" href=\"https:\/\/lavocedelpaese.info\/index.php\/2026\/01\/31\/joy-volley-a-sabaudia-per-allungare-la-striscia-positiva\/\" \/>\n<meta property=\"og:locale\" content=\"it_IT\" \/>\n<meta property=\"og:type\" content=\"article\" \/>\n<meta property=\"og:title\" content=\"Joy Volley, a Sabaudia per allungare la striscia positiva\u00a0\u200b - La Voce del Paese\" \/>\n<meta property=\"og:description\" content=\"\u00a0 \u200b\u00a0 \u200b\u00a0 Prolungare il momento positivo e continuare a sognare. Nell\u2019anticipo della 13\u00aa giornata del campionato di Serie A3\" \/>\n<meta property=\"og:url\" content=\"https:\/\/lavocedelpaese.info\/index.php\/2026\/01\/31\/joy-volley-a-sabaudia-per-allungare-la-striscia-positiva\/\" \/>\n<meta property=\"og:site_name\" content=\"La Voce del Paese\" \/>\n<meta property=\"article:publisher\" content=\"https:\/\/www.facebook.com\/lavocedelpaese.info\" \/>\n<meta property=\"article:published_time\" content=\"2026-01-31T15:17:39+00:00\" \/>\n<meta name=\"author\" content=\"admin\" \/>\n<meta name=\"twitter:card\" content=\"summary_large_image\" \/>\n<meta name=\"twitter:label1\" content=\"Scritto da\" \/>\n\t<meta name=\"twitter:data1\" content=\"admin\" \/>\n\t<meta name=\"twitter:label2\" content=\"Tempo di lettura stimato\" \/>\n\t<meta name=\"twitter:data2\" content=\"2 minuti\" \/>\n<script type=\"application\/ld+json\" class=\"yoast-schema-graph\">{\"@context\":\"https:\\\/\\\/schema.org\",\"@graph\":[{\"@type\":\"Article\",\"@id\":\"https:\\\/\\\/lavocedelpaese.info\\\/index.php\\\/2026\\\/01\\\/31\\\/joy-volley-a-sabaudia-per-allungare-la-striscia-positiva\\\/#article\",\"isPartOf\":{\"@id\":\"https:\\\/\\\/lavocedelpaese.info\\\/index.php\\\/2026\\\/01\\\/31\\\/joy-volley-a-sabaudia-per-allungare-la-striscia-positiva\\\/\"},\"author\":{\"name\":\"admin\",\"@id\":\"https:\\\/\\\/lavocedelpaese.info\\\/#\\\/schema\\\/person\\\/ec151d321306bd7591f7a061abf72d88\"},\"headline\":\"Joy Volley, a Sabaudia per allungare la striscia positiva\u00a0\u200b\",\"datePublished\":\"2026-01-31T15:17:39+00:00\",\"mainEntityOfPage\":{\"@id\":\"https:\\\/\\\/lavocedelpaese.info\\\/index.php\\\/2026\\\/01\\\/31\\\/joy-volley-a-sabaudia-per-allungare-la-striscia-positiva\\\/\"},\"wordCount\":319,\"commentCount\":0,\"publisher\":{\"@id\":\"https:\\\/\\\/lavocedelpaese.info\\\/#organization\"},\"image\":{\"@id\":\"https:\\\/\\\/lavocedelpaese.info\\\/index.php\\\/2026\\\/01\\\/31\\\/joy-volley-a-sabaudia-per-allungare-la-striscia-positiva\\\/#primaryimage\"},\"thumbnailUrl\":\"https:\\\/\\\/lavocedelpaese.info\\\/wp-content\\\/uploads\\\/2026\\\/01\\\/618802471_1477026191098819_5285690588871137255_n-z3za2w.jpg\",\"articleSection\":[\"network\"],\"inLanguage\":\"it-IT\",\"potentialAction\":[{\"@type\":\"CommentAction\",\"name\":\"Comment\",\"target\":[\"https:\\\/\\\/lavocedelpaese.info\\\/index.php\\\/2026\\\/01\\\/31\\\/joy-volley-a-sabaudia-per-allungare-la-striscia-positiva\\\/#respond\"]}]},{\"@type\":\"WebPage\",\"@id\":\"https:\\\/\\\/lavocedelpaese.info\\\/index.php\\\/2026\\\/01\\\/31\\\/joy-volley-a-sabaudia-per-allungare-la-striscia-positiva\\\/\",\"url\":\"https:\\\/\\\/lavocedelpaese.info\\\/index.php\\\/2026\\\/01\\\/31\\\/joy-volley-a-sabaudia-per-allungare-la-striscia-positiva\\\/\",\"name\":\"Joy Volley, a Sabaudia per allungare la striscia positiva\u00a0\u200b - La Voce del Paese\",\"isPartOf\":{\"@id\":\"https:\\\/\\\/lavocedelpaese.info\\\/#website\"},\"primaryImageOfPage\":{\"@id\":\"https:\\\/\\\/lavocedelpaese.info\\\/index.php\\\/2026\\\/01\\\/31\\\/joy-volley-a-sabaudia-per-allungare-la-striscia-positiva\\\/#primaryimage\"},\"image\":{\"@id\":\"https:\\\/\\\/lavocedelpaese.info\\\/index.php\\\/2026\\\/01\\\/31\\\/joy-volley-a-sabaudia-per-allungare-la-striscia-positiva\\\/#primaryimage\"},\"thumbnailUrl\":\"https:\\\/\\\/lavocedelpaese.info\\\/wp-content\\\/uploads\\\/2026\\\/01\\\/618802471_1477026191098819_5285690588871137255_n-z3za2w.jpg\",\"datePublished\":\"2026-01-31T15:17:39+00:00\",\"breadcrumb\":{\"@id\":\"https:\\\/\\\/lavocedelpaese.info\\\/index.php\\\/2026\\\/01\\\/31\\\/joy-volley-a-sabaudia-per-allungare-la-striscia-positiva\\\/#breadcrumb\"},\"inLanguage\":\"it-IT\",\"potentialAction\":[{\"@type\":\"ReadAction\",\"target\":[\"https:\\\/\\\/lavocedelpaese.info\\\/index.php\\\/2026\\\/01\\\/31\\\/joy-volley-a-sabaudia-per-allungare-la-striscia-positiva\\\/\"]}]},{\"@type\":\"ImageObject\",\"inLanguage\":\"it-IT\",\"@id\":\"https:\\\/\\\/lavocedelpaese.info\\\/index.php\\\/2026\\\/01\\\/31\\\/joy-volley-a-sabaudia-per-allungare-la-striscia-positiva\\\/#primaryimage\",\"url\":\"https:\\\/\\\/lavocedelpaese.info\\\/wp-content\\\/uploads\\\/2026\\\/01\\\/618802471_1477026191098819_5285690588871137255_n-z3za2w.jpg\",\"contentUrl\":\"https:\\\/\\\/lavocedelpaese.info\\\/wp-content\\\/uploads\\\/2026\\\/01\\\/618802471_1477026191098819_5285690588871137255_n-z3za2w.jpg\",\"width\":1000,\"height\":667},{\"@type\":\"BreadcrumbList\",\"@id\":\"https:\\\/\\\/lavocedelpaese.info\\\/index.php\\\/2026\\\/01\\\/31\\\/joy-volley-a-sabaudia-per-allungare-la-striscia-positiva\\\/#breadcrumb\",\"itemListElement\":[{\"@type\":\"ListItem\",\"position\":1,\"name\":\"Home\",\"item\":\"https:\\\/\\\/lavocedelpaese.info\\\/\"},{\"@type\":\"ListItem\",\"position\":2,\"name\":\"Joy Volley, a Sabaudia per allungare la striscia positiva\u00a0\u200b\"}]},{\"@type\":\"WebSite\",\"@id\":\"https:\\\/\\\/lavocedelpaese.info\\\/#website\",\"url\":\"https:\\\/\\\/lavocedelpaese.info\\\/\",\"name\":\"La Voce del Paese\",\"description\":\"Un network di idee\",\"publisher\":{\"@id\":\"https:\\\/\\\/lavocedelpaese.info\\\/#organization\"},\"potentialAction\":[{\"@type\":\"SearchAction\",\"target\":{\"@type\":\"EntryPoint\",\"urlTemplate\":\"https:\\\/\\\/lavocedelpaese.info\\\/?s={search_term_string}\"},\"query-input\":{\"@type\":\"PropertyValueSpecification\",\"valueRequired\":true,\"valueName\":\"search_term_string\"}}],\"inLanguage\":\"it-IT\"},{\"@type\":\"Organization\",\"@id\":\"https:\\\/\\\/lavocedelpaese.info\\\/#organization\",\"name\":\"La Voce del Paese\",\"url\":\"https:\\\/\\\/lavocedelpaese.info\\\/\",\"logo\":{\"@type\":\"ImageObject\",\"inLanguage\":\"it-IT\",\"@id\":\"https:\\\/\\\/lavocedelpaese.info\\\/#\\\/schema\\\/logo\\\/image\\\/\",\"url\":\"https:\\\/\\\/lavocedelpaese.info\\\/wp-content\\\/uploads\\\/2023\\\/01\\\/cropped-logo-150-127.png\",\"contentUrl\":\"https:\\\/\\\/lavocedelpaese.info\\\/wp-content\\\/uploads\\\/2023\\\/01\\\/cropped-logo-150-127.png\",\"width\":137,\"height\":119,\"caption\":\"La Voce del Paese\"},\"image\":{\"@id\":\"https:\\\/\\\/lavocedelpaese.info\\\/#\\\/schema\\\/logo\\\/image\\\/\"},\"sameAs\":[\"https:\\\/\\\/www.facebook.com\\\/lavocedelpaese.info\"]},{\"@type\":\"Person\",\"@id\":\"https:\\\/\\\/lavocedelpaese.info\\\/#\\\/schema\\\/person\\\/ec151d321306bd7591f7a061abf72d88\",\"name\":\"admin\",\"image\":{\"@type\":\"ImageObject\",\"inLanguage\":\"it-IT\",\"@id\":\"https:\\\/\\\/secure.gravatar.com\\\/avatar\\\/af8f2caf0663124588de48a9380e07cbc95a74ef15b8062d0d39106c32fe3023?s=96&d=mm&r=g\",\"url\":\"https:\\\/\\\/secure.gravatar.com\\\/avatar\\\/af8f2caf0663124588de48a9380e07cbc95a74ef15b8062d0d39106c32fe3023?s=96&d=mm&r=g\",\"contentUrl\":\"https:\\\/\\\/secure.gravatar.com\\\/avatar\\\/af8f2caf0663124588de48a9380e07cbc95a74ef15b8062d0d39106c32fe3023?s=96&d=mm&r=g\",\"caption\":\"admin\"},\"sameAs\":[\"https:\\\/\\\/lavocedelpaese.info\"],\"url\":\"https:\\\/\\\/lavocedelpaese.info\\\/index.php\\\/author\\\/admin\\\/\"}]}<\/script>\n<!-- \/ Yoast SEO plugin. -->","yoast_head_json":{"title":"Joy Volley, a Sabaudia per allungare la striscia positiva\u00a0\u200b - La Voce del Paese","robots":{"index":"index","follow":"follow","max-snippet":"max-snippet:-1","max-image-preview":"max-image-preview:large","max-video-preview":"max-video-preview:-1"},"canonical":"https:\/\/lavocedelpaese.info\/index.php\/2026\/01\/31\/joy-volley-a-sabaudia-per-allungare-la-striscia-positiva\/","og_locale":"it_IT","og_type":"article","og_title":"Joy Volley, a Sabaudia per allungare la striscia positiva\u00a0\u200b - La Voce del Paese","og_description":"\u00a0 \u200b\u00a0 \u200b\u00a0 Prolungare il momento positivo e continuare a sognare. Nell\u2019anticipo della 13\u00aa giornata del campionato di Serie A3","og_url":"https:\/\/lavocedelpaese.info\/index.php\/2026\/01\/31\/joy-volley-a-sabaudia-per-allungare-la-striscia-positiva\/","og_site_name":"La Voce del Paese","article_publisher":"https:\/\/www.facebook.com\/lavocedelpaese.info","article_published_time":"2026-01-31T15:17:39+00:00","author":"admin","twitter_card":"summary_large_image","twitter_misc":{"Scritto da":"admin","Tempo di lettura stimato":"2 minuti"},"schema":{"@context":"https:\/\/schema.org","@graph":[{"@type":"Article","@id":"https:\/\/lavocedelpaese.info\/index.php\/2026\/01\/31\/joy-volley-a-sabaudia-per-allungare-la-striscia-positiva\/#article","isPartOf":{"@id":"https:\/\/lavocedelpaese.info\/index.php\/2026\/01\/31\/joy-volley-a-sabaudia-per-allungare-la-striscia-positiva\/"},"author":{"name":"admin","@id":"https:\/\/lavocedelpaese.info\/#\/schema\/person\/ec151d321306bd7591f7a061abf72d88"},"headline":"Joy Volley, a Sabaudia per allungare la striscia positiva\u00a0\u200b","datePublished":"2026-01-31T15:17:39+00:00","mainEntityOfPage":{"@id":"https:\/\/lavocedelpaese.info\/index.php\/2026\/01\/31\/joy-volley-a-sabaudia-per-allungare-la-striscia-positiva\/"},"wordCount":319,"commentCount":0,"publisher":{"@id":"https:\/\/lavocedelpaese.info\/#organization"},"image":{"@id":"https:\/\/lavocedelpaese.info\/index.php\/2026\/01\/31\/joy-volley-a-sabaudia-per-allungare-la-striscia-positiva\/#primaryimage"},"thumbnailUrl":"https:\/\/lavocedelpaese.info\/wp-content\/uploads\/2026\/01\/618802471_1477026191098819_5285690588871137255_n-z3za2w.jpg","articleSection":["network"],"inLanguage":"it-IT","potentialAction":[{"@type":"CommentAction","name":"Comment","target":["https:\/\/lavocedelpaese.info\/index.php\/2026\/01\/31\/joy-volley-a-sabaudia-per-allungare-la-striscia-positiva\/#respond"]}]},{"@type":"WebPage","@id":"https:\/\/lavocedelpaese.info\/index.php\/2026\/01\/31\/joy-volley-a-sabaudia-per-allungare-la-striscia-positiva\/","url":"https:\/\/lavocedelpaese.info\/index.php\/2026\/01\/31\/joy-volley-a-sabaudia-per-allungare-la-striscia-positiva\/","name":"Joy Volley, a Sabaudia per allungare la striscia positiva\u00a0\u200b - La Voce del Paese","isPartOf":{"@id":"https:\/\/lavocedelpaese.info\/#website"},"primaryImageOfPage":{"@id":"https:\/\/lavocedelpaese.info\/index.php\/2026\/01\/31\/joy-volley-a-sabaudia-per-allungare-la-striscia-positiva\/#primaryimage"},"image":{"@id":"https:\/\/lavocedelpaese.info\/index.php\/2026\/01\/31\/joy-volley-a-sabaudia-per-allungare-la-striscia-positiva\/#primaryimage"},"thumbnailUrl":"https:\/\/lavocedelpaese.info\/wp-content\/uploads\/2026\/01\/618802471_1477026191098819_5285690588871137255_n-z3za2w.jpg","datePublished":"2026-01-31T15:17:39+00:00","breadcrumb":{"@id":"https:\/\/lavocedelpaese.info\/index.php\/2026\/01\/31\/joy-volley-a-sabaudia-per-allungare-la-striscia-positiva\/#breadcrumb"},"inLanguage":"it-IT","potentialAction":[{"@type":"ReadAction","target":["https:\/\/lavocedelpaese.info\/index.php\/2026\/01\/31\/joy-volley-a-sabaudia-per-allungare-la-striscia-positiva\/"]}]},{"@type":"ImageObject","inLanguage":"it-IT","@id":"https:\/\/lavocedelpaese.info\/index.php\/2026\/01\/31\/joy-volley-a-sabaudia-per-allungare-la-striscia-positiva\/#primaryimage","url":"https:\/\/lavocedelpaese.info\/wp-content\/uploads\/2026\/01\/618802471_1477026191098819_5285690588871137255_n-z3za2w.jpg","contentUrl":"https:\/\/lavocedelpaese.info\/wp-content\/uploads\/2026\/01\/618802471_1477026191098819_5285690588871137255_n-z3za2w.jpg","width":1000,"height":667},{"@type":"BreadcrumbList","@id":"https:\/\/lavocedelpaese.info\/index.php\/2026\/01\/31\/joy-volley-a-sabaudia-per-allungare-la-striscia-positiva\/#breadcrumb","itemListElement":[{"@type":"ListItem","position":1,"name":"Home","item":"https:\/\/lavocedelpaese.info\/"},{"@type":"ListItem","position":2,"name":"Joy Volley, a Sabaudia per allungare la striscia positiva\u00a0\u200b"}]},{"@type":"WebSite","@id":"https:\/\/lavocedelpaese.info\/#website","url":"https:\/\/lavocedelpaese.info\/","name":"La Voce del Paese","description":"Un network di idee","publisher":{"@id":"https:\/\/lavocedelpaese.info\/#organization"},"potentialAction":[{"@type":"SearchAction","target":{"@type":"EntryPoint","urlTemplate":"https:\/\/lavocedelpaese.info\/?s={search_term_string}"},"query-input":{"@type":"PropertyValueSpecification","valueRequired":true,"valueName":"search_term_string"}}],"inLanguage":"it-IT"},{"@type":"Organization","@id":"https:\/\/lavocedelpaese.info\/#organization","name":"La Voce del Paese","url":"https:\/\/lavocedelpaese.info\/","logo":{"@type":"ImageObject","inLanguage":"it-IT","@id":"https:\/\/lavocedelpaese.info\/#\/schema\/logo\/image\/","url":"https:\/\/lavocedelpaese.info\/wp-content\/uploads\/2023\/01\/cropped-logo-150-127.png","contentUrl":"https:\/\/lavocedelpaese.info\/wp-content\/uploads\/2023\/01\/cropped-logo-150-127.png","width":137,"height":119,"caption":"La Voce del Paese"},"image":{"@id":"https:\/\/lavocedelpaese.info\/#\/schema\/logo\/image\/"},"sameAs":["https:\/\/www.facebook.com\/lavocedelpaese.info"]},{"@type":"Person","@id":"https:\/\/lavocedelpaese.info\/#\/schema\/person\/ec151d321306bd7591f7a061abf72d88","name":"admin","image":{"@type":"ImageObject","inLanguage":"it-IT","@id":"https:\/\/secure.gravatar.com\/avatar\/af8f2caf0663124588de48a9380e07cbc95a74ef15b8062d0d39106c32fe3023?s=96&d=mm&r=g","url":"https:\/\/secure.gravatar.com\/avatar\/af8f2caf0663124588de48a9380e07cbc95a74ef15b8062d0d39106c32fe3023?s=96&d=mm&r=g","contentUrl":"https:\/\/secure.gravatar.com\/avatar\/af8f2caf0663124588de48a9380e07cbc95a74ef15b8062d0d39106c32fe3023?s=96&d=mm&r=g","caption":"admin"},"sameAs":["https:\/\/lavocedelpaese.info"],"url":"https:\/\/lavocedelpaese.info\/index.php\/author\/admin\/"}]}},"_links":{"self":[{"href":"https:\/\/lavocedelpaese.info\/index.php\/wp-json\/wp\/v2\/posts\/10532","targetHints":{"allow":["GET"]}}],"collection":[{"href":"https:\/\/lavocedelpaese.info\/index.php\/wp-json\/wp\/v2\/posts"}],"about":[{"href":"https:\/\/lavocedelpaese.info\/index.php\/wp-json\/wp\/v2\/types\/post"}],"author":[{"embeddable":true,"href":"https:\/\/lavocedelpaese.info\/index.php\/wp-json\/wp\/v2\/users\/6"}],"replies":[{"embeddable":true,"href":"https:\/\/lavocedelpaese.info\/index.php\/wp-json\/wp\/v2\/comments?post=10532"}],"version-history":[{"count":0,"href":"https:\/\/lavocedelpaese.info\/index.php\/wp-json\/wp\/v2\/posts\/10532\/revisions"}],"wp:featuredmedia":[{"embeddable":true,"href":"https:\/\/lavocedelpaese.info\/index.php\/wp-json\/wp\/v2\/media\/10533"}],"wp:attachment":[{"href":"https:\/\/lavocedelpaese.info\/index.php\/wp-json\/wp\/v2\/media?parent=10532"}],"wp:term":[{"taxonomy":"category","embeddable":true,"href":"https:\/\/lavocedelpaese.info\/index.php\/wp-json\/wp\/v2\/categories?post=10532"},{"taxonomy":"post_tag","embeddable":true,"href":"https:\/\/lavocedelpaese.info\/index.php\/wp-json\/wp\/v2\/tags?post=10532"}],"curies":[{"name":"wp","href":"https:\/\/api.w.org\/{rel}","templated":true}]}}