{"id":10517,"date":"2026-01-29T20:14:08","date_gmt":"2026-01-29T20:14:08","guid":{"rendered":"https:\/\/lavocedelpaese.info\/index.php\/2026\/01\/29\/piazzale-sisto-candidato-a-diventare-un-parco-urbano\/"},"modified":"2026-01-29T20:14:08","modified_gmt":"2026-01-29T20:14:08","slug":"piazzale-sisto-candidato-a-diventare-un-parco-urbano","status":"publish","type":"post","link":"https:\/\/lavocedelpaese.info\/index.php\/2026\/01\/29\/piazzale-sisto-candidato-a-diventare-un-parco-urbano\/","title":{"rendered":"Piazzale Sisto candidato a diventare un Parco Urbano\u00a0\u200b"},"content":{"rendered":"<p>\u00a0<\/p>\n<p>\u200b\u00a0<\/p>\n<p>\u200b\u00a0<\/p>\n<p>Da piazzale utilizzato per il parcheggio dei mezzi a parco urbano. L\u2019idea \u00e8 dell\u2019Amministrazione Del Re che con delibera di Giunta ha candidato Piazzale Sisto (nei pressi dell\u2019area mercatale del venerd\u00ec) a diventare un parco urbano, candidandolo ad un Bando della Regione Puglia che mette a disposizione fondi europei per la \u201cRinaturalizzazione di suoli degradati o in via di degrado in ambito urbano e periurbano\u201d.<\/p>\n<p>L\u2019Amministrazione comunale vorrebbe prevedere il recupero socio-ambientale dell\u2019area \u201cattraverso interventi mirati alla rinaturalizzazione dei suoli\u201d ed ha per questo predisposto un progetto, tramite l\u2019Ufficio Tecnico Comunale, da candidare al bando regionale per una spesa complessiva di oltre 1 milione di euro di cui pi\u00f9 di 122mila a carico del Bilancio Comunale.<\/p>\n<p>Piazzale Sisto \u2013 che non risulta essere \u201carea verde\u201d \u2013 funge da grande area parcheggio soprattutto in occasione di eventi che attirano da fuori paese persone e mezzi, mentre com\u2019\u00e8 noto al venerd\u00ec viene utilizzato in gran parte per il mercato settimanale: in passato ci fu chi prov\u00f2 a \u201cvenderselo\u201d come parcheggio ad esclusivo utilizzo della ex \u201cCasa Bianca\u201d ma una forte protesta popolare fece rimettere \u201cmarcia indietro\u201d all\u2019idea.<\/p>\n<p>Ora vedremo se la Regione Puglia approver\u00e0 o meno il progetto, nel qual caso si passer\u00e0 alla fase operativa per dotare Cassano di una nuova area verde urbana ma con sempre meno posti auto.<\/p>\n<p><a class=\"a2a_button_facebook\" href=\"https:\/\/www.addtoany.com\/add_to\/facebook?linkurl=https%3A%2F%2Fcassano.lavocedelpaese.info%2Fpiazzale-sisto-candidato-a-diventare-un-parco-urbano%2F&amp;linkname=Piazzale%20Sisto%20candidato%20a%20diventare%20un%20Parco%20Urbano\" title=\"Facebook\" rel=\"nofollow noopener\" target=\"_blank\"><\/a><a class=\"a2a_button_twitter\" href=\"https:\/\/www.addtoany.com\/add_to\/twitter?linkurl=https%3A%2F%2Fcassano.lavocedelpaese.info%2Fpiazzale-sisto-candidato-a-diventare-un-parco-urbano%2F&amp;linkname=Piazzale%20Sisto%20candidato%20a%20diventare%20un%20Parco%20Urbano\" title=\"Twitter\" rel=\"nofollow noopener\" target=\"_blank\"><\/a><a class=\"a2a_button_whatsapp\" href=\"https:\/\/www.addtoany.com\/add_to\/whatsapp?linkurl=https%3A%2F%2Fcassano.lavocedelpaese.info%2Fpiazzale-sisto-candidato-a-diventare-un-parco-urbano%2F&amp;linkname=Piazzale%20Sisto%20candidato%20a%20diventare%20un%20Parco%20Urbano\" title=\"WhatsApp\" rel=\"nofollow noopener\" target=\"_blank\"><\/a><a class=\"a2a_button_telegram\" href=\"https:\/\/www.addtoany.com\/add_to\/telegram?linkurl=https%3A%2F%2Fcassano.lavocedelpaese.info%2Fpiazzale-sisto-candidato-a-diventare-un-parco-urbano%2F&amp;linkname=Piazzale%20Sisto%20candidato%20a%20diventare%20un%20Parco%20Urbano\" title=\"Telegram\" rel=\"nofollow noopener\" target=\"_blank\"><\/a><a class=\"a2a_button_email\" href=\"https:\/\/www.addtoany.com\/add_to\/email?linkurl=https%3A%2F%2Fcassano.lavocedelpaese.info%2Fpiazzale-sisto-candidato-a-diventare-un-parco-urbano%2F&amp;linkname=Piazzale%20Sisto%20candidato%20a%20diventare%20un%20Parco%20Urbano\" title=\"Email\" rel=\"nofollow noopener\" target=\"_blank\"><\/a><\/p>\n<p>\u00a0<\/p>\n<p>\u00a0<\/p>\n<p>\u200b\u00a0\u00a0\u00a0<\/p>","protected":false},"excerpt":{"rendered":"<p>\u00a0 \u200b\u00a0 \u200b\u00a0 Da piazzale utilizzato per il parcheggio dei mezzi a parco urbano. L\u2019idea \u00e8 dell\u2019Amministrazione Del Re che<\/p>\n","protected":false},"author":6,"featured_media":730,"comment_status":"open","ping_status":"closed","sticky":false,"template":"","format":"standard","meta":{"colormag_page_container_layout":"default_layout","colormag_page_sidebar_layout":"default_layout","footnotes":""},"categories":[33],"tags":[],"class_list":["post-10517","post","type-post","status-publish","format-standard","has-post-thumbnail","hentry","category-network"],"yoast_head":"<!-- This site is optimized with the Yoast SEO plugin v27.5 - https:\/\/yoast.com\/product\/yoast-seo-wordpress\/ -->\n<title>Piazzale Sisto candidato a diventare un Parco Urbano\u00a0\u200b - La Voce del Paese<\/title>\n<meta name=\"robots\" content=\"index, follow, max-snippet:-1, max-image-preview:large, max-video-preview:-1\" \/>\n<link rel=\"canonical\" href=\"https:\/\/lavocedelpaese.info\/index.php\/2026\/01\/29\/piazzale-sisto-candidato-a-diventare-un-parco-urbano\/\" \/>\n<meta property=\"og:locale\" content=\"it_IT\" \/>\n<meta property=\"og:type\" content=\"article\" \/>\n<meta property=\"og:title\" content=\"Piazzale Sisto candidato a diventare un Parco Urbano\u00a0\u200b - La Voce del Paese\" \/>\n<meta property=\"og:description\" content=\"\u00a0 \u200b\u00a0 \u200b\u00a0 Da piazzale utilizzato per il parcheggio dei mezzi a parco urbano. L\u2019idea \u00e8 dell\u2019Amministrazione Del Re che\" \/>\n<meta property=\"og:url\" content=\"https:\/\/lavocedelpaese.info\/index.php\/2026\/01\/29\/piazzale-sisto-candidato-a-diventare-un-parco-urbano\/\" \/>\n<meta property=\"og:site_name\" content=\"La Voce del Paese\" \/>\n<meta property=\"article:publisher\" content=\"https:\/\/www.facebook.com\/lavocedelpaese.info\" \/>\n<meta property=\"article:published_time\" content=\"2026-01-29T20:14:08+00:00\" \/>\n<meta name=\"author\" content=\"admin\" \/>\n<meta name=\"twitter:card\" content=\"summary_large_image\" \/>\n<meta name=\"twitter:label1\" content=\"Scritto da\" \/>\n\t<meta name=\"twitter:data1\" content=\"admin\" \/>\n\t<meta name=\"twitter:label2\" content=\"Tempo di lettura stimato\" \/>\n\t<meta name=\"twitter:data2\" content=\"1 minuto\" \/>\n<script type=\"application\/ld+json\" class=\"yoast-schema-graph\">{\"@context\":\"https:\\\/\\\/schema.org\",\"@graph\":[{\"@type\":\"Article\",\"@id\":\"https:\\\/\\\/lavocedelpaese.info\\\/index.php\\\/2026\\\/01\\\/29\\\/piazzale-sisto-candidato-a-diventare-un-parco-urbano\\\/#article\",\"isPartOf\":{\"@id\":\"https:\\\/\\\/lavocedelpaese.info\\\/index.php\\\/2026\\\/01\\\/29\\\/piazzale-sisto-candidato-a-diventare-un-parco-urbano\\\/\"},\"author\":{\"name\":\"admin\",\"@id\":\"https:\\\/\\\/lavocedelpaese.info\\\/#\\\/schema\\\/person\\\/ec151d321306bd7591f7a061abf72d88\"},\"headline\":\"Piazzale Sisto candidato a diventare un Parco Urbano\u00a0\u200b\",\"datePublished\":\"2026-01-29T20:14:08+00:00\",\"mainEntityOfPage\":{\"@id\":\"https:\\\/\\\/lavocedelpaese.info\\\/index.php\\\/2026\\\/01\\\/29\\\/piazzale-sisto-candidato-a-diventare-un-parco-urbano\\\/\"},\"wordCount\":230,\"commentCount\":0,\"publisher\":{\"@id\":\"https:\\\/\\\/lavocedelpaese.info\\\/#organization\"},\"image\":{\"@id\":\"https:\\\/\\\/lavocedelpaese.info\\\/index.php\\\/2026\\\/01\\\/29\\\/piazzale-sisto-candidato-a-diventare-un-parco-urbano\\\/#primaryimage\"},\"thumbnailUrl\":\"https:\\\/\\\/lavocedelpaese.info\\\/wp-content\\\/uploads\\\/2023\\\/01\\\/logo-150-127.png\",\"articleSection\":[\"network\"],\"inLanguage\":\"it-IT\",\"potentialAction\":[{\"@type\":\"CommentAction\",\"name\":\"Comment\",\"target\":[\"https:\\\/\\\/lavocedelpaese.info\\\/index.php\\\/2026\\\/01\\\/29\\\/piazzale-sisto-candidato-a-diventare-un-parco-urbano\\\/#respond\"]}]},{\"@type\":\"WebPage\",\"@id\":\"https:\\\/\\\/lavocedelpaese.info\\\/index.php\\\/2026\\\/01\\\/29\\\/piazzale-sisto-candidato-a-diventare-un-parco-urbano\\\/\",\"url\":\"https:\\\/\\\/lavocedelpaese.info\\\/index.php\\\/2026\\\/01\\\/29\\\/piazzale-sisto-candidato-a-diventare-un-parco-urbano\\\/\",\"name\":\"Piazzale Sisto candidato a diventare un Parco Urbano\u00a0\u200b - La Voce del Paese\",\"isPartOf\":{\"@id\":\"https:\\\/\\\/lavocedelpaese.info\\\/#website\"},\"primaryImageOfPage\":{\"@id\":\"https:\\\/\\\/lavocedelpaese.info\\\/index.php\\\/2026\\\/01\\\/29\\\/piazzale-sisto-candidato-a-diventare-un-parco-urbano\\\/#primaryimage\"},\"image\":{\"@id\":\"https:\\\/\\\/lavocedelpaese.info\\\/index.php\\\/2026\\\/01\\\/29\\\/piazzale-sisto-candidato-a-diventare-un-parco-urbano\\\/#primaryimage\"},\"thumbnailUrl\":\"https:\\\/\\\/lavocedelpaese.info\\\/wp-content\\\/uploads\\\/2023\\\/01\\\/logo-150-127.png\",\"datePublished\":\"2026-01-29T20:14:08+00:00\",\"breadcrumb\":{\"@id\":\"https:\\\/\\\/lavocedelpaese.info\\\/index.php\\\/2026\\\/01\\\/29\\\/piazzale-sisto-candidato-a-diventare-un-parco-urbano\\\/#breadcrumb\"},\"inLanguage\":\"it-IT\",\"potentialAction\":[{\"@type\":\"ReadAction\",\"target\":[\"https:\\\/\\\/lavocedelpaese.info\\\/index.php\\\/2026\\\/01\\\/29\\\/piazzale-sisto-candidato-a-diventare-un-parco-urbano\\\/\"]}]},{\"@type\":\"ImageObject\",\"inLanguage\":\"it-IT\",\"@id\":\"https:\\\/\\\/lavocedelpaese.info\\\/index.php\\\/2026\\\/01\\\/29\\\/piazzale-sisto-candidato-a-diventare-un-parco-urbano\\\/#primaryimage\",\"url\":\"https:\\\/\\\/lavocedelpaese.info\\\/wp-content\\\/uploads\\\/2023\\\/01\\\/logo-150-127.png\",\"contentUrl\":\"https:\\\/\\\/lavocedelpaese.info\\\/wp-content\\\/uploads\\\/2023\\\/01\\\/logo-150-127.png\",\"width\":150,\"height\":127},{\"@type\":\"BreadcrumbList\",\"@id\":\"https:\\\/\\\/lavocedelpaese.info\\\/index.php\\\/2026\\\/01\\\/29\\\/piazzale-sisto-candidato-a-diventare-un-parco-urbano\\\/#breadcrumb\",\"itemListElement\":[{\"@type\":\"ListItem\",\"position\":1,\"name\":\"Home\",\"item\":\"https:\\\/\\\/lavocedelpaese.info\\\/\"},{\"@type\":\"ListItem\",\"position\":2,\"name\":\"Piazzale Sisto candidato a diventare un Parco Urbano\u00a0\u200b\"}]},{\"@type\":\"WebSite\",\"@id\":\"https:\\\/\\\/lavocedelpaese.info\\\/#website\",\"url\":\"https:\\\/\\\/lavocedelpaese.info\\\/\",\"name\":\"La Voce del Paese\",\"description\":\"Un network di idee\",\"publisher\":{\"@id\":\"https:\\\/\\\/lavocedelpaese.info\\\/#organization\"},\"potentialAction\":[{\"@type\":\"SearchAction\",\"target\":{\"@type\":\"EntryPoint\",\"urlTemplate\":\"https:\\\/\\\/lavocedelpaese.info\\\/?s={search_term_string}\"},\"query-input\":{\"@type\":\"PropertyValueSpecification\",\"valueRequired\":true,\"valueName\":\"search_term_string\"}}],\"inLanguage\":\"it-IT\"},{\"@type\":\"Organization\",\"@id\":\"https:\\\/\\\/lavocedelpaese.info\\\/#organization\",\"name\":\"La Voce del Paese\",\"url\":\"https:\\\/\\\/lavocedelpaese.info\\\/\",\"logo\":{\"@type\":\"ImageObject\",\"inLanguage\":\"it-IT\",\"@id\":\"https:\\\/\\\/lavocedelpaese.info\\\/#\\\/schema\\\/logo\\\/image\\\/\",\"url\":\"https:\\\/\\\/lavocedelpaese.info\\\/wp-content\\\/uploads\\\/2023\\\/01\\\/cropped-logo-150-127.png\",\"contentUrl\":\"https:\\\/\\\/lavocedelpaese.info\\\/wp-content\\\/uploads\\\/2023\\\/01\\\/cropped-logo-150-127.png\",\"width\":137,\"height\":119,\"caption\":\"La Voce del Paese\"},\"image\":{\"@id\":\"https:\\\/\\\/lavocedelpaese.info\\\/#\\\/schema\\\/logo\\\/image\\\/\"},\"sameAs\":[\"https:\\\/\\\/www.facebook.com\\\/lavocedelpaese.info\"]},{\"@type\":\"Person\",\"@id\":\"https:\\\/\\\/lavocedelpaese.info\\\/#\\\/schema\\\/person\\\/ec151d321306bd7591f7a061abf72d88\",\"name\":\"admin\",\"image\":{\"@type\":\"ImageObject\",\"inLanguage\":\"it-IT\",\"@id\":\"https:\\\/\\\/secure.gravatar.com\\\/avatar\\\/af8f2caf0663124588de48a9380e07cbc95a74ef15b8062d0d39106c32fe3023?s=96&d=mm&r=g\",\"url\":\"https:\\\/\\\/secure.gravatar.com\\\/avatar\\\/af8f2caf0663124588de48a9380e07cbc95a74ef15b8062d0d39106c32fe3023?s=96&d=mm&r=g\",\"contentUrl\":\"https:\\\/\\\/secure.gravatar.com\\\/avatar\\\/af8f2caf0663124588de48a9380e07cbc95a74ef15b8062d0d39106c32fe3023?s=96&d=mm&r=g\",\"caption\":\"admin\"},\"sameAs\":[\"https:\\\/\\\/lavocedelpaese.info\"],\"url\":\"https:\\\/\\\/lavocedelpaese.info\\\/index.php\\\/author\\\/admin\\\/\"}]}<\/script>\n<!-- \/ Yoast SEO plugin. -->","yoast_head_json":{"title":"Piazzale Sisto candidato a diventare un Parco Urbano\u00a0\u200b - La Voce del Paese","robots":{"index":"index","follow":"follow","max-snippet":"max-snippet:-1","max-image-preview":"max-image-preview:large","max-video-preview":"max-video-preview:-1"},"canonical":"https:\/\/lavocedelpaese.info\/index.php\/2026\/01\/29\/piazzale-sisto-candidato-a-diventare-un-parco-urbano\/","og_locale":"it_IT","og_type":"article","og_title":"Piazzale Sisto candidato a diventare un Parco Urbano\u00a0\u200b - La Voce del Paese","og_description":"\u00a0 \u200b\u00a0 \u200b\u00a0 Da piazzale utilizzato per il parcheggio dei mezzi a parco urbano. L\u2019idea \u00e8 dell\u2019Amministrazione Del Re che","og_url":"https:\/\/lavocedelpaese.info\/index.php\/2026\/01\/29\/piazzale-sisto-candidato-a-diventare-un-parco-urbano\/","og_site_name":"La Voce del Paese","article_publisher":"https:\/\/www.facebook.com\/lavocedelpaese.info","article_published_time":"2026-01-29T20:14:08+00:00","author":"admin","twitter_card":"summary_large_image","twitter_misc":{"Scritto da":"admin","Tempo di lettura stimato":"1 minuto"},"schema":{"@context":"https:\/\/schema.org","@graph":[{"@type":"Article","@id":"https:\/\/lavocedelpaese.info\/index.php\/2026\/01\/29\/piazzale-sisto-candidato-a-diventare-un-parco-urbano\/#article","isPartOf":{"@id":"https:\/\/lavocedelpaese.info\/index.php\/2026\/01\/29\/piazzale-sisto-candidato-a-diventare-un-parco-urbano\/"},"author":{"name":"admin","@id":"https:\/\/lavocedelpaese.info\/#\/schema\/person\/ec151d321306bd7591f7a061abf72d88"},"headline":"Piazzale Sisto candidato a diventare un Parco Urbano\u00a0\u200b","datePublished":"2026-01-29T20:14:08+00:00","mainEntityOfPage":{"@id":"https:\/\/lavocedelpaese.info\/index.php\/2026\/01\/29\/piazzale-sisto-candidato-a-diventare-un-parco-urbano\/"},"wordCount":230,"commentCount":0,"publisher":{"@id":"https:\/\/lavocedelpaese.info\/#organization"},"image":{"@id":"https:\/\/lavocedelpaese.info\/index.php\/2026\/01\/29\/piazzale-sisto-candidato-a-diventare-un-parco-urbano\/#primaryimage"},"thumbnailUrl":"https:\/\/lavocedelpaese.info\/wp-content\/uploads\/2023\/01\/logo-150-127.png","articleSection":["network"],"inLanguage":"it-IT","potentialAction":[{"@type":"CommentAction","name":"Comment","target":["https:\/\/lavocedelpaese.info\/index.php\/2026\/01\/29\/piazzale-sisto-candidato-a-diventare-un-parco-urbano\/#respond"]}]},{"@type":"WebPage","@id":"https:\/\/lavocedelpaese.info\/index.php\/2026\/01\/29\/piazzale-sisto-candidato-a-diventare-un-parco-urbano\/","url":"https:\/\/lavocedelpaese.info\/index.php\/2026\/01\/29\/piazzale-sisto-candidato-a-diventare-un-parco-urbano\/","name":"Piazzale Sisto candidato a diventare un Parco Urbano\u00a0\u200b - La Voce del Paese","isPartOf":{"@id":"https:\/\/lavocedelpaese.info\/#website"},"primaryImageOfPage":{"@id":"https:\/\/lavocedelpaese.info\/index.php\/2026\/01\/29\/piazzale-sisto-candidato-a-diventare-un-parco-urbano\/#primaryimage"},"image":{"@id":"https:\/\/lavocedelpaese.info\/index.php\/2026\/01\/29\/piazzale-sisto-candidato-a-diventare-un-parco-urbano\/#primaryimage"},"thumbnailUrl":"https:\/\/lavocedelpaese.info\/wp-content\/uploads\/2023\/01\/logo-150-127.png","datePublished":"2026-01-29T20:14:08+00:00","breadcrumb":{"@id":"https:\/\/lavocedelpaese.info\/index.php\/2026\/01\/29\/piazzale-sisto-candidato-a-diventare-un-parco-urbano\/#breadcrumb"},"inLanguage":"it-IT","potentialAction":[{"@type":"ReadAction","target":["https:\/\/lavocedelpaese.info\/index.php\/2026\/01\/29\/piazzale-sisto-candidato-a-diventare-un-parco-urbano\/"]}]},{"@type":"ImageObject","inLanguage":"it-IT","@id":"https:\/\/lavocedelpaese.info\/index.php\/2026\/01\/29\/piazzale-sisto-candidato-a-diventare-un-parco-urbano\/#primaryimage","url":"https:\/\/lavocedelpaese.info\/wp-content\/uploads\/2023\/01\/logo-150-127.png","contentUrl":"https:\/\/lavocedelpaese.info\/wp-content\/uploads\/2023\/01\/logo-150-127.png","width":150,"height":127},{"@type":"BreadcrumbList","@id":"https:\/\/lavocedelpaese.info\/index.php\/2026\/01\/29\/piazzale-sisto-candidato-a-diventare-un-parco-urbano\/#breadcrumb","itemListElement":[{"@type":"ListItem","position":1,"name":"Home","item":"https:\/\/lavocedelpaese.info\/"},{"@type":"ListItem","position":2,"name":"Piazzale Sisto candidato a diventare un Parco Urbano\u00a0\u200b"}]},{"@type":"WebSite","@id":"https:\/\/lavocedelpaese.info\/#website","url":"https:\/\/lavocedelpaese.info\/","name":"La Voce del Paese","description":"Un network di idee","publisher":{"@id":"https:\/\/lavocedelpaese.info\/#organization"},"potentialAction":[{"@type":"SearchAction","target":{"@type":"EntryPoint","urlTemplate":"https:\/\/lavocedelpaese.info\/?s={search_term_string}"},"query-input":{"@type":"PropertyValueSpecification","valueRequired":true,"valueName":"search_term_string"}}],"inLanguage":"it-IT"},{"@type":"Organization","@id":"https:\/\/lavocedelpaese.info\/#organization","name":"La Voce del Paese","url":"https:\/\/lavocedelpaese.info\/","logo":{"@type":"ImageObject","inLanguage":"it-IT","@id":"https:\/\/lavocedelpaese.info\/#\/schema\/logo\/image\/","url":"https:\/\/lavocedelpaese.info\/wp-content\/uploads\/2023\/01\/cropped-logo-150-127.png","contentUrl":"https:\/\/lavocedelpaese.info\/wp-content\/uploads\/2023\/01\/cropped-logo-150-127.png","width":137,"height":119,"caption":"La Voce del Paese"},"image":{"@id":"https:\/\/lavocedelpaese.info\/#\/schema\/logo\/image\/"},"sameAs":["https:\/\/www.facebook.com\/lavocedelpaese.info"]},{"@type":"Person","@id":"https:\/\/lavocedelpaese.info\/#\/schema\/person\/ec151d321306bd7591f7a061abf72d88","name":"admin","image":{"@type":"ImageObject","inLanguage":"it-IT","@id":"https:\/\/secure.gravatar.com\/avatar\/af8f2caf0663124588de48a9380e07cbc95a74ef15b8062d0d39106c32fe3023?s=96&d=mm&r=g","url":"https:\/\/secure.gravatar.com\/avatar\/af8f2caf0663124588de48a9380e07cbc95a74ef15b8062d0d39106c32fe3023?s=96&d=mm&r=g","contentUrl":"https:\/\/secure.gravatar.com\/avatar\/af8f2caf0663124588de48a9380e07cbc95a74ef15b8062d0d39106c32fe3023?s=96&d=mm&r=g","caption":"admin"},"sameAs":["https:\/\/lavocedelpaese.info"],"url":"https:\/\/lavocedelpaese.info\/index.php\/author\/admin\/"}]}},"_links":{"self":[{"href":"https:\/\/lavocedelpaese.info\/index.php\/wp-json\/wp\/v2\/posts\/10517","targetHints":{"allow":["GET"]}}],"collection":[{"href":"https:\/\/lavocedelpaese.info\/index.php\/wp-json\/wp\/v2\/posts"}],"about":[{"href":"https:\/\/lavocedelpaese.info\/index.php\/wp-json\/wp\/v2\/types\/post"}],"author":[{"embeddable":true,"href":"https:\/\/lavocedelpaese.info\/index.php\/wp-json\/wp\/v2\/users\/6"}],"replies":[{"embeddable":true,"href":"https:\/\/lavocedelpaese.info\/index.php\/wp-json\/wp\/v2\/comments?post=10517"}],"version-history":[{"count":0,"href":"https:\/\/lavocedelpaese.info\/index.php\/wp-json\/wp\/v2\/posts\/10517\/revisions"}],"wp:featuredmedia":[{"embeddable":true,"href":"https:\/\/lavocedelpaese.info\/index.php\/wp-json\/wp\/v2\/media\/730"}],"wp:attachment":[{"href":"https:\/\/lavocedelpaese.info\/index.php\/wp-json\/wp\/v2\/media?parent=10517"}],"wp:term":[{"taxonomy":"category","embeddable":true,"href":"https:\/\/lavocedelpaese.info\/index.php\/wp-json\/wp\/v2\/categories?post=10517"},{"taxonomy":"post_tag","embeddable":true,"href":"https:\/\/lavocedelpaese.info\/index.php\/wp-json\/wp\/v2\/tags?post=10517"}],"curies":[{"name":"wp","href":"https:\/\/api.w.org\/{rel}","templated":true}]}}