{"id":10501,"date":"2026-01-26T07:15:35","date_gmt":"2026-01-26T07:15:35","guid":{"rendered":"https:\/\/lavocedelpaese.info\/index.php\/2026\/01\/26\/targa-della-memoria-presso-labitazione-di-giuseppe-tunzi\/"},"modified":"2026-01-26T07:15:35","modified_gmt":"2026-01-26T07:15:35","slug":"targa-della-memoria-presso-labitazione-di-giuseppe-tunzi","status":"publish","type":"post","link":"https:\/\/lavocedelpaese.info\/index.php\/2026\/01\/26\/targa-della-memoria-presso-labitazione-di-giuseppe-tunzi\/","title":{"rendered":"\u201cTarga della Memoria\u201d presso l\u2019abitazione di Giuseppe Tunzi\u00a0\u200b"},"content":{"rendered":"<p>\u00a0<\/p>\n<p>\u200b\u00a0<\/p>\n<p>\u200b\u00a0<\/p>\n<p><strong>Marted\u00ec 27 gennaio, alle ore 18.30<\/strong>, il Circolo del Partito Democratico \u201cRino Palumbo\u201d di Cassano delle Murge apporr\u00e0 la quinta Targa della Memoria <strong>in via Trieste 57, ultima abitazione del soldato Giuseppe Tunzi.<\/strong><\/p>\n<p>Giuseppe Tunzi, fu chiamato alle armi nel 7\u00b0 Reggimento Lancieri di Cavalleria. Dopo mesi di spostamenti e il trasferimento con la Divisione Pinerolo fino alla Grecia, la sua vita \u2013 come quella di migliaia di giovani italiani \u2013 venne sconvolta dagli eventi successivi all\u20198 settembre 1943.<\/p>\n<p>Catturato dai tedeschi, fu deportato in Germania come prigioniero di guerra, dove rimase fino al 1945.<\/p>\n<p>\u201cLa fotografia e la lettera che ci restano di lui non sono solo documenti storici: sono frammenti di umanit\u00e0, testimonianze silenziose di una generazione travolta dalla guerra, privata della libert\u00e0, degli affetti, spesso della giovinezza stessa \u2013 spiega in una nota il PD cassanese \u2013  Apporre una targa su un muro, davanti a una casa, non \u00e8 un gesto formale. \u00c8 un atto di responsabilit\u00e0 collettiva. Significa ridare un nome e una storia a chi rischia di essere inghiottito dall\u2019oblio. Significa ricordare che dietro i grandi eventi della Storia ci sono vite concrete, strade, famiglie, quartieri. In un tempo in cui la memoria viene spesso banalizzata o dimenticata, fermarsi insieme, nel luogo dove Giuseppe Tunzi ha vissuto, \u00e8 un modo per dire che la memoria \u00e8 un dovere civile, e che il passato continua a interrogarci sul presente. Per ricordare. Per comprendere. Per non dimenticare\u201d.<\/p>\n<figure class=\"wp-block-image size-large\"><img decoding=\"async\" width=\"818\" height=\"1024\" src=\"https:\/\/cassano.lavocedelpaese.info\/wp-content\/uploads\/2026\/01\/621598163_1299304042225688_105529080749118776_n-1-818x1024.jpg\" alt=\"\" class=\"wp-image-7942\" \/><\/figure>\n<p><a class=\"a2a_button_facebook\" href=\"https:\/\/www.addtoany.com\/add_to\/facebook?linkurl=https%3A%2F%2Fcassano.lavocedelpaese.info%2Ftarga-della-memoria-presso-labitazione-di-giuseppe-tunzi%2F&amp;linkname=%E2%80%9CTarga%20della%20Memoria%E2%80%9D%20presso%20l%E2%80%99abitazione%20di%20Giuseppe%20Tunzi\" title=\"Facebook\" rel=\"nofollow noopener\" target=\"_blank\"><\/a><a class=\"a2a_button_twitter\" href=\"https:\/\/www.addtoany.com\/add_to\/twitter?linkurl=https%3A%2F%2Fcassano.lavocedelpaese.info%2Ftarga-della-memoria-presso-labitazione-di-giuseppe-tunzi%2F&amp;linkname=%E2%80%9CTarga%20della%20Memoria%E2%80%9D%20presso%20l%E2%80%99abitazione%20di%20Giuseppe%20Tunzi\" title=\"Twitter\" rel=\"nofollow noopener\" target=\"_blank\"><\/a><a class=\"a2a_button_whatsapp\" href=\"https:\/\/www.addtoany.com\/add_to\/whatsapp?linkurl=https%3A%2F%2Fcassano.lavocedelpaese.info%2Ftarga-della-memoria-presso-labitazione-di-giuseppe-tunzi%2F&amp;linkname=%E2%80%9CTarga%20della%20Memoria%E2%80%9D%20presso%20l%E2%80%99abitazione%20di%20Giuseppe%20Tunzi\" title=\"WhatsApp\" rel=\"nofollow noopener\" target=\"_blank\"><\/a><a class=\"a2a_button_telegram\" href=\"https:\/\/www.addtoany.com\/add_to\/telegram?linkurl=https%3A%2F%2Fcassano.lavocedelpaese.info%2Ftarga-della-memoria-presso-labitazione-di-giuseppe-tunzi%2F&amp;linkname=%E2%80%9CTarga%20della%20Memoria%E2%80%9D%20presso%20l%E2%80%99abitazione%20di%20Giuseppe%20Tunzi\" title=\"Telegram\" rel=\"nofollow noopener\" target=\"_blank\"><\/a><a class=\"a2a_button_email\" href=\"https:\/\/www.addtoany.com\/add_to\/email?linkurl=https%3A%2F%2Fcassano.lavocedelpaese.info%2Ftarga-della-memoria-presso-labitazione-di-giuseppe-tunzi%2F&amp;linkname=%E2%80%9CTarga%20della%20Memoria%E2%80%9D%20presso%20l%E2%80%99abitazione%20di%20Giuseppe%20Tunzi\" title=\"Email\" rel=\"nofollow noopener\" target=\"_blank\"><\/a><\/p>\n<p>\u00a0<\/p>\n<p>\u00a0<\/p>\n<p>\u200b\u00a0\u00a0\u00a0<\/p>","protected":false},"excerpt":{"rendered":"<p>\u00a0 \u200b\u00a0 \u200b\u00a0 Marted\u00ec 27 gennaio, alle ore 18.30, il Circolo del Partito Democratico \u201cRino Palumbo\u201d di Cassano delle Murge<\/p>\n","protected":false},"author":6,"featured_media":10502,"comment_status":"open","ping_status":"closed","sticky":false,"template":"","format":"standard","meta":{"colormag_page_container_layout":"default_layout","colormag_page_sidebar_layout":"default_layout","footnotes":""},"categories":[33],"tags":[],"class_list":["post-10501","post","type-post","status-publish","format-standard","has-post-thumbnail","hentry","category-network"],"yoast_head":"<!-- This site is optimized with the Yoast SEO plugin v27.5 - https:\/\/yoast.com\/product\/yoast-seo-wordpress\/ -->\n<title>\u201cTarga della Memoria\u201d presso l\u2019abitazione di Giuseppe Tunzi\u00a0\u200b - La Voce del Paese<\/title>\n<meta name=\"robots\" content=\"index, follow, max-snippet:-1, max-image-preview:large, max-video-preview:-1\" \/>\n<link rel=\"canonical\" href=\"https:\/\/lavocedelpaese.info\/index.php\/2026\/01\/26\/targa-della-memoria-presso-labitazione-di-giuseppe-tunzi\/\" \/>\n<meta property=\"og:locale\" content=\"it_IT\" \/>\n<meta property=\"og:type\" content=\"article\" \/>\n<meta property=\"og:title\" content=\"\u201cTarga della Memoria\u201d presso l\u2019abitazione di Giuseppe Tunzi\u00a0\u200b - La Voce del Paese\" \/>\n<meta property=\"og:description\" content=\"\u00a0 \u200b\u00a0 \u200b\u00a0 Marted\u00ec 27 gennaio, alle ore 18.30, il Circolo del Partito Democratico \u201cRino Palumbo\u201d di Cassano delle Murge\" \/>\n<meta property=\"og:url\" content=\"https:\/\/lavocedelpaese.info\/index.php\/2026\/01\/26\/targa-della-memoria-presso-labitazione-di-giuseppe-tunzi\/\" \/>\n<meta property=\"og:site_name\" content=\"La Voce del Paese\" \/>\n<meta property=\"article:publisher\" content=\"https:\/\/www.facebook.com\/lavocedelpaese.info\" \/>\n<meta property=\"article:published_time\" content=\"2026-01-26T07:15:35+00:00\" \/>\n<meta name=\"author\" content=\"admin\" \/>\n<meta name=\"twitter:card\" content=\"summary_large_image\" \/>\n<meta name=\"twitter:label1\" content=\"Scritto da\" \/>\n\t<meta name=\"twitter:data1\" content=\"admin\" \/>\n\t<meta name=\"twitter:label2\" content=\"Tempo di lettura stimato\" \/>\n\t<meta name=\"twitter:data2\" content=\"1 minuto\" \/>\n<script type=\"application\/ld+json\" class=\"yoast-schema-graph\">{\"@context\":\"https:\\\/\\\/schema.org\",\"@graph\":[{\"@type\":\"Article\",\"@id\":\"https:\\\/\\\/lavocedelpaese.info\\\/index.php\\\/2026\\\/01\\\/26\\\/targa-della-memoria-presso-labitazione-di-giuseppe-tunzi\\\/#article\",\"isPartOf\":{\"@id\":\"https:\\\/\\\/lavocedelpaese.info\\\/index.php\\\/2026\\\/01\\\/26\\\/targa-della-memoria-presso-labitazione-di-giuseppe-tunzi\\\/\"},\"author\":{\"name\":\"admin\",\"@id\":\"https:\\\/\\\/lavocedelpaese.info\\\/#\\\/schema\\\/person\\\/ec151d321306bd7591f7a061abf72d88\"},\"headline\":\"\u201cTarga della Memoria\u201d presso l\u2019abitazione di Giuseppe Tunzi\u00a0\u200b\",\"datePublished\":\"2026-01-26T07:15:35+00:00\",\"mainEntityOfPage\":{\"@id\":\"https:\\\/\\\/lavocedelpaese.info\\\/index.php\\\/2026\\\/01\\\/26\\\/targa-della-memoria-presso-labitazione-di-giuseppe-tunzi\\\/\"},\"wordCount\":236,\"commentCount\":0,\"publisher\":{\"@id\":\"https:\\\/\\\/lavocedelpaese.info\\\/#organization\"},\"image\":{\"@id\":\"https:\\\/\\\/lavocedelpaese.info\\\/index.php\\\/2026\\\/01\\\/26\\\/targa-della-memoria-presso-labitazione-di-giuseppe-tunzi\\\/#primaryimage\"},\"thumbnailUrl\":\"https:\\\/\\\/lavocedelpaese.info\\\/wp-content\\\/uploads\\\/2026\\\/01\\\/621598163_1299304042225688_105529080749118776_n-1-818x1024-3phCP5.jpg\",\"articleSection\":[\"network\"],\"inLanguage\":\"it-IT\",\"potentialAction\":[{\"@type\":\"CommentAction\",\"name\":\"Comment\",\"target\":[\"https:\\\/\\\/lavocedelpaese.info\\\/index.php\\\/2026\\\/01\\\/26\\\/targa-della-memoria-presso-labitazione-di-giuseppe-tunzi\\\/#respond\"]}]},{\"@type\":\"WebPage\",\"@id\":\"https:\\\/\\\/lavocedelpaese.info\\\/index.php\\\/2026\\\/01\\\/26\\\/targa-della-memoria-presso-labitazione-di-giuseppe-tunzi\\\/\",\"url\":\"https:\\\/\\\/lavocedelpaese.info\\\/index.php\\\/2026\\\/01\\\/26\\\/targa-della-memoria-presso-labitazione-di-giuseppe-tunzi\\\/\",\"name\":\"\u201cTarga della Memoria\u201d presso l\u2019abitazione di Giuseppe Tunzi\u00a0\u200b - La Voce del Paese\",\"isPartOf\":{\"@id\":\"https:\\\/\\\/lavocedelpaese.info\\\/#website\"},\"primaryImageOfPage\":{\"@id\":\"https:\\\/\\\/lavocedelpaese.info\\\/index.php\\\/2026\\\/01\\\/26\\\/targa-della-memoria-presso-labitazione-di-giuseppe-tunzi\\\/#primaryimage\"},\"image\":{\"@id\":\"https:\\\/\\\/lavocedelpaese.info\\\/index.php\\\/2026\\\/01\\\/26\\\/targa-della-memoria-presso-labitazione-di-giuseppe-tunzi\\\/#primaryimage\"},\"thumbnailUrl\":\"https:\\\/\\\/lavocedelpaese.info\\\/wp-content\\\/uploads\\\/2026\\\/01\\\/621598163_1299304042225688_105529080749118776_n-1-818x1024-3phCP5.jpg\",\"datePublished\":\"2026-01-26T07:15:35+00:00\",\"breadcrumb\":{\"@id\":\"https:\\\/\\\/lavocedelpaese.info\\\/index.php\\\/2026\\\/01\\\/26\\\/targa-della-memoria-presso-labitazione-di-giuseppe-tunzi\\\/#breadcrumb\"},\"inLanguage\":\"it-IT\",\"potentialAction\":[{\"@type\":\"ReadAction\",\"target\":[\"https:\\\/\\\/lavocedelpaese.info\\\/index.php\\\/2026\\\/01\\\/26\\\/targa-della-memoria-presso-labitazione-di-giuseppe-tunzi\\\/\"]}]},{\"@type\":\"ImageObject\",\"inLanguage\":\"it-IT\",\"@id\":\"https:\\\/\\\/lavocedelpaese.info\\\/index.php\\\/2026\\\/01\\\/26\\\/targa-della-memoria-presso-labitazione-di-giuseppe-tunzi\\\/#primaryimage\",\"url\":\"https:\\\/\\\/lavocedelpaese.info\\\/wp-content\\\/uploads\\\/2026\\\/01\\\/621598163_1299304042225688_105529080749118776_n-1-818x1024-3phCP5.jpg\",\"contentUrl\":\"https:\\\/\\\/lavocedelpaese.info\\\/wp-content\\\/uploads\\\/2026\\\/01\\\/621598163_1299304042225688_105529080749118776_n-1-818x1024-3phCP5.jpg\",\"width\":639,\"height\":800},{\"@type\":\"BreadcrumbList\",\"@id\":\"https:\\\/\\\/lavocedelpaese.info\\\/index.php\\\/2026\\\/01\\\/26\\\/targa-della-memoria-presso-labitazione-di-giuseppe-tunzi\\\/#breadcrumb\",\"itemListElement\":[{\"@type\":\"ListItem\",\"position\":1,\"name\":\"Home\",\"item\":\"https:\\\/\\\/lavocedelpaese.info\\\/\"},{\"@type\":\"ListItem\",\"position\":2,\"name\":\"\u201cTarga della Memoria\u201d presso l\u2019abitazione di Giuseppe Tunzi\u00a0\u200b\"}]},{\"@type\":\"WebSite\",\"@id\":\"https:\\\/\\\/lavocedelpaese.info\\\/#website\",\"url\":\"https:\\\/\\\/lavocedelpaese.info\\\/\",\"name\":\"La Voce del Paese\",\"description\":\"Un network di idee\",\"publisher\":{\"@id\":\"https:\\\/\\\/lavocedelpaese.info\\\/#organization\"},\"potentialAction\":[{\"@type\":\"SearchAction\",\"target\":{\"@type\":\"EntryPoint\",\"urlTemplate\":\"https:\\\/\\\/lavocedelpaese.info\\\/?s={search_term_string}\"},\"query-input\":{\"@type\":\"PropertyValueSpecification\",\"valueRequired\":true,\"valueName\":\"search_term_string\"}}],\"inLanguage\":\"it-IT\"},{\"@type\":\"Organization\",\"@id\":\"https:\\\/\\\/lavocedelpaese.info\\\/#organization\",\"name\":\"La Voce del Paese\",\"url\":\"https:\\\/\\\/lavocedelpaese.info\\\/\",\"logo\":{\"@type\":\"ImageObject\",\"inLanguage\":\"it-IT\",\"@id\":\"https:\\\/\\\/lavocedelpaese.info\\\/#\\\/schema\\\/logo\\\/image\\\/\",\"url\":\"https:\\\/\\\/lavocedelpaese.info\\\/wp-content\\\/uploads\\\/2023\\\/01\\\/cropped-logo-150-127.png\",\"contentUrl\":\"https:\\\/\\\/lavocedelpaese.info\\\/wp-content\\\/uploads\\\/2023\\\/01\\\/cropped-logo-150-127.png\",\"width\":137,\"height\":119,\"caption\":\"La Voce del Paese\"},\"image\":{\"@id\":\"https:\\\/\\\/lavocedelpaese.info\\\/#\\\/schema\\\/logo\\\/image\\\/\"},\"sameAs\":[\"https:\\\/\\\/www.facebook.com\\\/lavocedelpaese.info\"]},{\"@type\":\"Person\",\"@id\":\"https:\\\/\\\/lavocedelpaese.info\\\/#\\\/schema\\\/person\\\/ec151d321306bd7591f7a061abf72d88\",\"name\":\"admin\",\"image\":{\"@type\":\"ImageObject\",\"inLanguage\":\"it-IT\",\"@id\":\"https:\\\/\\\/secure.gravatar.com\\\/avatar\\\/af8f2caf0663124588de48a9380e07cbc95a74ef15b8062d0d39106c32fe3023?s=96&d=mm&r=g\",\"url\":\"https:\\\/\\\/secure.gravatar.com\\\/avatar\\\/af8f2caf0663124588de48a9380e07cbc95a74ef15b8062d0d39106c32fe3023?s=96&d=mm&r=g\",\"contentUrl\":\"https:\\\/\\\/secure.gravatar.com\\\/avatar\\\/af8f2caf0663124588de48a9380e07cbc95a74ef15b8062d0d39106c32fe3023?s=96&d=mm&r=g\",\"caption\":\"admin\"},\"sameAs\":[\"https:\\\/\\\/lavocedelpaese.info\"],\"url\":\"https:\\\/\\\/lavocedelpaese.info\\\/index.php\\\/author\\\/admin\\\/\"}]}<\/script>\n<!-- \/ Yoast SEO plugin. -->","yoast_head_json":{"title":"\u201cTarga della Memoria\u201d presso l\u2019abitazione di Giuseppe Tunzi\u00a0\u200b - La Voce del Paese","robots":{"index":"index","follow":"follow","max-snippet":"max-snippet:-1","max-image-preview":"max-image-preview:large","max-video-preview":"max-video-preview:-1"},"canonical":"https:\/\/lavocedelpaese.info\/index.php\/2026\/01\/26\/targa-della-memoria-presso-labitazione-di-giuseppe-tunzi\/","og_locale":"it_IT","og_type":"article","og_title":"\u201cTarga della Memoria\u201d presso l\u2019abitazione di Giuseppe Tunzi\u00a0\u200b - La Voce del Paese","og_description":"\u00a0 \u200b\u00a0 \u200b\u00a0 Marted\u00ec 27 gennaio, alle ore 18.30, il Circolo del Partito Democratico \u201cRino Palumbo\u201d di Cassano delle Murge","og_url":"https:\/\/lavocedelpaese.info\/index.php\/2026\/01\/26\/targa-della-memoria-presso-labitazione-di-giuseppe-tunzi\/","og_site_name":"La Voce del Paese","article_publisher":"https:\/\/www.facebook.com\/lavocedelpaese.info","article_published_time":"2026-01-26T07:15:35+00:00","author":"admin","twitter_card":"summary_large_image","twitter_misc":{"Scritto da":"admin","Tempo di lettura stimato":"1 minuto"},"schema":{"@context":"https:\/\/schema.org","@graph":[{"@type":"Article","@id":"https:\/\/lavocedelpaese.info\/index.php\/2026\/01\/26\/targa-della-memoria-presso-labitazione-di-giuseppe-tunzi\/#article","isPartOf":{"@id":"https:\/\/lavocedelpaese.info\/index.php\/2026\/01\/26\/targa-della-memoria-presso-labitazione-di-giuseppe-tunzi\/"},"author":{"name":"admin","@id":"https:\/\/lavocedelpaese.info\/#\/schema\/person\/ec151d321306bd7591f7a061abf72d88"},"headline":"\u201cTarga della Memoria\u201d presso l\u2019abitazione di Giuseppe Tunzi\u00a0\u200b","datePublished":"2026-01-26T07:15:35+00:00","mainEntityOfPage":{"@id":"https:\/\/lavocedelpaese.info\/index.php\/2026\/01\/26\/targa-della-memoria-presso-labitazione-di-giuseppe-tunzi\/"},"wordCount":236,"commentCount":0,"publisher":{"@id":"https:\/\/lavocedelpaese.info\/#organization"},"image":{"@id":"https:\/\/lavocedelpaese.info\/index.php\/2026\/01\/26\/targa-della-memoria-presso-labitazione-di-giuseppe-tunzi\/#primaryimage"},"thumbnailUrl":"https:\/\/lavocedelpaese.info\/wp-content\/uploads\/2026\/01\/621598163_1299304042225688_105529080749118776_n-1-818x1024-3phCP5.jpg","articleSection":["network"],"inLanguage":"it-IT","potentialAction":[{"@type":"CommentAction","name":"Comment","target":["https:\/\/lavocedelpaese.info\/index.php\/2026\/01\/26\/targa-della-memoria-presso-labitazione-di-giuseppe-tunzi\/#respond"]}]},{"@type":"WebPage","@id":"https:\/\/lavocedelpaese.info\/index.php\/2026\/01\/26\/targa-della-memoria-presso-labitazione-di-giuseppe-tunzi\/","url":"https:\/\/lavocedelpaese.info\/index.php\/2026\/01\/26\/targa-della-memoria-presso-labitazione-di-giuseppe-tunzi\/","name":"\u201cTarga della Memoria\u201d presso l\u2019abitazione di Giuseppe Tunzi\u00a0\u200b - La Voce del Paese","isPartOf":{"@id":"https:\/\/lavocedelpaese.info\/#website"},"primaryImageOfPage":{"@id":"https:\/\/lavocedelpaese.info\/index.php\/2026\/01\/26\/targa-della-memoria-presso-labitazione-di-giuseppe-tunzi\/#primaryimage"},"image":{"@id":"https:\/\/lavocedelpaese.info\/index.php\/2026\/01\/26\/targa-della-memoria-presso-labitazione-di-giuseppe-tunzi\/#primaryimage"},"thumbnailUrl":"https:\/\/lavocedelpaese.info\/wp-content\/uploads\/2026\/01\/621598163_1299304042225688_105529080749118776_n-1-818x1024-3phCP5.jpg","datePublished":"2026-01-26T07:15:35+00:00","breadcrumb":{"@id":"https:\/\/lavocedelpaese.info\/index.php\/2026\/01\/26\/targa-della-memoria-presso-labitazione-di-giuseppe-tunzi\/#breadcrumb"},"inLanguage":"it-IT","potentialAction":[{"@type":"ReadAction","target":["https:\/\/lavocedelpaese.info\/index.php\/2026\/01\/26\/targa-della-memoria-presso-labitazione-di-giuseppe-tunzi\/"]}]},{"@type":"ImageObject","inLanguage":"it-IT","@id":"https:\/\/lavocedelpaese.info\/index.php\/2026\/01\/26\/targa-della-memoria-presso-labitazione-di-giuseppe-tunzi\/#primaryimage","url":"https:\/\/lavocedelpaese.info\/wp-content\/uploads\/2026\/01\/621598163_1299304042225688_105529080749118776_n-1-818x1024-3phCP5.jpg","contentUrl":"https:\/\/lavocedelpaese.info\/wp-content\/uploads\/2026\/01\/621598163_1299304042225688_105529080749118776_n-1-818x1024-3phCP5.jpg","width":639,"height":800},{"@type":"BreadcrumbList","@id":"https:\/\/lavocedelpaese.info\/index.php\/2026\/01\/26\/targa-della-memoria-presso-labitazione-di-giuseppe-tunzi\/#breadcrumb","itemListElement":[{"@type":"ListItem","position":1,"name":"Home","item":"https:\/\/lavocedelpaese.info\/"},{"@type":"ListItem","position":2,"name":"\u201cTarga della Memoria\u201d presso l\u2019abitazione di Giuseppe Tunzi\u00a0\u200b"}]},{"@type":"WebSite","@id":"https:\/\/lavocedelpaese.info\/#website","url":"https:\/\/lavocedelpaese.info\/","name":"La Voce del Paese","description":"Un network di idee","publisher":{"@id":"https:\/\/lavocedelpaese.info\/#organization"},"potentialAction":[{"@type":"SearchAction","target":{"@type":"EntryPoint","urlTemplate":"https:\/\/lavocedelpaese.info\/?s={search_term_string}"},"query-input":{"@type":"PropertyValueSpecification","valueRequired":true,"valueName":"search_term_string"}}],"inLanguage":"it-IT"},{"@type":"Organization","@id":"https:\/\/lavocedelpaese.info\/#organization","name":"La Voce del Paese","url":"https:\/\/lavocedelpaese.info\/","logo":{"@type":"ImageObject","inLanguage":"it-IT","@id":"https:\/\/lavocedelpaese.info\/#\/schema\/logo\/image\/","url":"https:\/\/lavocedelpaese.info\/wp-content\/uploads\/2023\/01\/cropped-logo-150-127.png","contentUrl":"https:\/\/lavocedelpaese.info\/wp-content\/uploads\/2023\/01\/cropped-logo-150-127.png","width":137,"height":119,"caption":"La Voce del Paese"},"image":{"@id":"https:\/\/lavocedelpaese.info\/#\/schema\/logo\/image\/"},"sameAs":["https:\/\/www.facebook.com\/lavocedelpaese.info"]},{"@type":"Person","@id":"https:\/\/lavocedelpaese.info\/#\/schema\/person\/ec151d321306bd7591f7a061abf72d88","name":"admin","image":{"@type":"ImageObject","inLanguage":"it-IT","@id":"https:\/\/secure.gravatar.com\/avatar\/af8f2caf0663124588de48a9380e07cbc95a74ef15b8062d0d39106c32fe3023?s=96&d=mm&r=g","url":"https:\/\/secure.gravatar.com\/avatar\/af8f2caf0663124588de48a9380e07cbc95a74ef15b8062d0d39106c32fe3023?s=96&d=mm&r=g","contentUrl":"https:\/\/secure.gravatar.com\/avatar\/af8f2caf0663124588de48a9380e07cbc95a74ef15b8062d0d39106c32fe3023?s=96&d=mm&r=g","caption":"admin"},"sameAs":["https:\/\/lavocedelpaese.info"],"url":"https:\/\/lavocedelpaese.info\/index.php\/author\/admin\/"}]}},"_links":{"self":[{"href":"https:\/\/lavocedelpaese.info\/index.php\/wp-json\/wp\/v2\/posts\/10501","targetHints":{"allow":["GET"]}}],"collection":[{"href":"https:\/\/lavocedelpaese.info\/index.php\/wp-json\/wp\/v2\/posts"}],"about":[{"href":"https:\/\/lavocedelpaese.info\/index.php\/wp-json\/wp\/v2\/types\/post"}],"author":[{"embeddable":true,"href":"https:\/\/lavocedelpaese.info\/index.php\/wp-json\/wp\/v2\/users\/6"}],"replies":[{"embeddable":true,"href":"https:\/\/lavocedelpaese.info\/index.php\/wp-json\/wp\/v2\/comments?post=10501"}],"version-history":[{"count":0,"href":"https:\/\/lavocedelpaese.info\/index.php\/wp-json\/wp\/v2\/posts\/10501\/revisions"}],"wp:featuredmedia":[{"embeddable":true,"href":"https:\/\/lavocedelpaese.info\/index.php\/wp-json\/wp\/v2\/media\/10502"}],"wp:attachment":[{"href":"https:\/\/lavocedelpaese.info\/index.php\/wp-json\/wp\/v2\/media?parent=10501"}],"wp:term":[{"taxonomy":"category","embeddable":true,"href":"https:\/\/lavocedelpaese.info\/index.php\/wp-json\/wp\/v2\/categories?post=10501"},{"taxonomy":"post_tag","embeddable":true,"href":"https:\/\/lavocedelpaese.info\/index.php\/wp-json\/wp\/v2\/tags?post=10501"}],"curies":[{"name":"wp","href":"https:\/\/api.w.org\/{rel}","templated":true}]}}