{"id":10491,"date":"2026-01-23T21:13:51","date_gmt":"2026-01-23T21:13:51","guid":{"rendered":"https:\/\/lavocedelpaese.info\/index.php\/2026\/01\/23\/giornata-della-memoria-presidio-presso-lex-mulino-pagano\/"},"modified":"2026-01-23T21:13:51","modified_gmt":"2026-01-23T21:13:51","slug":"giornata-della-memoria-presidio-presso-lex-mulino-pagano","status":"publish","type":"post","link":"https:\/\/lavocedelpaese.info\/index.php\/2026\/01\/23\/giornata-della-memoria-presidio-presso-lex-mulino-pagano\/","title":{"rendered":"Giornata della Memoria: presidio presso l\u2019ex Mulino Pagano\u00a0\u200b"},"content":{"rendered":"<p>\u00a0<\/p>\n<p>\u200b\u00a0<\/p>\n<p>\u200b\u00a0<\/p>\n<p><img decoding=\"async\" class=\"size-full wp-image-7346 alignleft\" src=\"https:\/\/gioia.lavocedelpaese.info\/wp-content\/uploads\/2026\/01\/49449752316_9f0c9e4c60_o.jpg\" alt=\"\" width=\"400\" height=\"300\" \/>La Giornata della Memoria, che si celebra ogni 27 gennaio, \u00e8 un momento fondamentale per riflettere sulle atrocit\u00e0 della Shoah, sulla soluzione finale con il genocidio di ebrei, zingari ed altre minoranze nei campi di concentramento e onorare le vittime del nazifascismo.<\/p>\n<p>La data non \u00e8 casuale: il 27 gennaio 1945 le truppe dell\u2019Armata Rossa abbatterono i cancelli del campo di sterminio di Auschwitz-Birkenau, rivelando al mondo l\u2019orrore del genocidio.<\/p>\n<p>In Italia, la ricorrenza \u00e8 stata istituita ufficialmente con la Legge n. 211 del 20 luglio 2000, per ricordare non solo lo sterminio del popolo ebraico, ma anche le leggi razziali del regime fascista promosse anche da Giorgio Almirante segretario di redazione della rivista La Difesa della Razza, la deportazione degli italiani (militari e politici) e tutti coloro che si sono opposti al progetto di sterminio a rischio della propria vita (i Giusti tra le Nazioni).<\/p>\n<p><strong>MEMORIA \u00c8 RESPONSABILIT\u00c0<\/strong><\/p>\n<p><img decoding=\"async\" class=\"size-full wp-image-7347 alignright\" src=\"https:\/\/gioia.lavocedelpaese.info\/wp-content\/uploads\/2026\/01\/49449982392_28dcd23ffc_o.jpg\" alt=\"\" width=\"400\" height=\"277\" \/>Il\u00a0 passato ci guarda, il 27 gennaio ricordiamo l\u2019orrore di Auschwitz, i cancelli abbattuti, il silenzio assordante di un\u2019Europa che scelse l\u2019indifferenza. Abbiamo giurato che l\u2019umanit\u00e0 non avrebbe pi\u00f9 permesso la cancellazione di un popolo, che nessun genocidio per motivi di razza, etnia o religione sarebbe stato pi\u00f9 consentito.<\/p>\n<p>Ma quegli orrori sono di nuovo presenti fra noi.<\/p>\n<p>Nuovi nazionalismi e autoritarismi minano la coesistenza pacifica, il riemergere di ideologie \u2013 in Italia e nel resto del mondo \u2013 che si ricollegano\u00a0 espressamente\u00a0 al nazifascismo, nuove politiche belliciste e un riarmo spropositato sono segnali preoccupanti di una involuzione e di un ritorno al passato che qualcuno finge di dimenticare.<\/p>\n<p>Oggi, le immagini che arrivano da diversi conflitti in atto nel mondo e soprattutto da Gaza ci pongono davanti a uno specchio crudele.<\/p>\n<p><img decoding=\"async\" class=\"size-full wp-image-7348 alignleft\" src=\"https:\/\/gioia.lavocedelpaese.info\/wp-content\/uploads\/2026\/01\/617352081_955353763828452_755168228664018435_n.jpg\" alt=\"\" width=\"400\" height=\"600\" \/>La fame come arma, la distruzione sistematica, il dolore e il genocidio del popolo palestinese sono ferite che sanguinano nel cuore della nostra coscienza civile.<\/p>\n<p>L\u2019odio non scompare, cambia solo bersaglio.<\/p>\n<p>Ieri: La deumanizzazione dietro il filo spinato con lo sterminio degli ebrei.<\/p>\n<p>Oggi: L\u2019assedio e l\u2019annientamento sotto i bombardamenti.<\/p>\n<p>Sempre: Il silenzio dei giusti che diventa complicit\u00e0.<\/p>\n<p>\u201cQuelli che non ricordano il passato sono condannati a ripeterlo.\u201d\u00a0 (cit. George Santayana )<\/p>\n<p>Non c\u2019\u00e8 memoria vera se non c\u2019\u00e8 giustizia per tutti, ricordare la Shoah significa oggi lottare perch\u00e9 ogni vita, dall\u2019 Ucraina alla Palestina e a ogni latitudine, sia protetta dal seme del genocidio e dello sterminio, senza distinzione di fede, terra o confine.<\/p>\n<p>Anche per questi motivi l\u2019 A.N.P.I. di Gioia del Colle il giorno 27 gennaio 2026 alle ore 16,00 promuover\u00e0 un presidio presso l\u2019ex Mulino Pagano (luogo di internamento di ebrei e antifascisti) \u2013 in via Paolo Cassano \u2013 Gioia del Colle dove sar\u00e0 deposta una corona di fiori in ricordo della vittime della barbarie nazifascista.<\/p>\n<p><strong>La cittadinanza \u00e8 invitata a partecipare.<\/strong><\/p>\n<p><a class=\"a2a_button_facebook\" href=\"https:\/\/www.addtoany.com\/add_to\/facebook?linkurl=https%3A%2F%2Fgioia.lavocedelpaese.info%2Findex.php%2F2026%2F01%2F23%2Fgiornata-della-memoria-presidio-presso-lex-mulino-pagano%2F&amp;linkname=Giornata%20della%20Memoria%3A%20presidio%20presso%20l%E2%80%99ex%20Mulino%20Pagano\" title=\"Facebook\" rel=\"nofollow noopener\" target=\"_blank\"><\/a><a class=\"a2a_button_twitter\" href=\"https:\/\/www.addtoany.com\/add_to\/twitter?linkurl=https%3A%2F%2Fgioia.lavocedelpaese.info%2Findex.php%2F2026%2F01%2F23%2Fgiornata-della-memoria-presidio-presso-lex-mulino-pagano%2F&amp;linkname=Giornata%20della%20Memoria%3A%20presidio%20presso%20l%E2%80%99ex%20Mulino%20Pagano\" title=\"Twitter\" rel=\"nofollow noopener\" target=\"_blank\"><\/a><a class=\"a2a_button_whatsapp\" href=\"https:\/\/www.addtoany.com\/add_to\/whatsapp?linkurl=https%3A%2F%2Fgioia.lavocedelpaese.info%2Findex.php%2F2026%2F01%2F23%2Fgiornata-della-memoria-presidio-presso-lex-mulino-pagano%2F&amp;linkname=Giornata%20della%20Memoria%3A%20presidio%20presso%20l%E2%80%99ex%20Mulino%20Pagano\" title=\"WhatsApp\" rel=\"nofollow noopener\" target=\"_blank\"><\/a><a class=\"a2a_button_telegram\" href=\"https:\/\/www.addtoany.com\/add_to\/telegram?linkurl=https%3A%2F%2Fgioia.lavocedelpaese.info%2Findex.php%2F2026%2F01%2F23%2Fgiornata-della-memoria-presidio-presso-lex-mulino-pagano%2F&amp;linkname=Giornata%20della%20Memoria%3A%20presidio%20presso%20l%E2%80%99ex%20Mulino%20Pagano\" title=\"Telegram\" rel=\"nofollow noopener\" target=\"_blank\"><\/a><a class=\"a2a_button_email\" href=\"https:\/\/www.addtoany.com\/add_to\/email?linkurl=https%3A%2F%2Fgioia.lavocedelpaese.info%2Findex.php%2F2026%2F01%2F23%2Fgiornata-della-memoria-presidio-presso-lex-mulino-pagano%2F&amp;linkname=Giornata%20della%20Memoria%3A%20presidio%20presso%20l%E2%80%99ex%20Mulino%20Pagano\" title=\"Email\" rel=\"nofollow noopener\" target=\"_blank\"><\/a><\/p>\n<p>\u00a0<\/p>\n<p>\u00a0<\/p>\n<p>\u200b\u00a0\u00a0\u00a0<\/p>","protected":false},"excerpt":{"rendered":"<p>\u00a0 \u200b\u00a0 \u200b\u00a0 La Giornata della Memoria, che si celebra ogni 27 gennaio, \u00e8 un momento fondamentale per riflettere sulle<\/p>\n","protected":false},"author":6,"featured_media":10492,"comment_status":"open","ping_status":"closed","sticky":false,"template":"","format":"standard","meta":{"colormag_page_container_layout":"default_layout","colormag_page_sidebar_layout":"default_layout","footnotes":""},"categories":[33],"tags":[],"class_list":["post-10491","post","type-post","status-publish","format-standard","has-post-thumbnail","hentry","category-network"],"yoast_head":"<!-- This site is optimized with the Yoast SEO plugin v27.5 - https:\/\/yoast.com\/product\/yoast-seo-wordpress\/ -->\n<title>Giornata della Memoria: presidio presso l\u2019ex Mulino Pagano\u00a0\u200b - La Voce del Paese<\/title>\n<meta name=\"robots\" content=\"index, follow, max-snippet:-1, max-image-preview:large, max-video-preview:-1\" \/>\n<link rel=\"canonical\" href=\"https:\/\/lavocedelpaese.info\/index.php\/2026\/01\/23\/giornata-della-memoria-presidio-presso-lex-mulino-pagano\/\" \/>\n<meta property=\"og:locale\" content=\"it_IT\" \/>\n<meta property=\"og:type\" content=\"article\" \/>\n<meta property=\"og:title\" content=\"Giornata della Memoria: presidio presso l\u2019ex Mulino Pagano\u00a0\u200b - La Voce del Paese\" \/>\n<meta property=\"og:description\" content=\"\u00a0 \u200b\u00a0 \u200b\u00a0 La Giornata della Memoria, che si celebra ogni 27 gennaio, \u00e8 un momento fondamentale per riflettere sulle\" \/>\n<meta property=\"og:url\" content=\"https:\/\/lavocedelpaese.info\/index.php\/2026\/01\/23\/giornata-della-memoria-presidio-presso-lex-mulino-pagano\/\" \/>\n<meta property=\"og:site_name\" content=\"La Voce del Paese\" \/>\n<meta property=\"article:publisher\" content=\"https:\/\/www.facebook.com\/lavocedelpaese.info\" \/>\n<meta property=\"article:published_time\" content=\"2026-01-23T21:13:51+00:00\" \/>\n<meta name=\"author\" content=\"admin\" \/>\n<meta name=\"twitter:card\" content=\"summary_large_image\" \/>\n<meta name=\"twitter:label1\" content=\"Scritto da\" \/>\n\t<meta name=\"twitter:data1\" content=\"admin\" \/>\n\t<meta name=\"twitter:label2\" content=\"Tempo di lettura stimato\" \/>\n\t<meta name=\"twitter:data2\" content=\"2 minuti\" \/>\n<script type=\"application\/ld+json\" class=\"yoast-schema-graph\">{\"@context\":\"https:\\\/\\\/schema.org\",\"@graph\":[{\"@type\":\"Article\",\"@id\":\"https:\\\/\\\/lavocedelpaese.info\\\/index.php\\\/2026\\\/01\\\/23\\\/giornata-della-memoria-presidio-presso-lex-mulino-pagano\\\/#article\",\"isPartOf\":{\"@id\":\"https:\\\/\\\/lavocedelpaese.info\\\/index.php\\\/2026\\\/01\\\/23\\\/giornata-della-memoria-presidio-presso-lex-mulino-pagano\\\/\"},\"author\":{\"name\":\"admin\",\"@id\":\"https:\\\/\\\/lavocedelpaese.info\\\/#\\\/schema\\\/person\\\/ec151d321306bd7591f7a061abf72d88\"},\"headline\":\"Giornata della Memoria: presidio presso l\u2019ex Mulino Pagano\u00a0\u200b\",\"datePublished\":\"2026-01-23T21:13:51+00:00\",\"mainEntityOfPage\":{\"@id\":\"https:\\\/\\\/lavocedelpaese.info\\\/index.php\\\/2026\\\/01\\\/23\\\/giornata-della-memoria-presidio-presso-lex-mulino-pagano\\\/\"},\"wordCount\":459,\"commentCount\":0,\"publisher\":{\"@id\":\"https:\\\/\\\/lavocedelpaese.info\\\/#organization\"},\"image\":{\"@id\":\"https:\\\/\\\/lavocedelpaese.info\\\/index.php\\\/2026\\\/01\\\/23\\\/giornata-della-memoria-presidio-presso-lex-mulino-pagano\\\/#primaryimage\"},\"thumbnailUrl\":\"https:\\\/\\\/lavocedelpaese.info\\\/wp-content\\\/uploads\\\/2026\\\/01\\\/49449752316_9f0c9e4c60_o-xNMdLP.jpg\",\"articleSection\":[\"network\"],\"inLanguage\":\"it-IT\",\"potentialAction\":[{\"@type\":\"CommentAction\",\"name\":\"Comment\",\"target\":[\"https:\\\/\\\/lavocedelpaese.info\\\/index.php\\\/2026\\\/01\\\/23\\\/giornata-della-memoria-presidio-presso-lex-mulino-pagano\\\/#respond\"]}]},{\"@type\":\"WebPage\",\"@id\":\"https:\\\/\\\/lavocedelpaese.info\\\/index.php\\\/2026\\\/01\\\/23\\\/giornata-della-memoria-presidio-presso-lex-mulino-pagano\\\/\",\"url\":\"https:\\\/\\\/lavocedelpaese.info\\\/index.php\\\/2026\\\/01\\\/23\\\/giornata-della-memoria-presidio-presso-lex-mulino-pagano\\\/\",\"name\":\"Giornata della Memoria: presidio presso l\u2019ex Mulino Pagano\u00a0\u200b - La Voce del Paese\",\"isPartOf\":{\"@id\":\"https:\\\/\\\/lavocedelpaese.info\\\/#website\"},\"primaryImageOfPage\":{\"@id\":\"https:\\\/\\\/lavocedelpaese.info\\\/index.php\\\/2026\\\/01\\\/23\\\/giornata-della-memoria-presidio-presso-lex-mulino-pagano\\\/#primaryimage\"},\"image\":{\"@id\":\"https:\\\/\\\/lavocedelpaese.info\\\/index.php\\\/2026\\\/01\\\/23\\\/giornata-della-memoria-presidio-presso-lex-mulino-pagano\\\/#primaryimage\"},\"thumbnailUrl\":\"https:\\\/\\\/lavocedelpaese.info\\\/wp-content\\\/uploads\\\/2026\\\/01\\\/49449752316_9f0c9e4c60_o-xNMdLP.jpg\",\"datePublished\":\"2026-01-23T21:13:51+00:00\",\"breadcrumb\":{\"@id\":\"https:\\\/\\\/lavocedelpaese.info\\\/index.php\\\/2026\\\/01\\\/23\\\/giornata-della-memoria-presidio-presso-lex-mulino-pagano\\\/#breadcrumb\"},\"inLanguage\":\"it-IT\",\"potentialAction\":[{\"@type\":\"ReadAction\",\"target\":[\"https:\\\/\\\/lavocedelpaese.info\\\/index.php\\\/2026\\\/01\\\/23\\\/giornata-della-memoria-presidio-presso-lex-mulino-pagano\\\/\"]}]},{\"@type\":\"ImageObject\",\"inLanguage\":\"it-IT\",\"@id\":\"https:\\\/\\\/lavocedelpaese.info\\\/index.php\\\/2026\\\/01\\\/23\\\/giornata-della-memoria-presidio-presso-lex-mulino-pagano\\\/#primaryimage\",\"url\":\"https:\\\/\\\/lavocedelpaese.info\\\/wp-content\\\/uploads\\\/2026\\\/01\\\/49449752316_9f0c9e4c60_o-xNMdLP.jpg\",\"contentUrl\":\"https:\\\/\\\/lavocedelpaese.info\\\/wp-content\\\/uploads\\\/2026\\\/01\\\/49449752316_9f0c9e4c60_o-xNMdLP.jpg\",\"width\":640,\"height\":480},{\"@type\":\"BreadcrumbList\",\"@id\":\"https:\\\/\\\/lavocedelpaese.info\\\/index.php\\\/2026\\\/01\\\/23\\\/giornata-della-memoria-presidio-presso-lex-mulino-pagano\\\/#breadcrumb\",\"itemListElement\":[{\"@type\":\"ListItem\",\"position\":1,\"name\":\"Home\",\"item\":\"https:\\\/\\\/lavocedelpaese.info\\\/\"},{\"@type\":\"ListItem\",\"position\":2,\"name\":\"Giornata della Memoria: presidio presso l\u2019ex Mulino Pagano\u00a0\u200b\"}]},{\"@type\":\"WebSite\",\"@id\":\"https:\\\/\\\/lavocedelpaese.info\\\/#website\",\"url\":\"https:\\\/\\\/lavocedelpaese.info\\\/\",\"name\":\"La Voce del Paese\",\"description\":\"Un network di idee\",\"publisher\":{\"@id\":\"https:\\\/\\\/lavocedelpaese.info\\\/#organization\"},\"potentialAction\":[{\"@type\":\"SearchAction\",\"target\":{\"@type\":\"EntryPoint\",\"urlTemplate\":\"https:\\\/\\\/lavocedelpaese.info\\\/?s={search_term_string}\"},\"query-input\":{\"@type\":\"PropertyValueSpecification\",\"valueRequired\":true,\"valueName\":\"search_term_string\"}}],\"inLanguage\":\"it-IT\"},{\"@type\":\"Organization\",\"@id\":\"https:\\\/\\\/lavocedelpaese.info\\\/#organization\",\"name\":\"La Voce del Paese\",\"url\":\"https:\\\/\\\/lavocedelpaese.info\\\/\",\"logo\":{\"@type\":\"ImageObject\",\"inLanguage\":\"it-IT\",\"@id\":\"https:\\\/\\\/lavocedelpaese.info\\\/#\\\/schema\\\/logo\\\/image\\\/\",\"url\":\"https:\\\/\\\/lavocedelpaese.info\\\/wp-content\\\/uploads\\\/2023\\\/01\\\/cropped-logo-150-127.png\",\"contentUrl\":\"https:\\\/\\\/lavocedelpaese.info\\\/wp-content\\\/uploads\\\/2023\\\/01\\\/cropped-logo-150-127.png\",\"width\":137,\"height\":119,\"caption\":\"La Voce del Paese\"},\"image\":{\"@id\":\"https:\\\/\\\/lavocedelpaese.info\\\/#\\\/schema\\\/logo\\\/image\\\/\"},\"sameAs\":[\"https:\\\/\\\/www.facebook.com\\\/lavocedelpaese.info\"]},{\"@type\":\"Person\",\"@id\":\"https:\\\/\\\/lavocedelpaese.info\\\/#\\\/schema\\\/person\\\/ec151d321306bd7591f7a061abf72d88\",\"name\":\"admin\",\"image\":{\"@type\":\"ImageObject\",\"inLanguage\":\"it-IT\",\"@id\":\"https:\\\/\\\/secure.gravatar.com\\\/avatar\\\/af8f2caf0663124588de48a9380e07cbc95a74ef15b8062d0d39106c32fe3023?s=96&d=mm&r=g\",\"url\":\"https:\\\/\\\/secure.gravatar.com\\\/avatar\\\/af8f2caf0663124588de48a9380e07cbc95a74ef15b8062d0d39106c32fe3023?s=96&d=mm&r=g\",\"contentUrl\":\"https:\\\/\\\/secure.gravatar.com\\\/avatar\\\/af8f2caf0663124588de48a9380e07cbc95a74ef15b8062d0d39106c32fe3023?s=96&d=mm&r=g\",\"caption\":\"admin\"},\"sameAs\":[\"https:\\\/\\\/lavocedelpaese.info\"],\"url\":\"https:\\\/\\\/lavocedelpaese.info\\\/index.php\\\/author\\\/admin\\\/\"}]}<\/script>\n<!-- \/ Yoast SEO plugin. -->","yoast_head_json":{"title":"Giornata della Memoria: presidio presso l\u2019ex Mulino Pagano\u00a0\u200b - La Voce del Paese","robots":{"index":"index","follow":"follow","max-snippet":"max-snippet:-1","max-image-preview":"max-image-preview:large","max-video-preview":"max-video-preview:-1"},"canonical":"https:\/\/lavocedelpaese.info\/index.php\/2026\/01\/23\/giornata-della-memoria-presidio-presso-lex-mulino-pagano\/","og_locale":"it_IT","og_type":"article","og_title":"Giornata della Memoria: presidio presso l\u2019ex Mulino Pagano\u00a0\u200b - La Voce del Paese","og_description":"\u00a0 \u200b\u00a0 \u200b\u00a0 La Giornata della Memoria, che si celebra ogni 27 gennaio, \u00e8 un momento fondamentale per riflettere sulle","og_url":"https:\/\/lavocedelpaese.info\/index.php\/2026\/01\/23\/giornata-della-memoria-presidio-presso-lex-mulino-pagano\/","og_site_name":"La Voce del Paese","article_publisher":"https:\/\/www.facebook.com\/lavocedelpaese.info","article_published_time":"2026-01-23T21:13:51+00:00","author":"admin","twitter_card":"summary_large_image","twitter_misc":{"Scritto da":"admin","Tempo di lettura stimato":"2 minuti"},"schema":{"@context":"https:\/\/schema.org","@graph":[{"@type":"Article","@id":"https:\/\/lavocedelpaese.info\/index.php\/2026\/01\/23\/giornata-della-memoria-presidio-presso-lex-mulino-pagano\/#article","isPartOf":{"@id":"https:\/\/lavocedelpaese.info\/index.php\/2026\/01\/23\/giornata-della-memoria-presidio-presso-lex-mulino-pagano\/"},"author":{"name":"admin","@id":"https:\/\/lavocedelpaese.info\/#\/schema\/person\/ec151d321306bd7591f7a061abf72d88"},"headline":"Giornata della Memoria: presidio presso l\u2019ex Mulino Pagano\u00a0\u200b","datePublished":"2026-01-23T21:13:51+00:00","mainEntityOfPage":{"@id":"https:\/\/lavocedelpaese.info\/index.php\/2026\/01\/23\/giornata-della-memoria-presidio-presso-lex-mulino-pagano\/"},"wordCount":459,"commentCount":0,"publisher":{"@id":"https:\/\/lavocedelpaese.info\/#organization"},"image":{"@id":"https:\/\/lavocedelpaese.info\/index.php\/2026\/01\/23\/giornata-della-memoria-presidio-presso-lex-mulino-pagano\/#primaryimage"},"thumbnailUrl":"https:\/\/lavocedelpaese.info\/wp-content\/uploads\/2026\/01\/49449752316_9f0c9e4c60_o-xNMdLP.jpg","articleSection":["network"],"inLanguage":"it-IT","potentialAction":[{"@type":"CommentAction","name":"Comment","target":["https:\/\/lavocedelpaese.info\/index.php\/2026\/01\/23\/giornata-della-memoria-presidio-presso-lex-mulino-pagano\/#respond"]}]},{"@type":"WebPage","@id":"https:\/\/lavocedelpaese.info\/index.php\/2026\/01\/23\/giornata-della-memoria-presidio-presso-lex-mulino-pagano\/","url":"https:\/\/lavocedelpaese.info\/index.php\/2026\/01\/23\/giornata-della-memoria-presidio-presso-lex-mulino-pagano\/","name":"Giornata della Memoria: presidio presso l\u2019ex Mulino Pagano\u00a0\u200b - La Voce del Paese","isPartOf":{"@id":"https:\/\/lavocedelpaese.info\/#website"},"primaryImageOfPage":{"@id":"https:\/\/lavocedelpaese.info\/index.php\/2026\/01\/23\/giornata-della-memoria-presidio-presso-lex-mulino-pagano\/#primaryimage"},"image":{"@id":"https:\/\/lavocedelpaese.info\/index.php\/2026\/01\/23\/giornata-della-memoria-presidio-presso-lex-mulino-pagano\/#primaryimage"},"thumbnailUrl":"https:\/\/lavocedelpaese.info\/wp-content\/uploads\/2026\/01\/49449752316_9f0c9e4c60_o-xNMdLP.jpg","datePublished":"2026-01-23T21:13:51+00:00","breadcrumb":{"@id":"https:\/\/lavocedelpaese.info\/index.php\/2026\/01\/23\/giornata-della-memoria-presidio-presso-lex-mulino-pagano\/#breadcrumb"},"inLanguage":"it-IT","potentialAction":[{"@type":"ReadAction","target":["https:\/\/lavocedelpaese.info\/index.php\/2026\/01\/23\/giornata-della-memoria-presidio-presso-lex-mulino-pagano\/"]}]},{"@type":"ImageObject","inLanguage":"it-IT","@id":"https:\/\/lavocedelpaese.info\/index.php\/2026\/01\/23\/giornata-della-memoria-presidio-presso-lex-mulino-pagano\/#primaryimage","url":"https:\/\/lavocedelpaese.info\/wp-content\/uploads\/2026\/01\/49449752316_9f0c9e4c60_o-xNMdLP.jpg","contentUrl":"https:\/\/lavocedelpaese.info\/wp-content\/uploads\/2026\/01\/49449752316_9f0c9e4c60_o-xNMdLP.jpg","width":640,"height":480},{"@type":"BreadcrumbList","@id":"https:\/\/lavocedelpaese.info\/index.php\/2026\/01\/23\/giornata-della-memoria-presidio-presso-lex-mulino-pagano\/#breadcrumb","itemListElement":[{"@type":"ListItem","position":1,"name":"Home","item":"https:\/\/lavocedelpaese.info\/"},{"@type":"ListItem","position":2,"name":"Giornata della Memoria: presidio presso l\u2019ex Mulino Pagano\u00a0\u200b"}]},{"@type":"WebSite","@id":"https:\/\/lavocedelpaese.info\/#website","url":"https:\/\/lavocedelpaese.info\/","name":"La Voce del Paese","description":"Un network di idee","publisher":{"@id":"https:\/\/lavocedelpaese.info\/#organization"},"potentialAction":[{"@type":"SearchAction","target":{"@type":"EntryPoint","urlTemplate":"https:\/\/lavocedelpaese.info\/?s={search_term_string}"},"query-input":{"@type":"PropertyValueSpecification","valueRequired":true,"valueName":"search_term_string"}}],"inLanguage":"it-IT"},{"@type":"Organization","@id":"https:\/\/lavocedelpaese.info\/#organization","name":"La Voce del Paese","url":"https:\/\/lavocedelpaese.info\/","logo":{"@type":"ImageObject","inLanguage":"it-IT","@id":"https:\/\/lavocedelpaese.info\/#\/schema\/logo\/image\/","url":"https:\/\/lavocedelpaese.info\/wp-content\/uploads\/2023\/01\/cropped-logo-150-127.png","contentUrl":"https:\/\/lavocedelpaese.info\/wp-content\/uploads\/2023\/01\/cropped-logo-150-127.png","width":137,"height":119,"caption":"La Voce del Paese"},"image":{"@id":"https:\/\/lavocedelpaese.info\/#\/schema\/logo\/image\/"},"sameAs":["https:\/\/www.facebook.com\/lavocedelpaese.info"]},{"@type":"Person","@id":"https:\/\/lavocedelpaese.info\/#\/schema\/person\/ec151d321306bd7591f7a061abf72d88","name":"admin","image":{"@type":"ImageObject","inLanguage":"it-IT","@id":"https:\/\/secure.gravatar.com\/avatar\/af8f2caf0663124588de48a9380e07cbc95a74ef15b8062d0d39106c32fe3023?s=96&d=mm&r=g","url":"https:\/\/secure.gravatar.com\/avatar\/af8f2caf0663124588de48a9380e07cbc95a74ef15b8062d0d39106c32fe3023?s=96&d=mm&r=g","contentUrl":"https:\/\/secure.gravatar.com\/avatar\/af8f2caf0663124588de48a9380e07cbc95a74ef15b8062d0d39106c32fe3023?s=96&d=mm&r=g","caption":"admin"},"sameAs":["https:\/\/lavocedelpaese.info"],"url":"https:\/\/lavocedelpaese.info\/index.php\/author\/admin\/"}]}},"_links":{"self":[{"href":"https:\/\/lavocedelpaese.info\/index.php\/wp-json\/wp\/v2\/posts\/10491","targetHints":{"allow":["GET"]}}],"collection":[{"href":"https:\/\/lavocedelpaese.info\/index.php\/wp-json\/wp\/v2\/posts"}],"about":[{"href":"https:\/\/lavocedelpaese.info\/index.php\/wp-json\/wp\/v2\/types\/post"}],"author":[{"embeddable":true,"href":"https:\/\/lavocedelpaese.info\/index.php\/wp-json\/wp\/v2\/users\/6"}],"replies":[{"embeddable":true,"href":"https:\/\/lavocedelpaese.info\/index.php\/wp-json\/wp\/v2\/comments?post=10491"}],"version-history":[{"count":0,"href":"https:\/\/lavocedelpaese.info\/index.php\/wp-json\/wp\/v2\/posts\/10491\/revisions"}],"wp:featuredmedia":[{"embeddable":true,"href":"https:\/\/lavocedelpaese.info\/index.php\/wp-json\/wp\/v2\/media\/10492"}],"wp:attachment":[{"href":"https:\/\/lavocedelpaese.info\/index.php\/wp-json\/wp\/v2\/media?parent=10491"}],"wp:term":[{"taxonomy":"category","embeddable":true,"href":"https:\/\/lavocedelpaese.info\/index.php\/wp-json\/wp\/v2\/categories?post=10491"},{"taxonomy":"post_tag","embeddable":true,"href":"https:\/\/lavocedelpaese.info\/index.php\/wp-json\/wp\/v2\/tags?post=10491"}],"curies":[{"name":"wp","href":"https:\/\/api.w.org\/{rel}","templated":true}]}}