{"id":10478,"date":"2026-01-21T08:13:56","date_gmt":"2026-01-21T08:13:56","guid":{"rendered":"https:\/\/lavocedelpaese.info\/index.php\/2026\/01\/21\/san-sebastiano-cannito-servono-piu-uomini-e-donne-per-la-pl\/"},"modified":"2026-01-21T08:13:56","modified_gmt":"2026-01-21T08:13:56","slug":"san-sebastiano-cannito-servono-piu-uomini-e-donne-per-la-pl","status":"publish","type":"post","link":"https:\/\/lavocedelpaese.info\/index.php\/2026\/01\/21\/san-sebastiano-cannito-servono-piu-uomini-e-donne-per-la-pl\/","title":{"rendered":"San Sebastiano, Cannito: servono pi\u00f9 uomini e donne per la PL\u00a0\u200b"},"content":{"rendered":"<p>\u00a0<\/p>\n<p>\u200b\u00a0<\/p>\n<p>\u200b\u00a0<\/p>\n<p><strong>di Antonia Depalma \u2013 Foto di Donato Angelo Stano<\/strong><\/p>\n<p>Il 20 gennaio ricorre la festivit\u00e0 dedicata a San Sebastiano, martire e patrono degli agenti di Polizia Locale e dei loro comandanti, ufficiali e sottufficiali, cos\u00ec come proclamato il 3 maggio 1957 nel breve apostolico di Papa Pio XII.<\/p>\n<p>San Sebastiano \u2014 alto ufficiale dell\u2019esercito imperiale e comandante della Guardia Pretoriana, gi\u00e0 menzionato nel Depositio Martyrum del 354 d.C. \u2014 \u00e8 stato designato patrono delle forze dell\u2019ordine quale esempio di impegno, lealt\u00e0 e fedelt\u00e0 al dovere, finalizzati alla protezione dei pi\u00f9 deboli e al rigore dell\u2019ordine pubblico.<\/p>\n<p>In occasione della celebrazione dedicata al Santo, vissuto al tempo di Diocleziano, a Cassano delle Murge si \u00e8 tenuta la tradizionale funzione eucaristica presso la Chiesa Madre.<\/p>\n<p>Alla funzione dedicata alla Polizia Municipale, ha partecipato l\u2019Amministrazione comunale insieme ai volontari della Protezione Civile di Cassano delle Murge, costantemente in prima linea a tutela dei cittadini.<\/p>\n<p>Nell\u2019omelia seguita alla lettura del Vangelo, don Francesco Gramegna ha ribadito l\u2019importanza del rispetto verso gli uomini in divisa che garantiscono l\u2019osservanza di leggi poste, anzitutto, al servizio della cittadinanza, tutelandola e garantendo vigilanza e protezione.<\/p>\n<p>L\u2019importanza del rispetto della legge \u2014 che, come affermava il sociologo francese \u00c9mile Durkheim, rappresenta il pilastro della societ\u00e0 \u2014 \u00e8 stata uno dei temi centrali del discorso del parroco, ripreso successivamente dal Comandante Michele Cannito e dal Sindaco Davide Del Re al termine della celebrazione.<\/p>\n<p>In chiesa anche rappresentanti del Consiglio Comunale cassanese.<\/p>\n<p>In una giornata segnata dal lutto per la scomparsa di due giovani cittadini di Acquaviva delle Fonti, il Comandante Cannito ha rinnovato al Sindaco di Cassano la necessit\u00e0 di incrementare l\u2019organico della Polizia Municipale, invitando la cittadinanza a non abbassare mai la guardia: \u00abNoi facciamo sicurezza per il bene della citt\u00e0; le sanzioni servono alla crescita della comunit\u00e0. Spero che nel 2026 riusciremo a fare di pi\u00f9 e che l\u2019Amministrazione ci aiuti a investire e migliorare il servizio per la citt\u00e0\u00bb, ha dichiarato il Comandante.<\/p>\n<p>Egli ha inoltre ribadito che la sanzione, comminata per la violazione di una norma civile, penale o amministrativa, ha una funzione punitiva, riparativa e deterrente al solo scopo di salvaguardare la vita dei cittadini e i beni della collettivit\u00e0.<\/p>\n<p>Educare, formare e dare l\u2019esempio: sono stati questi i tre concetti chiave \u2014 tratti dall\u2019omelia di don Francesco Gramegna \u2014 su cui si \u00e8 incentrato il discorso del Primo Cittadino, il quale ha ringraziato la Polizia Locale per il servizio svolto: \u00abNel giorno di San Sebastiano dobbiamo stringerci attorno a tutte le persone di buona volont\u00e0 che adempiono al proprio compito; dobbiamo far sentire loro la nostra vicinanza e quel calore umano di cui si ha sempre bisogno\u00bb.<\/p>\n<p><a class=\"a2a_button_facebook\" href=\"https:\/\/www.addtoany.com\/add_to\/facebook?linkurl=https%3A%2F%2Fcassano.lavocedelpaese.info%2Fsan-sebastiano-cannito-servono-piu-uomini-e-donne-per-la-pl%2F&amp;linkname=San%20Sebastiano%2C%20Cannito%3A%20servono%20pi%C3%B9%20uomini%20e%20donne%20per%20la%20PL\" title=\"Facebook\" rel=\"nofollow noopener\" target=\"_blank\"><\/a><a class=\"a2a_button_twitter\" href=\"https:\/\/www.addtoany.com\/add_to\/twitter?linkurl=https%3A%2F%2Fcassano.lavocedelpaese.info%2Fsan-sebastiano-cannito-servono-piu-uomini-e-donne-per-la-pl%2F&amp;linkname=San%20Sebastiano%2C%20Cannito%3A%20servono%20pi%C3%B9%20uomini%20e%20donne%20per%20la%20PL\" title=\"Twitter\" rel=\"nofollow noopener\" target=\"_blank\"><\/a><a class=\"a2a_button_whatsapp\" href=\"https:\/\/www.addtoany.com\/add_to\/whatsapp?linkurl=https%3A%2F%2Fcassano.lavocedelpaese.info%2Fsan-sebastiano-cannito-servono-piu-uomini-e-donne-per-la-pl%2F&amp;linkname=San%20Sebastiano%2C%20Cannito%3A%20servono%20pi%C3%B9%20uomini%20e%20donne%20per%20la%20PL\" title=\"WhatsApp\" rel=\"nofollow noopener\" target=\"_blank\"><\/a><a class=\"a2a_button_telegram\" href=\"https:\/\/www.addtoany.com\/add_to\/telegram?linkurl=https%3A%2F%2Fcassano.lavocedelpaese.info%2Fsan-sebastiano-cannito-servono-piu-uomini-e-donne-per-la-pl%2F&amp;linkname=San%20Sebastiano%2C%20Cannito%3A%20servono%20pi%C3%B9%20uomini%20e%20donne%20per%20la%20PL\" title=\"Telegram\" rel=\"nofollow noopener\" target=\"_blank\"><\/a><a class=\"a2a_button_email\" href=\"https:\/\/www.addtoany.com\/add_to\/email?linkurl=https%3A%2F%2Fcassano.lavocedelpaese.info%2Fsan-sebastiano-cannito-servono-piu-uomini-e-donne-per-la-pl%2F&amp;linkname=San%20Sebastiano%2C%20Cannito%3A%20servono%20pi%C3%B9%20uomini%20e%20donne%20per%20la%20PL\" title=\"Email\" rel=\"nofollow noopener\" target=\"_blank\"><\/a><\/p>\n<p>\u00a0<\/p>\n<p>\u00a0<\/p>\n<p>\u200b\u00a0\u00a0\u00a0<\/p>","protected":false},"excerpt":{"rendered":"<p>\u00a0 \u200b\u00a0 \u200b\u00a0 di Antonia Depalma \u2013 Foto di Donato Angelo Stano Il 20 gennaio ricorre la festivit\u00e0 dedicata a<\/p>\n","protected":false},"author":6,"featured_media":730,"comment_status":"open","ping_status":"closed","sticky":false,"template":"","format":"standard","meta":{"colormag_page_container_layout":"default_layout","colormag_page_sidebar_layout":"default_layout","footnotes":""},"categories":[33],"tags":[],"class_list":["post-10478","post","type-post","status-publish","format-standard","has-post-thumbnail","hentry","category-network"],"yoast_head":"<!-- This site is optimized with the Yoast SEO plugin v27.5 - https:\/\/yoast.com\/product\/yoast-seo-wordpress\/ -->\n<title>San Sebastiano, Cannito: servono pi\u00f9 uomini e donne per la PL\u00a0\u200b - La Voce del Paese<\/title>\n<meta name=\"robots\" content=\"index, follow, max-snippet:-1, max-image-preview:large, max-video-preview:-1\" \/>\n<link rel=\"canonical\" href=\"https:\/\/lavocedelpaese.info\/index.php\/2026\/01\/21\/san-sebastiano-cannito-servono-piu-uomini-e-donne-per-la-pl\/\" \/>\n<meta property=\"og:locale\" content=\"it_IT\" \/>\n<meta property=\"og:type\" content=\"article\" \/>\n<meta property=\"og:title\" content=\"San Sebastiano, Cannito: servono pi\u00f9 uomini e donne per la PL\u00a0\u200b - La Voce del Paese\" \/>\n<meta property=\"og:description\" content=\"\u00a0 \u200b\u00a0 \u200b\u00a0 di Antonia Depalma \u2013 Foto di Donato Angelo Stano Il 20 gennaio ricorre la festivit\u00e0 dedicata a\" \/>\n<meta property=\"og:url\" content=\"https:\/\/lavocedelpaese.info\/index.php\/2026\/01\/21\/san-sebastiano-cannito-servono-piu-uomini-e-donne-per-la-pl\/\" \/>\n<meta property=\"og:site_name\" content=\"La Voce del Paese\" \/>\n<meta property=\"article:publisher\" content=\"https:\/\/www.facebook.com\/lavocedelpaese.info\" \/>\n<meta property=\"article:published_time\" content=\"2026-01-21T08:13:56+00:00\" \/>\n<meta name=\"author\" content=\"admin\" \/>\n<meta name=\"twitter:card\" content=\"summary_large_image\" \/>\n<meta name=\"twitter:label1\" content=\"Scritto da\" \/>\n\t<meta name=\"twitter:data1\" content=\"admin\" \/>\n\t<meta name=\"twitter:label2\" content=\"Tempo di lettura stimato\" \/>\n\t<meta name=\"twitter:data2\" content=\"2 minuti\" \/>\n<script type=\"application\/ld+json\" class=\"yoast-schema-graph\">{\"@context\":\"https:\\\/\\\/schema.org\",\"@graph\":[{\"@type\":\"Article\",\"@id\":\"https:\\\/\\\/lavocedelpaese.info\\\/index.php\\\/2026\\\/01\\\/21\\\/san-sebastiano-cannito-servono-piu-uomini-e-donne-per-la-pl\\\/#article\",\"isPartOf\":{\"@id\":\"https:\\\/\\\/lavocedelpaese.info\\\/index.php\\\/2026\\\/01\\\/21\\\/san-sebastiano-cannito-servono-piu-uomini-e-donne-per-la-pl\\\/\"},\"author\":{\"name\":\"admin\",\"@id\":\"https:\\\/\\\/lavocedelpaese.info\\\/#\\\/schema\\\/person\\\/ec151d321306bd7591f7a061abf72d88\"},\"headline\":\"San Sebastiano, Cannito: servono pi\u00f9 uomini e donne per la PL\u00a0\u200b\",\"datePublished\":\"2026-01-21T08:13:56+00:00\",\"mainEntityOfPage\":{\"@id\":\"https:\\\/\\\/lavocedelpaese.info\\\/index.php\\\/2026\\\/01\\\/21\\\/san-sebastiano-cannito-servono-piu-uomini-e-donne-per-la-pl\\\/\"},\"wordCount\":451,\"commentCount\":0,\"publisher\":{\"@id\":\"https:\\\/\\\/lavocedelpaese.info\\\/#organization\"},\"image\":{\"@id\":\"https:\\\/\\\/lavocedelpaese.info\\\/index.php\\\/2026\\\/01\\\/21\\\/san-sebastiano-cannito-servono-piu-uomini-e-donne-per-la-pl\\\/#primaryimage\"},\"thumbnailUrl\":\"https:\\\/\\\/lavocedelpaese.info\\\/wp-content\\\/uploads\\\/2023\\\/01\\\/logo-150-127.png\",\"articleSection\":[\"network\"],\"inLanguage\":\"it-IT\",\"potentialAction\":[{\"@type\":\"CommentAction\",\"name\":\"Comment\",\"target\":[\"https:\\\/\\\/lavocedelpaese.info\\\/index.php\\\/2026\\\/01\\\/21\\\/san-sebastiano-cannito-servono-piu-uomini-e-donne-per-la-pl\\\/#respond\"]}]},{\"@type\":\"WebPage\",\"@id\":\"https:\\\/\\\/lavocedelpaese.info\\\/index.php\\\/2026\\\/01\\\/21\\\/san-sebastiano-cannito-servono-piu-uomini-e-donne-per-la-pl\\\/\",\"url\":\"https:\\\/\\\/lavocedelpaese.info\\\/index.php\\\/2026\\\/01\\\/21\\\/san-sebastiano-cannito-servono-piu-uomini-e-donne-per-la-pl\\\/\",\"name\":\"San Sebastiano, Cannito: servono pi\u00f9 uomini e donne per la PL\u00a0\u200b - La Voce del Paese\",\"isPartOf\":{\"@id\":\"https:\\\/\\\/lavocedelpaese.info\\\/#website\"},\"primaryImageOfPage\":{\"@id\":\"https:\\\/\\\/lavocedelpaese.info\\\/index.php\\\/2026\\\/01\\\/21\\\/san-sebastiano-cannito-servono-piu-uomini-e-donne-per-la-pl\\\/#primaryimage\"},\"image\":{\"@id\":\"https:\\\/\\\/lavocedelpaese.info\\\/index.php\\\/2026\\\/01\\\/21\\\/san-sebastiano-cannito-servono-piu-uomini-e-donne-per-la-pl\\\/#primaryimage\"},\"thumbnailUrl\":\"https:\\\/\\\/lavocedelpaese.info\\\/wp-content\\\/uploads\\\/2023\\\/01\\\/logo-150-127.png\",\"datePublished\":\"2026-01-21T08:13:56+00:00\",\"breadcrumb\":{\"@id\":\"https:\\\/\\\/lavocedelpaese.info\\\/index.php\\\/2026\\\/01\\\/21\\\/san-sebastiano-cannito-servono-piu-uomini-e-donne-per-la-pl\\\/#breadcrumb\"},\"inLanguage\":\"it-IT\",\"potentialAction\":[{\"@type\":\"ReadAction\",\"target\":[\"https:\\\/\\\/lavocedelpaese.info\\\/index.php\\\/2026\\\/01\\\/21\\\/san-sebastiano-cannito-servono-piu-uomini-e-donne-per-la-pl\\\/\"]}]},{\"@type\":\"ImageObject\",\"inLanguage\":\"it-IT\",\"@id\":\"https:\\\/\\\/lavocedelpaese.info\\\/index.php\\\/2026\\\/01\\\/21\\\/san-sebastiano-cannito-servono-piu-uomini-e-donne-per-la-pl\\\/#primaryimage\",\"url\":\"https:\\\/\\\/lavocedelpaese.info\\\/wp-content\\\/uploads\\\/2023\\\/01\\\/logo-150-127.png\",\"contentUrl\":\"https:\\\/\\\/lavocedelpaese.info\\\/wp-content\\\/uploads\\\/2023\\\/01\\\/logo-150-127.png\",\"width\":150,\"height\":127},{\"@type\":\"BreadcrumbList\",\"@id\":\"https:\\\/\\\/lavocedelpaese.info\\\/index.php\\\/2026\\\/01\\\/21\\\/san-sebastiano-cannito-servono-piu-uomini-e-donne-per-la-pl\\\/#breadcrumb\",\"itemListElement\":[{\"@type\":\"ListItem\",\"position\":1,\"name\":\"Home\",\"item\":\"https:\\\/\\\/lavocedelpaese.info\\\/\"},{\"@type\":\"ListItem\",\"position\":2,\"name\":\"San Sebastiano, Cannito: servono pi\u00f9 uomini e donne per la PL\u00a0\u200b\"}]},{\"@type\":\"WebSite\",\"@id\":\"https:\\\/\\\/lavocedelpaese.info\\\/#website\",\"url\":\"https:\\\/\\\/lavocedelpaese.info\\\/\",\"name\":\"La Voce del Paese\",\"description\":\"Un network di idee\",\"publisher\":{\"@id\":\"https:\\\/\\\/lavocedelpaese.info\\\/#organization\"},\"potentialAction\":[{\"@type\":\"SearchAction\",\"target\":{\"@type\":\"EntryPoint\",\"urlTemplate\":\"https:\\\/\\\/lavocedelpaese.info\\\/?s={search_term_string}\"},\"query-input\":{\"@type\":\"PropertyValueSpecification\",\"valueRequired\":true,\"valueName\":\"search_term_string\"}}],\"inLanguage\":\"it-IT\"},{\"@type\":\"Organization\",\"@id\":\"https:\\\/\\\/lavocedelpaese.info\\\/#organization\",\"name\":\"La Voce del Paese\",\"url\":\"https:\\\/\\\/lavocedelpaese.info\\\/\",\"logo\":{\"@type\":\"ImageObject\",\"inLanguage\":\"it-IT\",\"@id\":\"https:\\\/\\\/lavocedelpaese.info\\\/#\\\/schema\\\/logo\\\/image\\\/\",\"url\":\"https:\\\/\\\/lavocedelpaese.info\\\/wp-content\\\/uploads\\\/2023\\\/01\\\/cropped-logo-150-127.png\",\"contentUrl\":\"https:\\\/\\\/lavocedelpaese.info\\\/wp-content\\\/uploads\\\/2023\\\/01\\\/cropped-logo-150-127.png\",\"width\":137,\"height\":119,\"caption\":\"La Voce del Paese\"},\"image\":{\"@id\":\"https:\\\/\\\/lavocedelpaese.info\\\/#\\\/schema\\\/logo\\\/image\\\/\"},\"sameAs\":[\"https:\\\/\\\/www.facebook.com\\\/lavocedelpaese.info\"]},{\"@type\":\"Person\",\"@id\":\"https:\\\/\\\/lavocedelpaese.info\\\/#\\\/schema\\\/person\\\/ec151d321306bd7591f7a061abf72d88\",\"name\":\"admin\",\"image\":{\"@type\":\"ImageObject\",\"inLanguage\":\"it-IT\",\"@id\":\"https:\\\/\\\/secure.gravatar.com\\\/avatar\\\/af8f2caf0663124588de48a9380e07cbc95a74ef15b8062d0d39106c32fe3023?s=96&d=mm&r=g\",\"url\":\"https:\\\/\\\/secure.gravatar.com\\\/avatar\\\/af8f2caf0663124588de48a9380e07cbc95a74ef15b8062d0d39106c32fe3023?s=96&d=mm&r=g\",\"contentUrl\":\"https:\\\/\\\/secure.gravatar.com\\\/avatar\\\/af8f2caf0663124588de48a9380e07cbc95a74ef15b8062d0d39106c32fe3023?s=96&d=mm&r=g\",\"caption\":\"admin\"},\"sameAs\":[\"https:\\\/\\\/lavocedelpaese.info\"],\"url\":\"https:\\\/\\\/lavocedelpaese.info\\\/index.php\\\/author\\\/admin\\\/\"}]}<\/script>\n<!-- \/ Yoast SEO plugin. -->","yoast_head_json":{"title":"San Sebastiano, Cannito: servono pi\u00f9 uomini e donne per la PL\u00a0\u200b - La Voce del Paese","robots":{"index":"index","follow":"follow","max-snippet":"max-snippet:-1","max-image-preview":"max-image-preview:large","max-video-preview":"max-video-preview:-1"},"canonical":"https:\/\/lavocedelpaese.info\/index.php\/2026\/01\/21\/san-sebastiano-cannito-servono-piu-uomini-e-donne-per-la-pl\/","og_locale":"it_IT","og_type":"article","og_title":"San Sebastiano, Cannito: servono pi\u00f9 uomini e donne per la PL\u00a0\u200b - La Voce del Paese","og_description":"\u00a0 \u200b\u00a0 \u200b\u00a0 di Antonia Depalma \u2013 Foto di Donato Angelo Stano Il 20 gennaio ricorre la festivit\u00e0 dedicata a","og_url":"https:\/\/lavocedelpaese.info\/index.php\/2026\/01\/21\/san-sebastiano-cannito-servono-piu-uomini-e-donne-per-la-pl\/","og_site_name":"La Voce del Paese","article_publisher":"https:\/\/www.facebook.com\/lavocedelpaese.info","article_published_time":"2026-01-21T08:13:56+00:00","author":"admin","twitter_card":"summary_large_image","twitter_misc":{"Scritto da":"admin","Tempo di lettura stimato":"2 minuti"},"schema":{"@context":"https:\/\/schema.org","@graph":[{"@type":"Article","@id":"https:\/\/lavocedelpaese.info\/index.php\/2026\/01\/21\/san-sebastiano-cannito-servono-piu-uomini-e-donne-per-la-pl\/#article","isPartOf":{"@id":"https:\/\/lavocedelpaese.info\/index.php\/2026\/01\/21\/san-sebastiano-cannito-servono-piu-uomini-e-donne-per-la-pl\/"},"author":{"name":"admin","@id":"https:\/\/lavocedelpaese.info\/#\/schema\/person\/ec151d321306bd7591f7a061abf72d88"},"headline":"San Sebastiano, Cannito: servono pi\u00f9 uomini e donne per la PL\u00a0\u200b","datePublished":"2026-01-21T08:13:56+00:00","mainEntityOfPage":{"@id":"https:\/\/lavocedelpaese.info\/index.php\/2026\/01\/21\/san-sebastiano-cannito-servono-piu-uomini-e-donne-per-la-pl\/"},"wordCount":451,"commentCount":0,"publisher":{"@id":"https:\/\/lavocedelpaese.info\/#organization"},"image":{"@id":"https:\/\/lavocedelpaese.info\/index.php\/2026\/01\/21\/san-sebastiano-cannito-servono-piu-uomini-e-donne-per-la-pl\/#primaryimage"},"thumbnailUrl":"https:\/\/lavocedelpaese.info\/wp-content\/uploads\/2023\/01\/logo-150-127.png","articleSection":["network"],"inLanguage":"it-IT","potentialAction":[{"@type":"CommentAction","name":"Comment","target":["https:\/\/lavocedelpaese.info\/index.php\/2026\/01\/21\/san-sebastiano-cannito-servono-piu-uomini-e-donne-per-la-pl\/#respond"]}]},{"@type":"WebPage","@id":"https:\/\/lavocedelpaese.info\/index.php\/2026\/01\/21\/san-sebastiano-cannito-servono-piu-uomini-e-donne-per-la-pl\/","url":"https:\/\/lavocedelpaese.info\/index.php\/2026\/01\/21\/san-sebastiano-cannito-servono-piu-uomini-e-donne-per-la-pl\/","name":"San Sebastiano, Cannito: servono pi\u00f9 uomini e donne per la PL\u00a0\u200b - La Voce del Paese","isPartOf":{"@id":"https:\/\/lavocedelpaese.info\/#website"},"primaryImageOfPage":{"@id":"https:\/\/lavocedelpaese.info\/index.php\/2026\/01\/21\/san-sebastiano-cannito-servono-piu-uomini-e-donne-per-la-pl\/#primaryimage"},"image":{"@id":"https:\/\/lavocedelpaese.info\/index.php\/2026\/01\/21\/san-sebastiano-cannito-servono-piu-uomini-e-donne-per-la-pl\/#primaryimage"},"thumbnailUrl":"https:\/\/lavocedelpaese.info\/wp-content\/uploads\/2023\/01\/logo-150-127.png","datePublished":"2026-01-21T08:13:56+00:00","breadcrumb":{"@id":"https:\/\/lavocedelpaese.info\/index.php\/2026\/01\/21\/san-sebastiano-cannito-servono-piu-uomini-e-donne-per-la-pl\/#breadcrumb"},"inLanguage":"it-IT","potentialAction":[{"@type":"ReadAction","target":["https:\/\/lavocedelpaese.info\/index.php\/2026\/01\/21\/san-sebastiano-cannito-servono-piu-uomini-e-donne-per-la-pl\/"]}]},{"@type":"ImageObject","inLanguage":"it-IT","@id":"https:\/\/lavocedelpaese.info\/index.php\/2026\/01\/21\/san-sebastiano-cannito-servono-piu-uomini-e-donne-per-la-pl\/#primaryimage","url":"https:\/\/lavocedelpaese.info\/wp-content\/uploads\/2023\/01\/logo-150-127.png","contentUrl":"https:\/\/lavocedelpaese.info\/wp-content\/uploads\/2023\/01\/logo-150-127.png","width":150,"height":127},{"@type":"BreadcrumbList","@id":"https:\/\/lavocedelpaese.info\/index.php\/2026\/01\/21\/san-sebastiano-cannito-servono-piu-uomini-e-donne-per-la-pl\/#breadcrumb","itemListElement":[{"@type":"ListItem","position":1,"name":"Home","item":"https:\/\/lavocedelpaese.info\/"},{"@type":"ListItem","position":2,"name":"San Sebastiano, Cannito: servono pi\u00f9 uomini e donne per la PL\u00a0\u200b"}]},{"@type":"WebSite","@id":"https:\/\/lavocedelpaese.info\/#website","url":"https:\/\/lavocedelpaese.info\/","name":"La Voce del Paese","description":"Un network di idee","publisher":{"@id":"https:\/\/lavocedelpaese.info\/#organization"},"potentialAction":[{"@type":"SearchAction","target":{"@type":"EntryPoint","urlTemplate":"https:\/\/lavocedelpaese.info\/?s={search_term_string}"},"query-input":{"@type":"PropertyValueSpecification","valueRequired":true,"valueName":"search_term_string"}}],"inLanguage":"it-IT"},{"@type":"Organization","@id":"https:\/\/lavocedelpaese.info\/#organization","name":"La Voce del Paese","url":"https:\/\/lavocedelpaese.info\/","logo":{"@type":"ImageObject","inLanguage":"it-IT","@id":"https:\/\/lavocedelpaese.info\/#\/schema\/logo\/image\/","url":"https:\/\/lavocedelpaese.info\/wp-content\/uploads\/2023\/01\/cropped-logo-150-127.png","contentUrl":"https:\/\/lavocedelpaese.info\/wp-content\/uploads\/2023\/01\/cropped-logo-150-127.png","width":137,"height":119,"caption":"La Voce del Paese"},"image":{"@id":"https:\/\/lavocedelpaese.info\/#\/schema\/logo\/image\/"},"sameAs":["https:\/\/www.facebook.com\/lavocedelpaese.info"]},{"@type":"Person","@id":"https:\/\/lavocedelpaese.info\/#\/schema\/person\/ec151d321306bd7591f7a061abf72d88","name":"admin","image":{"@type":"ImageObject","inLanguage":"it-IT","@id":"https:\/\/secure.gravatar.com\/avatar\/af8f2caf0663124588de48a9380e07cbc95a74ef15b8062d0d39106c32fe3023?s=96&d=mm&r=g","url":"https:\/\/secure.gravatar.com\/avatar\/af8f2caf0663124588de48a9380e07cbc95a74ef15b8062d0d39106c32fe3023?s=96&d=mm&r=g","contentUrl":"https:\/\/secure.gravatar.com\/avatar\/af8f2caf0663124588de48a9380e07cbc95a74ef15b8062d0d39106c32fe3023?s=96&d=mm&r=g","caption":"admin"},"sameAs":["https:\/\/lavocedelpaese.info"],"url":"https:\/\/lavocedelpaese.info\/index.php\/author\/admin\/"}]}},"_links":{"self":[{"href":"https:\/\/lavocedelpaese.info\/index.php\/wp-json\/wp\/v2\/posts\/10478","targetHints":{"allow":["GET"]}}],"collection":[{"href":"https:\/\/lavocedelpaese.info\/index.php\/wp-json\/wp\/v2\/posts"}],"about":[{"href":"https:\/\/lavocedelpaese.info\/index.php\/wp-json\/wp\/v2\/types\/post"}],"author":[{"embeddable":true,"href":"https:\/\/lavocedelpaese.info\/index.php\/wp-json\/wp\/v2\/users\/6"}],"replies":[{"embeddable":true,"href":"https:\/\/lavocedelpaese.info\/index.php\/wp-json\/wp\/v2\/comments?post=10478"}],"version-history":[{"count":0,"href":"https:\/\/lavocedelpaese.info\/index.php\/wp-json\/wp\/v2\/posts\/10478\/revisions"}],"wp:featuredmedia":[{"embeddable":true,"href":"https:\/\/lavocedelpaese.info\/index.php\/wp-json\/wp\/v2\/media\/730"}],"wp:attachment":[{"href":"https:\/\/lavocedelpaese.info\/index.php\/wp-json\/wp\/v2\/media?parent=10478"}],"wp:term":[{"taxonomy":"category","embeddable":true,"href":"https:\/\/lavocedelpaese.info\/index.php\/wp-json\/wp\/v2\/categories?post=10478"},{"taxonomy":"post_tag","embeddable":true,"href":"https:\/\/lavocedelpaese.info\/index.php\/wp-json\/wp\/v2\/tags?post=10478"}],"curies":[{"name":"wp","href":"https:\/\/api.w.org\/{rel}","templated":true}]}}