{"id":10469,"date":"2026-01-17T21:16:42","date_gmt":"2026-01-17T21:16:42","guid":{"rendered":"https:\/\/lavocedelpaese.info\/index.php\/2026\/01\/17\/quando-laria-e-fredda-monte-sannace-e-ancora-piu-emozionante\/"},"modified":"2026-01-17T21:16:42","modified_gmt":"2026-01-17T21:16:42","slug":"quando-laria-e-fredda-monte-sannace-e-ancora-piu-emozionante","status":"publish","type":"post","link":"https:\/\/lavocedelpaese.info\/index.php\/2026\/01\/17\/quando-laria-e-fredda-monte-sannace-e-ancora-piu-emozionante\/","title":{"rendered":"Quando l\u2019aria \u00e8 fredda, Monte Sannace \u00e8 ancora pi\u00f9 emozionante\u00a0\u200b"},"content":{"rendered":"<p>\u00a0<\/p>\n<p>\u200b\u00a0<\/p>\n<p>\u200b\u00a0<\/p>\n<p><img decoding=\"async\" class=\"size-full wp-image-7335 alignleft\" src=\"https:\/\/gioia.lavocedelpaese.info\/wp-content\/uploads\/2026\/01\/613928095_1191937453073464_1540390454953934649_n.jpg\" alt=\"\" width=\"400\" height=\"500\" \/>L\u2019inverno \u201cpulisce\u201d i colori, allunga le ombre e rende ogni dettaglio del paesaggio pi\u00f9 cinematografico: pietra, vento, silenzio e storia sotto i tuoi passi.<\/p>\n<p>Se stai cercando un\u2019uscita diversa (e zero caos..), questo \u00e8 il momento: una passeggiata tra archeologia e natura che resta unica e affascinante anche con le temperature basse.[<strong>foto Walter Ivone<\/strong>]<\/p>\n<p><strong>Info utili:<\/strong><\/p>\n<p>Parco Archeologico di Monte Sannace \u2013 Strada Provinciale n\u00b061 Gioia del Colle\u2013Turi, km 4,5<\/p>\n<p><strong>Orari parco<\/strong>: 8:30\u201315:00 (ultimo ingresso 14:00)<\/p>\n<p><strong>Biglietti<\/strong>: intero Parco \u20ac6; ridotto (18\u201325 anni) \u20ac2;\u00a0 gratuito (&lt;18 anni e altre gratuit\u00e0 previste); Museo card (6 mesi di accesso libero) \u20ac7; cumulativo intero con Museo\/Castello di Gioia \u20ac11 e cumulativo ridotto \u20ac4.<\/p>\n<p><strong>Info\/contatti<\/strong>: +39 080 3483052 \u2013 drm-pug.parcomontesannace@cultura.gov.it<\/p>\n<p><strong>E ora:<\/strong><\/p>\n<p>1) Tagga la persona con cui ci verresti.<\/p>\n<p>2) Salva il post per il prossimo weekend \u201cfuori porta\u201d.<\/p>\n<p>3) Condividilo nelle stories se ami la Puglia autentica.<\/p>\n<p><a class=\"a2a_button_facebook\" href=\"https:\/\/www.addtoany.com\/add_to\/facebook?linkurl=https%3A%2F%2Fgioia.lavocedelpaese.info%2Findex.php%2F2026%2F01%2F17%2Fquando-laria-e-fredda-monte-sannace-e-ancora-piu-emozionante%2F&amp;linkname=Quando%20l%E2%80%99aria%20%C3%A8%20fredda%2C%20Monte%20Sannace%20%C3%A8%20ancora%20pi%C3%B9%20emozionante\" title=\"Facebook\" rel=\"nofollow noopener\" target=\"_blank\"><\/a><a class=\"a2a_button_twitter\" href=\"https:\/\/www.addtoany.com\/add_to\/twitter?linkurl=https%3A%2F%2Fgioia.lavocedelpaese.info%2Findex.php%2F2026%2F01%2F17%2Fquando-laria-e-fredda-monte-sannace-e-ancora-piu-emozionante%2F&amp;linkname=Quando%20l%E2%80%99aria%20%C3%A8%20fredda%2C%20Monte%20Sannace%20%C3%A8%20ancora%20pi%C3%B9%20emozionante\" title=\"Twitter\" rel=\"nofollow noopener\" target=\"_blank\"><\/a><a class=\"a2a_button_whatsapp\" href=\"https:\/\/www.addtoany.com\/add_to\/whatsapp?linkurl=https%3A%2F%2Fgioia.lavocedelpaese.info%2Findex.php%2F2026%2F01%2F17%2Fquando-laria-e-fredda-monte-sannace-e-ancora-piu-emozionante%2F&amp;linkname=Quando%20l%E2%80%99aria%20%C3%A8%20fredda%2C%20Monte%20Sannace%20%C3%A8%20ancora%20pi%C3%B9%20emozionante\" title=\"WhatsApp\" rel=\"nofollow noopener\" target=\"_blank\"><\/a><a class=\"a2a_button_telegram\" href=\"https:\/\/www.addtoany.com\/add_to\/telegram?linkurl=https%3A%2F%2Fgioia.lavocedelpaese.info%2Findex.php%2F2026%2F01%2F17%2Fquando-laria-e-fredda-monte-sannace-e-ancora-piu-emozionante%2F&amp;linkname=Quando%20l%E2%80%99aria%20%C3%A8%20fredda%2C%20Monte%20Sannace%20%C3%A8%20ancora%20pi%C3%B9%20emozionante\" title=\"Telegram\" rel=\"nofollow noopener\" target=\"_blank\"><\/a><a class=\"a2a_button_email\" href=\"https:\/\/www.addtoany.com\/add_to\/email?linkurl=https%3A%2F%2Fgioia.lavocedelpaese.info%2Findex.php%2F2026%2F01%2F17%2Fquando-laria-e-fredda-monte-sannace-e-ancora-piu-emozionante%2F&amp;linkname=Quando%20l%E2%80%99aria%20%C3%A8%20fredda%2C%20Monte%20Sannace%20%C3%A8%20ancora%20pi%C3%B9%20emozionante\" title=\"Email\" rel=\"nofollow noopener\" target=\"_blank\"><\/a><\/p>\n<p>\u00a0<\/p>\n<p>\u00a0<\/p>\n<p>\u200b\u00a0\u00a0\u00a0<\/p>","protected":false},"excerpt":{"rendered":"<p>\u00a0 \u200b\u00a0 \u200b\u00a0 L\u2019inverno \u201cpulisce\u201d i colori, allunga le ombre e rende ogni dettaglio del paesaggio pi\u00f9 cinematografico: pietra, vento,<\/p>\n","protected":false},"author":6,"featured_media":10470,"comment_status":"open","ping_status":"closed","sticky":false,"template":"","format":"standard","meta":{"colormag_page_container_layout":"default_layout","colormag_page_sidebar_layout":"default_layout","footnotes":""},"categories":[33],"tags":[],"class_list":["post-10469","post","type-post","status-publish","format-standard","has-post-thumbnail","hentry","category-network"],"yoast_head":"<!-- This site is optimized with the Yoast SEO plugin v27.5 - https:\/\/yoast.com\/product\/yoast-seo-wordpress\/ -->\n<title>Quando l\u2019aria \u00e8 fredda, Monte Sannace \u00e8 ancora pi\u00f9 emozionante\u00a0\u200b - La Voce del Paese<\/title>\n<meta name=\"robots\" content=\"index, follow, max-snippet:-1, max-image-preview:large, max-video-preview:-1\" \/>\n<link rel=\"canonical\" href=\"https:\/\/lavocedelpaese.info\/index.php\/2026\/01\/17\/quando-laria-e-fredda-monte-sannace-e-ancora-piu-emozionante\/\" \/>\n<meta property=\"og:locale\" content=\"it_IT\" \/>\n<meta property=\"og:type\" content=\"article\" \/>\n<meta property=\"og:title\" content=\"Quando l\u2019aria \u00e8 fredda, Monte Sannace \u00e8 ancora pi\u00f9 emozionante\u00a0\u200b - La Voce del Paese\" \/>\n<meta property=\"og:description\" content=\"\u00a0 \u200b\u00a0 \u200b\u00a0 L\u2019inverno \u201cpulisce\u201d i colori, allunga le ombre e rende ogni dettaglio del paesaggio pi\u00f9 cinematografico: pietra, vento,\" \/>\n<meta property=\"og:url\" content=\"https:\/\/lavocedelpaese.info\/index.php\/2026\/01\/17\/quando-laria-e-fredda-monte-sannace-e-ancora-piu-emozionante\/\" \/>\n<meta property=\"og:site_name\" content=\"La Voce del Paese\" \/>\n<meta property=\"article:publisher\" content=\"https:\/\/www.facebook.com\/lavocedelpaese.info\" \/>\n<meta property=\"article:published_time\" content=\"2026-01-17T21:16:42+00:00\" \/>\n<meta name=\"author\" content=\"admin\" \/>\n<meta name=\"twitter:card\" content=\"summary_large_image\" \/>\n<meta name=\"twitter:label1\" content=\"Scritto da\" \/>\n\t<meta name=\"twitter:data1\" content=\"admin\" \/>\n\t<meta name=\"twitter:label2\" content=\"Tempo di lettura stimato\" \/>\n\t<meta name=\"twitter:data2\" content=\"1 minuto\" \/>\n<script type=\"application\/ld+json\" class=\"yoast-schema-graph\">{\"@context\":\"https:\\\/\\\/schema.org\",\"@graph\":[{\"@type\":\"Article\",\"@id\":\"https:\\\/\\\/lavocedelpaese.info\\\/index.php\\\/2026\\\/01\\\/17\\\/quando-laria-e-fredda-monte-sannace-e-ancora-piu-emozionante\\\/#article\",\"isPartOf\":{\"@id\":\"https:\\\/\\\/lavocedelpaese.info\\\/index.php\\\/2026\\\/01\\\/17\\\/quando-laria-e-fredda-monte-sannace-e-ancora-piu-emozionante\\\/\"},\"author\":{\"name\":\"admin\",\"@id\":\"https:\\\/\\\/lavocedelpaese.info\\\/#\\\/schema\\\/person\\\/ec151d321306bd7591f7a061abf72d88\"},\"headline\":\"Quando l\u2019aria \u00e8 fredda, Monte Sannace \u00e8 ancora pi\u00f9 emozionante\u00a0\u200b\",\"datePublished\":\"2026-01-17T21:16:42+00:00\",\"mainEntityOfPage\":{\"@id\":\"https:\\\/\\\/lavocedelpaese.info\\\/index.php\\\/2026\\\/01\\\/17\\\/quando-laria-e-fredda-monte-sannace-e-ancora-piu-emozionante\\\/\"},\"wordCount\":145,\"commentCount\":0,\"publisher\":{\"@id\":\"https:\\\/\\\/lavocedelpaese.info\\\/#organization\"},\"image\":{\"@id\":\"https:\\\/\\\/lavocedelpaese.info\\\/index.php\\\/2026\\\/01\\\/17\\\/quando-laria-e-fredda-monte-sannace-e-ancora-piu-emozionante\\\/#primaryimage\"},\"thumbnailUrl\":\"https:\\\/\\\/lavocedelpaese.info\\\/wp-content\\\/uploads\\\/2026\\\/01\\\/613928095_1191937453073464_1540390454953934649_n-WegxaB.jpg\",\"articleSection\":[\"network\"],\"inLanguage\":\"it-IT\",\"potentialAction\":[{\"@type\":\"CommentAction\",\"name\":\"Comment\",\"target\":[\"https:\\\/\\\/lavocedelpaese.info\\\/index.php\\\/2026\\\/01\\\/17\\\/quando-laria-e-fredda-monte-sannace-e-ancora-piu-emozionante\\\/#respond\"]}]},{\"@type\":\"WebPage\",\"@id\":\"https:\\\/\\\/lavocedelpaese.info\\\/index.php\\\/2026\\\/01\\\/17\\\/quando-laria-e-fredda-monte-sannace-e-ancora-piu-emozionante\\\/\",\"url\":\"https:\\\/\\\/lavocedelpaese.info\\\/index.php\\\/2026\\\/01\\\/17\\\/quando-laria-e-fredda-monte-sannace-e-ancora-piu-emozionante\\\/\",\"name\":\"Quando l\u2019aria \u00e8 fredda, Monte Sannace \u00e8 ancora pi\u00f9 emozionante\u00a0\u200b - La Voce del Paese\",\"isPartOf\":{\"@id\":\"https:\\\/\\\/lavocedelpaese.info\\\/#website\"},\"primaryImageOfPage\":{\"@id\":\"https:\\\/\\\/lavocedelpaese.info\\\/index.php\\\/2026\\\/01\\\/17\\\/quando-laria-e-fredda-monte-sannace-e-ancora-piu-emozionante\\\/#primaryimage\"},\"image\":{\"@id\":\"https:\\\/\\\/lavocedelpaese.info\\\/index.php\\\/2026\\\/01\\\/17\\\/quando-laria-e-fredda-monte-sannace-e-ancora-piu-emozionante\\\/#primaryimage\"},\"thumbnailUrl\":\"https:\\\/\\\/lavocedelpaese.info\\\/wp-content\\\/uploads\\\/2026\\\/01\\\/613928095_1191937453073464_1540390454953934649_n-WegxaB.jpg\",\"datePublished\":\"2026-01-17T21:16:42+00:00\",\"breadcrumb\":{\"@id\":\"https:\\\/\\\/lavocedelpaese.info\\\/index.php\\\/2026\\\/01\\\/17\\\/quando-laria-e-fredda-monte-sannace-e-ancora-piu-emozionante\\\/#breadcrumb\"},\"inLanguage\":\"it-IT\",\"potentialAction\":[{\"@type\":\"ReadAction\",\"target\":[\"https:\\\/\\\/lavocedelpaese.info\\\/index.php\\\/2026\\\/01\\\/17\\\/quando-laria-e-fredda-monte-sannace-e-ancora-piu-emozionante\\\/\"]}]},{\"@type\":\"ImageObject\",\"inLanguage\":\"it-IT\",\"@id\":\"https:\\\/\\\/lavocedelpaese.info\\\/index.php\\\/2026\\\/01\\\/17\\\/quando-laria-e-fredda-monte-sannace-e-ancora-piu-emozionante\\\/#primaryimage\",\"url\":\"https:\\\/\\\/lavocedelpaese.info\\\/wp-content\\\/uploads\\\/2026\\\/01\\\/613928095_1191937453073464_1540390454953934649_n-WegxaB.jpg\",\"contentUrl\":\"https:\\\/\\\/lavocedelpaese.info\\\/wp-content\\\/uploads\\\/2026\\\/01\\\/613928095_1191937453073464_1540390454953934649_n-WegxaB.jpg\",\"width\":640,\"height\":800},{\"@type\":\"BreadcrumbList\",\"@id\":\"https:\\\/\\\/lavocedelpaese.info\\\/index.php\\\/2026\\\/01\\\/17\\\/quando-laria-e-fredda-monte-sannace-e-ancora-piu-emozionante\\\/#breadcrumb\",\"itemListElement\":[{\"@type\":\"ListItem\",\"position\":1,\"name\":\"Home\",\"item\":\"https:\\\/\\\/lavocedelpaese.info\\\/\"},{\"@type\":\"ListItem\",\"position\":2,\"name\":\"Quando l\u2019aria \u00e8 fredda, Monte Sannace \u00e8 ancora pi\u00f9 emozionante\u00a0\u200b\"}]},{\"@type\":\"WebSite\",\"@id\":\"https:\\\/\\\/lavocedelpaese.info\\\/#website\",\"url\":\"https:\\\/\\\/lavocedelpaese.info\\\/\",\"name\":\"La Voce del Paese\",\"description\":\"Un network di idee\",\"publisher\":{\"@id\":\"https:\\\/\\\/lavocedelpaese.info\\\/#organization\"},\"potentialAction\":[{\"@type\":\"SearchAction\",\"target\":{\"@type\":\"EntryPoint\",\"urlTemplate\":\"https:\\\/\\\/lavocedelpaese.info\\\/?s={search_term_string}\"},\"query-input\":{\"@type\":\"PropertyValueSpecification\",\"valueRequired\":true,\"valueName\":\"search_term_string\"}}],\"inLanguage\":\"it-IT\"},{\"@type\":\"Organization\",\"@id\":\"https:\\\/\\\/lavocedelpaese.info\\\/#organization\",\"name\":\"La Voce del Paese\",\"url\":\"https:\\\/\\\/lavocedelpaese.info\\\/\",\"logo\":{\"@type\":\"ImageObject\",\"inLanguage\":\"it-IT\",\"@id\":\"https:\\\/\\\/lavocedelpaese.info\\\/#\\\/schema\\\/logo\\\/image\\\/\",\"url\":\"https:\\\/\\\/lavocedelpaese.info\\\/wp-content\\\/uploads\\\/2023\\\/01\\\/cropped-logo-150-127.png\",\"contentUrl\":\"https:\\\/\\\/lavocedelpaese.info\\\/wp-content\\\/uploads\\\/2023\\\/01\\\/cropped-logo-150-127.png\",\"width\":137,\"height\":119,\"caption\":\"La Voce del Paese\"},\"image\":{\"@id\":\"https:\\\/\\\/lavocedelpaese.info\\\/#\\\/schema\\\/logo\\\/image\\\/\"},\"sameAs\":[\"https:\\\/\\\/www.facebook.com\\\/lavocedelpaese.info\"]},{\"@type\":\"Person\",\"@id\":\"https:\\\/\\\/lavocedelpaese.info\\\/#\\\/schema\\\/person\\\/ec151d321306bd7591f7a061abf72d88\",\"name\":\"admin\",\"image\":{\"@type\":\"ImageObject\",\"inLanguage\":\"it-IT\",\"@id\":\"https:\\\/\\\/secure.gravatar.com\\\/avatar\\\/af8f2caf0663124588de48a9380e07cbc95a74ef15b8062d0d39106c32fe3023?s=96&d=mm&r=g\",\"url\":\"https:\\\/\\\/secure.gravatar.com\\\/avatar\\\/af8f2caf0663124588de48a9380e07cbc95a74ef15b8062d0d39106c32fe3023?s=96&d=mm&r=g\",\"contentUrl\":\"https:\\\/\\\/secure.gravatar.com\\\/avatar\\\/af8f2caf0663124588de48a9380e07cbc95a74ef15b8062d0d39106c32fe3023?s=96&d=mm&r=g\",\"caption\":\"admin\"},\"sameAs\":[\"https:\\\/\\\/lavocedelpaese.info\"],\"url\":\"https:\\\/\\\/lavocedelpaese.info\\\/index.php\\\/author\\\/admin\\\/\"}]}<\/script>\n<!-- \/ Yoast SEO plugin. -->","yoast_head_json":{"title":"Quando l\u2019aria \u00e8 fredda, Monte Sannace \u00e8 ancora pi\u00f9 emozionante\u00a0\u200b - La Voce del Paese","robots":{"index":"index","follow":"follow","max-snippet":"max-snippet:-1","max-image-preview":"max-image-preview:large","max-video-preview":"max-video-preview:-1"},"canonical":"https:\/\/lavocedelpaese.info\/index.php\/2026\/01\/17\/quando-laria-e-fredda-monte-sannace-e-ancora-piu-emozionante\/","og_locale":"it_IT","og_type":"article","og_title":"Quando l\u2019aria \u00e8 fredda, Monte Sannace \u00e8 ancora pi\u00f9 emozionante\u00a0\u200b - La Voce del Paese","og_description":"\u00a0 \u200b\u00a0 \u200b\u00a0 L\u2019inverno \u201cpulisce\u201d i colori, allunga le ombre e rende ogni dettaglio del paesaggio pi\u00f9 cinematografico: pietra, vento,","og_url":"https:\/\/lavocedelpaese.info\/index.php\/2026\/01\/17\/quando-laria-e-fredda-monte-sannace-e-ancora-piu-emozionante\/","og_site_name":"La Voce del Paese","article_publisher":"https:\/\/www.facebook.com\/lavocedelpaese.info","article_published_time":"2026-01-17T21:16:42+00:00","author":"admin","twitter_card":"summary_large_image","twitter_misc":{"Scritto da":"admin","Tempo di lettura stimato":"1 minuto"},"schema":{"@context":"https:\/\/schema.org","@graph":[{"@type":"Article","@id":"https:\/\/lavocedelpaese.info\/index.php\/2026\/01\/17\/quando-laria-e-fredda-monte-sannace-e-ancora-piu-emozionante\/#article","isPartOf":{"@id":"https:\/\/lavocedelpaese.info\/index.php\/2026\/01\/17\/quando-laria-e-fredda-monte-sannace-e-ancora-piu-emozionante\/"},"author":{"name":"admin","@id":"https:\/\/lavocedelpaese.info\/#\/schema\/person\/ec151d321306bd7591f7a061abf72d88"},"headline":"Quando l\u2019aria \u00e8 fredda, Monte Sannace \u00e8 ancora pi\u00f9 emozionante\u00a0\u200b","datePublished":"2026-01-17T21:16:42+00:00","mainEntityOfPage":{"@id":"https:\/\/lavocedelpaese.info\/index.php\/2026\/01\/17\/quando-laria-e-fredda-monte-sannace-e-ancora-piu-emozionante\/"},"wordCount":145,"commentCount":0,"publisher":{"@id":"https:\/\/lavocedelpaese.info\/#organization"},"image":{"@id":"https:\/\/lavocedelpaese.info\/index.php\/2026\/01\/17\/quando-laria-e-fredda-monte-sannace-e-ancora-piu-emozionante\/#primaryimage"},"thumbnailUrl":"https:\/\/lavocedelpaese.info\/wp-content\/uploads\/2026\/01\/613928095_1191937453073464_1540390454953934649_n-WegxaB.jpg","articleSection":["network"],"inLanguage":"it-IT","potentialAction":[{"@type":"CommentAction","name":"Comment","target":["https:\/\/lavocedelpaese.info\/index.php\/2026\/01\/17\/quando-laria-e-fredda-monte-sannace-e-ancora-piu-emozionante\/#respond"]}]},{"@type":"WebPage","@id":"https:\/\/lavocedelpaese.info\/index.php\/2026\/01\/17\/quando-laria-e-fredda-monte-sannace-e-ancora-piu-emozionante\/","url":"https:\/\/lavocedelpaese.info\/index.php\/2026\/01\/17\/quando-laria-e-fredda-monte-sannace-e-ancora-piu-emozionante\/","name":"Quando l\u2019aria \u00e8 fredda, Monte Sannace \u00e8 ancora pi\u00f9 emozionante\u00a0\u200b - La Voce del Paese","isPartOf":{"@id":"https:\/\/lavocedelpaese.info\/#website"},"primaryImageOfPage":{"@id":"https:\/\/lavocedelpaese.info\/index.php\/2026\/01\/17\/quando-laria-e-fredda-monte-sannace-e-ancora-piu-emozionante\/#primaryimage"},"image":{"@id":"https:\/\/lavocedelpaese.info\/index.php\/2026\/01\/17\/quando-laria-e-fredda-monte-sannace-e-ancora-piu-emozionante\/#primaryimage"},"thumbnailUrl":"https:\/\/lavocedelpaese.info\/wp-content\/uploads\/2026\/01\/613928095_1191937453073464_1540390454953934649_n-WegxaB.jpg","datePublished":"2026-01-17T21:16:42+00:00","breadcrumb":{"@id":"https:\/\/lavocedelpaese.info\/index.php\/2026\/01\/17\/quando-laria-e-fredda-monte-sannace-e-ancora-piu-emozionante\/#breadcrumb"},"inLanguage":"it-IT","potentialAction":[{"@type":"ReadAction","target":["https:\/\/lavocedelpaese.info\/index.php\/2026\/01\/17\/quando-laria-e-fredda-monte-sannace-e-ancora-piu-emozionante\/"]}]},{"@type":"ImageObject","inLanguage":"it-IT","@id":"https:\/\/lavocedelpaese.info\/index.php\/2026\/01\/17\/quando-laria-e-fredda-monte-sannace-e-ancora-piu-emozionante\/#primaryimage","url":"https:\/\/lavocedelpaese.info\/wp-content\/uploads\/2026\/01\/613928095_1191937453073464_1540390454953934649_n-WegxaB.jpg","contentUrl":"https:\/\/lavocedelpaese.info\/wp-content\/uploads\/2026\/01\/613928095_1191937453073464_1540390454953934649_n-WegxaB.jpg","width":640,"height":800},{"@type":"BreadcrumbList","@id":"https:\/\/lavocedelpaese.info\/index.php\/2026\/01\/17\/quando-laria-e-fredda-monte-sannace-e-ancora-piu-emozionante\/#breadcrumb","itemListElement":[{"@type":"ListItem","position":1,"name":"Home","item":"https:\/\/lavocedelpaese.info\/"},{"@type":"ListItem","position":2,"name":"Quando l\u2019aria \u00e8 fredda, Monte Sannace \u00e8 ancora pi\u00f9 emozionante\u00a0\u200b"}]},{"@type":"WebSite","@id":"https:\/\/lavocedelpaese.info\/#website","url":"https:\/\/lavocedelpaese.info\/","name":"La Voce del Paese","description":"Un network di idee","publisher":{"@id":"https:\/\/lavocedelpaese.info\/#organization"},"potentialAction":[{"@type":"SearchAction","target":{"@type":"EntryPoint","urlTemplate":"https:\/\/lavocedelpaese.info\/?s={search_term_string}"},"query-input":{"@type":"PropertyValueSpecification","valueRequired":true,"valueName":"search_term_string"}}],"inLanguage":"it-IT"},{"@type":"Organization","@id":"https:\/\/lavocedelpaese.info\/#organization","name":"La Voce del Paese","url":"https:\/\/lavocedelpaese.info\/","logo":{"@type":"ImageObject","inLanguage":"it-IT","@id":"https:\/\/lavocedelpaese.info\/#\/schema\/logo\/image\/","url":"https:\/\/lavocedelpaese.info\/wp-content\/uploads\/2023\/01\/cropped-logo-150-127.png","contentUrl":"https:\/\/lavocedelpaese.info\/wp-content\/uploads\/2023\/01\/cropped-logo-150-127.png","width":137,"height":119,"caption":"La Voce del Paese"},"image":{"@id":"https:\/\/lavocedelpaese.info\/#\/schema\/logo\/image\/"},"sameAs":["https:\/\/www.facebook.com\/lavocedelpaese.info"]},{"@type":"Person","@id":"https:\/\/lavocedelpaese.info\/#\/schema\/person\/ec151d321306bd7591f7a061abf72d88","name":"admin","image":{"@type":"ImageObject","inLanguage":"it-IT","@id":"https:\/\/secure.gravatar.com\/avatar\/af8f2caf0663124588de48a9380e07cbc95a74ef15b8062d0d39106c32fe3023?s=96&d=mm&r=g","url":"https:\/\/secure.gravatar.com\/avatar\/af8f2caf0663124588de48a9380e07cbc95a74ef15b8062d0d39106c32fe3023?s=96&d=mm&r=g","contentUrl":"https:\/\/secure.gravatar.com\/avatar\/af8f2caf0663124588de48a9380e07cbc95a74ef15b8062d0d39106c32fe3023?s=96&d=mm&r=g","caption":"admin"},"sameAs":["https:\/\/lavocedelpaese.info"],"url":"https:\/\/lavocedelpaese.info\/index.php\/author\/admin\/"}]}},"_links":{"self":[{"href":"https:\/\/lavocedelpaese.info\/index.php\/wp-json\/wp\/v2\/posts\/10469","targetHints":{"allow":["GET"]}}],"collection":[{"href":"https:\/\/lavocedelpaese.info\/index.php\/wp-json\/wp\/v2\/posts"}],"about":[{"href":"https:\/\/lavocedelpaese.info\/index.php\/wp-json\/wp\/v2\/types\/post"}],"author":[{"embeddable":true,"href":"https:\/\/lavocedelpaese.info\/index.php\/wp-json\/wp\/v2\/users\/6"}],"replies":[{"embeddable":true,"href":"https:\/\/lavocedelpaese.info\/index.php\/wp-json\/wp\/v2\/comments?post=10469"}],"version-history":[{"count":0,"href":"https:\/\/lavocedelpaese.info\/index.php\/wp-json\/wp\/v2\/posts\/10469\/revisions"}],"wp:featuredmedia":[{"embeddable":true,"href":"https:\/\/lavocedelpaese.info\/index.php\/wp-json\/wp\/v2\/media\/10470"}],"wp:attachment":[{"href":"https:\/\/lavocedelpaese.info\/index.php\/wp-json\/wp\/v2\/media?parent=10469"}],"wp:term":[{"taxonomy":"category","embeddable":true,"href":"https:\/\/lavocedelpaese.info\/index.php\/wp-json\/wp\/v2\/categories?post=10469"},{"taxonomy":"post_tag","embeddable":true,"href":"https:\/\/lavocedelpaese.info\/index.php\/wp-json\/wp\/v2\/tags?post=10469"}],"curies":[{"name":"wp","href":"https:\/\/api.w.org\/{rel}","templated":true}]}}